{"id":122688,"date":"2025-11-04T17:45:00","date_gmt":"2025-11-04T20:45:00","guid":{"rendered":"https:\/\/www.em.com.br\/emfoco\/?p=122688"},"modified":"2025-11-03T14:53:59","modified_gmt":"2025-11-03T17:53:59","slug":"saiba-quanto-investir-mensalmente-para-comprar-um-apartamento-em-5-anos","status":"publish","type":"post","link":"https:\/\/www.em.com.br\/emfoco\/2025\/11\/04\/saiba-quanto-investir-mensalmente-para-comprar-um-apartamento-em-5-anos\/","title":{"rendered":"Saiba quanto investir mensalmente para comprar um apartamento em 5 anos"},"content":{"rendered":"\n<p>O&nbsp;<strong>sonho da casa pr\u00f3pria<\/strong>&nbsp;\u00e9 um desejo comum entre muitos brasileiros, mas alcan\u00e7\u00e1-lo exige disciplina e planejamento financeiro detalhado em meio \u00e0s exig\u00eancias do mercado imobili\u00e1rio.<\/p>\n\n\n\n<h2 class=\"wp-block-heading\">Como voc\u00ea pode montar um plano de poupan\u00e7a eficaz?<\/h2>\n\n\n\n<p>Para iniciar o processo de compra do im\u00f3vel, \u00e9 essencial entender o seu cen\u00e1rio financeiro, avaliando receitas e despesas mensais. Assim, voc\u00ea consegue definir um valor a ser poupado sem prejudicar os gastos essenciais do dia a dia.<\/p>\n\n\n\n<p>A automa\u00e7\u00e3o dos aportes torna a <a href=\"https:\/\/www.em.com.br\/emfoco\/2025\/10\/07\/o-investimento-em-energia-solar-que-garante-a-economia-familiar\/\" target=\"_blank\" rel=\"noreferrer noopener\">economia <\/a>sistem\u00e1tica e facilita o h\u00e1bito de poupar continuamente. Para ajudar no planejamento, confira os principais pilares desse processo:<\/p>\n\n\n\n<ul class=\"wp-block-list\">\n<li>Tempo, rentabilidade e const\u00e2ncia como pilares do sucesso<\/li>\n\n\n\n<li>Investimentos em renda fixa para baixo risco<\/li>\n\n\n\n<li>Estrat\u00e9gias para planos alternativos e financiamentos<\/li>\n<\/ul>\n\n\n\n<figure class=\"wp-block-image size-large\"><img loading=\"lazy\" decoding=\"async\" width=\"1024\" height=\"576\" src=\"https:\/\/www.em.com.br\/emfoco\/wp-content\/uploads\/2025\/11\/investir-_1762194567960-1024x576.jpg\" alt=\"\" class=\"wp-image-122829\" srcset=\"https:\/\/www.em.com.br\/emfoco\/wp-content\/uploads\/2025\/11\/investir-_1762194567960-1024x576.jpg 1024w, https:\/\/www.em.com.br\/emfoco\/wp-content\/uploads\/2025\/11\/investir-_1762194567960-300x169.jpg 300w, https:\/\/www.em.com.br\/emfoco\/wp-content\/uploads\/2025\/11\/investir-_1762194567960-768x432.jpg 768w, https:\/\/www.em.com.br\/emfoco\/wp-content\/uploads\/2025\/11\/investir-_1762194567960-750x422.jpg 750w, https:\/\/www.em.com.br\/emfoco\/wp-content\/uploads\/2025\/11\/investir-_1762194567960-1140x641.jpg 1140w, https:\/\/www.em.com.br\/emfoco\/wp-content\/uploads\/2025\/11\/investir-_1762194567960.jpg 1280w\" sizes=\"auto, (max-width: 1024px) 100vw, 1024px\" \/><figcaption class=\"wp-element-caption\">Com planejamento e disciplina, o sonho da casa pr\u00f3pria est\u00e1 mais perto do que parece &#8211; Cr\u00e9ditos: depositphotos.com \/ AntonMatyukha<\/figcaption><\/figure>\n\n\n\n<h2 class=\"wp-block-heading\">Tabela de cen\u00e1rios para investir<\/h2>\n\n\n\n<p>Veja a seguir uma tabela com diferentes cen\u00e1rios de investimento, considerando valores de entrada e prazos, para atingir o objetivo de adquirir um im\u00f3vel de&nbsp;<strong>R$ 300 mil<\/strong>:<\/p>\n\n\n\n<figure class=\"wp-block-table\"><table class=\"has-fixed-layout\"><tbody><tr><th>Valor Inicial (entrada)<\/th><th>Prazo<\/th><th>Rentabilidade Anual* (%)<\/th><th>Valor a Investir Mensalmente<\/th><th>Valor Total Acumulado<\/th><\/tr><tr><td>R$ 50.000<\/td><td>5 anos<\/td><td>15%<\/td><td>R$ 2.889<\/td><td>R$ 300.000<\/td><\/tr><tr><td>R$ 100.000<\/td><td>5 anos<\/td><td>15%<\/td><td>R$ 1.932<\/td><td>R$ 300.000<\/td><\/tr><tr><td>R$ 50.000<\/td><td>7 anos<\/td><td>15%<\/td><td>R$ 1.760<\/td><td>R$ 300.000<\/td><\/tr><tr><td>R$ 100.000<\/td><td>7 anos<\/td><td>15%<\/td><td>R$ 1.415<\/td><td>R$ 300.000<\/td><\/tr><\/tbody><\/table><\/figure>\n\n\n\n<p><em>*Valores aproximados; a rentabilidade pode variar conforme o investimento escolhido.<\/em><\/p>\n\n\n\n<h2 class=\"wp-block-heading\">Qual \u00e9 a quantia ideal para investir mensalmente?<\/h2>\n\n\n\n<p>Simula\u00e7\u00f5es de especialistas indicam que, para juntar&nbsp;<strong>R$ 300 mil em cinco anos<\/strong>&nbsp;com um in\u00edcio de R$ 50 mil e rentabilidade m\u00e9dia, \u00e9 necess\u00e1rio investir aproximadamente&nbsp;<strong>R$ 2.889<\/strong>&nbsp;por m\u00eas.<\/p>\n\n\n\n<p>A const\u00e2ncia e disciplina nas aplica\u00e7\u00f5es s\u00e3o fundamentais para potencializar os ganhos dos juros compostos e atingir o objetivo proposto.<\/p>\n\n\n\n<h2 class=\"wp-block-heading\">Quais alternativas de cen\u00e1rio e op\u00e7\u00f5es de financiamento voc\u00ea pode considerar?<\/h2>\n\n\n\n<p>Se as metas forem muito altas, ajustes podem ser realizados, como aumentar o valor inicial ou estender o prazo. Utilizar o&nbsp;<strong>FGTS<\/strong>&nbsp;pode contribuir para a entrada, facilitando o processo de aquisi\u00e7\u00e3o do im\u00f3vel.<\/p>\n\n\n\n<p>A diversifica\u00e7\u00e3o dos investimentos pode ser recomendada, especialmente se houver queda na taxa de juros. Isso amplia as oportunidades de rentabilidade no longo prazo.<\/p>\n\n\n\n<h2 class=\"wp-block-heading\">Benef\u00edcios dos investimentos em renda fixa ao planejar comprar um im\u00f3vel<\/h2>\n\n\n\n<p>Com a taxa de juros atual em 15% ao ano, aplica\u00e7\u00f5es em renda fixa como\u00a0<a href=\"https:\/\/borainvestir.b3.com.br\/tipos-de-investimentos\/renda-fixa\/tesouro-direto\/cdb-e-tesouro-direto-quais-os-pros-e-contras-desses-dois-titulos-de-renda-fixa\/\" target=\"_blank\" rel=\"noreferrer noopener\"><strong>Tesouro IPCA<\/strong>\u00a0e CDBs<\/a> de bancos m\u00e9dios tornam-se op\u00e7\u00f5es atrativas para quem busca previsibilidade e seguran\u00e7a ao acumular patrim\u00f4nio.<\/p>\n\n\n\n<p>Essas modalidades financeiras ajudam o investidor a proteger o poder de compra diante da infla\u00e7\u00e3o at\u00e9 o momento da compra do im\u00f3vel.<\/p>\n\n\n\n<h2 class=\"wp-block-heading\">O que considerar ao optar por financiamentos imobili\u00e1rios?<\/h2>\n\n\n\n<p>Para financiar um im\u00f3vel de&nbsp;<strong>R$ 300 mil<\/strong>, recomenda-se ter renda de cerca de&nbsp;<strong>R$ 7.500<\/strong>&nbsp;e entrada de pelo menos 20% (aproximadamente R$ 60 mil). O valor da parcela n\u00e3o deve exceder 30% da renda mensal para evitar desequil\u00edbrio financeiro.<\/p>\n\n\n\n<figure class=\"wp-block-image size-large\"><img loading=\"lazy\" decoding=\"async\" width=\"1024\" height=\"576\" src=\"https:\/\/www.em.com.br\/emfoco\/wp-content\/uploads\/2025\/11\/investir-_1762194520151-1024x576.jpg\" alt=\"\" class=\"wp-image-122825\" srcset=\"https:\/\/www.em.com.br\/emfoco\/wp-content\/uploads\/2025\/11\/investir-_1762194520151-1024x576.jpg 1024w, https:\/\/www.em.com.br\/emfoco\/wp-content\/uploads\/2025\/11\/investir-_1762194520151-300x169.jpg 300w, https:\/\/www.em.com.br\/emfoco\/wp-content\/uploads\/2025\/11\/investir-_1762194520151-768x432.jpg 768w, https:\/\/www.em.com.br\/emfoco\/wp-content\/uploads\/2025\/11\/investir-_1762194520151-750x422.jpg 750w, https:\/\/www.em.com.br\/emfoco\/wp-content\/uploads\/2025\/11\/investir-_1762194520151-1140x641.jpg 1140w, https:\/\/www.em.com.br\/emfoco\/wp-content\/uploads\/2025\/11\/investir-_1762194520151.jpg 1280w\" sizes=\"auto, (max-width: 1024px) 100vw, 1024px\" \/><figcaption class=\"wp-element-caption\">Poucos sabem quanto realmente precisam guardar para comprar uma casa &#8211; Cr\u00e9ditos: depositphotos.com \/ EdZbarzhyvetsky<\/figcaption><\/figure>\n\n\n\n<p>Evite im\u00f3veis na planta, pois podem envolver custos extras e atrasos na entrega, o que pode comprometer o or\u00e7amento familiar.<\/p>\n\n\n\n<h2 class=\"wp-block-heading\">Como criar estrat\u00e9gias para economizar sem abrir m\u00e3o do lazer?<\/h2>\n\n\n\n<p>Incluir momentos de lazer no planejamento financeiro \u00e9 importante para manter a motiva\u00e7\u00e3o durante o processo de economia. Cortar totalmente esses gastos pode ser insustent\u00e1vel a longo prazo.<\/p>\n\n\n\n<p>\u00c9 recomend\u00e1vel ajustar o volume dos aportes conforme o crescimento da renda e as altera\u00e7\u00f5es nas taxas de juros, equilibrando disciplina e qualidade de vida.<\/p>\n\n\n\n<h2 class=\"wp-block-heading\">Conhe\u00e7a as principais estrat\u00e9gias para comprar seu primeiro im\u00f3vel<\/h2>\n\n\n\n<p>Mantendo const\u00e2ncia nos investimentos e adaptando o plano ao longo dos anos, as chances de conquistar o im\u00f3vel pr\u00f3prio aumentam consideravelmente. Veja os pontos mais relevantes dessa jornada:<\/p>\n\n\n\n<ul class=\"wp-block-list\">\n<li>Automatize seus investimentos para garantir disciplina e regularidade.<\/li>\n\n\n\n<li>Considere diferentes possibilidades e prazos de financiamento ao planejar.<\/li>\n\n\n\n<li>Invista em renda fixa para seguran\u00e7a financeira e previsibilidade dos resultados.<\/li>\n<\/ul>\n","protected":false},"excerpt":{"rendered":"<p>O&nbsp;sonho da casa pr\u00f3pria&nbsp;\u00e9 um desejo comum entre muitos brasileiros, mas alcan\u00e7\u00e1-lo exige disciplina e planejamento financeiro detalhado em meio \u00e0s exig\u00eancias do mercado imobili\u00e1rio. Como voc\u00ea pode montar um plano de poupan\u00e7a eficaz? Para iniciar o processo de compra do im\u00f3vel, \u00e9 essencial entender o seu cen\u00e1rio financeiro, avaliando receitas e despesas mensais. Assim, [&hellip;]<\/p>\n","protected":false},"author":11,"featured_media":122823,"comment_status":"open","ping_status":"open","sticky":false,"template":"","format":"standard","meta":{"jnews-multi-image_gallery":[],"jnews_single_post":{"format":"standard"},"jnews_primary_category":[],"jnews_social_meta":[],"jnews_override_counter":[],"footnotes":""},"categories":[28,1],"tags":[12376,10036,261],"class_list":["post-122688","post","type-post","status-publish","format-standard","has-post-thumbnail","hentry","category-economia","category-noticias","tag-imovel","tag-poupanca","tag-renda"],"yoast_head":"<!-- This site is optimized with the Yoast SEO plugin v23.8 - https:\/\/yoast.com\/wordpress\/plugins\/seo\/ -->\n<title>Saiba quanto investir mensalmente para comprar um apartamento em 5 anos - Estado de Minas - Em foco<\/title>\n<meta name=\"description\" content=\"O segredo para planejar, investir e economizar pode ser o caminho mais seguro para conquistar a casa pr\u00f3pria no Brasil.\" \/>\n<meta name=\"robots\" content=\"index, follow, max-snippet:-1, max-image-preview:large, max-video-preview:-1\" \/>\n<link rel=\"canonical\" href=\"https:\/\/www.em.com.br\/emfoco\/2025\/11\/04\/saiba-quanto-investir-mensalmente-para-comprar-um-apartamento-em-5-anos\/\" \/>\n<meta property=\"og:locale\" content=\"pt_BR\" \/>\n<meta property=\"og:type\" content=\"article\" \/>\n<meta property=\"og:title\" content=\"Saiba quanto investir mensalmente para comprar um apartamento em 5 anos - Estado de Minas - Em foco\" \/>\n<meta property=\"og:description\" content=\"O segredo para planejar, investir e economizar pode ser o caminho mais seguro para conquistar a casa pr\u00f3pria no Brasil.\" \/>\n<meta property=\"og:url\" content=\"https:\/\/www.em.com.br\/emfoco\/2025\/11\/04\/saiba-quanto-investir-mensalmente-para-comprar-um-apartamento-em-5-anos\/\" \/>\n<meta property=\"og:site_name\" content=\"Estado de Minas - Em foco\" \/>\n<meta property=\"article:published_time\" content=\"2025-11-04T20:45:00+00:00\" \/>\n<meta property=\"article:modified_time\" content=\"2025-11-03T17:53:59+00:00\" \/>\n<meta property=\"og:image\" content=\"https:\/\/www.em.com.br\/emfoco\/wp-content\/uploads\/2025\/11\/investir-_1762194476565.jpg\" \/>\n\t<meta property=\"og:image:width\" content=\"1280\" \/>\n\t<meta property=\"og:image:height\" content=\"720\" \/>\n\t<meta property=\"og:image:type\" content=\"image\/jpeg\" \/>\n<meta name=\"author\" content=\"Andre\u0301 Rangel\u00a0\" \/>\n<meta name=\"twitter:card\" content=\"summary_large_image\" \/>\n<meta name=\"twitter:label1\" content=\"Escrito por\" \/>\n\t<meta name=\"twitter:data1\" content=\"Andre\u0301 Rangel\u00a0\" \/>\n\t<meta name=\"twitter:label2\" content=\"Est. tempo de leitura\" \/>\n\t<meta name=\"twitter:data2\" content=\"5 minutos\" \/>\n<!-- \/ Yoast SEO plugin. -->","yoast_head_json":{"title":"Saiba quanto investir mensalmente para comprar um apartamento em 5 anos - Estado de Minas - Em foco","description":"O segredo para planejar, investir e economizar pode ser o caminho mais seguro para conquistar a casa pr\u00f3pria no Brasil.","robots":{"index":"index","follow":"follow","max-snippet":"max-snippet:-1","max-image-preview":"max-image-preview:large","max-video-preview":"max-video-preview:-1"},"canonical":"https:\/\/www.em.com.br\/emfoco\/2025\/11\/04\/saiba-quanto-investir-mensalmente-para-comprar-um-apartamento-em-5-anos\/","og_locale":"pt_BR","og_type":"article","og_title":"Saiba quanto investir mensalmente para comprar um apartamento em 5 anos - Estado de Minas - Em foco","og_description":"O segredo para planejar, investir e economizar pode ser o caminho mais seguro para conquistar a casa pr\u00f3pria no Brasil.","og_url":"https:\/\/www.em.com.br\/emfoco\/2025\/11\/04\/saiba-quanto-investir-mensalmente-para-comprar-um-apartamento-em-5-anos\/","og_site_name":"Estado de Minas - Em foco","article_published_time":"2025-11-04T20:45:00+00:00","article_modified_time":"2025-11-03T17:53:59+00:00","og_image":[{"width":1280,"height":720,"url":"https:\/\/www.em.com.br\/emfoco\/wp-content\/uploads\/2025\/11\/investir-_1762194476565.jpg","type":"image\/jpeg"}],"author":"Andre\u0301 Rangel\u00a0","twitter_card":"summary_large_image","twitter_misc":{"Escrito por":"Andre\u0301 Rangel\u00a0","Est. tempo de leitura":"5 minutos"},"schema":{"@context":"https:\/\/schema.org","@graph":[{"@type":"WebPage","@id":"https:\/\/www.em.com.br\/emfoco\/2025\/11\/04\/saiba-quanto-investir-mensalmente-para-comprar-um-apartamento-em-5-anos\/","url":"https:\/\/www.em.com.br\/emfoco\/2025\/11\/04\/saiba-quanto-investir-mensalmente-para-comprar-um-apartamento-em-5-anos\/","name":"Saiba quanto investir mensalmente para comprar um apartamento em 5 anos - Estado de Minas - Em foco","isPartOf":{"@id":"https:\/\/www.em.com.br\/emfoco\/#website"},"primaryImageOfPage":{"@id":"https:\/\/www.em.com.br\/emfoco\/2025\/11\/04\/saiba-quanto-investir-mensalmente-para-comprar-um-apartamento-em-5-anos\/#primaryimage"},"image":{"@id":"https:\/\/www.em.com.br\/emfoco\/2025\/11\/04\/saiba-quanto-investir-mensalmente-para-comprar-um-apartamento-em-5-anos\/#primaryimage"},"thumbnailUrl":"https:\/\/www.em.com.br\/emfoco\/wp-content\/uploads\/2025\/11\/investir-_1762194476565.jpg","datePublished":"2025-11-04T20:45:00+00:00","dateModified":"2025-11-03T17:53:59+00:00","author":{"@id":"https:\/\/www.em.com.br\/emfoco\/#\/schema\/person\/60eda09c1fedf0d6891f4cef4b60b8b8"},"description":"O segredo para planejar, investir e economizar pode ser o caminho mais seguro para conquistar a casa pr\u00f3pria no Brasil.","breadcrumb":{"@id":"https:\/\/www.em.com.br\/emfoco\/2025\/11\/04\/saiba-quanto-investir-mensalmente-para-comprar-um-apartamento-em-5-anos\/#breadcrumb"},"inLanguage":"pt-BR","potentialAction":[{"@type":"ReadAction","target":["https:\/\/www.em.com.br\/emfoco\/2025\/11\/04\/saiba-quanto-investir-mensalmente-para-comprar-um-apartamento-em-5-anos\/"]}]},{"@type":"ImageObject","inLanguage":"pt-BR","@id":"https:\/\/www.em.com.br\/emfoco\/2025\/11\/04\/saiba-quanto-investir-mensalmente-para-comprar-um-apartamento-em-5-anos\/#primaryimage","url":"https:\/\/www.em.com.br\/emfoco\/wp-content\/uploads\/2025\/11\/investir-_1762194476565.jpg","contentUrl":"https:\/\/www.em.com.br\/emfoco\/wp-content\/uploads\/2025\/11\/investir-_1762194476565.jpg","width":1280,"height":720,"caption":"Casos de fiadores cobrados indevidamente viram alerta em MG"},{"@type":"BreadcrumbList","@id":"https:\/\/www.em.com.br\/emfoco\/2025\/11\/04\/saiba-quanto-investir-mensalmente-para-comprar-um-apartamento-em-5-anos\/#breadcrumb","itemListElement":[{"@type":"ListItem","position":1,"name":"In\u00edcio","item":"https:\/\/www.em.com.br\/emfoco\/"},{"@type":"ListItem","position":2,"name":"Saiba quanto investir mensalmente para comprar um apartamento em 5 anos"}]},{"@type":"WebSite","@id":"https:\/\/www.em.com.br\/emfoco\/#website","url":"https:\/\/www.em.com.br\/emfoco\/","name":"Estado de Minas - Em foco","description":"Acompanhe as \u00faltimas not\u00edcias e fique bem informado sobre tudo o que acontece em Minas Gerais, Brasil e no mundo.","potentialAction":[{"@type":"SearchAction","target":{"@type":"EntryPoint","urlTemplate":"https:\/\/www.em.com.br\/emfoco\/?s={search_term_string}"},"query-input":{"@type":"PropertyValueSpecification","valueRequired":true,"valueName":"search_term_string"}}],"inLanguage":"pt-BR"},{"@type":"Person","@id":"https:\/\/www.em.com.br\/emfoco\/#\/schema\/person\/60eda09c1fedf0d6891f4cef4b60b8b8","name":"Andre\u0301 Rangel\u00a0","image":{"@type":"ImageObject","inLanguage":"pt-BR","@id":"https:\/\/www.em.com.br\/emfoco\/#\/schema\/person\/image\/","url":"https:\/\/secure.gravatar.com\/avatar\/6234dc814c77c8ef6d8bba622c787efc?s=96&d=mm&r=g","contentUrl":"https:\/\/secure.gravatar.com\/avatar\/6234dc814c77c8ef6d8bba622c787efc?s=96&d=mm&r=g","caption":"Andre\u0301 Rangel\u00a0"},"url":"https:\/\/www.em.com.br\/emfoco\/author\/luizmyth\/"}]}},"_links":{"self":[{"href":"https:\/\/www.em.com.br\/emfoco\/wp-json\/wp\/v2\/posts\/122688","targetHints":{"allow":["GET"]}}],"collection":[{"href":"https:\/\/www.em.com.br\/emfoco\/wp-json\/wp\/v2\/posts"}],"about":[{"href":"https:\/\/www.em.com.br\/emfoco\/wp-json\/wp\/v2\/types\/post"}],"author":[{"embeddable":true,"href":"https:\/\/www.em.com.br\/emfoco\/wp-json\/wp\/v2\/users\/11"}],"replies":[{"embeddable":true,"href":"https:\/\/www.em.com.br\/emfoco\/wp-json\/wp\/v2\/comments?post=122688"}],"version-history":[{"count":3,"href":"https:\/\/www.em.com.br\/emfoco\/wp-json\/wp\/v2\/posts\/122688\/revisions"}],"predecessor-version":[{"id":122830,"href":"https:\/\/www.em.com.br\/emfoco\/wp-json\/wp\/v2\/posts\/122688\/revisions\/122830"}],"wp:featuredmedia":[{"embeddable":true,"href":"https:\/\/www.em.com.br\/emfoco\/wp-json\/wp\/v2\/media\/122823"}],"wp:attachment":[{"href":"https:\/\/www.em.com.br\/emfoco\/wp-json\/wp\/v2\/media?parent=122688"}],"wp:term":[{"taxonomy":"category","embeddable":true,"href":"https:\/\/www.em.com.br\/emfoco\/wp-json\/wp\/v2\/categories?post=122688"},{"taxonomy":"post_tag","embeddable":true,"href":"https:\/\/www.em.com.br\/emfoco\/wp-json\/wp\/v2\/tags?post=122688"}],"curies":[{"name":"wp","href":"https:\/\/api.w.org\/{rel}","templated":true}]}}