{"id":122680,"date":"2025-11-04T13:45:00","date_gmt":"2025-11-04T16:45:00","guid":{"rendered":"https:\/\/www.em.com.br\/emfoco\/?p=122680"},"modified":"2025-11-03T14:52:24","modified_gmt":"2025-11-03T17:52:24","slug":"uma-adorada-rede-de-donuts-entrou-com-pedido-de-falencia-apos-mais-de-60-anos-de-atividade","status":"publish","type":"post","link":"https:\/\/www.em.com.br\/emfoco\/2025\/11\/04\/uma-adorada-rede-de-donuts-entrou-com-pedido-de-falencia-apos-mais-de-60-anos-de-atividade\/","title":{"rendered":"Uma adorada rede de donuts entrou com pedido de fal\u00eancia ap\u00f3s mais de 60 anos de atividade"},"content":{"rendered":"\n<p>A adorada&nbsp;<strong>rede de donuts<\/strong>&nbsp;Jack&#8217;s Donuts entrou com pedido de&nbsp;<strong>fal\u00eancia<\/strong>&nbsp;ap\u00f3s mais de seis d\u00e9cadas de servi\u00e7os nos Estados Unidos, enfrentando desafios financeiros, mas planejando manter suas opera\u00e7\u00f5es futuras.<\/p>\n\n\n\n<ul class=\"wp-block-list\">\n<li>Motivos por tr\u00e1s do pedido de fal\u00eancia<\/li>\n\n\n\n<li>Impacto nas franquias e clientes<\/li>\n\n\n\n<li>Diferen\u00e7as entre Cap\u00edtulo 11 e Cap\u00edtulo 7<\/li>\n<\/ul>\n\n\n\n<h2 class=\"wp-block-heading\">Por que Jack&#8217;s Donuts entrou com pedido de fal\u00eancia<\/h2>\n\n\n\n<p>Operadores de franquias notaram uma queda nas vendas nos \u00faltimos 18 meses. Diante disso, os respons\u00e1veis destacaram o impacto do cen\u00e1rio econ\u00f4mico desafiador e a necessidade de buscar alternativas.<\/p>\n\n\n\n<p>Para tentar garantir a sobreviv\u00eancia e buscar solu\u00e7\u00f5es, a<a href=\"https:\/\/www.restaurantbusinessonline.com\/jacks-donuts-struggling-legal-problems-files-bankruptcy\" target=\"_blank\" rel=\"noreferrer noopener\">\u00a0<strong>Jack&#8217;s Donuts<\/strong><\/a>\u00a0optou por uma reestrutura\u00e7\u00e3o judicial sob o Cap\u00edtulo 11, que permite manter suas atividades enquanto negocia d\u00edvidas.<\/p>\n\n\n\n<h2 class=\"wp-block-heading\">Como a fal\u00eancia afeta as franquias e os clientes<\/h2>\n\n\n\n<p>Com o processo de reestrutura\u00e7\u00e3o, as lojas da&nbsp;<strong>Jack&#8217;s Donuts<\/strong>&nbsp;continuam abertas ao p\u00fablico. As franquias permanecem ativas, demonstrando resili\u00eancia mesmo diante do momento delicado da empresa matriz.<\/p>\n\n\n\n<figure class=\"wp-block-image size-large\"><img loading=\"lazy\" decoding=\"async\" width=\"1024\" height=\"576\" src=\"https:\/\/www.em.com.br\/emfoco\/wp-content\/uploads\/2025\/11\/Donuts-_1762193744301-1024x576.jpg\" alt=\"\" class=\"wp-image-122793\" srcset=\"https:\/\/www.em.com.br\/emfoco\/wp-content\/uploads\/2025\/11\/Donuts-_1762193744301-1024x576.jpg 1024w, https:\/\/www.em.com.br\/emfoco\/wp-content\/uploads\/2025\/11\/Donuts-_1762193744301-300x169.jpg 300w, https:\/\/www.em.com.br\/emfoco\/wp-content\/uploads\/2025\/11\/Donuts-_1762193744301-768x432.jpg 768w, https:\/\/www.em.com.br\/emfoco\/wp-content\/uploads\/2025\/11\/Donuts-_1762193744301-750x422.jpg 750w, https:\/\/www.em.com.br\/emfoco\/wp-content\/uploads\/2025\/11\/Donuts-_1762193744301-1140x641.jpg 1140w, https:\/\/www.em.com.br\/emfoco\/wp-content\/uploads\/2025\/11\/Donuts-_1762193744301.jpg 1280w\" sizes=\"auto, (max-width: 1024px) 100vw, 1024px\" \/><figcaption class=\"wp-element-caption\">Crise no setor aliment\u00edcio reacende debate sobre sobreviv\u00eancia de franquias &#8211; Cr\u00e9ditos: depositphotos.com \/ beats1<\/figcaption><\/figure>\n\n\n\n<p>A empresa refor\u00e7a o compromisso com a qualidade, prometendo proteger a tradi\u00e7\u00e3o e a experi\u00eancia do cliente. Veja abaixo alguns pontos que demonstram a continuidade da marca mesmo em meio \u00e0 crise:<\/p>\n\n\n\n<ul class=\"wp-block-list\">\n<li>As franquias seguem operando normalmente<\/li>\n\n\n\n<li>Aposta na lealdade dos clientes e reputa\u00e7\u00e3o constru\u00edda<\/li>\n\n\n\n<li>Crescimento de algumas unidades, especialmente em mercados locais<\/li>\n<\/ul>\n\n\n\n<h2 class=\"wp-block-heading\">O que significa o Cap\u00edtulo 11 na Lei de Fal\u00eancias nos Estados Unidos<\/h2>\n\n\n\n<p>O Cap\u00edtulo 11 permite que empresas reorganizem suas finan\u00e7as e d\u00edvidas sem encerrar totalmente suas opera\u00e7\u00f5es. Essa modalidade \u00e9 utilizada por organiza\u00e7\u00f5es que desejam evitar a liquida\u00e7\u00e3o imediata.<\/p>\n\n\n\n<p>Em contrapartida, o Cap\u00edtulo 7 resulta na liquida\u00e7\u00e3o dos ativos, levando ao fechamento do neg\u00f3cio. A escolha pelo Cap\u00edtulo 11 \u00e9 vista como um esfor\u00e7o para proteger o futuro da&nbsp;<strong>Jack&#8217;s Donuts<\/strong>.<\/p>\n\n\n\n<h2 class=\"wp-block-heading\">Quais s\u00e3o os principais desafios legais e financeiros da empresa<\/h2>\n\n\n\n<p>A&nbsp;<strong>Jack&#8217;s Donuts<\/strong>&nbsp;enfrentou processos recentes em Indiana e Nova York nos Estados Unidos. Em um dos casos judiciais, a empresa foi condenada a pagar US$ 104.000 a uma companhia em Ohio.<\/p>\n\n\n\n<p>Essas disputas judiciais afetam a sa\u00fade financeira da empresa e sua imagem no mercado nacional.<\/p>\n\n\n\n<p>Leia tamb\u00e9m: <a href=\"https:\/\/www.em.com.br\/emfoco\/2025\/11\/03\/grande-rede-de-supermercados-fecha-todas-as-unidades-de-uma-so-vez-e-choca-consumidores\/\" target=\"_blank\" rel=\"noreferrer noopener\">Grande rede de supermercados fecha todas as unidades de uma s\u00f3 vez e choca consumidores<\/a><\/p>\n\n\n\n<h2 class=\"wp-block-heading\">Como a Jack&#8217;s Donuts pretende superar a crise financeira<\/h2>\n\n\n\n<p>Diante do cen\u00e1rio desafiador, a&nbsp;<strong>Jack&#8217;s Donuts<\/strong>&nbsp;busca reorganiza\u00e7\u00e3o e acredita na for\u00e7a da marca e no apoio dos clientes para retornar ao crescimento sustent\u00e1vel.<\/p>\n\n\n\n<p>Segundo o plano da empresa, a reestrutura\u00e7\u00e3o pode revitalizar as opera\u00e7\u00f5es, manter as franquias em funcionamento e preservar o legado da marca para futuras gera\u00e7\u00f5es.<\/p>\n\n\n\n<ul class=\"wp-block-list\">\n<li>Foco na reestrutura\u00e7\u00e3o financeira<\/li>\n\n\n\n<li>Manuten\u00e7\u00e3o do desempenho das franquias<\/li>\n\n\n\n<li>Expectativa de fideliza\u00e7\u00e3o dos clientes<\/li>\n<\/ul>\n\n\n\n<p><\/p>\n","protected":false},"excerpt":{"rendered":"<p>A adorada&nbsp;rede de donuts&nbsp;Jack&#8217;s Donuts entrou com pedido de&nbsp;fal\u00eancia&nbsp;ap\u00f3s mais de seis d\u00e9cadas de servi\u00e7os nos Estados Unidos, enfrentando desafios financeiros, mas planejando manter suas opera\u00e7\u00f5es futuras. Por que Jack&#8217;s Donuts entrou com pedido de fal\u00eancia Operadores de franquias notaram uma queda nas vendas nos \u00faltimos 18 meses. Diante disso, os respons\u00e1veis destacaram o impacto [&hellip;]<\/p>\n","protected":false},"author":11,"featured_media":122818,"comment_status":"open","ping_status":"open","sticky":false,"template":"","format":"standard","meta":{"jnews-multi-image_gallery":[],"jnews_single_post":{"format":"standard"},"jnews_primary_category":[],"jnews_social_meta":[],"jnews_override_counter":[],"footnotes":""},"categories":[28,1],"tags":[14416,5478,1798],"class_list":["post-122680","post","type-post","status-publish","format-standard","has-post-thumbnail","hentry","category-economia","category-noticias","tag-donuts","tag-falencia","tag-franquia"],"yoast_head":"<!-- This site is optimized with the Yoast SEO plugin v23.8 - https:\/\/yoast.com\/wordpress\/plugins\/seo\/ -->\n<title>Uma adorada rede de donuts entrou com pedido de fal\u00eancia ap\u00f3s mais de 60 anos de atividade - Estado de Minas - Em foco<\/title>\n<meta name=\"description\" content=\"Mesmo com a fal\u00eancia, a Jack\u2019s Donuts quer manter suas lojas abertas e preservar o sabor que marcou gera\u00e7\u00f5es.\" \/>\n<meta name=\"robots\" content=\"index, follow, max-snippet:-1, max-image-preview:large, max-video-preview:-1\" \/>\n<link rel=\"canonical\" href=\"https:\/\/www.em.com.br\/emfoco\/2025\/11\/04\/uma-adorada-rede-de-donuts-entrou-com-pedido-de-falencia-apos-mais-de-60-anos-de-atividade\/\" \/>\n<meta property=\"og:locale\" content=\"pt_BR\" \/>\n<meta property=\"og:type\" content=\"article\" \/>\n<meta property=\"og:title\" content=\"Uma adorada rede de donuts entrou com pedido de fal\u00eancia ap\u00f3s mais de 60 anos de atividade - Estado de Minas - Em foco\" \/>\n<meta property=\"og:description\" content=\"Mesmo com a fal\u00eancia, a Jack\u2019s Donuts quer manter suas lojas abertas e preservar o sabor que marcou gera\u00e7\u00f5es.\" \/>\n<meta property=\"og:url\" content=\"https:\/\/www.em.com.br\/emfoco\/2025\/11\/04\/uma-adorada-rede-de-donuts-entrou-com-pedido-de-falencia-apos-mais-de-60-anos-de-atividade\/\" \/>\n<meta property=\"og:site_name\" content=\"Estado de Minas - Em foco\" \/>\n<meta property=\"article:published_time\" content=\"2025-11-04T16:45:00+00:00\" \/>\n<meta property=\"article:modified_time\" content=\"2025-11-03T17:52:24+00:00\" \/>\n<meta property=\"og:image\" content=\"https:\/\/www.em.com.br\/emfoco\/wp-content\/uploads\/2025\/11\/Gemini_Generated_Image_u8usx3u8usx3u8us-1.png\" \/>\n\t<meta property=\"og:image:width\" content=\"1280\" \/>\n\t<meta property=\"og:image:height\" content=\"720\" \/>\n\t<meta property=\"og:image:type\" content=\"image\/png\" \/>\n<meta name=\"author\" content=\"Andre\u0301 Rangel\u00a0\" \/>\n<meta name=\"twitter:card\" content=\"summary_large_image\" \/>\n<meta name=\"twitter:label1\" content=\"Escrito por\" \/>\n\t<meta name=\"twitter:data1\" content=\"Andre\u0301 Rangel\u00a0\" \/>\n\t<meta name=\"twitter:label2\" content=\"Est. tempo de leitura\" \/>\n\t<meta name=\"twitter:data2\" content=\"3 minutos\" \/>\n<!-- \/ Yoast SEO plugin. -->","yoast_head_json":{"title":"Uma adorada rede de donuts entrou com pedido de fal\u00eancia ap\u00f3s mais de 60 anos de atividade - Estado de Minas - Em foco","description":"Mesmo com a fal\u00eancia, a Jack\u2019s Donuts quer manter suas lojas abertas e preservar o sabor que marcou gera\u00e7\u00f5es.","robots":{"index":"index","follow":"follow","max-snippet":"max-snippet:-1","max-image-preview":"max-image-preview:large","max-video-preview":"max-video-preview:-1"},"canonical":"https:\/\/www.em.com.br\/emfoco\/2025\/11\/04\/uma-adorada-rede-de-donuts-entrou-com-pedido-de-falencia-apos-mais-de-60-anos-de-atividade\/","og_locale":"pt_BR","og_type":"article","og_title":"Uma adorada rede de donuts entrou com pedido de fal\u00eancia ap\u00f3s mais de 60 anos de atividade - Estado de Minas - Em foco","og_description":"Mesmo com a fal\u00eancia, a Jack\u2019s Donuts quer manter suas lojas abertas e preservar o sabor que marcou gera\u00e7\u00f5es.","og_url":"https:\/\/www.em.com.br\/emfoco\/2025\/11\/04\/uma-adorada-rede-de-donuts-entrou-com-pedido-de-falencia-apos-mais-de-60-anos-de-atividade\/","og_site_name":"Estado de Minas - Em foco","article_published_time":"2025-11-04T16:45:00+00:00","article_modified_time":"2025-11-03T17:52:24+00:00","og_image":[{"width":1280,"height":720,"url":"https:\/\/www.em.com.br\/emfoco\/wp-content\/uploads\/2025\/11\/Gemini_Generated_Image_u8usx3u8usx3u8us-1.png","type":"image\/png"}],"author":"Andre\u0301 Rangel\u00a0","twitter_card":"summary_large_image","twitter_misc":{"Escrito por":"Andre\u0301 Rangel\u00a0","Est. tempo de leitura":"3 minutos"},"schema":{"@context":"https:\/\/schema.org","@graph":[{"@type":"WebPage","@id":"https:\/\/www.em.com.br\/emfoco\/2025\/11\/04\/uma-adorada-rede-de-donuts-entrou-com-pedido-de-falencia-apos-mais-de-60-anos-de-atividade\/","url":"https:\/\/www.em.com.br\/emfoco\/2025\/11\/04\/uma-adorada-rede-de-donuts-entrou-com-pedido-de-falencia-apos-mais-de-60-anos-de-atividade\/","name":"Uma adorada rede de donuts entrou com pedido de fal\u00eancia ap\u00f3s mais de 60 anos de atividade - Estado de Minas - Em foco","isPartOf":{"@id":"https:\/\/www.em.com.br\/emfoco\/#website"},"primaryImageOfPage":{"@id":"https:\/\/www.em.com.br\/emfoco\/2025\/11\/04\/uma-adorada-rede-de-donuts-entrou-com-pedido-de-falencia-apos-mais-de-60-anos-de-atividade\/#primaryimage"},"image":{"@id":"https:\/\/www.em.com.br\/emfoco\/2025\/11\/04\/uma-adorada-rede-de-donuts-entrou-com-pedido-de-falencia-apos-mais-de-60-anos-de-atividade\/#primaryimage"},"thumbnailUrl":"https:\/\/www.em.com.br\/emfoco\/wp-content\/uploads\/2025\/11\/Gemini_Generated_Image_u8usx3u8usx3u8us-1.png","datePublished":"2025-11-04T16:45:00+00:00","dateModified":"2025-11-03T17:52:24+00:00","author":{"@id":"https:\/\/www.em.com.br\/emfoco\/#\/schema\/person\/60eda09c1fedf0d6891f4cef4b60b8b8"},"description":"Mesmo com a fal\u00eancia, a Jack\u2019s Donuts quer manter suas lojas abertas e preservar o sabor que marcou gera\u00e7\u00f5es.","breadcrumb":{"@id":"https:\/\/www.em.com.br\/emfoco\/2025\/11\/04\/uma-adorada-rede-de-donuts-entrou-com-pedido-de-falencia-apos-mais-de-60-anos-de-atividade\/#breadcrumb"},"inLanguage":"pt-BR","potentialAction":[{"@type":"ReadAction","target":["https:\/\/www.em.com.br\/emfoco\/2025\/11\/04\/uma-adorada-rede-de-donuts-entrou-com-pedido-de-falencia-apos-mais-de-60-anos-de-atividade\/"]}]},{"@type":"ImageObject","inLanguage":"pt-BR","@id":"https:\/\/www.em.com.br\/emfoco\/2025\/11\/04\/uma-adorada-rede-de-donuts-entrou-com-pedido-de-falencia-apos-mais-de-60-anos-de-atividade\/#primaryimage","url":"https:\/\/www.em.com.br\/emfoco\/wp-content\/uploads\/2025\/11\/Gemini_Generated_Image_u8usx3u8usx3u8us-1.png","contentUrl":"https:\/\/www.em.com.br\/emfoco\/wp-content\/uploads\/2025\/11\/Gemini_Generated_Image_u8usx3u8usx3u8us-1.png","width":1280,"height":720,"caption":"Rede amada de donuts surpreende ao pedir fal\u00eancia nos EUA"},{"@type":"BreadcrumbList","@id":"https:\/\/www.em.com.br\/emfoco\/2025\/11\/04\/uma-adorada-rede-de-donuts-entrou-com-pedido-de-falencia-apos-mais-de-60-anos-de-atividade\/#breadcrumb","itemListElement":[{"@type":"ListItem","position":1,"name":"In\u00edcio","item":"https:\/\/www.em.com.br\/emfoco\/"},{"@type":"ListItem","position":2,"name":"Uma adorada rede de donuts entrou com pedido de fal\u00eancia ap\u00f3s mais de 60 anos de atividade"}]},{"@type":"WebSite","@id":"https:\/\/www.em.com.br\/emfoco\/#website","url":"https:\/\/www.em.com.br\/emfoco\/","name":"Estado de Minas - Em foco","description":"Acompanhe as \u00faltimas not\u00edcias e fique bem informado sobre tudo o que acontece em Minas Gerais, Brasil e no mundo.","potentialAction":[{"@type":"SearchAction","target":{"@type":"EntryPoint","urlTemplate":"https:\/\/www.em.com.br\/emfoco\/?s={search_term_string}"},"query-input":{"@type":"PropertyValueSpecification","valueRequired":true,"valueName":"search_term_string"}}],"inLanguage":"pt-BR"},{"@type":"Person","@id":"https:\/\/www.em.com.br\/emfoco\/#\/schema\/person\/60eda09c1fedf0d6891f4cef4b60b8b8","name":"Andre\u0301 Rangel\u00a0","image":{"@type":"ImageObject","inLanguage":"pt-BR","@id":"https:\/\/www.em.com.br\/emfoco\/#\/schema\/person\/image\/","url":"https:\/\/secure.gravatar.com\/avatar\/6234dc814c77c8ef6d8bba622c787efc?s=96&d=mm&r=g","contentUrl":"https:\/\/secure.gravatar.com\/avatar\/6234dc814c77c8ef6d8bba622c787efc?s=96&d=mm&r=g","caption":"Andre\u0301 Rangel\u00a0"},"url":"https:\/\/www.em.com.br\/emfoco\/author\/luizmyth\/"}]}},"_links":{"self":[{"href":"https:\/\/www.em.com.br\/emfoco\/wp-json\/wp\/v2\/posts\/122680","targetHints":{"allow":["GET"]}}],"collection":[{"href":"https:\/\/www.em.com.br\/emfoco\/wp-json\/wp\/v2\/posts"}],"about":[{"href":"https:\/\/www.em.com.br\/emfoco\/wp-json\/wp\/v2\/types\/post"}],"author":[{"embeddable":true,"href":"https:\/\/www.em.com.br\/emfoco\/wp-json\/wp\/v2\/users\/11"}],"replies":[{"embeddable":true,"href":"https:\/\/www.em.com.br\/emfoco\/wp-json\/wp\/v2\/comments?post=122680"}],"version-history":[{"count":3,"href":"https:\/\/www.em.com.br\/emfoco\/wp-json\/wp\/v2\/posts\/122680\/revisions"}],"predecessor-version":[{"id":122820,"href":"https:\/\/www.em.com.br\/emfoco\/wp-json\/wp\/v2\/posts\/122680\/revisions\/122820"}],"wp:featuredmedia":[{"embeddable":true,"href":"https:\/\/www.em.com.br\/emfoco\/wp-json\/wp\/v2\/media\/122818"}],"wp:attachment":[{"href":"https:\/\/www.em.com.br\/emfoco\/wp-json\/wp\/v2\/media?parent=122680"}],"wp:term":[{"taxonomy":"category","embeddable":true,"href":"https:\/\/www.em.com.br\/emfoco\/wp-json\/wp\/v2\/categories?post=122680"},{"taxonomy":"post_tag","embeddable":true,"href":"https:\/\/www.em.com.br\/emfoco\/wp-json\/wp\/v2\/tags?post=122680"}],"curies":[{"name":"wp","href":"https:\/\/api.w.org\/{rel}","templated":true}]}}