{"id":122566,"date":"2025-11-04T12:05:02","date_gmt":"2025-11-04T15:05:02","guid":{"rendered":"https:\/\/www.em.com.br\/emfoco\/?p=122566"},"modified":"2025-11-02T23:44:21","modified_gmt":"2025-11-03T02:44:21","slug":"o-poder-da-roma-no-controle-do-diabetes-e-inflamacao-cronica","status":"publish","type":"post","link":"https:\/\/www.em.com.br\/emfoco\/2025\/11\/04\/o-poder-da-roma-no-controle-do-diabetes-e-inflamacao-cronica\/","title":{"rendered":"O poder da rom\u00e3 no controle do diabetes e inflama\u00e7\u00e3o cr\u00f4nica"},"content":{"rendered":"\n<p>O Brasil destaca-se como um dos pa\u00edses de maior incid\u00eancia de <strong>diabetes tipo 2<\/strong>, uma condi\u00e7\u00e3o cr\u00f4nica frequentemente associada a processos <strong>inflamat\u00f3rios<\/strong> e riscos elevados \u00e0 sa\u00fade. Nesse contexto, a <strong>rom\u00e3<\/strong> (<em>Punica granatum<\/em>) ganha aten\u00e7\u00e3o por suas reconhecidas propriedades <strong>antioxidantes<\/strong> e <strong>anti-inflamat\u00f3rias<\/strong>, mostrando potencial como aliada na preven\u00e7\u00e3o e controle do diabetes, segundo pesquisas recentes.<\/p>\n\n\n\n<h2 class=\"wp-block-heading\">De que forma a rom\u00e3 pode ajudar no controle da glicemia<\/h2>\n\n\n\n<p>Os <strong>polifen\u00f3is<\/strong> contidos na rom\u00e3 desempenham uma fun\u00e7\u00e3o relevante na regula\u00e7\u00e3o da <strong>glicemia<\/strong>. Essas subst\u00e2ncias exercem a\u00e7\u00e3o antioxidante, protegendo as c\u00e9lulas do <strong>p\u00e2ncreas<\/strong> respons\u00e1veis pela produ\u00e7\u00e3o de <strong>insulina<\/strong> e contribuindo para a melhora da <strong>sensibilidade \u00e0 insulina<\/strong>.<\/p>\n\n\n\n<p>Al\u00e9m disso, estudos apontam que componentes como as <strong>punicalaginas<\/strong> reduzem a absor\u00e7\u00e3o de <strong>glicose<\/strong> no intestino, auxiliando o controle dos n\u00edveis de <strong>a\u00e7\u00facar no sangue<\/strong> e influenciando positivamente a <strong>sa\u00fade metab\u00f3lica<\/strong>.<\/p>\n\n\n<div class=\"wp-block-image\">\n<figure class=\"aligncenter size-large\"><img loading=\"lazy\" decoding=\"async\" width=\"1024\" height=\"576\" src=\"https:\/\/www.em.com.br\/emfoco\/wp-content\/uploads\/2025\/11\/roma_1762137691215-1024x576.jpg\" alt=\"\" class=\"wp-image-122605\" srcset=\"https:\/\/www.em.com.br\/emfoco\/wp-content\/uploads\/2025\/11\/roma_1762137691215-1024x576.jpg 1024w, https:\/\/www.em.com.br\/emfoco\/wp-content\/uploads\/2025\/11\/roma_1762137691215-300x169.jpg 300w, https:\/\/www.em.com.br\/emfoco\/wp-content\/uploads\/2025\/11\/roma_1762137691215-768x432.jpg 768w, https:\/\/www.em.com.br\/emfoco\/wp-content\/uploads\/2025\/11\/roma_1762137691215-750x422.jpg 750w, https:\/\/www.em.com.br\/emfoco\/wp-content\/uploads\/2025\/11\/roma_1762137691215-1140x641.jpg 1140w, https:\/\/www.em.com.br\/emfoco\/wp-content\/uploads\/2025\/11\/roma_1762137691215.jpg 1280w\" sizes=\"auto, (max-width: 1024px) 100vw, 1024px\" \/><figcaption class=\"wp-element-caption\">Incorporar a rom\u00e3 \u00e0 alimenta\u00e7\u00e3o pode ser feito de maneira simples &#8211; Cr\u00e9ditos: depositphotos.com \/ magone<\/figcaption><\/figure><\/div>\n\n\n<h2 class=\"wp-block-heading\">Quais s\u00e3o as evid\u00eancias sobre os efeitos anti-inflamat\u00f3rios da rom\u00e3<\/h2>\n\n\n\n<p>Diversos estudos confirmam as propriedades <a href=\"https:\/\/www.tuasaude.com\/inflamacao\/\" target=\"_blank\" rel=\"noopener\">anti-inflamat\u00f3rias<\/a> da rom\u00e3, que se traduzem em benef\u00edcios para <strong>doen\u00e7as cr\u00f4nicas<\/strong> e <strong>cardiovasculares<\/strong>. Pesquisas mostraram que o consumo regular do <strong>suco<\/strong> da fruta reduz significativamente marcadores inflamat\u00f3rios no sangue.<\/p>\n\n\n\n<p>Os <strong>antioxidantes<\/strong> encontrados na rom\u00e3, como as <strong>antocianinas<\/strong> e <strong>taninas<\/strong>, neutralizam os <strong>radicais livres<\/strong> e reduzem o <strong>estresse oxidativo<\/strong>. Veja exemplos de compostos presentes na rom\u00e3 que contribuem para esse efeito:<\/p>\n\n\n\n<ul class=\"wp-block-list\">\n<li><strong>Polifen\u00f3is<\/strong><\/li>\n\n\n\n<li><strong>Punicalaginas<\/strong><\/li>\n\n\n\n<li><strong>Antocianinas<\/strong><\/li>\n\n\n\n<li><strong>Taninas<\/strong><\/li>\n<\/ul>\n\n\n\n<iframe loading=\"lazy\" width=\"560\" height=\"315\" src=\"https:\/\/www.youtube.com\/embed\/HVhaFwEcY6w?si=GsYc2ogXwSP8zma4\" title=\"YouTube video player\" frameborder=\"0\" allow=\"accelerometer; autoplay; clipboard-write; encrypted-media; gyroscope; picture-in-picture; web-share\" referrerpolicy=\"strict-origin-when-cross-origin\" allowfullscreen><\/iframe>\n\n\n\n<h2 class=\"wp-block-heading\">Quais s\u00e3o as melhores formas de consumir rom\u00e3 no dia a dia<\/h2>\n\n\n\n<p>Incorporar a <strong>rom\u00e3<\/strong> \u00e0 alimenta\u00e7\u00e3o pode ser feito de maneira simples. O consumo regular, em diferentes prepara\u00e7\u00f5es, potencializa os benef\u00edcios da fruta na preven\u00e7\u00e3o e controle de <strong>doen\u00e7as metab\u00f3licas<\/strong>.<\/p>\n\n\n\n<p>Al\u00e9m do <strong>suco<\/strong>, as <strong>sementes<\/strong> podem ser adicionadas a <strong>saladas<\/strong>, <strong>iogurtes<\/strong> ou <strong>cereais<\/strong>, e o <strong>ch\u00e1 da casca<\/strong> \u00e9 rico em antioxidantes. Tamb\u00e9m \u00e9 poss\u00edvel encontrar <strong>extratos de rom\u00e3<\/strong> em c\u00e1psulas, que s\u00e3o utilizados como suplementa\u00e7\u00e3o em alguns casos, embora devam ser consumidos com orienta\u00e7\u00e3o m\u00e9dica. Antes de incluir a rom\u00e3 de forma frequente, consulte um profissional de <strong>sa\u00fade<\/strong>, pois ela pode interagir com medicamentos, como <strong>anticoagulantes<\/strong>.<\/p>\n\n\n\n<p>Ainda que a rom\u00e3 ofere\u00e7a vantagens expressivas \u00e0 sa\u00fade, seu consumo n\u00e3o substitui tratamentos m\u00e9dicos convencionais. Por\u00e9m, como aliada de uma <strong>dieta equilibrada<\/strong>, contribui para o <strong>controle do diabetes tipo 2<\/strong> e pode melhorar a <strong>qualidade de vida<\/strong>.<\/p>\n\n\n\n<p>Leia tamb\u00e9m:&nbsp;<a href=\"https:\/\/www.em.com.br\/emfoco\/2025\/10\/07\/esse-cha-natural-esta-ajudando-milhares-de-pessoas-a-controlar-a-diabetes\/\" target=\"_blank\" rel=\"noopener\">Esse ch\u00e1 natural est\u00e1 ajudando milhares de pessoas a controlar a diabetes<\/a><\/p>\n","protected":false},"excerpt":{"rendered":"<p>O Brasil destaca-se como um dos pa\u00edses de maior incid\u00eancia de diabetes tipo 2, uma condi\u00e7\u00e3o cr\u00f4nica frequentemente associada a processos inflamat\u00f3rios e riscos elevados \u00e0 sa\u00fade. Nesse contexto, a rom\u00e3 (Punica granatum) ganha aten\u00e7\u00e3o por suas reconhecidas propriedades antioxidantes e anti-inflamat\u00f3rias, mostrando potencial como aliada na preven\u00e7\u00e3o e controle do diabetes, segundo pesquisas recentes. [&hellip;]<\/p>\n","protected":false},"author":9,"featured_media":47216,"comment_status":"open","ping_status":"open","sticky":false,"template":"","format":"standard","meta":{"jnews-multi-image_gallery":[],"jnews_single_post":{"format":"standard"},"jnews_primary_category":[],"jnews_social_meta":[],"jnews_override_counter":[],"footnotes":""},"categories":[8691,8819,1],"tags":[3506,1988,8220,5134],"class_list":["post-122566","post","type-post","status-publish","format-standard","has-post-thumbnail","hentry","category-bem-estar","category-curiosidades","category-noticias","tag-diabetes","tag-fruta","tag-inflamacoes","tag-roma"],"yoast_head":"<!-- This site is optimized with the Yoast SEO plugin v23.8 - https:\/\/yoast.com\/wordpress\/plugins\/seo\/ -->\n<title>O poder da rom\u00e3 no controle do diabetes e inflama\u00e7\u00e3o cr\u00f4nica - Estado de Minas - Em foco<\/title>\n<meta name=\"description\" content=\"A rom\u00e3 \u00e9 aliada contra o diabetes tipo 2. Seus polifen\u00f3is e antioxidantes ajudam a controlar a glicemia e a reduzir a inflama\u00e7\u00e3o cr\u00f4nica.\" \/>\n<meta name=\"robots\" content=\"index, follow, max-snippet:-1, max-image-preview:large, max-video-preview:-1\" \/>\n<link rel=\"canonical\" href=\"https:\/\/www.em.com.br\/emfoco\/2025\/11\/04\/o-poder-da-roma-no-controle-do-diabetes-e-inflamacao-cronica\/\" \/>\n<meta property=\"og:locale\" content=\"pt_BR\" \/>\n<meta property=\"og:type\" content=\"article\" \/>\n<meta property=\"og:title\" content=\"O poder da rom\u00e3 no controle do diabetes e inflama\u00e7\u00e3o cr\u00f4nica - Estado de Minas - Em foco\" \/>\n<meta property=\"og:description\" content=\"A rom\u00e3 \u00e9 aliada contra o diabetes tipo 2. Seus polifen\u00f3is e antioxidantes ajudam a controlar a glicemia e a reduzir a inflama\u00e7\u00e3o cr\u00f4nica.\" \/>\n<meta property=\"og:url\" content=\"https:\/\/www.em.com.br\/emfoco\/2025\/11\/04\/o-poder-da-roma-no-controle-do-diabetes-e-inflamacao-cronica\/\" \/>\n<meta property=\"og:site_name\" content=\"Estado de Minas - Em foco\" \/>\n<meta property=\"article:published_time\" content=\"2025-11-04T15:05:02+00:00\" \/>\n<meta property=\"article:modified_time\" content=\"2025-11-03T02:44:21+00:00\" \/>\n<meta property=\"og:image\" content=\"https:\/\/www.em.com.br\/emfoco\/wp-content\/uploads\/2025\/05\/roma_1747231303390.jpg\" \/>\n\t<meta property=\"og:image:width\" content=\"1279\" \/>\n\t<meta property=\"og:image:height\" content=\"720\" \/>\n\t<meta property=\"og:image:type\" content=\"image\/jpeg\" \/>\n<meta name=\"author\" content=\"Daniely Cardoso\" \/>\n<meta name=\"twitter:card\" content=\"summary_large_image\" \/>\n<meta name=\"twitter:label1\" content=\"Escrito por\" \/>\n\t<meta name=\"twitter:data1\" content=\"Daniely Cardoso\" \/>\n\t<meta name=\"twitter:label2\" content=\"Est. tempo de leitura\" \/>\n\t<meta name=\"twitter:data2\" content=\"3 minutos\" \/>\n<!-- \/ Yoast SEO plugin. -->","yoast_head_json":{"title":"O poder da rom\u00e3 no controle do diabetes e inflama\u00e7\u00e3o cr\u00f4nica - Estado de Minas - Em foco","description":"A rom\u00e3 \u00e9 aliada contra o diabetes tipo 2. Seus polifen\u00f3is e antioxidantes ajudam a controlar a glicemia e a reduzir a inflama\u00e7\u00e3o cr\u00f4nica.","robots":{"index":"index","follow":"follow","max-snippet":"max-snippet:-1","max-image-preview":"max-image-preview:large","max-video-preview":"max-video-preview:-1"},"canonical":"https:\/\/www.em.com.br\/emfoco\/2025\/11\/04\/o-poder-da-roma-no-controle-do-diabetes-e-inflamacao-cronica\/","og_locale":"pt_BR","og_type":"article","og_title":"O poder da rom\u00e3 no controle do diabetes e inflama\u00e7\u00e3o cr\u00f4nica - Estado de Minas - Em foco","og_description":"A rom\u00e3 \u00e9 aliada contra o diabetes tipo 2. Seus polifen\u00f3is e antioxidantes ajudam a controlar a glicemia e a reduzir a inflama\u00e7\u00e3o cr\u00f4nica.","og_url":"https:\/\/www.em.com.br\/emfoco\/2025\/11\/04\/o-poder-da-roma-no-controle-do-diabetes-e-inflamacao-cronica\/","og_site_name":"Estado de Minas - Em foco","article_published_time":"2025-11-04T15:05:02+00:00","article_modified_time":"2025-11-03T02:44:21+00:00","og_image":[{"width":1279,"height":720,"url":"https:\/\/www.em.com.br\/emfoco\/wp-content\/uploads\/2025\/05\/roma_1747231303390.jpg","type":"image\/jpeg"}],"author":"Daniely Cardoso","twitter_card":"summary_large_image","twitter_misc":{"Escrito por":"Daniely Cardoso","Est. tempo de leitura":"3 minutos"},"schema":{"@context":"https:\/\/schema.org","@graph":[{"@type":"WebPage","@id":"https:\/\/www.em.com.br\/emfoco\/2025\/11\/04\/o-poder-da-roma-no-controle-do-diabetes-e-inflamacao-cronica\/","url":"https:\/\/www.em.com.br\/emfoco\/2025\/11\/04\/o-poder-da-roma-no-controle-do-diabetes-e-inflamacao-cronica\/","name":"O poder da rom\u00e3 no controle do diabetes e inflama\u00e7\u00e3o cr\u00f4nica - Estado de Minas - Em foco","isPartOf":{"@id":"https:\/\/www.em.com.br\/emfoco\/#website"},"primaryImageOfPage":{"@id":"https:\/\/www.em.com.br\/emfoco\/2025\/11\/04\/o-poder-da-roma-no-controle-do-diabetes-e-inflamacao-cronica\/#primaryimage"},"image":{"@id":"https:\/\/www.em.com.br\/emfoco\/2025\/11\/04\/o-poder-da-roma-no-controle-do-diabetes-e-inflamacao-cronica\/#primaryimage"},"thumbnailUrl":"https:\/\/www.em.com.br\/emfoco\/wp-content\/uploads\/2025\/05\/roma_1747231303390.jpg","datePublished":"2025-11-04T15:05:02+00:00","dateModified":"2025-11-03T02:44:21+00:00","author":{"@id":"https:\/\/www.em.com.br\/emfoco\/#\/schema\/person\/0a8186d72f2c3a5c6276d90b41f271a0"},"description":"A rom\u00e3 \u00e9 aliada contra o diabetes tipo 2. Seus polifen\u00f3is e antioxidantes ajudam a controlar a glicemia e a reduzir a inflama\u00e7\u00e3o cr\u00f4nica.","breadcrumb":{"@id":"https:\/\/www.em.com.br\/emfoco\/2025\/11\/04\/o-poder-da-roma-no-controle-do-diabetes-e-inflamacao-cronica\/#breadcrumb"},"inLanguage":"pt-BR","potentialAction":[{"@type":"ReadAction","target":["https:\/\/www.em.com.br\/emfoco\/2025\/11\/04\/o-poder-da-roma-no-controle-do-diabetes-e-inflamacao-cronica\/"]}]},{"@type":"ImageObject","inLanguage":"pt-BR","@id":"https:\/\/www.em.com.br\/emfoco\/2025\/11\/04\/o-poder-da-roma-no-controle-do-diabetes-e-inflamacao-cronica\/#primaryimage","url":"https:\/\/www.em.com.br\/emfoco\/wp-content\/uploads\/2025\/05\/roma_1747231303390.jpg","contentUrl":"https:\/\/www.em.com.br\/emfoco\/wp-content\/uploads\/2025\/05\/roma_1747231303390.jpg","width":1279,"height":720,"caption":"Rom\u00e3 - Cr\u00e9ditos: depositphotos.com \/ grafnata"},{"@type":"BreadcrumbList","@id":"https:\/\/www.em.com.br\/emfoco\/2025\/11\/04\/o-poder-da-roma-no-controle-do-diabetes-e-inflamacao-cronica\/#breadcrumb","itemListElement":[{"@type":"ListItem","position":1,"name":"In\u00edcio","item":"https:\/\/www.em.com.br\/emfoco\/"},{"@type":"ListItem","position":2,"name":"O poder da rom\u00e3 no controle do diabetes e inflama\u00e7\u00e3o cr\u00f4nica"}]},{"@type":"WebSite","@id":"https:\/\/www.em.com.br\/emfoco\/#website","url":"https:\/\/www.em.com.br\/emfoco\/","name":"Estado de Minas - Em foco","description":"Acompanhe as \u00faltimas not\u00edcias e fique bem informado sobre tudo o que acontece em Minas Gerais, Brasil e no mundo.","potentialAction":[{"@type":"SearchAction","target":{"@type":"EntryPoint","urlTemplate":"https:\/\/www.em.com.br\/emfoco\/?s={search_term_string}"},"query-input":{"@type":"PropertyValueSpecification","valueRequired":true,"valueName":"search_term_string"}}],"inLanguage":"pt-BR"},{"@type":"Person","@id":"https:\/\/www.em.com.br\/emfoco\/#\/schema\/person\/0a8186d72f2c3a5c6276d90b41f271a0","name":"Daniely Cardoso","image":{"@type":"ImageObject","inLanguage":"pt-BR","@id":"https:\/\/www.em.com.br\/emfoco\/#\/schema\/person\/image\/","url":"https:\/\/secure.gravatar.com\/avatar\/4b80ddbd124d1f071b626d52d62e5dff?s=96&d=mm&r=g","contentUrl":"https:\/\/secure.gravatar.com\/avatar\/4b80ddbd124d1f071b626d52d62e5dff?s=96&d=mm&r=g","caption":"Daniely Cardoso"},"url":"https:\/\/www.em.com.br\/emfoco\/author\/danielymyth\/"}]}},"_links":{"self":[{"href":"https:\/\/www.em.com.br\/emfoco\/wp-json\/wp\/v2\/posts\/122566","targetHints":{"allow":["GET"]}}],"collection":[{"href":"https:\/\/www.em.com.br\/emfoco\/wp-json\/wp\/v2\/posts"}],"about":[{"href":"https:\/\/www.em.com.br\/emfoco\/wp-json\/wp\/v2\/types\/post"}],"author":[{"embeddable":true,"href":"https:\/\/www.em.com.br\/emfoco\/wp-json\/wp\/v2\/users\/9"}],"replies":[{"embeddable":true,"href":"https:\/\/www.em.com.br\/emfoco\/wp-json\/wp\/v2\/comments?post=122566"}],"version-history":[{"count":3,"href":"https:\/\/www.em.com.br\/emfoco\/wp-json\/wp\/v2\/posts\/122566\/revisions"}],"predecessor-version":[{"id":122865,"href":"https:\/\/www.em.com.br\/emfoco\/wp-json\/wp\/v2\/posts\/122566\/revisions\/122865"}],"wp:featuredmedia":[{"embeddable":true,"href":"https:\/\/www.em.com.br\/emfoco\/wp-json\/wp\/v2\/media\/47216"}],"wp:attachment":[{"href":"https:\/\/www.em.com.br\/emfoco\/wp-json\/wp\/v2\/media?parent=122566"}],"wp:term":[{"taxonomy":"category","embeddable":true,"href":"https:\/\/www.em.com.br\/emfoco\/wp-json\/wp\/v2\/categories?post=122566"},{"taxonomy":"post_tag","embeddable":true,"href":"https:\/\/www.em.com.br\/emfoco\/wp-json\/wp\/v2\/tags?post=122566"}],"curies":[{"name":"wp","href":"https:\/\/api.w.org\/{rel}","templated":true}]}}