{"id":122562,"date":"2025-11-04T09:55:32","date_gmt":"2025-11-04T12:55:32","guid":{"rendered":"https:\/\/www.em.com.br\/emfoco\/?p=122562"},"modified":"2025-11-03T13:48:44","modified_gmt":"2025-11-03T16:48:44","slug":"o-erro-comum-ao-plantar-sementes-compradas-no-mercado-que-impede-seu-mamao-de-dar-frutos","status":"publish","type":"post","link":"https:\/\/www.em.com.br\/emfoco\/2025\/11\/04\/o-erro-comum-ao-plantar-sementes-compradas-no-mercado-que-impede-seu-mamao-de-dar-frutos\/","title":{"rendered":"O erro comum ao plantar sementes compradas no mercado que impede seu mam\u00e3o de dar frutos"},"content":{"rendered":"\n<p>Germinar <strong>sementes de mam\u00e3o<\/strong> a partir de frutas compradas no mercado \u00e9 uma forma pr\u00e1tica e econ\u00f4mica para come\u00e7ar um <strong>pomar em casa<\/strong>, exigindo apenas alguns cuidados b\u00e1sicos e aten\u00e7\u00e3o aos detalhes ao longo do processo.<\/p>\n\n\n\n<h2 class=\"wp-block-heading\">O que considerar ao escolher a fruta para germinar mam\u00e3o<\/h2>\n\n\n\n<p>A sele\u00e7\u00e3o do <strong>mam\u00e3o<\/strong> adequado \u00e9 essencial para garantir <strong>sementes f\u00e9rteis<\/strong>. Prefira frutos <strong>maduros<\/strong>, com casca laranja-amarelada uniforme, j\u00e1 que a <strong>matura\u00e7\u00e3o completa<\/strong> indica maior viabilidade das sementes.<\/p>\n\n\n\n<p>Ao cortar o mam\u00e3o, observe se o interior apresenta sementes de cor escura, \u00edntegras e sem sinais de mofo. Frutas batidas ou excessivamente amolecidas podem oferecer sementes menos vi\u00e1veis para o plantio.<\/p>\n\n\n<div class=\"wp-block-image\">\n<figure class=\"aligncenter size-large\"><img loading=\"lazy\" decoding=\"async\" width=\"1024\" height=\"576\" src=\"https:\/\/www.em.com.br\/emfoco\/wp-content\/uploads\/2025\/03\/mamao_1743082698323-1024x576.jpg\" alt=\"Melhor \u00e9poca e cuidados para plantar mam\u00e3o papaia em casa\" class=\"wp-image-32895\" srcset=\"https:\/\/www.em.com.br\/emfoco\/wp-content\/uploads\/2025\/03\/mamao_1743082698323-1024x576.jpg 1024w, https:\/\/www.em.com.br\/emfoco\/wp-content\/uploads\/2025\/03\/mamao_1743082698323-300x169.jpg 300w, https:\/\/www.em.com.br\/emfoco\/wp-content\/uploads\/2025\/03\/mamao_1743082698323-768x432.jpg 768w, https:\/\/www.em.com.br\/emfoco\/wp-content\/uploads\/2025\/03\/mamao_1743082698323-750x422.jpg 750w, https:\/\/www.em.com.br\/emfoco\/wp-content\/uploads\/2025\/03\/mamao_1743082698323-1140x641.jpg 1140w, https:\/\/www.em.com.br\/emfoco\/wp-content\/uploads\/2025\/03\/mamao_1743082698323.jpg 1280w\" sizes=\"auto, (max-width: 1024px) 100vw, 1024px\" \/><figcaption class=\"wp-element-caption\">Mam\u00e3o &#8211; Cr\u00e9ditos: depositphotos.com \/ alebloshka<\/figcaption><\/figure><\/div>\n\n\n<h2 class=\"wp-block-heading\">Como preparar as sementes de mam\u00e3o corretamente<\/h2>\n\n\n\n<p>Remova todas as <strong>sementes<\/strong> do interior da fruta e lave-as bem, eliminando os res\u00edduos de <strong>polpa<\/strong> para evitar prolifera\u00e7\u00e3o de fungos. Lave em \u00e1gua corrente at\u00e9 sentir que est\u00e3o totalmente limpas.<\/p>\n\n\n\n<p>Ap\u00f3s a lavagem completa, seque as sementes em um local bem ventilado, espalhando-as sob papel absorvente por cerca de tr\u00eas dias. A <strong>secagem adequada<\/strong> \u00e9 fundamental para evitar apodrecimento durante o processo de germina\u00e7\u00e3o.<\/p>\n\n\n\n<h2 class=\"wp-block-heading\">Qual o m\u00e9todo ideal para semear as sementes<\/h2>\n\n\n\n<p>O plantio pode ser feito em recipientes pequenos ou bandejas para mudas. Use uma mistura de <strong>terra<\/strong> e <strong>areia<\/strong> para garantir boa <strong>drenagem<\/strong>, evitando o ac\u00famulo de \u00e1gua.<\/p>\n\n\n\n<p>Ao preparar para o plantio, \u00e9 importante seguir alguns passos pr\u00e1ticos e f\u00e1ceis de aplicar no dia a dia:<\/p>\n\n\n\n<ul class=\"wp-block-list\">\n<li>Coloque de <strong>2 a 3 sementes<\/strong> em cada ber\u00e7o do recipiente;<\/li>\n\n\n\n<li>Pressione-as levemente sobre o <a href=\"https:\/\/rehagro.com.br\/blog\/materia-organica-no-solo\/\" target=\"_blank\" rel=\"noopener\">solo,<\/a> sem enterrar em excesso;<\/li>\n\n\n\n<li>Mantenha o <strong>solo \u00famido<\/strong>, mas nunca encharcado;<\/li>\n\n\n\n<li>Posicione o recipiente em local com <strong>sol direto<\/strong> por v\u00e1rias horas di\u00e1rias.<\/li>\n<\/ul>\n\n\n\n<iframe loading=\"lazy\" width=\"560\" height=\"315\" src=\"https:\/\/www.youtube.com\/embed\/5ORf0AjWJM8?si=Uiq_evhAiPE240QS\" title=\"YouTube video player\" frameborder=\"0\" allow=\"accelerometer; autoplay; clipboard-write; encrypted-media; gyroscope; picture-in-picture; web-share\" referrerpolicy=\"strict-origin-when-cross-origin\" allowfullscreen><\/iframe>\n\n\n\n<h2 class=\"wp-block-heading\">Como identificar e selecionar as plantas de mam\u00e3o produtivas<\/h2>\n\n\n\n<p>O <strong>mamoeiro<\/strong> pode ser <strong>macho, f\u00eamea<\/strong> ou <strong>hermafrodita<\/strong>. Apenas plantas femininas e hermafroditas v\u00e3o gerar <strong>frutos<\/strong>. A diferencia\u00e7\u00e3o s\u00f3 \u00e9 poss\u00edvel a partir da fase de <strong>flora\u00e7\u00e3o<\/strong>, entre cinco e oito meses ap\u00f3s o plantio.<\/p>\n\n\n\n<p>Para garantir uma boa produ\u00e7\u00e3o, observe quais plantas desenvolvem flores <strong>femininas<\/strong> ou <strong>hermafroditas<\/strong> e mantenha apenas estas, removendo os exemplares masculinos. Uma dica importante \u00e9 que a presen\u00e7a de plantas hermafroditas pode favorecer a autopoliniza\u00e7\u00e3o, aumentando as chances de frutos mesmo com poucas plantas no quintal.<\/p>\n\n\n\n<h2 class=\"wp-block-heading\">Em quanto tempo o mamoeiro come\u00e7ar\u00e1 a dar frutos<\/h2>\n\n\n\n<p>Com cuidados adequados, <strong>mamoeiros<\/strong> cultivados a partir de sementes podem come\u00e7ar a <strong>frutificar<\/strong> entre <strong>seis e oito meses<\/strong>. Fatores como <strong>exposi\u00e7\u00e3o solar<\/strong>, <strong>rega<\/strong> e <strong>tipo de solo<\/strong> influenciam diretamente esse tempo de produ\u00e7\u00e3o.<\/p>\n\n\n\n<p>Al\u00e9m disso, nutrir o solo periodicamente e proteger as mudas de <strong>pragas<\/strong> pode acelerar o desenvolvimento saud\u00e1vel, garantindo colheitas mais r\u00e1pidas e abundantes no quintal. A aplica\u00e7\u00e3o de uma camada leve de mat\u00e9ria org\u00e2nica, como h\u00famus de minhoca, tamb\u00e9m pode favorecer o crescimento das mudas de mam\u00e3o.<\/p>\n\n\n\n<p>Leia tamb\u00e9m:&nbsp;<a href=\"https:\/\/www.em.com.br\/emfoco\/2025\/10\/08\/aprenda-a-plantar-mamao-na-sua-casa-e-aproveite-todos-os-beneficios\/\" target=\"_blank\" rel=\"noopener\">Aprenda a plantar mam\u00e3o na sua casa e aproveite todos os benef\u00edcios<\/a><\/p>\n","protected":false},"excerpt":{"rendered":"<p>Germinar sementes de mam\u00e3o a partir de frutas compradas no mercado \u00e9 uma forma pr\u00e1tica e econ\u00f4mica para come\u00e7ar um pomar em casa, exigindo apenas alguns cuidados b\u00e1sicos e aten\u00e7\u00e3o aos detalhes ao longo do processo. O que considerar ao escolher a fruta para germinar mam\u00e3o A sele\u00e7\u00e3o do mam\u00e3o adequado \u00e9 essencial para garantir [&hellip;]<\/p>\n","protected":false},"author":9,"featured_media":32897,"comment_status":"open","ping_status":"open","sticky":false,"template":"","format":"standard","meta":{"jnews-multi-image_gallery":[],"jnews_single_post":{"format":"standard"},"jnews_primary_category":[],"jnews_social_meta":[],"jnews_override_counter":[],"footnotes":""},"categories":[8819,1],"tags":[4277,1988,5845],"class_list":["post-122562","post","type-post","status-publish","format-standard","has-post-thumbnail","hentry","category-curiosidades","category-noticias","tag-cultivar","tag-fruta","tag-mamao"],"yoast_head":"<!-- This site is optimized with the Yoast SEO plugin v23.8 - https:\/\/yoast.com\/wordpress\/plugins\/seo\/ -->\n<title>O erro comum ao plantar sementes compradas no mercado que impede seu mam\u00e3o de dar frutos<\/title>\n<meta name=\"description\" content=\"Plante mam\u00e3o em casa usando sementes do mercado. Saiba como preparar a semente, plantar e identificar a planta f\u00eamea para ter frutos.\" \/>\n<meta name=\"robots\" content=\"index, follow, max-snippet:-1, max-image-preview:large, max-video-preview:-1\" \/>\n<link rel=\"canonical\" href=\"https:\/\/www.em.com.br\/emfoco\/2025\/11\/04\/o-erro-comum-ao-plantar-sementes-compradas-no-mercado-que-impede-seu-mamao-de-dar-frutos\/\" \/>\n<meta property=\"og:locale\" content=\"pt_BR\" \/>\n<meta property=\"og:type\" content=\"article\" \/>\n<meta property=\"og:title\" content=\"O erro comum ao plantar sementes compradas no mercado que impede seu mam\u00e3o de dar frutos\" \/>\n<meta property=\"og:description\" content=\"Plante mam\u00e3o em casa usando sementes do mercado. Saiba como preparar a semente, plantar e identificar a planta f\u00eamea para ter frutos.\" \/>\n<meta property=\"og:url\" content=\"https:\/\/www.em.com.br\/emfoco\/2025\/11\/04\/o-erro-comum-ao-plantar-sementes-compradas-no-mercado-que-impede-seu-mamao-de-dar-frutos\/\" \/>\n<meta property=\"og:site_name\" content=\"Estado de Minas - Em foco\" \/>\n<meta property=\"article:published_time\" content=\"2025-11-04T12:55:32+00:00\" \/>\n<meta property=\"article:modified_time\" content=\"2025-11-03T16:48:44+00:00\" \/>\n<meta property=\"og:image\" content=\"https:\/\/www.em.com.br\/emfoco\/wp-content\/uploads\/2025\/03\/mamao_1743082740307.jpg\" \/>\n\t<meta property=\"og:image:width\" content=\"1280\" \/>\n\t<meta property=\"og:image:height\" content=\"720\" \/>\n\t<meta property=\"og:image:type\" content=\"image\/jpeg\" \/>\n<meta name=\"author\" content=\"Daniely Cardoso\" \/>\n<meta name=\"twitter:card\" content=\"summary_large_image\" \/>\n<meta name=\"twitter:label1\" content=\"Escrito por\" \/>\n\t<meta name=\"twitter:data1\" content=\"Daniely Cardoso\" \/>\n\t<meta name=\"twitter:label2\" content=\"Est. tempo de leitura\" \/>\n\t<meta name=\"twitter:data2\" content=\"3 minutos\" \/>\n<!-- \/ Yoast SEO plugin. -->","yoast_head_json":{"title":"O erro comum ao plantar sementes compradas no mercado que impede seu mam\u00e3o de dar frutos","description":"Plante mam\u00e3o em casa usando sementes do mercado. Saiba como preparar a semente, plantar e identificar a planta f\u00eamea para ter frutos.","robots":{"index":"index","follow":"follow","max-snippet":"max-snippet:-1","max-image-preview":"max-image-preview:large","max-video-preview":"max-video-preview:-1"},"canonical":"https:\/\/www.em.com.br\/emfoco\/2025\/11\/04\/o-erro-comum-ao-plantar-sementes-compradas-no-mercado-que-impede-seu-mamao-de-dar-frutos\/","og_locale":"pt_BR","og_type":"article","og_title":"O erro comum ao plantar sementes compradas no mercado que impede seu mam\u00e3o de dar frutos","og_description":"Plante mam\u00e3o em casa usando sementes do mercado. Saiba como preparar a semente, plantar e identificar a planta f\u00eamea para ter frutos.","og_url":"https:\/\/www.em.com.br\/emfoco\/2025\/11\/04\/o-erro-comum-ao-plantar-sementes-compradas-no-mercado-que-impede-seu-mamao-de-dar-frutos\/","og_site_name":"Estado de Minas - Em foco","article_published_time":"2025-11-04T12:55:32+00:00","article_modified_time":"2025-11-03T16:48:44+00:00","og_image":[{"width":1280,"height":720,"url":"https:\/\/www.em.com.br\/emfoco\/wp-content\/uploads\/2025\/03\/mamao_1743082740307.jpg","type":"image\/jpeg"}],"author":"Daniely Cardoso","twitter_card":"summary_large_image","twitter_misc":{"Escrito por":"Daniely Cardoso","Est. tempo de leitura":"3 minutos"},"schema":{"@context":"https:\/\/schema.org","@graph":[{"@type":"WebPage","@id":"https:\/\/www.em.com.br\/emfoco\/2025\/11\/04\/o-erro-comum-ao-plantar-sementes-compradas-no-mercado-que-impede-seu-mamao-de-dar-frutos\/","url":"https:\/\/www.em.com.br\/emfoco\/2025\/11\/04\/o-erro-comum-ao-plantar-sementes-compradas-no-mercado-que-impede-seu-mamao-de-dar-frutos\/","name":"O erro comum ao plantar sementes compradas no mercado que impede seu mam\u00e3o de dar frutos","isPartOf":{"@id":"https:\/\/www.em.com.br\/emfoco\/#website"},"primaryImageOfPage":{"@id":"https:\/\/www.em.com.br\/emfoco\/2025\/11\/04\/o-erro-comum-ao-plantar-sementes-compradas-no-mercado-que-impede-seu-mamao-de-dar-frutos\/#primaryimage"},"image":{"@id":"https:\/\/www.em.com.br\/emfoco\/2025\/11\/04\/o-erro-comum-ao-plantar-sementes-compradas-no-mercado-que-impede-seu-mamao-de-dar-frutos\/#primaryimage"},"thumbnailUrl":"https:\/\/www.em.com.br\/emfoco\/wp-content\/uploads\/2025\/03\/mamao_1743082740307.jpg","datePublished":"2025-11-04T12:55:32+00:00","dateModified":"2025-11-03T16:48:44+00:00","author":{"@id":"https:\/\/www.em.com.br\/emfoco\/#\/schema\/person\/0a8186d72f2c3a5c6276d90b41f271a0"},"description":"Plante mam\u00e3o em casa usando sementes do mercado. Saiba como preparar a semente, plantar e identificar a planta f\u00eamea para ter frutos.","breadcrumb":{"@id":"https:\/\/www.em.com.br\/emfoco\/2025\/11\/04\/o-erro-comum-ao-plantar-sementes-compradas-no-mercado-que-impede-seu-mamao-de-dar-frutos\/#breadcrumb"},"inLanguage":"pt-BR","potentialAction":[{"@type":"ReadAction","target":["https:\/\/www.em.com.br\/emfoco\/2025\/11\/04\/o-erro-comum-ao-plantar-sementes-compradas-no-mercado-que-impede-seu-mamao-de-dar-frutos\/"]}]},{"@type":"ImageObject","inLanguage":"pt-BR","@id":"https:\/\/www.em.com.br\/emfoco\/2025\/11\/04\/o-erro-comum-ao-plantar-sementes-compradas-no-mercado-que-impede-seu-mamao-de-dar-frutos\/#primaryimage","url":"https:\/\/www.em.com.br\/emfoco\/wp-content\/uploads\/2025\/03\/mamao_1743082740307.jpg","contentUrl":"https:\/\/www.em.com.br\/emfoco\/wp-content\/uploads\/2025\/03\/mamao_1743082740307.jpg","width":1280,"height":720,"caption":"P\u00e9 de mam\u00e3o - Cr\u00e9ditos: depositphotos.com \/ somsak"},{"@type":"BreadcrumbList","@id":"https:\/\/www.em.com.br\/emfoco\/2025\/11\/04\/o-erro-comum-ao-plantar-sementes-compradas-no-mercado-que-impede-seu-mamao-de-dar-frutos\/#breadcrumb","itemListElement":[{"@type":"ListItem","position":1,"name":"In\u00edcio","item":"https:\/\/www.em.com.br\/emfoco\/"},{"@type":"ListItem","position":2,"name":"O erro comum ao plantar sementes compradas no mercado que impede seu mam\u00e3o de dar frutos"}]},{"@type":"WebSite","@id":"https:\/\/www.em.com.br\/emfoco\/#website","url":"https:\/\/www.em.com.br\/emfoco\/","name":"Estado de Minas - Em foco","description":"Acompanhe as \u00faltimas not\u00edcias e fique bem informado sobre tudo o que acontece em Minas Gerais, Brasil e no mundo.","potentialAction":[{"@type":"SearchAction","target":{"@type":"EntryPoint","urlTemplate":"https:\/\/www.em.com.br\/emfoco\/?s={search_term_string}"},"query-input":{"@type":"PropertyValueSpecification","valueRequired":true,"valueName":"search_term_string"}}],"inLanguage":"pt-BR"},{"@type":"Person","@id":"https:\/\/www.em.com.br\/emfoco\/#\/schema\/person\/0a8186d72f2c3a5c6276d90b41f271a0","name":"Daniely Cardoso","image":{"@type":"ImageObject","inLanguage":"pt-BR","@id":"https:\/\/www.em.com.br\/emfoco\/#\/schema\/person\/image\/","url":"https:\/\/secure.gravatar.com\/avatar\/4b80ddbd124d1f071b626d52d62e5dff?s=96&d=mm&r=g","contentUrl":"https:\/\/secure.gravatar.com\/avatar\/4b80ddbd124d1f071b626d52d62e5dff?s=96&d=mm&r=g","caption":"Daniely Cardoso"},"url":"https:\/\/www.em.com.br\/emfoco\/author\/danielymyth\/"}]}},"_links":{"self":[{"href":"https:\/\/www.em.com.br\/emfoco\/wp-json\/wp\/v2\/posts\/122562","targetHints":{"allow":["GET"]}}],"collection":[{"href":"https:\/\/www.em.com.br\/emfoco\/wp-json\/wp\/v2\/posts"}],"about":[{"href":"https:\/\/www.em.com.br\/emfoco\/wp-json\/wp\/v2\/types\/post"}],"author":[{"embeddable":true,"href":"https:\/\/www.em.com.br\/emfoco\/wp-json\/wp\/v2\/users\/9"}],"replies":[{"embeddable":true,"href":"https:\/\/www.em.com.br\/emfoco\/wp-json\/wp\/v2\/comments?post=122562"}],"version-history":[{"count":3,"href":"https:\/\/www.em.com.br\/emfoco\/wp-json\/wp\/v2\/posts\/122562\/revisions"}],"predecessor-version":[{"id":122759,"href":"https:\/\/www.em.com.br\/emfoco\/wp-json\/wp\/v2\/posts\/122562\/revisions\/122759"}],"wp:featuredmedia":[{"embeddable":true,"href":"https:\/\/www.em.com.br\/emfoco\/wp-json\/wp\/v2\/media\/32897"}],"wp:attachment":[{"href":"https:\/\/www.em.com.br\/emfoco\/wp-json\/wp\/v2\/media?parent=122562"}],"wp:term":[{"taxonomy":"category","embeddable":true,"href":"https:\/\/www.em.com.br\/emfoco\/wp-json\/wp\/v2\/categories?post=122562"},{"taxonomy":"post_tag","embeddable":true,"href":"https:\/\/www.em.com.br\/emfoco\/wp-json\/wp\/v2\/tags?post=122562"}],"curies":[{"name":"wp","href":"https:\/\/api.w.org\/{rel}","templated":true}]}}