{"id":122540,"date":"2025-11-03T11:00:00","date_gmt":"2025-11-03T14:00:00","guid":{"rendered":"https:\/\/www.em.com.br\/emfoco\/?p=122540"},"modified":"2025-11-03T09:43:37","modified_gmt":"2025-11-03T12:43:37","slug":"o-clima-no-sudeste-em-alerta-porque-vai-mudar-de-forma-inesperada-nessa-proxima-semana","status":"publish","type":"post","link":"https:\/\/www.em.com.br\/emfoco\/2025\/11\/03\/o-clima-no-sudeste-em-alerta-porque-vai-mudar-de-forma-inesperada-nessa-proxima-semana\/","title":{"rendered":"O clima no Sudeste em alerta porque vai mudar de forma inesperada nessa pr\u00f3xima semana"},"content":{"rendered":"\n<p>A influ\u00eancia do fen\u00f4meno&nbsp;<strong>La Ni\u00f1a<\/strong>&nbsp;e a chegada de frentes frias devem intensificar a instabilidade clim\u00e1tica na regi\u00e3o. O per\u00edodo cr\u00edtico ocorre nos dias 03 e 04 de novembro, quando s\u00e3o esperadas tempestades intensas, com potencial para chuvas fortes e ventos que podem chegar a 100 km\/h, al\u00e9m de poss\u00edvel queda de granizo em algumas \u00e1reas. Entre os dias 05 e 07 de novembro, a instabilidade persiste, mas as chuvas tendem a ser mais isoladas, intercaladas com per\u00edodos de melhoria e temperaturas elevadas.<\/p>\n\n\n\n<p>O clima no&nbsp;<strong>Sudeste<\/strong>&nbsp;do Brasil deve passar por uma mudan\u00e7a significativa na pr\u00f3xima semana devido \u00e0 chegada de uma nova frente fria, que ir\u00e1 ocasionar baixa nas temperaturas, retorno das chuvas e ventos mais intensos em diversas \u00e1reas.<\/p>\n\n\n\n<h2 class=\"wp-block-heading\">Como o clima ir\u00e1 mudar no Sudeste devido \u00e0 frente fria?<\/h2>\n\n\n\n<p>A atua\u00e7\u00e3o de uma frente fria e o fen\u00f4meno&nbsp;<strong>La Ni\u00f1a<\/strong>&nbsp;ir\u00e3o trazer tempo inst\u00e1vel para a regi\u00e3o. O c\u00e9u deve alternar entre per\u00edodos de sol e pancadas de chuva, causando varia\u00e7\u00e3o nas condi\u00e7\u00f5es do tempo e temperaturas mais amenas desde o in\u00edcio da semana.<\/p>\n\n\n\n<p>Os ventos ficar\u00e3o mais intensos, principalmente no litoral, e as temperaturas v\u00e3o cair de forma percept\u00edvel por toda a \u00e1rea de influ\u00eancia da massa de ar frio. Veja o que esperar:<\/p>\n\n\n\n<ul class=\"wp-block-list\">\n<li>Queda significativa nas temperaturas, especialmente \u00e0 noite.<\/li>\n\n\n\n<li>Pancadas de chuva em diferentes cidades entre segunda e quarta-feira.<\/li>\n\n\n\n<li>Momentos de ventania, sobretudo nas cidades costeiras.<\/li>\n<\/ul>\n\n\n\n<figure class=\"wp-block-image\"><img decoding=\"async\" src=\"https:\/\/www.em.com.br\/emfoco\/wp-content\/uploads\/2025\/04\/Clima-sol-ou-chuva_1745256516839-1024x576.jpg\" alt=\"\"\/><figcaption class=\"wp-element-caption\">As adversidades do clima &#8211; Cr\u00e9ditos: depositphotos.com \/ pongsuwan<\/figcaption><\/figure>\n\n\n\n<h2 class=\"wp-block-heading\">O que diz a previs\u00e3o do tempo entre 3 e 7 de novembro de 2025?<\/h2>\n\n\n\n<p>A previs\u00e3o aponta para altern\u00e2ncia entre sol e chuva, com temperaturas amenas ao longo dos dias. Chuvas pontuais tendem a ocorrer devido \u00e0 influ\u00eancia de \u00e1reas de baixa press\u00e3o.<\/p>\n\n\n\n<p>O&nbsp;<strong>per\u00edodo cr\u00edtico ser\u00e1 entre os dias 03 e 04 de novembro<\/strong>, quando est\u00e3o previstas tempestades mais severas, ventos intensos e possibilidade de granizo em pontos isolados. Recomenda-se aten\u00e7\u00e3o especial nestes dias.<\/p>\n\n\n\n<p>As condi\u00e7\u00f5es ser\u00e3o t\u00edpicas de transi\u00e7\u00e3o entre esta\u00e7\u00f5es, com certo al\u00edvio ao calor intenso e fortalecimento das caracter\u00edsticas clim\u00e1ticas do per\u00edodo.<\/p>\n\n\n\n<h2 class=\"wp-block-heading\">Veja a tend\u00eancia clim\u00e1tica para as principais cidades da regi\u00e3o<\/h2>\n\n\n\n<p>As cidades do Sudeste ter\u00e3o comportamentos t\u00e9rmicos e pluviom\u00e9tricos semelhantes, mas com algumas diferen\u00e7as de intensidade e frequ\u00eancia. Confira o cen\u00e1rio para cada local:<\/p>\n\n\n\n<ul class=\"wp-block-list\">\n<li><strong>S\u00e3o Paulo (SP)<\/strong>: Temperaturas m\u00e1ximas entre 22\u00b0C e 26\u00b0C, m\u00ednimas entre 14\u00b0C e 17\u00b0C, alta possibilidade de chuva, especialmente de segunda a quarta, e clima inst\u00e1vel.<\/li>\n\n\n\n<li><strong>Rio de Janeiro (RJ)<\/strong>: Temperaturas m\u00e1ximas entre 24\u00b0C e 28\u00b0C, m\u00ednimas de 18\u00b0C a 21\u00b0C, risco de chuva no in\u00edcio da semana, clima ameno a moderado com sensa\u00e7\u00e3o de abafamento.<\/li>\n\n\n\n<li><strong>Belo Horizonte (MG)<\/strong>: M\u00e1ximas de 23\u00b0C a 27\u00b0C, m\u00ednimas entre 16\u00b0C e 19\u00b0C, possibilidade de chuvas localizadas no come\u00e7o da semana, clima \u00famido e ameno.<\/li>\n\n\n\n<li><strong>Vit\u00f3ria (ES)<\/strong>: M\u00e1ximas de 26\u00b0C a 30\u00b0C, m\u00ednimas entre 20\u00b0C e 23\u00b0C, possibilidade de chuvas esparsas, clima quente e \u00famido pr\u00f3ximo ao litoral.<\/li>\n<\/ul>\n\n\n\n<p><strong>Previs\u00e3o Detalhada (Juiz de Fora &#8211; MG)<\/strong>: Para Juiz de Fora, no Sudeste mineiro, a previs\u00e3o indica:<\/p>\n\n\n\n<ul class=\"wp-block-list\">\n<li><strong>03 e 04 de novembro (segunda e ter\u00e7a):<\/strong>\u00a0Alta probabilidade de chuvas fortes e tempestades, com temperaturas m\u00e1ximas em torno de 26-27\u00b0C e m\u00ednimas de 18\u00b0C. A umidade do ar permanece elevada.<\/li>\n\n\n\n<li><strong>05 de novembro (quarta):<\/strong>\u00a0Redu\u00e7\u00e3o na chance de chuva, que deve ser leve e isolada, com temperatura m\u00e1xima subindo para 30\u00b0C.<\/li>\n\n\n\n<li><strong>06 e 07 de novembro (quinta e sexta):<\/strong>\u00a0Retorno das pancadas de chuva e poss\u00edveis trovoadas, com temperaturas m\u00e1ximas em torno de 28\u00b0C.<\/li>\n<\/ul>\n\n\n\n<p><strong>Recomenda-se acompanhar os avisos oficiais do INMET (Instituto Nacional de Meteorologia) para atualiza\u00e7\u00f5es, pois as condi\u00e7\u00f5es podem mudar rapidamente.<\/strong><\/p>\n\n\n\n<h2 class=\"wp-block-heading\">Esta ser\u00e1 uma semana de transi\u00e7\u00e3o clim\u00e1tica no Sudeste<\/h2>\n\n\n\n<p>O Sudeste dever\u00e1 enfrentar dias marcados por instabilidade, com a chegada de chuvas e temperaturas mais baixas, causadas principalmente pela a\u00e7\u00e3o do&nbsp;<strong>La Ni\u00f1a<\/strong>&nbsp;e frentes frias. O calor recente deve ser amenizado.<\/p>\n\n\n\n<p>A influ\u00eancia desses sistemas meteorol\u00f3gicos torna o clima mais confort\u00e1vel e menos extremo, sobretudo ap\u00f3s o per\u00edodo de calor intenso sentido na regi\u00e3o.<\/p>\n\n\n\n<p><\/p>\n","protected":false},"excerpt":{"rendered":"<p>A influ\u00eancia do fen\u00f4meno&nbsp;La Ni\u00f1a&nbsp;e a chegada de frentes frias devem intensificar a instabilidade clim\u00e1tica na regi\u00e3o. O per\u00edodo cr\u00edtico ocorre nos dias 03 e 04 de novembro, quando s\u00e3o esperadas tempestades intensas, com potencial para chuvas fortes e ventos que podem chegar a 100 km\/h, al\u00e9m de poss\u00edvel queda de granizo em algumas \u00e1reas. [&hellip;]<\/p>\n","protected":false},"author":11,"featured_media":122542,"comment_status":"open","ping_status":"open","sticky":false,"template":"","format":"standard","meta":{"jnews-multi-image_gallery":[],"jnews_single_post":{"format":"standard"},"jnews_primary_category":[],"jnews_social_meta":[],"jnews_override_counter":[],"footnotes":""},"categories":[30,1],"tags":[156,152,9169,15500,4693,1192],"class_list":["post-122540","post","type-post","status-publish","format-standard","has-post-thumbnail","hentry","category-clima","category-noticias","tag-chuva","tag-clima","tag-frente-fria","tag-la-nina","tag-mudanca-climatica","tag-sudeste"],"yoast_head":"<!-- This site is optimized with the Yoast SEO plugin v23.8 - https:\/\/yoast.com\/wordpress\/plugins\/seo\/ -->\n<title>O clima no Sudeste em alerta porque vai mudar de forma inesperada nessa pr\u00f3xima semana - Estado de Minas - Em foco<\/title>\n<meta name=\"description\" content=\"Chuvas fortes, ventos intensos e queda nas temperaturas marcam a nova virada clim\u00e1tica no Sudeste. Entenda o alerta dos meteorologistas.\" \/>\n<meta name=\"robots\" content=\"index, follow, max-snippet:-1, max-image-preview:large, max-video-preview:-1\" \/>\n<link rel=\"canonical\" href=\"https:\/\/www.em.com.br\/emfoco\/2025\/11\/03\/o-clima-no-sudeste-em-alerta-porque-vai-mudar-de-forma-inesperada-nessa-proxima-semana\/\" \/>\n<meta property=\"og:locale\" content=\"pt_BR\" \/>\n<meta property=\"og:type\" content=\"article\" \/>\n<meta property=\"og:title\" content=\"O clima no Sudeste em alerta porque vai mudar de forma inesperada nessa pr\u00f3xima semana - Estado de Minas - Em foco\" \/>\n<meta property=\"og:description\" content=\"Chuvas fortes, ventos intensos e queda nas temperaturas marcam a nova virada clim\u00e1tica no Sudeste. Entenda o alerta dos meteorologistas.\" \/>\n<meta property=\"og:url\" content=\"https:\/\/www.em.com.br\/emfoco\/2025\/11\/03\/o-clima-no-sudeste-em-alerta-porque-vai-mudar-de-forma-inesperada-nessa-proxima-semana\/\" \/>\n<meta property=\"og:site_name\" content=\"Estado de Minas - Em foco\" \/>\n<meta property=\"article:published_time\" content=\"2025-11-03T14:00:00+00:00\" \/>\n<meta property=\"article:modified_time\" content=\"2025-11-03T12:43:37+00:00\" \/>\n<meta property=\"og:image\" content=\"https:\/\/www.em.com.br\/emfoco\/wp-content\/uploads\/2025\/11\/Gemini_Generated_Image_2eq2cm2eq2cm2eq2-1.png\" \/>\n\t<meta property=\"og:image:width\" content=\"1280\" \/>\n\t<meta property=\"og:image:height\" content=\"720\" \/>\n\t<meta property=\"og:image:type\" content=\"image\/png\" \/>\n<meta name=\"author\" content=\"Andre\u0301 Rangel\u00a0\" \/>\n<meta name=\"twitter:card\" content=\"summary_large_image\" \/>\n<meta name=\"twitter:label1\" content=\"Escrito por\" \/>\n\t<meta name=\"twitter:data1\" content=\"Andre\u0301 Rangel\u00a0\" \/>\n\t<meta name=\"twitter:label2\" content=\"Est. tempo de leitura\" \/>\n\t<meta name=\"twitter:data2\" content=\"5 minutos\" \/>\n<!-- \/ Yoast SEO plugin. -->","yoast_head_json":{"title":"O clima no Sudeste em alerta porque vai mudar de forma inesperada nessa pr\u00f3xima semana - Estado de Minas - Em foco","description":"Chuvas fortes, ventos intensos e queda nas temperaturas marcam a nova virada clim\u00e1tica no Sudeste. Entenda o alerta dos meteorologistas.","robots":{"index":"index","follow":"follow","max-snippet":"max-snippet:-1","max-image-preview":"max-image-preview:large","max-video-preview":"max-video-preview:-1"},"canonical":"https:\/\/www.em.com.br\/emfoco\/2025\/11\/03\/o-clima-no-sudeste-em-alerta-porque-vai-mudar-de-forma-inesperada-nessa-proxima-semana\/","og_locale":"pt_BR","og_type":"article","og_title":"O clima no Sudeste em alerta porque vai mudar de forma inesperada nessa pr\u00f3xima semana - Estado de Minas - Em foco","og_description":"Chuvas fortes, ventos intensos e queda nas temperaturas marcam a nova virada clim\u00e1tica no Sudeste. Entenda o alerta dos meteorologistas.","og_url":"https:\/\/www.em.com.br\/emfoco\/2025\/11\/03\/o-clima-no-sudeste-em-alerta-porque-vai-mudar-de-forma-inesperada-nessa-proxima-semana\/","og_site_name":"Estado de Minas - Em foco","article_published_time":"2025-11-03T14:00:00+00:00","article_modified_time":"2025-11-03T12:43:37+00:00","og_image":[{"width":1280,"height":720,"url":"https:\/\/www.em.com.br\/emfoco\/wp-content\/uploads\/2025\/11\/Gemini_Generated_Image_2eq2cm2eq2cm2eq2-1.png","type":"image\/png"}],"author":"Andre\u0301 Rangel\u00a0","twitter_card":"summary_large_image","twitter_misc":{"Escrito por":"Andre\u0301 Rangel\u00a0","Est. tempo de leitura":"5 minutos"},"schema":{"@context":"https:\/\/schema.org","@graph":[{"@type":"WebPage","@id":"https:\/\/www.em.com.br\/emfoco\/2025\/11\/03\/o-clima-no-sudeste-em-alerta-porque-vai-mudar-de-forma-inesperada-nessa-proxima-semana\/","url":"https:\/\/www.em.com.br\/emfoco\/2025\/11\/03\/o-clima-no-sudeste-em-alerta-porque-vai-mudar-de-forma-inesperada-nessa-proxima-semana\/","name":"O clima no Sudeste em alerta porque vai mudar de forma inesperada nessa pr\u00f3xima semana - Estado de Minas - Em foco","isPartOf":{"@id":"https:\/\/www.em.com.br\/emfoco\/#website"},"primaryImageOfPage":{"@id":"https:\/\/www.em.com.br\/emfoco\/2025\/11\/03\/o-clima-no-sudeste-em-alerta-porque-vai-mudar-de-forma-inesperada-nessa-proxima-semana\/#primaryimage"},"image":{"@id":"https:\/\/www.em.com.br\/emfoco\/2025\/11\/03\/o-clima-no-sudeste-em-alerta-porque-vai-mudar-de-forma-inesperada-nessa-proxima-semana\/#primaryimage"},"thumbnailUrl":"https:\/\/www.em.com.br\/emfoco\/wp-content\/uploads\/2025\/11\/Gemini_Generated_Image_2eq2cm2eq2cm2eq2-1.png","datePublished":"2025-11-03T14:00:00+00:00","dateModified":"2025-11-03T12:43:37+00:00","author":{"@id":"https:\/\/www.em.com.br\/emfoco\/#\/schema\/person\/60eda09c1fedf0d6891f4cef4b60b8b8"},"description":"Chuvas fortes, ventos intensos e queda nas temperaturas marcam a nova virada clim\u00e1tica no Sudeste. Entenda o alerta dos meteorologistas.","breadcrumb":{"@id":"https:\/\/www.em.com.br\/emfoco\/2025\/11\/03\/o-clima-no-sudeste-em-alerta-porque-vai-mudar-de-forma-inesperada-nessa-proxima-semana\/#breadcrumb"},"inLanguage":"pt-BR","potentialAction":[{"@type":"ReadAction","target":["https:\/\/www.em.com.br\/emfoco\/2025\/11\/03\/o-clima-no-sudeste-em-alerta-porque-vai-mudar-de-forma-inesperada-nessa-proxima-semana\/"]}]},{"@type":"ImageObject","inLanguage":"pt-BR","@id":"https:\/\/www.em.com.br\/emfoco\/2025\/11\/03\/o-clima-no-sudeste-em-alerta-porque-vai-mudar-de-forma-inesperada-nessa-proxima-semana\/#primaryimage","url":"https:\/\/www.em.com.br\/emfoco\/wp-content\/uploads\/2025\/11\/Gemini_Generated_Image_2eq2cm2eq2cm2eq2-1.png","contentUrl":"https:\/\/www.em.com.br\/emfoco\/wp-content\/uploads\/2025\/11\/Gemini_Generated_Image_2eq2cm2eq2cm2eq2-1.png","width":1280,"height":720,"caption":"Mudan\u00e7a dr\u00e1stica no clima vai surpreender moradores do Sudeste"},{"@type":"BreadcrumbList","@id":"https:\/\/www.em.com.br\/emfoco\/2025\/11\/03\/o-clima-no-sudeste-em-alerta-porque-vai-mudar-de-forma-inesperada-nessa-proxima-semana\/#breadcrumb","itemListElement":[{"@type":"ListItem","position":1,"name":"In\u00edcio","item":"https:\/\/www.em.com.br\/emfoco\/"},{"@type":"ListItem","position":2,"name":"O clima no Sudeste em alerta porque vai mudar de forma inesperada nessa pr\u00f3xima semana"}]},{"@type":"WebSite","@id":"https:\/\/www.em.com.br\/emfoco\/#website","url":"https:\/\/www.em.com.br\/emfoco\/","name":"Estado de Minas - Em foco","description":"Acompanhe as \u00faltimas not\u00edcias e fique bem informado sobre tudo o que acontece em Minas Gerais, Brasil e no mundo.","potentialAction":[{"@type":"SearchAction","target":{"@type":"EntryPoint","urlTemplate":"https:\/\/www.em.com.br\/emfoco\/?s={search_term_string}"},"query-input":{"@type":"PropertyValueSpecification","valueRequired":true,"valueName":"search_term_string"}}],"inLanguage":"pt-BR"},{"@type":"Person","@id":"https:\/\/www.em.com.br\/emfoco\/#\/schema\/person\/60eda09c1fedf0d6891f4cef4b60b8b8","name":"Andre\u0301 Rangel\u00a0","image":{"@type":"ImageObject","inLanguage":"pt-BR","@id":"https:\/\/www.em.com.br\/emfoco\/#\/schema\/person\/image\/","url":"https:\/\/secure.gravatar.com\/avatar\/6234dc814c77c8ef6d8bba622c787efc?s=96&d=mm&r=g","contentUrl":"https:\/\/secure.gravatar.com\/avatar\/6234dc814c77c8ef6d8bba622c787efc?s=96&d=mm&r=g","caption":"Andre\u0301 Rangel\u00a0"},"url":"https:\/\/www.em.com.br\/emfoco\/author\/luizmyth\/"}]}},"_links":{"self":[{"href":"https:\/\/www.em.com.br\/emfoco\/wp-json\/wp\/v2\/posts\/122540","targetHints":{"allow":["GET"]}}],"collection":[{"href":"https:\/\/www.em.com.br\/emfoco\/wp-json\/wp\/v2\/posts"}],"about":[{"href":"https:\/\/www.em.com.br\/emfoco\/wp-json\/wp\/v2\/types\/post"}],"author":[{"embeddable":true,"href":"https:\/\/www.em.com.br\/emfoco\/wp-json\/wp\/v2\/users\/11"}],"replies":[{"embeddable":true,"href":"https:\/\/www.em.com.br\/emfoco\/wp-json\/wp\/v2\/comments?post=122540"}],"version-history":[{"count":2,"href":"https:\/\/www.em.com.br\/emfoco\/wp-json\/wp\/v2\/posts\/122540\/revisions"}],"predecessor-version":[{"id":122543,"href":"https:\/\/www.em.com.br\/emfoco\/wp-json\/wp\/v2\/posts\/122540\/revisions\/122543"}],"wp:featuredmedia":[{"embeddable":true,"href":"https:\/\/www.em.com.br\/emfoco\/wp-json\/wp\/v2\/media\/122542"}],"wp:attachment":[{"href":"https:\/\/www.em.com.br\/emfoco\/wp-json\/wp\/v2\/media?parent=122540"}],"wp:term":[{"taxonomy":"category","embeddable":true,"href":"https:\/\/www.em.com.br\/emfoco\/wp-json\/wp\/v2\/categories?post=122540"},{"taxonomy":"post_tag","embeddable":true,"href":"https:\/\/www.em.com.br\/emfoco\/wp-json\/wp\/v2\/tags?post=122540"}],"curies":[{"name":"wp","href":"https:\/\/api.w.org\/{rel}","templated":true}]}}