{"id":122383,"date":"2025-11-03T14:45:00","date_gmt":"2025-11-03T17:45:00","guid":{"rendered":"https:\/\/www.em.com.br\/emfoco\/?p=122383"},"modified":"2025-11-01T15:56:06","modified_gmt":"2025-11-01T18:56:06","slug":"como-fazer-paineis-organizadores-e-prateleiras-em-casa-gastando-pouco","status":"publish","type":"post","link":"https:\/\/www.em.com.br\/emfoco\/2025\/11\/03\/como-fazer-paineis-organizadores-e-prateleiras-em-casa-gastando-pouco\/","title":{"rendered":"Como fazer pain\u00e9is organizadores e prateleiras em casa gastando pouco"},"content":{"rendered":"\n<p><strong>Como fazer pain\u00e9is organizadores<\/strong> e prateleiras na parede sem gastar muito \u00e9 uma das solu\u00e7\u00f5es mais eficientes para liberar bancada, diminuir bagun\u00e7a e trazer clareza visual. E tudo pode ser feito com madeira simples, MDF reaproveitado e alguns suportes b\u00e1sicos.<\/p>\n\n\n\n<h2 class=\"wp-block-heading\">Por que transformar a parede em \u00e1rea de organiza\u00e7\u00e3o?<\/h2>\n\n\n\n<p>Quando voc\u00ea tira objetos da superf\u00edcie e leva para a vertical, a mente respira. Esse princ\u00edpio \u00e9 extremamente <strong>funcional<\/strong> porque reduz a polui\u00e7\u00e3o visual, poupa tempo e cria l\u00f3gica de zona de uso, deixando o fluxo da casa mais leve.<\/p>\n\n\n\n<p>E o melhor: n\u00e3o exige habilidade profissional. Com <strong>madeira pinus<\/strong>, <strong>ganchos<\/strong>, <strong>suportes simples <\/strong>e uma boa fita m\u00e9trica, voc\u00ea cria estruturas pr\u00e1ticas que podem ser ajustadas e ampliadas sempre que quiser trocar de layout.<\/p>\n\n\n\n<blockquote class=\"tiktok-embed\" cite=\"https:\/\/www.tiktok.com\/@alinepaivadecora\/video\/7529552331566779654\" data-video-id=\"7529552331566779654\" style=\"max-width: 605px;min-width: 325px;\" > <section> <a target=\"_blank\" title=\"@alinepaivadecora\" href=\"https:\/\/www.tiktok.com\/@alinepaivadecora?refer=embed\">@alinepaivadecora<\/a> \ud83d\udda4 Resultado da prateleira estilo industrial com PVC! Simples, linda e super funcional \u2728 Solta a criatividade e monta do seu jeito! \ud83d\udd01 Salva pra n\u00e3o perder o passo a passo <a title=\"diy\" target=\"_blank\" href=\"https:\/\/www.tiktok.com\/tag\/diy?refer=embed\">#DIY<\/a> <a title=\"prateleiraindustrial\" target=\"_blank\" href=\"https:\/\/www.tiktok.com\/tag\/prateleiraindustrial?refer=embed\">#prateleiraindustrial<\/a> <a title=\"canopvc\" target=\"_blank\" href=\"https:\/\/www.tiktok.com\/tag\/canopvc?refer=embed\">#canopvc<\/a> <a title=\"fa\u00e7avoc\u00eamesmo\" target=\"_blank\" href=\"https:\/\/www.tiktok.com\/tag\/fa%C3%A7avoc%C3%AAmesmo?refer=embed\">#fa\u00e7avoc\u00eamesmo<\/a> <a title=\"decorcriative\" target=\"_blank\" href=\"https:\/\/www.tiktok.com\/tag\/decorcriative?refer=embed\">#decorcriative<\/a> <a title=\"estiloindustrial\" target=\"_blank\" href=\"https:\/\/www.tiktok.com\/tag\/estiloindustrial?refer=embed\">#estiloindustrial<\/a> <a title=\"organiza\u00e7\u00e3o\" target=\"_blank\" href=\"https:\/\/www.tiktok.com\/tag\/organiza%C3%A7%C3%A3o?refer=embed\">#organiza\u00e7\u00e3o<\/a> <a title=\"diy\" target=\"_blank\" href=\"https:\/\/www.tiktok.com\/tag\/diy?refer=embed\">#diy<\/a> <a title=\"reformacriativa\" target=\"_blank\" href=\"https:\/\/www.tiktok.com\/tag\/reformacriativa?refer=embed\">#reformacriativa<\/a> <a title=\"prateleiras\" target=\"_blank\" href=\"https:\/\/www.tiktok.com\/tag\/prateleiras?refer=embed\">#prateleiras<\/a> <a target=\"_blank\" title=\"\u266c som original - Aline Paiva\" href=\"https:\/\/www.tiktok.com\/music\/som-original-7529552351040981816?refer=embed\">\u266c som original &#8211; Aline Paiva<\/a> <\/section> <\/blockquote> <script async src=\"https:\/\/www.tiktok.com\/embed.js\"><\/script>\n\n\n\n<h2 class=\"wp-block-heading\">O que comprar para come\u00e7ar?<\/h2>\n\n\n\n<p>Para a montagem b\u00e1sica voc\u00ea s\u00f3 precisa de materiais muito acess\u00edveis, que se compra em lojinha de bairro, ferragista ou at\u00e9 reaproveitando pe\u00e7as que j\u00e1 tem.<\/p>\n\n\n\n<ul class=\"wp-block-list\">\n<li>Ripas de madeira ou tiras de MDF reaproveitado<\/li>\n\n\n\n<li>Ganchos de metal, suportes em L e parafusos com bucha<\/li>\n\n\n\n<li>Pincel + tinta acr\u00edlica ou papel adesivo para acabamento<\/li>\n<\/ul>\n\n\n\n<h2 class=\"wp-block-heading\">Como montar o painel simples de parede?<\/h2>\n\n\n\n<p>Corte ripas na largura desejada, me\u00e7a a parede, marque com l\u00e1pis e confirme nivelamento. Parafuse a madeira direto na parede usando bucha comum. Essa estrutura se torna a base segura para pendurar os ganchos e caixas pequenas.<\/p>\n\n\n\n<p>Depois de fixar, defina o \u201candar\u201d de cada categoria. Por exemplo: linha do meio para itens usados todo dia e linha superior para itens que voc\u00ea usa menos. Isso mant\u00e9m o <strong>sistema organizado<\/strong> e <strong>intuitivo<\/strong>.<\/p>\n\n\n\n<blockquote class=\"tiktok-embed\" cite=\"https:\/\/www.tiktok.com\/@vicksia\/video\/7481028481392987447\" data-video-id=\"7481028481392987447\" style=\"max-width: 605px;min-width: 325px;\" > <section> <a target=\"_blank\" title=\"@vicksia\" href=\"https:\/\/www.tiktok.com\/@vicksia?refer=embed\">@vicksia<\/a> A Pegboard dos Sonhos!!\ud83d\udc97 Nem acredito que finalmente tenho uma pegboard igual as que eu sempre via l\u00e1 no Pinterest, a qualidade \u00e9 muito boa e todos os acess\u00f3rios tamb\u00e9m!! Muito obrigada @KAIG\u00ca por ter me enviado esse painel!!\ud83d\udc97 . <a title=\"pegboard\" target=\"_blank\" href=\"https:\/\/www.tiktok.com\/tag\/pegboard?refer=embed\">#pegboard<\/a> <a title=\"pegboardorganization\" target=\"_blank\" href=\"https:\/\/www.tiktok.com\/tag\/pegboardorganization?refer=embed\">#pegboardorganization<\/a> <a title=\"pegboardwall\" target=\"_blank\" href=\"https:\/\/www.tiktok.com\/tag\/pegboardwall?refer=embed\">#pegboardwall<\/a> <a title=\"kaig\u00ea\" target=\"_blank\" href=\"https:\/\/www.tiktok.com\/tag\/kaig%C3%AA?refer=embed\">#kaig\u00ea<\/a> <a title=\"pegboardkaig\u00ea\" target=\"_blank\" href=\"https:\/\/www.tiktok.com\/tag\/pegboardkaig%C3%AA?refer=embed\">#pegboardkaig\u00ea<\/a> <a title=\"fy\" target=\"_blank\" href=\"https:\/\/www.tiktok.com\/tag\/fy?refer=embed\">#fy<\/a> <a title=\"foryou\" target=\"_blank\" href=\"https:\/\/www.tiktok.com\/tag\/foryou?refer=embed\">#foryou<\/a> <a title=\"kpop\" target=\"_blank\" href=\"https:\/\/www.tiktok.com\/tag\/kpop?refer=embed\">#kpop<\/a> <a title=\"sanrio\" target=\"_blank\" href=\"https:\/\/www.tiktok.com\/tag\/sanrio?refer=embed\">#sanrio<\/a> <a title=\"bts\" target=\"_blank\" href=\"https:\/\/www.tiktok.com\/tag\/bts?refer=embed\">#bts<\/a> <a title=\"army\" target=\"_blank\" href=\"https:\/\/www.tiktok.com\/tag\/army?refer=embed\">#army<\/a> <a title=\"anime\" target=\"_blank\" href=\"https:\/\/www.tiktok.com\/tag\/anime?refer=embed\">#anime<\/a> <a title=\"setup\" target=\"_blank\" href=\"https:\/\/www.tiktok.com\/tag\/setup?refer=embed\">#setup<\/a> <a target=\"_blank\" title=\"\u266c beans - yawn.\" href=\"https:\/\/www.tiktok.com\/music\/beans-7455193801134196753?refer=embed\">\u266c beans &#8211; yawn.<\/a> <\/section> <\/blockquote> <script async src=\"https:\/\/www.tiktok.com\/embed.js\"><\/script>\n\n\n\n<h2 class=\"wp-block-heading\">Como adicionar prateleiras pequenas para apoio?<\/h2>\n\n\n\n<p>A prateleira pequena aumenta a capacidade de organiza\u00e7\u00e3o sem pesar visualmente. Com dois suportes em L voc\u00ea cria uma base firme para potes, canecas organizadoras e caixas pequenas, deixando tudo muito vis\u00edvel e \u00e0 m\u00e3o.<\/p>\n\n\n\n<p>Monte prateleiras com 12 a 18 cm de profundidade. Essa medida \u00e9 \u00f3tima porque comporta objetos sem avan\u00e7ar exageradamente para o ambiente, mantendo a <strong>est\u00e9tica limpa<\/strong> e <strong>proporcional<\/strong>.<\/p>\n\n\n\n<p><em>Leia mais: <a href=\"https:\/\/www.em.com.br\/emfoco\/2025\/11\/01\/faca-voce-mesmo-seu-verniz-e-economize-nos-seus-projetos-e-trabalhos\/\" target=\"_blank\" rel=\"noreferrer noopener\">Fa\u00e7a voc\u00ea mesmo seu verniz e economize nos seus projetos e trabalhos<\/a><\/em><\/p>\n\n\n\n<h2 class=\"wp-block-heading\">Como deixar bonito e harm\u00f4nico com o ambiente?<\/h2>\n\n\n\n<p>Finalize pintando o painel e as prateleiras em uma \u00fanica cor. Esse truque \u00e9 simples e gera uma sensa\u00e7\u00e3o de pe\u00e7a \u00fanica. Tons neutros ficam mais <strong>elegantes<\/strong> e ajudam a n\u00e3o pesar visualmente.<\/p>\n\n\n\n<p>Para um toque extra, use papel adesivo madeirado ou colorido. A cola \u00e9 r\u00e1pida, o recorte \u00e9 f\u00e1cil e voc\u00ea cria sensa\u00e7\u00e3o de projeto <strong>personalizado<\/strong> que parecia caro \u2014 mas custou muito pouco.<\/p>\n\n\n\n<h2 class=\"wp-block-heading\">Passo a passo r\u00e1pido e pr\u00e1tico (Sem erro)<\/h2>\n\n\n\n<p>Anote essa ordem exata, porque ela evita retrabalho e garante que voc\u00ea n\u00e3o tenha que furar a parede duas vezes.<\/p>\n\n\n\n<ul class=\"wp-block-list\">\n<li>Me\u00e7a, marque com l\u00e1pis e confirme com n\u00edvel<\/li>\n\n\n\n<li>Parafuse as ripas ou MDF e deixe firme<\/li>\n\n\n\n<li>Fixe prateleiras com suporte em L e distribua ganchos<\/li>\n<\/ul>\n\n\n\n<h2 class=\"wp-block-heading\">O resultado final<\/h2>\n\n\n\n<p>No fim, voc\u00ea transforma sua parede em \u00e1rea \u00fatil, evita comprar m\u00f3vel caro e cria um sistema <strong>eficiente<\/strong> de <strong><a href=\"https:\/\/fomentodigital.com.br\/glossario\/o-que-e-organizacao-visual\/\" target=\"_blank\" rel=\"noreferrer noopener\">organiza\u00e7\u00e3o visual<\/a><\/strong>. \u00c9 barato, \u00e9 f\u00e1cil e ainda deixa a casa com est\u00e9tica mais profissional e personalizada.<\/p>\n\n\n\n<p>E o melhor: voc\u00ea pode ampliar quando quiser. Basta adicionar mais ganchos, mais caixas ou mais uma prateleira, criando uma solu\u00e7\u00e3o <strong>modular<\/strong> que acompanha sua vida ao longo do tempo.<\/p>\n\n\n\n<p><\/p>\n","protected":false},"excerpt":{"rendered":"<p>Como fazer pain\u00e9is organizadores e prateleiras na parede sem gastar muito \u00e9 uma das solu\u00e7\u00f5es mais eficientes para liberar bancada, diminuir bagun\u00e7a e trazer clareza visual. E tudo pode ser feito com madeira simples, MDF reaproveitado e alguns suportes b\u00e1sicos. Por que transformar a parede em \u00e1rea de organiza\u00e7\u00e3o? Quando voc\u00ea tira objetos da superf\u00edcie [&hellip;]<\/p>\n","protected":false},"author":13,"featured_media":122454,"comment_status":"open","ping_status":"open","sticky":false,"template":"","format":"standard","meta":{"jnews-multi-image_gallery":[],"jnews_single_post":{"format":"standard"},"jnews_primary_category":[],"jnews_social_meta":[],"jnews_override_counter":[],"footnotes":""},"categories":[8819],"tags":[5115,17324,18313],"class_list":["post-122383","post","type-post","status-publish","format-standard","has-post-thumbnail","hentry","category-curiosidades","tag-diy","tag-do-it-yourself","tag-organizadores-e-prateleiras"],"yoast_head":"<!-- This site is optimized with the Yoast SEO plugin v23.8 - https:\/\/yoast.com\/wordpress\/plugins\/seo\/ -->\n<title>Como fazer pain\u00e9is organizadores e prateleiras em casa gastando pouco - Estado de Minas - Em foco<\/title>\n<meta name=\"description\" content=\"Com madeira simples e ganchos baratos, voc\u00ea transforma a parede em um painel organizador bonito, funcional e super pr\u00e1tico.\" \/>\n<meta name=\"robots\" content=\"index, follow, max-snippet:-1, max-image-preview:large, max-video-preview:-1\" \/>\n<link rel=\"canonical\" href=\"https:\/\/www.em.com.br\/emfoco\/2025\/11\/03\/como-fazer-paineis-organizadores-e-prateleiras-em-casa-gastando-pouco\/\" \/>\n<meta property=\"og:locale\" content=\"pt_BR\" \/>\n<meta property=\"og:type\" content=\"article\" \/>\n<meta property=\"og:title\" content=\"Como fazer pain\u00e9is organizadores e prateleiras em casa gastando pouco - Estado de Minas - Em foco\" \/>\n<meta property=\"og:description\" content=\"Com madeira simples e ganchos baratos, voc\u00ea transforma a parede em um painel organizador bonito, funcional e super pr\u00e1tico.\" \/>\n<meta property=\"og:url\" content=\"https:\/\/www.em.com.br\/emfoco\/2025\/11\/03\/como-fazer-paineis-organizadores-e-prateleiras-em-casa-gastando-pouco\/\" \/>\n<meta property=\"og:site_name\" content=\"Estado de Minas - Em foco\" \/>\n<meta property=\"article:published_time\" content=\"2025-11-03T17:45:00+00:00\" \/>\n<meta property=\"article:modified_time\" content=\"2025-11-01T18:56:06+00:00\" \/>\n<meta property=\"og:image\" content=\"https:\/\/www.em.com.br\/emfoco\/wp-content\/uploads\/2025\/11\/prateleiras_1762023307659.jpg\" \/>\n\t<meta property=\"og:image:width\" content=\"1280\" \/>\n\t<meta property=\"og:image:height\" content=\"720\" \/>\n\t<meta property=\"og:image:type\" content=\"image\/jpeg\" \/>\n<meta name=\"author\" content=\"Gabriel Martins\" \/>\n<meta name=\"twitter:card\" content=\"summary_large_image\" \/>\n<meta name=\"twitter:label1\" content=\"Escrito por\" \/>\n\t<meta name=\"twitter:data1\" content=\"Gabriel Martins\" \/>\n\t<meta name=\"twitter:label2\" content=\"Est. tempo de leitura\" \/>\n\t<meta name=\"twitter:data2\" content=\"4 minutos\" \/>\n<!-- \/ Yoast SEO plugin. -->","yoast_head_json":{"title":"Como fazer pain\u00e9is organizadores e prateleiras em casa gastando pouco - Estado de Minas - Em foco","description":"Com madeira simples e ganchos baratos, voc\u00ea transforma a parede em um painel organizador bonito, funcional e super pr\u00e1tico.","robots":{"index":"index","follow":"follow","max-snippet":"max-snippet:-1","max-image-preview":"max-image-preview:large","max-video-preview":"max-video-preview:-1"},"canonical":"https:\/\/www.em.com.br\/emfoco\/2025\/11\/03\/como-fazer-paineis-organizadores-e-prateleiras-em-casa-gastando-pouco\/","og_locale":"pt_BR","og_type":"article","og_title":"Como fazer pain\u00e9is organizadores e prateleiras em casa gastando pouco - Estado de Minas - Em foco","og_description":"Com madeira simples e ganchos baratos, voc\u00ea transforma a parede em um painel organizador bonito, funcional e super pr\u00e1tico.","og_url":"https:\/\/www.em.com.br\/emfoco\/2025\/11\/03\/como-fazer-paineis-organizadores-e-prateleiras-em-casa-gastando-pouco\/","og_site_name":"Estado de Minas - Em foco","article_published_time":"2025-11-03T17:45:00+00:00","article_modified_time":"2025-11-01T18:56:06+00:00","og_image":[{"width":1280,"height":720,"url":"https:\/\/www.em.com.br\/emfoco\/wp-content\/uploads\/2025\/11\/prateleiras_1762023307659.jpg","type":"image\/jpeg"}],"author":"Gabriel Martins","twitter_card":"summary_large_image","twitter_misc":{"Escrito por":"Gabriel Martins","Est. tempo de leitura":"4 minutos"},"schema":{"@context":"https:\/\/schema.org","@graph":[{"@type":"WebPage","@id":"https:\/\/www.em.com.br\/emfoco\/2025\/11\/03\/como-fazer-paineis-organizadores-e-prateleiras-em-casa-gastando-pouco\/","url":"https:\/\/www.em.com.br\/emfoco\/2025\/11\/03\/como-fazer-paineis-organizadores-e-prateleiras-em-casa-gastando-pouco\/","name":"Como fazer pain\u00e9is organizadores e prateleiras em casa gastando pouco - Estado de Minas - Em foco","isPartOf":{"@id":"https:\/\/www.em.com.br\/emfoco\/#website"},"primaryImageOfPage":{"@id":"https:\/\/www.em.com.br\/emfoco\/2025\/11\/03\/como-fazer-paineis-organizadores-e-prateleiras-em-casa-gastando-pouco\/#primaryimage"},"image":{"@id":"https:\/\/www.em.com.br\/emfoco\/2025\/11\/03\/como-fazer-paineis-organizadores-e-prateleiras-em-casa-gastando-pouco\/#primaryimage"},"thumbnailUrl":"https:\/\/www.em.com.br\/emfoco\/wp-content\/uploads\/2025\/11\/prateleiras_1762023307659.jpg","datePublished":"2025-11-03T17:45:00+00:00","dateModified":"2025-11-01T18:56:06+00:00","author":{"@id":"https:\/\/www.em.com.br\/emfoco\/#\/schema\/person\/1c9ddeab18b98abeffef834667bcf08a"},"description":"Com madeira simples e ganchos baratos, voc\u00ea transforma a parede em um painel organizador bonito, funcional e super pr\u00e1tico.","breadcrumb":{"@id":"https:\/\/www.em.com.br\/emfoco\/2025\/11\/03\/como-fazer-paineis-organizadores-e-prateleiras-em-casa-gastando-pouco\/#breadcrumb"},"inLanguage":"pt-BR","potentialAction":[{"@type":"ReadAction","target":["https:\/\/www.em.com.br\/emfoco\/2025\/11\/03\/como-fazer-paineis-organizadores-e-prateleiras-em-casa-gastando-pouco\/"]}]},{"@type":"ImageObject","inLanguage":"pt-BR","@id":"https:\/\/www.em.com.br\/emfoco\/2025\/11\/03\/como-fazer-paineis-organizadores-e-prateleiras-em-casa-gastando-pouco\/#primaryimage","url":"https:\/\/www.em.com.br\/emfoco\/wp-content\/uploads\/2025\/11\/prateleiras_1762023307659.jpg","contentUrl":"https:\/\/www.em.com.br\/emfoco\/wp-content\/uploads\/2025\/11\/prateleiras_1762023307659.jpg","width":1280,"height":720,"caption":"Pain\u00e9is organizadores liberam bancada e deixam a casa mais pr\u00e1tica - Cr\u00e9ditos: depositphotos.com \/ VitalikRadko"},{"@type":"BreadcrumbList","@id":"https:\/\/www.em.com.br\/emfoco\/2025\/11\/03\/como-fazer-paineis-organizadores-e-prateleiras-em-casa-gastando-pouco\/#breadcrumb","itemListElement":[{"@type":"ListItem","position":1,"name":"In\u00edcio","item":"https:\/\/www.em.com.br\/emfoco\/"},{"@type":"ListItem","position":2,"name":"Como fazer pain\u00e9is organizadores e prateleiras em casa gastando pouco"}]},{"@type":"WebSite","@id":"https:\/\/www.em.com.br\/emfoco\/#website","url":"https:\/\/www.em.com.br\/emfoco\/","name":"Estado de Minas - Em foco","description":"Acompanhe as \u00faltimas not\u00edcias e fique bem informado sobre tudo o que acontece em Minas Gerais, Brasil e no mundo.","potentialAction":[{"@type":"SearchAction","target":{"@type":"EntryPoint","urlTemplate":"https:\/\/www.em.com.br\/emfoco\/?s={search_term_string}"},"query-input":{"@type":"PropertyValueSpecification","valueRequired":true,"valueName":"search_term_string"}}],"inLanguage":"pt-BR"},{"@type":"Person","@id":"https:\/\/www.em.com.br\/emfoco\/#\/schema\/person\/1c9ddeab18b98abeffef834667bcf08a","name":"Gabriel Martins","image":{"@type":"ImageObject","inLanguage":"pt-BR","@id":"https:\/\/www.em.com.br\/emfoco\/#\/schema\/person\/image\/","url":"https:\/\/secure.gravatar.com\/avatar\/f0f1e2efdfd88f1ad2cb08c5c2731e50?s=96&d=mm&r=g","contentUrl":"https:\/\/secure.gravatar.com\/avatar\/f0f1e2efdfd88f1ad2cb08c5c2731e50?s=96&d=mm&r=g","caption":"Gabriel Martins"},"sameAs":["https:\/\/www.em.com.br\/emfoco\/"],"url":"https:\/\/www.em.com.br\/emfoco\/author\/gabrielmartinsmyth\/"}]}},"_links":{"self":[{"href":"https:\/\/www.em.com.br\/emfoco\/wp-json\/wp\/v2\/posts\/122383","targetHints":{"allow":["GET"]}}],"collection":[{"href":"https:\/\/www.em.com.br\/emfoco\/wp-json\/wp\/v2\/posts"}],"about":[{"href":"https:\/\/www.em.com.br\/emfoco\/wp-json\/wp\/v2\/types\/post"}],"author":[{"embeddable":true,"href":"https:\/\/www.em.com.br\/emfoco\/wp-json\/wp\/v2\/users\/13"}],"replies":[{"embeddable":true,"href":"https:\/\/www.em.com.br\/emfoco\/wp-json\/wp\/v2\/comments?post=122383"}],"version-history":[{"count":1,"href":"https:\/\/www.em.com.br\/emfoco\/wp-json\/wp\/v2\/posts\/122383\/revisions"}],"predecessor-version":[{"id":122455,"href":"https:\/\/www.em.com.br\/emfoco\/wp-json\/wp\/v2\/posts\/122383\/revisions\/122455"}],"wp:featuredmedia":[{"embeddable":true,"href":"https:\/\/www.em.com.br\/emfoco\/wp-json\/wp\/v2\/media\/122454"}],"wp:attachment":[{"href":"https:\/\/www.em.com.br\/emfoco\/wp-json\/wp\/v2\/media?parent=122383"}],"wp:term":[{"taxonomy":"category","embeddable":true,"href":"https:\/\/www.em.com.br\/emfoco\/wp-json\/wp\/v2\/categories?post=122383"},{"taxonomy":"post_tag","embeddable":true,"href":"https:\/\/www.em.com.br\/emfoco\/wp-json\/wp\/v2\/tags?post=122383"}],"curies":[{"name":"wp","href":"https:\/\/api.w.org\/{rel}","templated":true}]}}