{"id":122373,"date":"2025-11-02T12:05:52","date_gmt":"2025-11-02T15:05:52","guid":{"rendered":"https:\/\/www.em.com.br\/emfoco\/?p=122373"},"modified":"2025-11-01T20:34:32","modified_gmt":"2025-11-01T23:34:32","slug":"o-segredo-para-comer-vegetais-nutritivos-sem-sofrer-com-distensao-abdominal","status":"publish","type":"post","link":"https:\/\/www.em.com.br\/emfoco\/2025\/11\/02\/o-segredo-para-comer-vegetais-nutritivos-sem-sofrer-com-distensao-abdominal\/","title":{"rendered":"O segredo para comer vegetais nutritivos sem sofrer com distens\u00e3o abdominal"},"content":{"rendered":"\n<p>N\u00e3o s\u00e3o poucas as ocasi\u00f5es em que a <strong>distens\u00e3o abdominal<\/strong> se torna motivo de preocupa\u00e7\u00e3o, j\u00e1 que diversos <strong>alimentos<\/strong> podem causar esse desconforto, especialmente alguns tipos de <strong>verduras<\/strong>. Entender as causas dessa rea\u00e7\u00e3o e como mitig\u00e1-la \u00e9 fundamental para conservar o valioso aporte nutricional desses alimentos sem abrir m\u00e3o do bem-estar <strong>digestivo<\/strong>.<\/p>\n\n\n\n<h2 class=\"wp-block-heading\">Quais verduras causam distens\u00e3o abdominal e por que isso acontece?<\/h2>\n\n\n\n<p>Algumas pessoas t\u00eam dificuldade em digerir <strong>verduras de folhas verdes<\/strong> devido ao seu alto teor de <strong>fibras<\/strong>, principalmente quando consumidas cruas. Isso pode resultar em <strong>gases<\/strong> e <strong>distens\u00e3o<\/strong>, especialmente em quem possui uma <strong>microbiota intestinal<\/strong> fragilizada.<\/p>\n\n\n\n<p>Al\u00e9m disso, especialistas em <strong>sa\u00fade intestinal<\/strong> apontam que condi\u00e7\u00f5es gastrointestinais como <strong>h\u00e9rnias<\/strong> ou <strong>\u00falceras<\/strong> podem aumentar a sensibilidade digestiva a determinadas verduras. Diversas dessas verduras frequentemente causam desconforto em algumas pessoas.<\/p>\n\n\n\n<h2 class=\"wp-block-heading\">Quais s\u00e3o as verduras mais propensas a causar distens\u00e3o?<\/h2>\n\n\n\n<p>Entre as <strong>verduras<\/strong> que mais causam distens\u00e3o abdominal est\u00e3o aquelas ricas em <strong>fibras<\/strong> e compostos <strong>enxofrados<\/strong>. No entanto, n\u00e3o devem ser eliminadas da dieta, pois fornecem <strong>vitaminas<\/strong> e <strong>minerais<\/strong> essenciais. O ideal \u00e9 conhecer quais podem ser mais problem\u00e1ticas para adaptar o consumo conforme a individualidade.<\/p>\n\n\n<div class=\"wp-block-image\">\n<figure class=\"aligncenter size-large\"><img loading=\"lazy\" decoding=\"async\" width=\"1024\" height=\"576\" src=\"https:\/\/www.em.com.br\/emfoco\/wp-content\/uploads\/2025\/10\/brocolis_1760968134972-1024x576.jpg\" alt=\"\" class=\"wp-image-117257\" srcset=\"https:\/\/www.em.com.br\/emfoco\/wp-content\/uploads\/2025\/10\/brocolis_1760968134972-1024x576.jpg 1024w, https:\/\/www.em.com.br\/emfoco\/wp-content\/uploads\/2025\/10\/brocolis_1760968134972-300x169.jpg 300w, https:\/\/www.em.com.br\/emfoco\/wp-content\/uploads\/2025\/10\/brocolis_1760968134972-768x432.jpg 768w, https:\/\/www.em.com.br\/emfoco\/wp-content\/uploads\/2025\/10\/brocolis_1760968134972-750x422.jpg 750w, https:\/\/www.em.com.br\/emfoco\/wp-content\/uploads\/2025\/10\/brocolis_1760968134972-1140x641.jpg 1140w, https:\/\/www.em.com.br\/emfoco\/wp-content\/uploads\/2025\/10\/brocolis_1760968134972.jpg 1280w\" sizes=\"auto, (max-width: 1024px) 100vw, 1024px\" \/><figcaption class=\"wp-element-caption\">Apesar de ser um alimento altamente ben\u00e9fico, o consumo excessivo &#8211; Cr\u00e9ditos: depositphotos.com \/ Dream79<\/figcaption><\/figure><\/div>\n\n\n<p>A seguir, uma lista de <strong>verduras<\/strong> frequentemente associadas a desconfortos digestivos:<\/p>\n\n\n\n<ul class=\"wp-block-list\">\n<li><strong>Br\u00f3colis<\/strong><\/li>\n\n\n\n<li><strong>Couve-flor<\/strong><\/li>\n\n\n\n<li><strong>Couve de Bruxelas<\/strong><\/li>\n\n\n\n<li><strong>Repolho<\/strong><\/li>\n\n\n\n<li><strong>Acelga<\/strong><\/li>\n\n\n\n<li><strong>Espinafre<\/strong><\/li>\n\n\n\n<li><strong>Alface<\/strong><\/li>\n\n\n\n<li><strong>Cebola<\/strong><\/li>\n\n\n\n<li><strong>Tomate<\/strong><\/li>\n\n\n\n<li><strong>Alho<\/strong><\/li>\n<\/ul>\n\n\n\n<h2 class=\"wp-block-heading\">Qual \u00e9 a melhor forma de cozinhar as verduras para evitar desconfortos?<\/h2>\n\n\n\n<p>O preparo de <strong>verduras no vapor<\/strong> \u00e9 um m\u00e9todo bastante recomendado, pois ajuda a reduzir seu potencial <strong>inflamat\u00f3rio<\/strong> ao mesmo tempo que conserva nutrientes importantes. Optar pelo <strong>cozimento<\/strong> nos pr\u00f3prios sucos das verduras tamb\u00e9m promove boa reten\u00e7\u00e3o de <strong>carotenoides<\/strong> e <strong>vitaminas<\/strong>.<\/p>\n\n\n\n<p>Outras t\u00e9cnicas como <strong>salteado r\u00e1pido<\/strong>, <strong>assar<\/strong> ou <strong>escaldar<\/strong> podem ser usadas para variar o preparo. <strong>Mastigar lentamente<\/strong> cada peda\u00e7o contribui para melhorar a digest\u00e3o e diminuir a distens\u00e3o causada por esses vegetais.<\/p>\n\n\n\n<p>Em certos casos, deixar as verduras de molho antes do cozimento, ou adicionar uma pitada de <strong>bicarbonato de s\u00f3dio<\/strong> durante o cozimento, pode reduzir a produ\u00e7\u00e3o de gases, facilitando a digest\u00e3o.<\/p>\n\n\n<div class=\"wp-block-image\">\n<figure class=\"aligncenter size-large\"><img loading=\"lazy\" decoding=\"async\" width=\"1024\" height=\"576\" src=\"https:\/\/www.em.com.br\/emfoco\/wp-content\/uploads\/2025\/04\/mini-cenouras_1745518105763-1024x576.jpg\" alt=\"\" class=\"wp-image-41491\" srcset=\"https:\/\/www.em.com.br\/emfoco\/wp-content\/uploads\/2025\/04\/mini-cenouras_1745518105763-1024x576.jpg 1024w, https:\/\/www.em.com.br\/emfoco\/wp-content\/uploads\/2025\/04\/mini-cenouras_1745518105763-300x169.jpg 300w, https:\/\/www.em.com.br\/emfoco\/wp-content\/uploads\/2025\/04\/mini-cenouras_1745518105763-768x432.jpg 768w, https:\/\/www.em.com.br\/emfoco\/wp-content\/uploads\/2025\/04\/mini-cenouras_1745518105763-750x422.jpg 750w, https:\/\/www.em.com.br\/emfoco\/wp-content\/uploads\/2025\/04\/mini-cenouras_1745518105763-1140x641.jpg 1140w, https:\/\/www.em.com.br\/emfoco\/wp-content\/uploads\/2025\/04\/mini-cenouras_1745518105763.jpg 1280w\" sizes=\"auto, (max-width: 1024px) 100vw, 1024px\" \/><figcaption class=\"wp-element-caption\">Mini cenourinhas &#8211; Cr\u00e9ditos: depositphotos.com \/ LiudmylaChuhunova<\/figcaption><\/figure><\/div>\n\n\n<h2 class=\"wp-block-heading\">Como incluir mais variedade de vegetais e nutrientes na alimenta\u00e7\u00e3o di\u00e1ria?<\/h2>\n\n\n\n<p>Manter uma alimenta\u00e7\u00e3o rica em <strong>frutas<\/strong> e <strong>verduras<\/strong> de diferentes cores \u00e9 fundamental para garantir uma grande variedade de <strong>antioxidantes<\/strong> e <strong>micronutrientes<\/strong>. Essa <strong>diversidade<\/strong> nutre tanto o corpo quanto a <strong>microbiota intestinal<\/strong>.<\/p>\n\n\n\n<p>Consumir mais de 30 <strong>frutas<\/strong> e <strong>verduras<\/strong> diferentes ao longo do m\u00eas \u00e9 uma excelente estrat\u00e9gia para garantir uma ampla gama de <strong>vitaminas<\/strong> e <strong>minerais<\/strong>, beneficiando a <strong>sa\u00fade digestiva<\/strong> e geral.<\/p>\n\n\n\n<p>Variar o modo de preparo tamb\u00e9m facilita o consumo e a assimila\u00e7\u00e3o de diferentes <strong>micronutrientes<\/strong>.<\/p>\n\n\n\n<h2 class=\"wp-block-heading\">Como as especiarias podem ajudar a prevenir a distens\u00e3o causada por verduras?<\/h2>\n\n\n\n<p>O uso de <strong>especiarias<\/strong> como o <strong>cominho<\/strong> e o <strong>funcho<\/strong> \u00e9 muito \u00fatil devido \u00e0s propriedades <strong>carminativas<\/strong>. Essas especiarias favorecem a elimina\u00e7\u00e3o natural dos <strong>gases<\/strong> e podem tornar a digest\u00e3o dos vegetais potencialmente mais problem\u00e1tica, muito mais suport\u00e1vel.<\/p>\n\n\n\n<p>Al\u00e9m disso, misturar essas <strong>verduras<\/strong> com <strong>cream cheese com baixo teor de gordura<\/strong> ou combin\u00e1-las com cenoura cozida, ou <strong>ab\u00f3bora<\/strong> pode suavizar o impacto digestivo e aumentar a toler\u00e2ncia. Outras especiarias como o <a href=\"https:\/\/www.tuasaude.com\/beneficios-do-gengibre\/\" target=\"_blank\" rel=\"noopener\"><strong>gengibre<\/strong> <\/a>e a <strong>hortel\u00e3<\/strong> tamb\u00e9m trazem benef\u00edcios para a <strong>digest\u00e3o<\/strong>.<\/p>\n\n\n\n<iframe loading=\"lazy\" width=\"560\" height=\"315\" src=\"https:\/\/www.youtube.com\/embed\/rJXqLjwBdYM?si=Jwq382D8qeT1sZzY\" title=\"YouTube video player\" frameborder=\"0\" allow=\"accelerometer; autoplay; clipboard-write; encrypted-media; gyroscope; picture-in-picture; web-share\" referrerpolicy=\"strict-origin-when-cross-origin\" allowfullscreen><\/iframe>\n\n\n\n<h2 class=\"wp-block-heading\">Por que n\u00e3o \u00e9 necess\u00e1rio eliminar as verduras que provocam distens\u00e3o?<\/h2>\n\n\n\n<p>Em conclus\u00e3o, certas <strong>verduras<\/strong> podem causar <strong>distens\u00e3o abdominal<\/strong>, mas o segredo est\u00e1 em adaptar a forma de <strong>preparo<\/strong> e as combina\u00e7\u00f5es. Assim, \u00e9 poss\u00edvel desfrutar de todos os seus <strong>benef\u00edcios nutricionais<\/strong> minimizando desconfortos <strong>digestivos<\/strong>.<\/p>\n\n\n\n<p>Com <strong>estrat\u00e9gias<\/strong> certas na cozinha e o uso adequado de <strong>especiarias<\/strong>, \u00e9 totalmente poss\u00edvel manter essas <strong>verduras<\/strong> na dieta, promovendo uma experi\u00eancia <strong>digestiva<\/strong> mais agrad\u00e1vel e saud\u00e1vel.<\/p>\n\n\n\n<p>Leia tamb\u00e9m:&nbsp;<a href=\"https:\/\/www.em.com.br\/emfoco\/2025\/10\/21\/essas-verduras-podem-estar-te-deixando-com-a-barriga-estufada\/\" target=\"_blank\" rel=\"noopener\">Essas verduras podem estar te deixando com a barriga estufada<\/a><\/p>\n\n\n\n<p><\/p>\n","protected":false},"excerpt":{"rendered":"<p>N\u00e3o s\u00e3o poucas as ocasi\u00f5es em que a distens\u00e3o abdominal se torna motivo de preocupa\u00e7\u00e3o, j\u00e1 que diversos alimentos podem causar esse desconforto, especialmente alguns tipos de verduras. Entender as causas dessa rea\u00e7\u00e3o e como mitig\u00e1-la \u00e9 fundamental para conservar o valioso aporte nutricional desses alimentos sem abrir m\u00e3o do bem-estar digestivo. Quais verduras causam [&hellip;]<\/p>\n","protected":false},"author":9,"featured_media":113842,"comment_status":"open","ping_status":"open","sticky":false,"template":"","format":"standard","meta":{"jnews-multi-image_gallery":[],"jnews_single_post":{"format":"standard"},"jnews_primary_category":[],"jnews_social_meta":[],"jnews_override_counter":[],"footnotes":""},"categories":[8691,8819,1],"tags":[4205,18305,12564],"class_list":["post-122373","post","type-post","status-publish","format-standard","has-post-thumbnail","hentry","category-bem-estar","category-curiosidades","category-noticias","tag-digestao","tag-nutricionistas-recomendam","tag-verduras"],"yoast_head":"<!-- This site is optimized with the Yoast SEO plugin v23.8 - https:\/\/yoast.com\/wordpress\/plugins\/seo\/ -->\n<title>O segredo para comer vegetais nutritivos sem sofrer com distens\u00e3o abdominal - Estado de Minas - Em foco<\/title>\n<meta name=\"description\" content=\"Sofre com distens\u00e3o abdominal? Verduras como br\u00f3colis podem ser a causa. Saiba como cozinh\u00e1-las no vapor e usar especiarias para evitar os gases.\" \/>\n<meta name=\"robots\" content=\"index, follow, max-snippet:-1, max-image-preview:large, max-video-preview:-1\" \/>\n<link rel=\"canonical\" href=\"https:\/\/www.em.com.br\/emfoco\/2025\/11\/02\/o-segredo-para-comer-vegetais-nutritivos-sem-sofrer-com-distensao-abdominal\/\" \/>\n<meta property=\"og:locale\" content=\"pt_BR\" \/>\n<meta property=\"og:type\" content=\"article\" \/>\n<meta property=\"og:title\" content=\"O segredo para comer vegetais nutritivos sem sofrer com distens\u00e3o abdominal - Estado de Minas - Em foco\" \/>\n<meta property=\"og:description\" content=\"Sofre com distens\u00e3o abdominal? Verduras como br\u00f3colis podem ser a causa. Saiba como cozinh\u00e1-las no vapor e usar especiarias para evitar os gases.\" \/>\n<meta property=\"og:url\" content=\"https:\/\/www.em.com.br\/emfoco\/2025\/11\/02\/o-segredo-para-comer-vegetais-nutritivos-sem-sofrer-com-distensao-abdominal\/\" \/>\n<meta property=\"og:site_name\" content=\"Estado de Minas - Em foco\" \/>\n<meta property=\"article:published_time\" content=\"2025-11-02T15:05:52+00:00\" \/>\n<meta property=\"article:modified_time\" content=\"2025-11-01T23:34:32+00:00\" \/>\n<meta property=\"og:image\" content=\"https:\/\/www.em.com.br\/emfoco\/wp-content\/uploads\/2025\/10\/colica_1760107030371.jpg\" \/>\n\t<meta property=\"og:image:width\" content=\"1280\" \/>\n\t<meta property=\"og:image:height\" content=\"720\" \/>\n\t<meta property=\"og:image:type\" content=\"image\/jpeg\" \/>\n<meta name=\"author\" content=\"Daniely Cardoso\" \/>\n<meta name=\"twitter:card\" content=\"summary_large_image\" \/>\n<meta name=\"twitter:label1\" content=\"Escrito por\" \/>\n\t<meta name=\"twitter:data1\" content=\"Daniely Cardoso\" \/>\n\t<meta name=\"twitter:label2\" content=\"Est. tempo de leitura\" \/>\n\t<meta name=\"twitter:data2\" content=\"4 minutos\" \/>\n<!-- \/ Yoast SEO plugin. -->","yoast_head_json":{"title":"O segredo para comer vegetais nutritivos sem sofrer com distens\u00e3o abdominal - Estado de Minas - Em foco","description":"Sofre com distens\u00e3o abdominal? Verduras como br\u00f3colis podem ser a causa. Saiba como cozinh\u00e1-las no vapor e usar especiarias para evitar os gases.","robots":{"index":"index","follow":"follow","max-snippet":"max-snippet:-1","max-image-preview":"max-image-preview:large","max-video-preview":"max-video-preview:-1"},"canonical":"https:\/\/www.em.com.br\/emfoco\/2025\/11\/02\/o-segredo-para-comer-vegetais-nutritivos-sem-sofrer-com-distensao-abdominal\/","og_locale":"pt_BR","og_type":"article","og_title":"O segredo para comer vegetais nutritivos sem sofrer com distens\u00e3o abdominal - Estado de Minas - Em foco","og_description":"Sofre com distens\u00e3o abdominal? Verduras como br\u00f3colis podem ser a causa. Saiba como cozinh\u00e1-las no vapor e usar especiarias para evitar os gases.","og_url":"https:\/\/www.em.com.br\/emfoco\/2025\/11\/02\/o-segredo-para-comer-vegetais-nutritivos-sem-sofrer-com-distensao-abdominal\/","og_site_name":"Estado de Minas - Em foco","article_published_time":"2025-11-02T15:05:52+00:00","article_modified_time":"2025-11-01T23:34:32+00:00","og_image":[{"width":1280,"height":720,"url":"https:\/\/www.em.com.br\/emfoco\/wp-content\/uploads\/2025\/10\/colica_1760107030371.jpg","type":"image\/jpeg"}],"author":"Daniely Cardoso","twitter_card":"summary_large_image","twitter_misc":{"Escrito por":"Daniely Cardoso","Est. tempo de leitura":"4 minutos"},"schema":{"@context":"https:\/\/schema.org","@graph":[{"@type":"WebPage","@id":"https:\/\/www.em.com.br\/emfoco\/2025\/11\/02\/o-segredo-para-comer-vegetais-nutritivos-sem-sofrer-com-distensao-abdominal\/","url":"https:\/\/www.em.com.br\/emfoco\/2025\/11\/02\/o-segredo-para-comer-vegetais-nutritivos-sem-sofrer-com-distensao-abdominal\/","name":"O segredo para comer vegetais nutritivos sem sofrer com distens\u00e3o abdominal - Estado de Minas - Em foco","isPartOf":{"@id":"https:\/\/www.em.com.br\/emfoco\/#website"},"primaryImageOfPage":{"@id":"https:\/\/www.em.com.br\/emfoco\/2025\/11\/02\/o-segredo-para-comer-vegetais-nutritivos-sem-sofrer-com-distensao-abdominal\/#primaryimage"},"image":{"@id":"https:\/\/www.em.com.br\/emfoco\/2025\/11\/02\/o-segredo-para-comer-vegetais-nutritivos-sem-sofrer-com-distensao-abdominal\/#primaryimage"},"thumbnailUrl":"https:\/\/www.em.com.br\/emfoco\/wp-content\/uploads\/2025\/10\/colica_1760107030371.jpg","datePublished":"2025-11-02T15:05:52+00:00","dateModified":"2025-11-01T23:34:32+00:00","author":{"@id":"https:\/\/www.em.com.br\/emfoco\/#\/schema\/person\/0a8186d72f2c3a5c6276d90b41f271a0"},"description":"Sofre com distens\u00e3o abdominal? Verduras como br\u00f3colis podem ser a causa. Saiba como cozinh\u00e1-las no vapor e usar especiarias para evitar os gases.","breadcrumb":{"@id":"https:\/\/www.em.com.br\/emfoco\/2025\/11\/02\/o-segredo-para-comer-vegetais-nutritivos-sem-sofrer-com-distensao-abdominal\/#breadcrumb"},"inLanguage":"pt-BR","potentialAction":[{"@type":"ReadAction","target":["https:\/\/www.em.com.br\/emfoco\/2025\/11\/02\/o-segredo-para-comer-vegetais-nutritivos-sem-sofrer-com-distensao-abdominal\/"]}]},{"@type":"ImageObject","inLanguage":"pt-BR","@id":"https:\/\/www.em.com.br\/emfoco\/2025\/11\/02\/o-segredo-para-comer-vegetais-nutritivos-sem-sofrer-com-distensao-abdominal\/#primaryimage","url":"https:\/\/www.em.com.br\/emfoco\/wp-content\/uploads\/2025\/10\/colica_1760107030371.jpg","contentUrl":"https:\/\/www.em.com.br\/emfoco\/wp-content\/uploads\/2025\/10\/colica_1760107030371.jpg","width":1280,"height":720,"caption":"Durante a menstrua\u00e7\u00e3o, muitas mulheres experimentam fortes dores e desconfortos - Cr\u00e9ditos: depositphotos.com \/ tonodiaz"},{"@type":"BreadcrumbList","@id":"https:\/\/www.em.com.br\/emfoco\/2025\/11\/02\/o-segredo-para-comer-vegetais-nutritivos-sem-sofrer-com-distensao-abdominal\/#breadcrumb","itemListElement":[{"@type":"ListItem","position":1,"name":"In\u00edcio","item":"https:\/\/www.em.com.br\/emfoco\/"},{"@type":"ListItem","position":2,"name":"O segredo para comer vegetais nutritivos sem sofrer com distens\u00e3o abdominal"}]},{"@type":"WebSite","@id":"https:\/\/www.em.com.br\/emfoco\/#website","url":"https:\/\/www.em.com.br\/emfoco\/","name":"Estado de Minas - Em foco","description":"Acompanhe as \u00faltimas not\u00edcias e fique bem informado sobre tudo o que acontece em Minas Gerais, Brasil e no mundo.","potentialAction":[{"@type":"SearchAction","target":{"@type":"EntryPoint","urlTemplate":"https:\/\/www.em.com.br\/emfoco\/?s={search_term_string}"},"query-input":{"@type":"PropertyValueSpecification","valueRequired":true,"valueName":"search_term_string"}}],"inLanguage":"pt-BR"},{"@type":"Person","@id":"https:\/\/www.em.com.br\/emfoco\/#\/schema\/person\/0a8186d72f2c3a5c6276d90b41f271a0","name":"Daniely Cardoso","image":{"@type":"ImageObject","inLanguage":"pt-BR","@id":"https:\/\/www.em.com.br\/emfoco\/#\/schema\/person\/image\/","url":"https:\/\/secure.gravatar.com\/avatar\/4b80ddbd124d1f071b626d52d62e5dff?s=96&d=mm&r=g","contentUrl":"https:\/\/secure.gravatar.com\/avatar\/4b80ddbd124d1f071b626d52d62e5dff?s=96&d=mm&r=g","caption":"Daniely Cardoso"},"url":"https:\/\/www.em.com.br\/emfoco\/author\/danielymyth\/"}]}},"_links":{"self":[{"href":"https:\/\/www.em.com.br\/emfoco\/wp-json\/wp\/v2\/posts\/122373","targetHints":{"allow":["GET"]}}],"collection":[{"href":"https:\/\/www.em.com.br\/emfoco\/wp-json\/wp\/v2\/posts"}],"about":[{"href":"https:\/\/www.em.com.br\/emfoco\/wp-json\/wp\/v2\/types\/post"}],"author":[{"embeddable":true,"href":"https:\/\/www.em.com.br\/emfoco\/wp-json\/wp\/v2\/users\/9"}],"replies":[{"embeddable":true,"href":"https:\/\/www.em.com.br\/emfoco\/wp-json\/wp\/v2\/comments?post=122373"}],"version-history":[{"count":3,"href":"https:\/\/www.em.com.br\/emfoco\/wp-json\/wp\/v2\/posts\/122373\/revisions"}],"predecessor-version":[{"id":122508,"href":"https:\/\/www.em.com.br\/emfoco\/wp-json\/wp\/v2\/posts\/122373\/revisions\/122508"}],"wp:featuredmedia":[{"embeddable":true,"href":"https:\/\/www.em.com.br\/emfoco\/wp-json\/wp\/v2\/media\/113842"}],"wp:attachment":[{"href":"https:\/\/www.em.com.br\/emfoco\/wp-json\/wp\/v2\/media?parent=122373"}],"wp:term":[{"taxonomy":"category","embeddable":true,"href":"https:\/\/www.em.com.br\/emfoco\/wp-json\/wp\/v2\/categories?post=122373"},{"taxonomy":"post_tag","embeddable":true,"href":"https:\/\/www.em.com.br\/emfoco\/wp-json\/wp\/v2\/tags?post=122373"}],"curies":[{"name":"wp","href":"https:\/\/api.w.org\/{rel}","templated":true}]}}