{"id":122344,"date":"2025-11-02T21:55:00","date_gmt":"2025-11-03T00:55:00","guid":{"rendered":"https:\/\/www.em.com.br\/emfoco\/?p=122344"},"modified":"2025-11-01T14:53:46","modified_gmt":"2025-11-01T17:53:46","slug":"comer-maca-ajuda-a-perder-peso-e-protege-saude-digestiva-da-sua-familia","status":"publish","type":"post","link":"https:\/\/www.em.com.br\/emfoco\/2025\/11\/02\/comer-maca-ajuda-a-perder-peso-e-protege-saude-digestiva-da-sua-familia\/","title":{"rendered":"Comer ma\u00e7\u00e3 ajuda a perder peso e protege sa\u00fade digestiva da sua fam\u00edlia"},"content":{"rendered":"\n<p>O consumo de ma\u00e7\u00e3 tem ganhado destaque como aliado na busca pela <strong>perda de peso<\/strong> e pela melhoria da sa\u00fade, devido ao seu alto teor de fibras, baixo \u00edndice glic\u00eamico e compostos com potencial antioxidante e anti-inflamat\u00f3rio. Comer ma\u00e7\u00e3 pode promover saciedade, ajudar no controle do apetite e ainda colaborar para a sa\u00fade metab\u00f3lica de modo geral.<\/p>\n\n\n\n<h2 class=\"wp-block-heading\">Como a ma\u00e7\u00e3 age na sa\u00fade digestiva?<\/h2>\n\n\n<div class=\"wp-block-image\">\n<figure class=\"aligncenter size-large\"><img loading=\"lazy\" decoding=\"async\" width=\"1024\" height=\"576\" src=\"https:\/\/www.em.com.br\/emfoco\/wp-content\/uploads\/2025\/11\/maca_1761160546990-1024x576.jpg\" alt=\"\" class=\"wp-image-122396\" srcset=\"https:\/\/www.em.com.br\/emfoco\/wp-content\/uploads\/2025\/11\/maca_1761160546990-1024x576.jpg 1024w, https:\/\/www.em.com.br\/emfoco\/wp-content\/uploads\/2025\/11\/maca_1761160546990-300x169.jpg 300w, https:\/\/www.em.com.br\/emfoco\/wp-content\/uploads\/2025\/11\/maca_1761160546990-768x432.jpg 768w, https:\/\/www.em.com.br\/emfoco\/wp-content\/uploads\/2025\/11\/maca_1761160546990-750x422.jpg 750w, https:\/\/www.em.com.br\/emfoco\/wp-content\/uploads\/2025\/11\/maca_1761160546990-1140x641.jpg 1140w, https:\/\/www.em.com.br\/emfoco\/wp-content\/uploads\/2025\/11\/maca_1761160546990.jpg 1280w\" sizes=\"auto, (max-width: 1024px) 100vw, 1024px\" \/><figcaption class=\"wp-element-caption\">Cesta cheia de ma\u00e7\u00e3s &#8211; Cr\u00e9ditos: depositphotos.com \/ KostyaKlimenko<\/figcaption><\/figure><\/div>\n\n\n<p>O consumo da ma\u00e7\u00e3 ap\u00f3s as refei\u00e7\u00f5es contribui para a prote\u00e7\u00e3o da mucosa g\u00e1strica, especialmente devido \u00e0s fibras que formam um gel capaz de <strong>neutralizar a acidez no est\u00f4mago<\/strong>. Essas fibras, principalmente a pectina, tamb\u00e9m s\u00e3o ben\u00e9ficas para o tr\u00e2nsito intestinal e para a preven\u00e7\u00e3o de desconfortos digestivos.<\/p>\n\n\n\n<p>Al\u00e9m disso, compostos presentes na ma\u00e7\u00e3 favorecem o equil\u00edbrio do microbioma intestinal. Estudos indicam que oligossacar\u00eddeos da fruta alimentam bact\u00e9rias ben\u00e9ficas, reduzindo o risco de obesidade e fortalecendo o sistema digestivo. Al\u00e9m disso, seu consumo est\u00e1 associado \u00e0 preven\u00e7\u00e3o da pris\u00e3o de ventre e redu\u00e7\u00e3o de inflama\u00e7\u00f5es intestinais.<\/p>\n\n\n\n<p>Leia mais: <a href=\"https:\/\/www.em.com.br\/emfoco\/2025\/10\/24\/a-fruta-tropical-que-ajuda-a-emagrecer-e-voce-pode-facilmente-plantar-em-casa\/\" target=\"_blank\" rel=\"noreferrer noopener\">A fruta tropical que ajuda a emagrecer e voc\u00ea pode facilmente plantar em casa<\/a><\/p>\n\n\n\n<h2 class=\"wp-block-heading\">Ma\u00e7\u00e3 pode trazer benef\u00edcios ao c\u00e9rebro?<\/h2>\n\n\n<div class=\"wp-block-image\">\n<figure class=\"aligncenter size-large\"><img loading=\"lazy\" decoding=\"async\" width=\"1024\" height=\"576\" src=\"https:\/\/www.em.com.br\/emfoco\/wp-content\/uploads\/2025\/09\/familia-crianca_1756566166448-1024x576.jpg\" alt=\"Alerta de ciclone! Cuidados essenciais para proteger sua fam\u00edlia\" class=\"wp-image-101470\" srcset=\"https:\/\/www.em.com.br\/emfoco\/wp-content\/uploads\/2025\/09\/familia-crianca_1756566166448-1024x576.jpg 1024w, https:\/\/www.em.com.br\/emfoco\/wp-content\/uploads\/2025\/09\/familia-crianca_1756566166448-300x169.jpg 300w, https:\/\/www.em.com.br\/emfoco\/wp-content\/uploads\/2025\/09\/familia-crianca_1756566166448-768x432.jpg 768w, https:\/\/www.em.com.br\/emfoco\/wp-content\/uploads\/2025\/09\/familia-crianca_1756566166448-750x422.jpg 750w, https:\/\/www.em.com.br\/emfoco\/wp-content\/uploads\/2025\/09\/familia-crianca_1756566166448-1140x641.jpg 1140w, https:\/\/www.em.com.br\/emfoco\/wp-content\/uploads\/2025\/09\/familia-crianca_1756566166448.jpg 1280w\" sizes=\"auto, (max-width: 1024px) 100vw, 1024px\" \/><figcaption class=\"wp-element-caption\">Fam\u00edlia feliz no sof\u00e1 &#8211; Cr\u00e9ditos: depositphotos.com \/ TarasMalyarevich<\/figcaption><\/figure><\/div>\n\n\n<p>A ma\u00e7\u00e3 \u00e9 fonte de quercetina, um potente antioxidante que protege c\u00e9lulas neurais dos danos oxidativos e inflamat\u00f3rios, refor\u00e7ando a sa\u00fade cerebral. A fruta cont\u00e9m ainda <strong>vitamina C<\/strong>, vitaminas do <strong>complexo B <\/strong>e <strong>\u00e1cido fosf\u00f3rico<\/strong>, que atuam em conjunto para preservar o funcionamento do sistema nervoso.<\/p>\n\n\n\n<p>O consumo regular deste fruto pode contribuir para o aumento da cogni\u00e7\u00e3o e melhorias a longo prazo na mem\u00f3ria. Estudos sugerem que incorporar ma\u00e7\u00e3s \u00e0 rotina auxilia na preven\u00e7\u00e3o de doen\u00e7as neurodegenerativas. Recentemente, pesquisas tamb\u00e9m apontam para um potencial papel protetor contra o decl\u00ednio cognitivo relacionado \u00e0 idade.<\/p>\n\n\n\n<p>Leia mais: <a href=\"https:\/\/www.em.com.br\/emfoco\/2025\/10\/31\/o-jeito-certo-de-emagrecer-sem-dietas-malucas\/\" target=\"_blank\" rel=\"noreferrer noopener\">O jeito certo de emagrecer sem dietas malucas<\/a><\/p>\n\n\n\n<h2 class=\"wp-block-heading\">Quais outros ganhos o consumo da ma\u00e7\u00e3 traz?<\/h2>\n\n\n\n<p>Al\u00e9m de ajudar no controle do peso e proteger o sistema digestivo, a ma\u00e7\u00e3 possui compostos bioativos que podem reduzir o colesterol ruim, prevenir doen\u00e7as cardiovasculares e auxiliar no equil\u00edbrio glic\u00eamico, colaborando para a preven\u00e7\u00e3o do diabetes tipo 2. A fruta tamb\u00e9m est\u00e1 relacionada a uma redu\u00e7\u00e3o de diversos tipos de c\u00e2ncer.<\/p>\n\n\n\n<p>Entre os principais benef\u00edcios extras promovidos pela ingest\u00e3o regular de ma\u00e7\u00e3, destacam-se:<\/p>\n\n\n\n<ul class=\"wp-block-list\">\n<li>Redu\u00e7\u00e3o do risco de doen\u00e7as respirat\u00f3rias, como asma<\/li>\n\n\n\n<li>Promo\u00e7\u00e3o da limpeza dos dentes e preven\u00e7\u00e3o de c\u00e1ries<\/li>\n\n\n\n<li>Fortalecimento do sistema imunol\u00f3gico<\/li>\n\n\n\n<li>Aumento da densidade \u00f3ssea e preven\u00e7\u00e3o de doen\u00e7as oculares<\/li>\n\n\n\n<li>Contribui\u00e7\u00e3o para um envelhecimento saud\u00e1vel<\/li>\n<\/ul>\n\n\n\n<p>Para maximizar os efeitos positivos, recomenda-se consumir a ma\u00e7\u00e3 in natura e com casca, pois grande parte das fibras e nutrientes est\u00e1 concentrada ali. Evitar o consumo exclusivo do suco, que \u00e9 menos rico em fibras, potencializa os benef\u00edcios que esta fruta vers\u00e1til pode <strong><a href=\"https:\/\/www.gov.br\/saude\/pt-br\" target=\"_blank\" rel=\"noreferrer noopener\">oferecer \u00e0 sa\u00fade do corpo e da mente<\/a><\/strong>. <\/p>\n","protected":false},"excerpt":{"rendered":"<p>O consumo de ma\u00e7\u00e3 tem ganhado destaque como aliado na busca pela perda de peso e pela melhoria da sa\u00fade, devido ao seu alto teor de fibras, baixo \u00edndice glic\u00eamico e compostos com potencial antioxidante e anti-inflamat\u00f3rio. Comer ma\u00e7\u00e3 pode promover saciedade, ajudar no controle do apetite e ainda colaborar para a sa\u00fade metab\u00f3lica de [&hellip;]<\/p>\n","protected":false},"author":20,"featured_media":122395,"comment_status":"open","ping_status":"open","sticky":false,"template":"","format":"standard","meta":{"jnews-multi-image_gallery":[],"jnews_single_post":{"format":"standard"},"jnews_primary_category":[],"jnews_social_meta":[],"jnews_override_counter":[],"footnotes":""},"categories":[28,1],"tags":[3109,16073,415],"class_list":["post-122344","post","type-post","status-publish","format-standard","has-post-thumbnail","hentry","category-economia","category-noticias","tag-emagrecimento","tag-maca-2","tag-saude"],"yoast_head":"<!-- This site is optimized with the Yoast SEO plugin v23.8 - https:\/\/yoast.com\/wordpress\/plugins\/seo\/ -->\n<title>Comer ma\u00e7\u00e3 ajuda a perder peso e protege sa\u00fade digestiva da sua fam\u00edlia - Estado de Minas - Em foco<\/title>\n<meta name=\"description\" content=\"Comer ma\u00e7\u00e3 pode ajudar na perda de peso e ainda proteger a sa\u00fade digestiva da sua fam\u00edlia de forma simples e natural no dia a dia.\" \/>\n<meta name=\"robots\" content=\"index, follow, max-snippet:-1, max-image-preview:large, max-video-preview:-1\" \/>\n<link rel=\"canonical\" href=\"https:\/\/www.em.com.br\/emfoco\/2025\/11\/02\/comer-maca-ajuda-a-perder-peso-e-protege-saude-digestiva-da-sua-familia\/\" \/>\n<meta property=\"og:locale\" content=\"pt_BR\" \/>\n<meta property=\"og:type\" content=\"article\" \/>\n<meta property=\"og:title\" content=\"Comer ma\u00e7\u00e3 ajuda a perder peso e protege sa\u00fade digestiva da sua fam\u00edlia - Estado de Minas - Em foco\" \/>\n<meta property=\"og:description\" content=\"Comer ma\u00e7\u00e3 pode ajudar na perda de peso e ainda proteger a sa\u00fade digestiva da sua fam\u00edlia de forma simples e natural no dia a dia.\" \/>\n<meta property=\"og:url\" content=\"https:\/\/www.em.com.br\/emfoco\/2025\/11\/02\/comer-maca-ajuda-a-perder-peso-e-protege-saude-digestiva-da-sua-familia\/\" \/>\n<meta property=\"og:site_name\" content=\"Estado de Minas - Em foco\" \/>\n<meta property=\"article:published_time\" content=\"2025-11-03T00:55:00+00:00\" \/>\n<meta property=\"article:modified_time\" content=\"2025-11-01T17:53:46+00:00\" \/>\n<meta property=\"og:image\" content=\"https:\/\/www.em.com.br\/emfoco\/wp-content\/uploads\/2025\/11\/maca_1761160536646.jpg\" \/>\n\t<meta property=\"og:image:width\" content=\"1280\" \/>\n\t<meta property=\"og:image:height\" content=\"720\" \/>\n\t<meta property=\"og:image:type\" content=\"image\/jpeg\" \/>\n<meta name=\"author\" content=\"Ingrid Diniz\" \/>\n<meta name=\"twitter:card\" content=\"summary_large_image\" \/>\n<meta name=\"twitter:label1\" content=\"Escrito por\" \/>\n\t<meta name=\"twitter:data1\" content=\"Ingrid Diniz\" \/>\n\t<meta name=\"twitter:label2\" content=\"Est. tempo de leitura\" \/>\n\t<meta name=\"twitter:data2\" content=\"4 minutos\" \/>\n<!-- \/ Yoast SEO plugin. -->","yoast_head_json":{"title":"Comer ma\u00e7\u00e3 ajuda a perder peso e protege sa\u00fade digestiva da sua fam\u00edlia - Estado de Minas - Em foco","description":"Comer ma\u00e7\u00e3 pode ajudar na perda de peso e ainda proteger a sa\u00fade digestiva da sua fam\u00edlia de forma simples e natural no dia a dia.","robots":{"index":"index","follow":"follow","max-snippet":"max-snippet:-1","max-image-preview":"max-image-preview:large","max-video-preview":"max-video-preview:-1"},"canonical":"https:\/\/www.em.com.br\/emfoco\/2025\/11\/02\/comer-maca-ajuda-a-perder-peso-e-protege-saude-digestiva-da-sua-familia\/","og_locale":"pt_BR","og_type":"article","og_title":"Comer ma\u00e7\u00e3 ajuda a perder peso e protege sa\u00fade digestiva da sua fam\u00edlia - Estado de Minas - Em foco","og_description":"Comer ma\u00e7\u00e3 pode ajudar na perda de peso e ainda proteger a sa\u00fade digestiva da sua fam\u00edlia de forma simples e natural no dia a dia.","og_url":"https:\/\/www.em.com.br\/emfoco\/2025\/11\/02\/comer-maca-ajuda-a-perder-peso-e-protege-saude-digestiva-da-sua-familia\/","og_site_name":"Estado de Minas - Em foco","article_published_time":"2025-11-03T00:55:00+00:00","article_modified_time":"2025-11-01T17:53:46+00:00","og_image":[{"width":1280,"height":720,"url":"https:\/\/www.em.com.br\/emfoco\/wp-content\/uploads\/2025\/11\/maca_1761160536646.jpg","type":"image\/jpeg"}],"author":"Ingrid Diniz","twitter_card":"summary_large_image","twitter_misc":{"Escrito por":"Ingrid Diniz","Est. tempo de leitura":"4 minutos"},"schema":{"@context":"https:\/\/schema.org","@graph":[{"@type":"WebPage","@id":"https:\/\/www.em.com.br\/emfoco\/2025\/11\/02\/comer-maca-ajuda-a-perder-peso-e-protege-saude-digestiva-da-sua-familia\/","url":"https:\/\/www.em.com.br\/emfoco\/2025\/11\/02\/comer-maca-ajuda-a-perder-peso-e-protege-saude-digestiva-da-sua-familia\/","name":"Comer ma\u00e7\u00e3 ajuda a perder peso e protege sa\u00fade digestiva da sua fam\u00edlia - Estado de Minas - Em foco","isPartOf":{"@id":"https:\/\/www.em.com.br\/emfoco\/#website"},"primaryImageOfPage":{"@id":"https:\/\/www.em.com.br\/emfoco\/2025\/11\/02\/comer-maca-ajuda-a-perder-peso-e-protege-saude-digestiva-da-sua-familia\/#primaryimage"},"image":{"@id":"https:\/\/www.em.com.br\/emfoco\/2025\/11\/02\/comer-maca-ajuda-a-perder-peso-e-protege-saude-digestiva-da-sua-familia\/#primaryimage"},"thumbnailUrl":"https:\/\/www.em.com.br\/emfoco\/wp-content\/uploads\/2025\/11\/maca_1761160536646.jpg","datePublished":"2025-11-03T00:55:00+00:00","dateModified":"2025-11-01T17:53:46+00:00","author":{"@id":"https:\/\/www.em.com.br\/emfoco\/#\/schema\/person\/649e610b4eb8fff87ff394e54fe17b2b"},"description":"Comer ma\u00e7\u00e3 pode ajudar na perda de peso e ainda proteger a sa\u00fade digestiva da sua fam\u00edlia de forma simples e natural no dia a dia.","breadcrumb":{"@id":"https:\/\/www.em.com.br\/emfoco\/2025\/11\/02\/comer-maca-ajuda-a-perder-peso-e-protege-saude-digestiva-da-sua-familia\/#breadcrumb"},"inLanguage":"pt-BR","potentialAction":[{"@type":"ReadAction","target":["https:\/\/www.em.com.br\/emfoco\/2025\/11\/02\/comer-maca-ajuda-a-perder-peso-e-protege-saude-digestiva-da-sua-familia\/"]}]},{"@type":"ImageObject","inLanguage":"pt-BR","@id":"https:\/\/www.em.com.br\/emfoco\/2025\/11\/02\/comer-maca-ajuda-a-perder-peso-e-protege-saude-digestiva-da-sua-familia\/#primaryimage","url":"https:\/\/www.em.com.br\/emfoco\/wp-content\/uploads\/2025\/11\/maca_1761160536646.jpg","contentUrl":"https:\/\/www.em.com.br\/emfoco\/wp-content\/uploads\/2025\/11\/maca_1761160536646.jpg","width":1280,"height":720,"caption":"Acompanhe o andamento do pedido do BPC pelo Meu INSS - Cr\u00e9ditos: depositphotos.com \/ IgorVetushko"},{"@type":"BreadcrumbList","@id":"https:\/\/www.em.com.br\/emfoco\/2025\/11\/02\/comer-maca-ajuda-a-perder-peso-e-protege-saude-digestiva-da-sua-familia\/#breadcrumb","itemListElement":[{"@type":"ListItem","position":1,"name":"In\u00edcio","item":"https:\/\/www.em.com.br\/emfoco\/"},{"@type":"ListItem","position":2,"name":"Comer ma\u00e7\u00e3 ajuda a perder peso e protege sa\u00fade digestiva da sua fam\u00edlia"}]},{"@type":"WebSite","@id":"https:\/\/www.em.com.br\/emfoco\/#website","url":"https:\/\/www.em.com.br\/emfoco\/","name":"Estado de Minas - Em foco","description":"Acompanhe as \u00faltimas not\u00edcias e fique bem informado sobre tudo o que acontece em Minas Gerais, Brasil e no mundo.","potentialAction":[{"@type":"SearchAction","target":{"@type":"EntryPoint","urlTemplate":"https:\/\/www.em.com.br\/emfoco\/?s={search_term_string}"},"query-input":{"@type":"PropertyValueSpecification","valueRequired":true,"valueName":"search_term_string"}}],"inLanguage":"pt-BR"},{"@type":"Person","@id":"https:\/\/www.em.com.br\/emfoco\/#\/schema\/person\/649e610b4eb8fff87ff394e54fe17b2b","name":"Ingrid Diniz","image":{"@type":"ImageObject","inLanguage":"pt-BR","@id":"https:\/\/www.em.com.br\/emfoco\/#\/schema\/person\/image\/","url":"https:\/\/secure.gravatar.com\/avatar\/a3baa1449ec5c39b4c42babc9d4f3951?s=96&d=mm&r=g","contentUrl":"https:\/\/secure.gravatar.com\/avatar\/a3baa1449ec5c39b4c42babc9d4f3951?s=96&d=mm&r=g","caption":"Ingrid Diniz"},"sameAs":["https:\/\/www.em.com.br\/"],"url":"https:\/\/www.em.com.br\/emfoco\/author\/ingridmyth\/"}]}},"_links":{"self":[{"href":"https:\/\/www.em.com.br\/emfoco\/wp-json\/wp\/v2\/posts\/122344","targetHints":{"allow":["GET"]}}],"collection":[{"href":"https:\/\/www.em.com.br\/emfoco\/wp-json\/wp\/v2\/posts"}],"about":[{"href":"https:\/\/www.em.com.br\/emfoco\/wp-json\/wp\/v2\/types\/post"}],"author":[{"embeddable":true,"href":"https:\/\/www.em.com.br\/emfoco\/wp-json\/wp\/v2\/users\/20"}],"replies":[{"embeddable":true,"href":"https:\/\/www.em.com.br\/emfoco\/wp-json\/wp\/v2\/comments?post=122344"}],"version-history":[{"count":1,"href":"https:\/\/www.em.com.br\/emfoco\/wp-json\/wp\/v2\/posts\/122344\/revisions"}],"predecessor-version":[{"id":122401,"href":"https:\/\/www.em.com.br\/emfoco\/wp-json\/wp\/v2\/posts\/122344\/revisions\/122401"}],"wp:featuredmedia":[{"embeddable":true,"href":"https:\/\/www.em.com.br\/emfoco\/wp-json\/wp\/v2\/media\/122395"}],"wp:attachment":[{"href":"https:\/\/www.em.com.br\/emfoco\/wp-json\/wp\/v2\/media?parent=122344"}],"wp:term":[{"taxonomy":"category","embeddable":true,"href":"https:\/\/www.em.com.br\/emfoco\/wp-json\/wp\/v2\/categories?post=122344"},{"taxonomy":"post_tag","embeddable":true,"href":"https:\/\/www.em.com.br\/emfoco\/wp-json\/wp\/v2\/tags?post=122344"}],"curies":[{"name":"wp","href":"https:\/\/api.w.org\/{rel}","templated":true}]}}