{"id":122341,"date":"2025-11-02T17:25:00","date_gmt":"2025-11-02T20:25:00","guid":{"rendered":"https:\/\/www.em.com.br\/emfoco\/?p=122341"},"modified":"2025-11-01T21:37:28","modified_gmt":"2025-11-02T00:37:28","slug":"calendario-do-pis-pasep-2026-sai-em-breve-e-define-a-data-do-seu-dinheiro","status":"publish","type":"post","link":"https:\/\/www.em.com.br\/emfoco\/2025\/11\/02\/calendario-do-pis-pasep-2026-sai-em-breve-e-define-a-data-do-seu-dinheiro\/","title":{"rendered":"Calend\u00e1rio do PIS\/Pasep 2026 sai em breve e define a data do seu dinheiro"},"content":{"rendered":"\n<p>O calend\u00e1rio do <strong>PIS\/Pasep 2026<\/strong> ainda n\u00e3o foi oficialmente divulgado pelo governo, trazendo expectativa para milhares de trabalhadores brasileiros que dependem do abono salarial. Essa defini\u00e7\u00e3o costuma ocorrer ap\u00f3s a reuni\u00e3o do <strong>Codefat<\/strong>, prevista geralmente para o final de novembro, momento importante para organizar o cronograma de pagamentos do benef\u00edcio.<\/p>\n\n\n\n<h2 class=\"wp-block-heading\">Quando sai o calend\u00e1rio do PIS\/Pasep?<\/h2>\n\n\n<div class=\"wp-block-image\">\n<figure class=\"aligncenter size-large\"><img loading=\"lazy\" decoding=\"async\" width=\"1024\" height=\"576\" src=\"https:\/\/www.em.com.br\/emfoco\/wp-content\/uploads\/2025\/06\/aposentado-dinheiro-reais_1743473149469-1024x576.jpg\" alt=\"BPC garante sal\u00e1rio m\u00ednimo para quem nunca contribuiu com o INSS\" class=\"wp-image-54989\" srcset=\"https:\/\/www.em.com.br\/emfoco\/wp-content\/uploads\/2025\/06\/aposentado-dinheiro-reais_1743473149469-1024x576.jpg 1024w, https:\/\/www.em.com.br\/emfoco\/wp-content\/uploads\/2025\/06\/aposentado-dinheiro-reais_1743473149469-300x169.jpg 300w, https:\/\/www.em.com.br\/emfoco\/wp-content\/uploads\/2025\/06\/aposentado-dinheiro-reais_1743473149469-768x432.jpg 768w, https:\/\/www.em.com.br\/emfoco\/wp-content\/uploads\/2025\/06\/aposentado-dinheiro-reais_1743473149469-750x422.jpg 750w, https:\/\/www.em.com.br\/emfoco\/wp-content\/uploads\/2025\/06\/aposentado-dinheiro-reais_1743473149469-1140x641.jpg 1140w, https:\/\/www.em.com.br\/emfoco\/wp-content\/uploads\/2025\/06\/aposentado-dinheiro-reais_1743473149469.jpg 1280w\" sizes=\"auto, (max-width: 1024px) 100vw, 1024px\" \/><figcaption class=\"wp-element-caption\">Notas de cem Reais &#8211; Cr\u00e9ditos: depositphotos.com \/ verganifotografia<\/figcaption><\/figure><\/div>\n\n\n<p>O an\u00fancio oficial do calend\u00e1rio \u00e9 realizado quando o <strong>Codefat <\/strong>define as datas de pagamento, tradi\u00e7\u00e3o que ganhou mais destaque por conta da defasagem de dois anos iniciada durante a pandemia de <strong>Covid-19<\/strong>. Essa diferen\u00e7a mant\u00e9m os pagamentos de 2026 atrelados ao ano-base 2024.<\/p>\n\n\n\n<p>O objetivo do adiantamento foi minimizar impactos econ\u00f4micos, e a expectativa \u00e9 que, em breve ap\u00f3s a delibera\u00e7\u00e3o do <strong>Codefat<\/strong>, o novo cronograma seja aprovado e divulgado amplamente. Vale lembrar que o calend\u00e1rio costuma ser divulgado entre novembro e dezembro do ano anterior ao pagamento.<\/p>\n\n\n\n<h2 class=\"wp-block-heading\">Como calcular o valor do abono?<\/h2>\n\n\n\n<p>A quantia paga ao trabalhador corresponde ao sal\u00e1rio m\u00ednimo vigente no ano do pagamento, o que significa que o valor para 2026 s\u00f3 ser\u00e1 conhecido no fim de 2025. O benef\u00edcio \u00e9 proporcional ao tempo de servi\u00e7o no ano-base, ent\u00e3o per\u00edodos inferiores a 12 meses resultam em valores proporcionais.<\/p>\n\n\n\n<p>Confira abaixo como calcular o valor do abono conforme o tempo trabalhado:<\/p>\n\n\n\n<ul class=\"wp-block-list\">\n<li>12 meses trabalhados: recebe 1 sal\u00e1rio m\u00ednimo integral<\/li>\n\n\n\n<li>De 1 a 11 meses: recebe valor proporcional (1\/12 do m\u00ednimo por m\u00eas trabalhado)<\/li>\n\n\n\n<li>O valor exato \u00e9 arredondado para o real mais pr\u00f3ximo<\/li>\n<\/ul>\n\n\n\n<p>Caso haja reajustes significativos no sal\u00e1rio m\u00ednimo, o valor do abono tamb\u00e9m pode sofrer altera\u00e7\u00f5es e \u00e9 importante ficar atento \u00e0s not\u00edcias oficiais.<\/p>\n\n\n\n<p>Leia mais: <a href=\"https:\/\/www.em.com.br\/emfoco\/2025\/09\/11\/trabalhadores-correm-risco-de-perder-dinheiro-parado-no-pis-pasep\/\" target=\"_blank\" rel=\"noreferrer noopener\">Trabalhadores correm risco de perder dinheiro parado no PIS Pasep<\/a><\/p>\n\n\n\n<h2 class=\"wp-block-heading\">Quem tem direito ao abono?<\/h2>\n\n\n\n<p>Tem direito ao <strong><a href=\"https:\/\/www.gov.br\/tesouronacional\/pt-br\/ativos-da-uniao\/fundos-governamentais\/pis-pasep\" target=\"_blank\" rel=\"noreferrer noopener\">PIS\/Pasep<\/a><\/strong> o trabalhador de carteira assinada com m\u00e9dia salarial de at\u00e9 dois sal\u00e1rios m\u00ednimos em 2024. \u00c9 necess\u00e1rio ter trabalhado no m\u00ednimo 30 dias no ano-base e estar inscrito no programa h\u00e1 pelo menos cinco anos.<\/p>\n\n\n\n<p>Esses crit\u00e9rios garantem que o abono seja destinado realmente a profissionais mais vulner\u00e1veis, refor\u00e7ando sua fun\u00e7\u00e3o de apoio \u00e0 renda.<\/p>\n\n\n\n<p>Pensionistas e pessoas que j\u00e1 receberam outros abonos do governo tamb\u00e9m devem verificar se cumprem todos os pr\u00e9-requisitos para evitar confus\u00f5es no momento do saque.<\/p>\n\n\n\n<h2 class=\"wp-block-heading\">Quem \u00e9 exclu\u00eddo do pagamento?<\/h2>\n\n\n<div class=\"wp-block-image\">\n<figure class=\"aligncenter size-large\"><img loading=\"lazy\" decoding=\"async\" width=\"1024\" height=\"576\" src=\"https:\/\/www.em.com.br\/emfoco\/wp-content\/uploads\/2025\/06\/dinheiro-re_1748976514366-1024x576.jpg\" alt=\"Calend\u00e1rio do Vale-G\u00e1s revela a data certa de dep\u00f3sito em novembro\" class=\"wp-image-55001\" srcset=\"https:\/\/www.em.com.br\/emfoco\/wp-content\/uploads\/2025\/06\/dinheiro-re_1748976514366-1024x576.jpg 1024w, https:\/\/www.em.com.br\/emfoco\/wp-content\/uploads\/2025\/06\/dinheiro-re_1748976514366-300x169.jpg 300w, https:\/\/www.em.com.br\/emfoco\/wp-content\/uploads\/2025\/06\/dinheiro-re_1748976514366-768x432.jpg 768w, https:\/\/www.em.com.br\/emfoco\/wp-content\/uploads\/2025\/06\/dinheiro-re_1748976514366-750x422.jpg 750w, https:\/\/www.em.com.br\/emfoco\/wp-content\/uploads\/2025\/06\/dinheiro-re_1748976514366-1140x641.jpg 1140w, https:\/\/www.em.com.br\/emfoco\/wp-content\/uploads\/2025\/06\/dinheiro-re_1748976514366.jpg 1280w\" sizes=\"auto, (max-width: 1024px) 100vw, 1024px\" \/><figcaption class=\"wp-element-caption\">Calend\u00e1rio de pagamento &#8211; Cr\u00e9ditos: depositphotos.com \/ vectorlab<\/figcaption><\/figure><\/div>\n\n\n<p>Alguns profissionais, mesmo contratados, n\u00e3o s\u00e3o eleg\u00edveis ao abono. Por exemplo, trabalhadores dom\u00e9sticos contratados por pessoa f\u00edsica ficam de fora do benef\u00edcio, marcando uma diferen\u00e7a em rela\u00e7\u00e3o ao setor p\u00fablico e privado.<\/p>\n\n\n\n<p>A inclus\u00e3o de categorias atualmente n\u00e3o contempladas ainda \u00e9 tema de debates, indicando a necessidade de ajustes futuros na legisla\u00e7\u00e3o.<\/p>\n\n\n\n<p>Leia mais: <a href=\"https:\/\/www.em.com.br\/emfoco\/2025\/11\/01\/veja-o-limite-de-35-do-consignado-e-como-a-regra-protege-sua-renda\/\" target=\"_blank\" rel=\"noreferrer noopener\">Veja o limite de 35% do consignado e como a regra protege sua renda<\/a><\/p>\n\n\n\n<h2 class=\"wp-block-heading\">Onde acompanhar not\u00edcias do PIS\/Pasep?<\/h2>\n\n\n\n<p>Para n\u00e3o perder informa\u00e7\u00f5es sobre calend\u00e1rio, valores e poss\u00edveis mudan\u00e7as nas regras, \u00e9 fundamental acompanhar fontes confi\u00e1veis. O site oficial do governo e principais portais de not\u00edcias s\u00e3o os meios mais seguros de se manter atualizado.<\/p>\n\n\n\n<p>Manter-se informado evita surpresas e ajuda a garantir o acesso ao benef\u00edcio, especialmente diante das oscila\u00e7\u00f5es econ\u00f4micas que impactam milh\u00f5es de brasileiros.<\/p>\n","protected":false},"excerpt":{"rendered":"<p>O calend\u00e1rio do PIS\/Pasep 2026 ainda n\u00e3o foi oficialmente divulgado pelo governo, trazendo expectativa para milhares de trabalhadores brasileiros que dependem do abono salarial. Essa defini\u00e7\u00e3o costuma ocorrer ap\u00f3s a reuni\u00e3o do Codefat, prevista geralmente para o final de novembro, momento importante para organizar o cronograma de pagamentos do benef\u00edcio. Quando sai o calend\u00e1rio do [&hellip;]<\/p>\n","protected":false},"author":20,"featured_media":90628,"comment_status":"open","ping_status":"open","sticky":false,"template":"","format":"standard","meta":{"jnews-multi-image_gallery":[],"jnews_single_post":{"format":"standard"},"jnews_primary_category":[],"jnews_social_meta":[],"jnews_override_counter":[],"footnotes":""},"categories":[28,1],"tags":[787,300,11623],"class_list":["post-122341","post","type-post","status-publish","format-standard","has-post-thumbnail","hentry","category-economia","category-noticias","tag-calendario","tag-pagamento","tag-pis-pasep-2"],"yoast_head":"<!-- This site is optimized with the Yoast SEO plugin v23.8 - https:\/\/yoast.com\/wordpress\/plugins\/seo\/ -->\n<title>Calend\u00e1rio do PIS\/Pasep 2026 sai em breve e define a data do seu dinheiro - Estado de Minas - Em foco<\/title>\n<meta name=\"description\" content=\"Calend\u00e1rio do PIS\/Pasep 2026 ser\u00e1 divulgado em breve e pode revelar quando o seu dinheiro extra vai cair na conta, trazendo al\u00edvio para muitos.\" \/>\n<meta name=\"robots\" content=\"index, follow, max-snippet:-1, max-image-preview:large, max-video-preview:-1\" \/>\n<link rel=\"canonical\" href=\"https:\/\/www.em.com.br\/emfoco\/2025\/11\/02\/calendario-do-pis-pasep-2026-sai-em-breve-e-define-a-data-do-seu-dinheiro\/\" \/>\n<meta property=\"og:locale\" content=\"pt_BR\" \/>\n<meta property=\"og:type\" content=\"article\" \/>\n<meta property=\"og:title\" content=\"Calend\u00e1rio do PIS\/Pasep 2026 sai em breve e define a data do seu dinheiro - Estado de Minas - Em foco\" \/>\n<meta property=\"og:description\" content=\"Calend\u00e1rio do PIS\/Pasep 2026 ser\u00e1 divulgado em breve e pode revelar quando o seu dinheiro extra vai cair na conta, trazendo al\u00edvio para muitos.\" \/>\n<meta property=\"og:url\" content=\"https:\/\/www.em.com.br\/emfoco\/2025\/11\/02\/calendario-do-pis-pasep-2026-sai-em-breve-e-define-a-data-do-seu-dinheiro\/\" \/>\n<meta property=\"og:site_name\" content=\"Estado de Minas - Em foco\" \/>\n<meta property=\"article:published_time\" content=\"2025-11-02T20:25:00+00:00\" \/>\n<meta property=\"article:modified_time\" content=\"2025-11-02T00:37:28+00:00\" \/>\n<meta property=\"og:image\" content=\"https:\/\/www.em.com.br\/emfoco\/wp-content\/uploads\/2025\/08\/Reais-dinheiro_1754978580233.jpg\" \/>\n\t<meta property=\"og:image:width\" content=\"1280\" \/>\n\t<meta property=\"og:image:height\" content=\"720\" \/>\n\t<meta property=\"og:image:type\" content=\"image\/jpeg\" \/>\n<meta name=\"author\" content=\"Ingrid Diniz\" \/>\n<meta name=\"twitter:card\" content=\"summary_large_image\" \/>\n<meta name=\"twitter:label1\" content=\"Escrito por\" \/>\n\t<meta name=\"twitter:data1\" content=\"Ingrid Diniz\" \/>\n\t<meta name=\"twitter:label2\" content=\"Est. tempo de leitura\" \/>\n\t<meta name=\"twitter:data2\" content=\"4 minutos\" \/>\n<!-- \/ Yoast SEO plugin. -->","yoast_head_json":{"title":"Calend\u00e1rio do PIS\/Pasep 2026 sai em breve e define a data do seu dinheiro - Estado de Minas - Em foco","description":"Calend\u00e1rio do PIS\/Pasep 2026 ser\u00e1 divulgado em breve e pode revelar quando o seu dinheiro extra vai cair na conta, trazendo al\u00edvio para muitos.","robots":{"index":"index","follow":"follow","max-snippet":"max-snippet:-1","max-image-preview":"max-image-preview:large","max-video-preview":"max-video-preview:-1"},"canonical":"https:\/\/www.em.com.br\/emfoco\/2025\/11\/02\/calendario-do-pis-pasep-2026-sai-em-breve-e-define-a-data-do-seu-dinheiro\/","og_locale":"pt_BR","og_type":"article","og_title":"Calend\u00e1rio do PIS\/Pasep 2026 sai em breve e define a data do seu dinheiro - Estado de Minas - Em foco","og_description":"Calend\u00e1rio do PIS\/Pasep 2026 ser\u00e1 divulgado em breve e pode revelar quando o seu dinheiro extra vai cair na conta, trazendo al\u00edvio para muitos.","og_url":"https:\/\/www.em.com.br\/emfoco\/2025\/11\/02\/calendario-do-pis-pasep-2026-sai-em-breve-e-define-a-data-do-seu-dinheiro\/","og_site_name":"Estado de Minas - Em foco","article_published_time":"2025-11-02T20:25:00+00:00","article_modified_time":"2025-11-02T00:37:28+00:00","og_image":[{"width":1280,"height":720,"url":"https:\/\/www.em.com.br\/emfoco\/wp-content\/uploads\/2025\/08\/Reais-dinheiro_1754978580233.jpg","type":"image\/jpeg"}],"author":"Ingrid Diniz","twitter_card":"summary_large_image","twitter_misc":{"Escrito por":"Ingrid Diniz","Est. tempo de leitura":"4 minutos"},"schema":{"@context":"https:\/\/schema.org","@graph":[{"@type":"WebPage","@id":"https:\/\/www.em.com.br\/emfoco\/2025\/11\/02\/calendario-do-pis-pasep-2026-sai-em-breve-e-define-a-data-do-seu-dinheiro\/","url":"https:\/\/www.em.com.br\/emfoco\/2025\/11\/02\/calendario-do-pis-pasep-2026-sai-em-breve-e-define-a-data-do-seu-dinheiro\/","name":"Calend\u00e1rio do PIS\/Pasep 2026 sai em breve e define a data do seu dinheiro - Estado de Minas - Em foco","isPartOf":{"@id":"https:\/\/www.em.com.br\/emfoco\/#website"},"primaryImageOfPage":{"@id":"https:\/\/www.em.com.br\/emfoco\/2025\/11\/02\/calendario-do-pis-pasep-2026-sai-em-breve-e-define-a-data-do-seu-dinheiro\/#primaryimage"},"image":{"@id":"https:\/\/www.em.com.br\/emfoco\/2025\/11\/02\/calendario-do-pis-pasep-2026-sai-em-breve-e-define-a-data-do-seu-dinheiro\/#primaryimage"},"thumbnailUrl":"https:\/\/www.em.com.br\/emfoco\/wp-content\/uploads\/2025\/08\/Reais-dinheiro_1754978580233.jpg","datePublished":"2025-11-02T20:25:00+00:00","dateModified":"2025-11-02T00:37:28+00:00","author":{"@id":"https:\/\/www.em.com.br\/emfoco\/#\/schema\/person\/649e610b4eb8fff87ff394e54fe17b2b"},"description":"Calend\u00e1rio do PIS\/Pasep 2026 ser\u00e1 divulgado em breve e pode revelar quando o seu dinheiro extra vai cair na conta, trazendo al\u00edvio para muitos.","breadcrumb":{"@id":"https:\/\/www.em.com.br\/emfoco\/2025\/11\/02\/calendario-do-pis-pasep-2026-sai-em-breve-e-define-a-data-do-seu-dinheiro\/#breadcrumb"},"inLanguage":"pt-BR","potentialAction":[{"@type":"ReadAction","target":["https:\/\/www.em.com.br\/emfoco\/2025\/11\/02\/calendario-do-pis-pasep-2026-sai-em-breve-e-define-a-data-do-seu-dinheiro\/"]}]},{"@type":"ImageObject","inLanguage":"pt-BR","@id":"https:\/\/www.em.com.br\/emfoco\/2025\/11\/02\/calendario-do-pis-pasep-2026-sai-em-breve-e-define-a-data-do-seu-dinheiro\/#primaryimage","url":"https:\/\/www.em.com.br\/emfoco\/wp-content\/uploads\/2025\/08\/Reais-dinheiro_1754978580233.jpg","contentUrl":"https:\/\/www.em.com.br\/emfoco\/wp-content\/uploads\/2025\/08\/Reais-dinheiro_1754978580233.jpg","width":1280,"height":720,"caption":"O que muda no BPC e por que erros bloqueiam o acesso - Cr\u00e9ditos: depositphotos.com \/ Krakenimages.com"},{"@type":"BreadcrumbList","@id":"https:\/\/www.em.com.br\/emfoco\/2025\/11\/02\/calendario-do-pis-pasep-2026-sai-em-breve-e-define-a-data-do-seu-dinheiro\/#breadcrumb","itemListElement":[{"@type":"ListItem","position":1,"name":"In\u00edcio","item":"https:\/\/www.em.com.br\/emfoco\/"},{"@type":"ListItem","position":2,"name":"Calend\u00e1rio do PIS\/Pasep 2026 sai em breve e define a data do seu dinheiro"}]},{"@type":"WebSite","@id":"https:\/\/www.em.com.br\/emfoco\/#website","url":"https:\/\/www.em.com.br\/emfoco\/","name":"Estado de Minas - Em foco","description":"Acompanhe as \u00faltimas not\u00edcias e fique bem informado sobre tudo o que acontece em Minas Gerais, Brasil e no mundo.","potentialAction":[{"@type":"SearchAction","target":{"@type":"EntryPoint","urlTemplate":"https:\/\/www.em.com.br\/emfoco\/?s={search_term_string}"},"query-input":{"@type":"PropertyValueSpecification","valueRequired":true,"valueName":"search_term_string"}}],"inLanguage":"pt-BR"},{"@type":"Person","@id":"https:\/\/www.em.com.br\/emfoco\/#\/schema\/person\/649e610b4eb8fff87ff394e54fe17b2b","name":"Ingrid Diniz","image":{"@type":"ImageObject","inLanguage":"pt-BR","@id":"https:\/\/www.em.com.br\/emfoco\/#\/schema\/person\/image\/","url":"https:\/\/secure.gravatar.com\/avatar\/a3baa1449ec5c39b4c42babc9d4f3951?s=96&d=mm&r=g","contentUrl":"https:\/\/secure.gravatar.com\/avatar\/a3baa1449ec5c39b4c42babc9d4f3951?s=96&d=mm&r=g","caption":"Ingrid Diniz"},"sameAs":["https:\/\/www.em.com.br\/"],"url":"https:\/\/www.em.com.br\/emfoco\/author\/ingridmyth\/"}]}},"_links":{"self":[{"href":"https:\/\/www.em.com.br\/emfoco\/wp-json\/wp\/v2\/posts\/122341","targetHints":{"allow":["GET"]}}],"collection":[{"href":"https:\/\/www.em.com.br\/emfoco\/wp-json\/wp\/v2\/posts"}],"about":[{"href":"https:\/\/www.em.com.br\/emfoco\/wp-json\/wp\/v2\/types\/post"}],"author":[{"embeddable":true,"href":"https:\/\/www.em.com.br\/emfoco\/wp-json\/wp\/v2\/users\/20"}],"replies":[{"embeddable":true,"href":"https:\/\/www.em.com.br\/emfoco\/wp-json\/wp\/v2\/comments?post=122341"}],"version-history":[{"count":1,"href":"https:\/\/www.em.com.br\/emfoco\/wp-json\/wp\/v2\/posts\/122341\/revisions"}],"predecessor-version":[{"id":122358,"href":"https:\/\/www.em.com.br\/emfoco\/wp-json\/wp\/v2\/posts\/122341\/revisions\/122358"}],"wp:featuredmedia":[{"embeddable":true,"href":"https:\/\/www.em.com.br\/emfoco\/wp-json\/wp\/v2\/media\/90628"}],"wp:attachment":[{"href":"https:\/\/www.em.com.br\/emfoco\/wp-json\/wp\/v2\/media?parent=122341"}],"wp:term":[{"taxonomy":"category","embeddable":true,"href":"https:\/\/www.em.com.br\/emfoco\/wp-json\/wp\/v2\/categories?post=122341"},{"taxonomy":"post_tag","embeddable":true,"href":"https:\/\/www.em.com.br\/emfoco\/wp-json\/wp\/v2\/tags?post=122341"}],"curies":[{"name":"wp","href":"https:\/\/api.w.org\/{rel}","templated":true}]}}