{"id":1223,"date":"2024-11-23T08:12:27","date_gmt":"2024-11-23T11:12:27","guid":{"rendered":"https:\/\/www.em.com.br\/emfoco\/?p=1223"},"modified":"2024-11-24T08:15:35","modified_gmt":"2024-11-24T11:15:35","slug":"voce-conhece-o-melhor-litoral-do-brasil-para-aposentados-viverem-com-melhor-qualidade-de-vida","status":"publish","type":"post","link":"https:\/\/www.em.com.br\/emfoco\/2024\/11\/23\/voce-conhece-o-melhor-litoral-do-brasil-para-aposentados-viverem-com-melhor-qualidade-de-vida\/","title":{"rendered":"Voc\u00ea conhece o Melhor Litoral do Brasil para aposentados viverem com melhor qualidade de vida?"},"content":{"rendered":"\n<p>A cidade de Santos, no litoral do estado de S\u00e3o Paulo, destaca-se como um exemplo not\u00e1vel na promo\u00e7\u00e3o de qualidade de vida para a popula\u00e7\u00e3o idosa. Atrav\u00e9s de uma variedade de iniciativas esportivas e culturais, a cidade se empenha em proporcionar um ambiente que incentiva a sa\u00fade e o bem-estar dos seus cidad\u00e3os idosos. Esse compromisso \u00e9 evidenciado em programas voltados para o desenvolvimento e a participa\u00e7\u00e3o ativa dos idosos na vida comunit\u00e1ria.<\/p>\n\n\n\n<p>Essas iniciativas t\u00eam como objetivo n\u00e3o apenas assegurar que os idosos permane\u00e7am fisicamente ativos, mas tamb\u00e9m que se mantenham integrados social e culturalmente. Desde atividades esportivas \u00e0 oferta de programas culturais, Santos busca envolver seus idosos em todas as esferas da vida social.<\/p>\n\n\n\n<figure class=\"wp-block-image size-large\"><img loading=\"lazy\" decoding=\"async\" width=\"1024\" height=\"576\" src=\"https:\/\/www.em.com.br\/emfoco\/wp-content\/uploads\/2024\/11\/9c721c40-26b6-4866-8df9-0f47f3e7077e-1024x576.jpeg\" alt=\"Voc\u00ea conhece o Melhor Litoral do Brasil para aposentados viverem com melhor qualidade de vida? Cr\u00e9ditos: depositphotos.com \/ sergio_pulp\" class=\"wp-image-1224\" srcset=\"https:\/\/www.em.com.br\/emfoco\/wp-content\/uploads\/2024\/11\/9c721c40-26b6-4866-8df9-0f47f3e7077e-1024x576.jpeg 1024w, https:\/\/www.em.com.br\/emfoco\/wp-content\/uploads\/2024\/11\/9c721c40-26b6-4866-8df9-0f47f3e7077e-300x169.jpeg 300w, https:\/\/www.em.com.br\/emfoco\/wp-content\/uploads\/2024\/11\/9c721c40-26b6-4866-8df9-0f47f3e7077e-768x432.jpeg 768w, https:\/\/www.em.com.br\/emfoco\/wp-content\/uploads\/2024\/11\/9c721c40-26b6-4866-8df9-0f47f3e7077e-750x422.jpeg 750w, https:\/\/www.em.com.br\/emfoco\/wp-content\/uploads\/2024\/11\/9c721c40-26b6-4866-8df9-0f47f3e7077e-1140x641.jpeg 1140w, https:\/\/www.em.com.br\/emfoco\/wp-content\/uploads\/2024\/11\/9c721c40-26b6-4866-8df9-0f47f3e7077e.jpeg 1280w\" sizes=\"auto, (max-width: 1024px) 100vw, 1024px\" \/><figcaption class=\"wp-element-caption\">Voc\u00ea conhece o Melhor Litoral do Brasil para aposentados viverem com melhor qualidade de vida? Cr\u00e9ditos: depositphotos.com \/ sergio_pulp<\/figcaption><\/figure>\n\n\n\n<h2 class=\"wp-block-heading\">Por que Santos \u00e9 um Modelo para a Terceira Idade?<\/h2>\n\n\n\n<p>A cidade tem se destacado pela ampla gama de atividades esportivas especialmente projetadas para atender a popula\u00e7\u00e3o idosa. A Secretaria de Esportes de Santos disponibiliza modalidades como surfe, v\u00f4lei, hidrogin\u00e1stica e nata\u00e7\u00e3o, que ocorrem nos gin\u00e1sios municipais e nos Postos de Salvamento \u00e0 beira-mar. Al\u00e9m de promover a sa\u00fade f\u00edsica, essas atividades s\u00e3o fundamentais para impulsionar a socializa\u00e7\u00e3o entre os participantes.<\/p>\n\n\n\n<p>A pr\u00e1tica constante de esportes n\u00e3o s\u00f3 auxilia na preven\u00e7\u00e3o de v\u00e1rias enfermidades, mas tamb\u00e9m contribui para a melhoria geral da qualidade de vida. Os benef\u00edcios alcan\u00e7am tanto o aspecto f\u00edsico quanto o emocional e social, garantindo aos participantes uma vida mais completa e satisfat\u00f3ria.<\/p>\n\n\n\n<h2 class=\"wp-block-heading\">Quais Atividades Culturais Incentivam os Idosos em Santos?<\/h2>\n\n\n\n<p>Complementando as atividades f\u00edsicas, a cidade de Santos promove uma rica programa\u00e7\u00e3o cultural atrav\u00e9s da F\u00e1brica Cultural, sob a gest\u00e3o da Secretaria de Cultura. Cursos e oficinas de dan\u00e7a, m\u00fasica, artes pl\u00e1sticas e teatro s\u00e3o oferecidos, com ins<\/p>\n","protected":false},"excerpt":{"rendered":"<p>Atrav\u00e9s de uma variedade de iniciativas esportivas e culturais, a cidade se empenha em proporcionar um ambiente que incentiva a sa\u00fade e o bem-estar dos seus cidad\u00e3os<\/p>\n","protected":false},"author":2,"featured_media":1224,"comment_status":"open","ping_status":"open","sticky":false,"template":"","format":"standard","meta":{"jnews-multi-image_gallery":[],"jnews_single_post":{"format":"standard"},"jnews_primary_category":[],"jnews_social_meta":[],"jnews_override_counter":[],"footnotes":""},"categories":[26,1],"tags":[847,846,260,327,845],"class_list":["post-1223","post","type-post","status-publish","format-standard","has-post-thumbnail","hentry","category-cidades","category-noticias","tag-atividades-culturais","tag-atividades-fisicas","tag-idosos","tag-qualidade-de-vida","tag-santos"],"yoast_head":"<!-- This site is optimized with the Yoast SEO plugin v23.8 - https:\/\/yoast.com\/wordpress\/plugins\/seo\/ -->\n<title>Voc\u00ea conhece o Melhor Litoral do Brasil para aposentados viverem com melhor qualidade de vida? - Estado de Minas - Em foco<\/title>\n<meta name=\"description\" content=\"Atrav\u00e9s de uma variedade de iniciativas esportivas e culturais, a cidade se empenha em proporcionar um ambiente que incentiva a sa\u00fade e o bem-estar dos seus cidad\u00e3os\" \/>\n<meta name=\"robots\" content=\"index, follow, max-snippet:-1, max-image-preview:large, max-video-preview:-1\" \/>\n<link rel=\"canonical\" href=\"https:\/\/www.em.com.br\/emfoco\/2024\/11\/23\/voce-conhece-o-melhor-litoral-do-brasil-para-aposentados-viverem-com-melhor-qualidade-de-vida\/\" \/>\n<meta property=\"og:locale\" content=\"pt_BR\" \/>\n<meta property=\"og:type\" content=\"article\" \/>\n<meta property=\"og:title\" content=\"Voc\u00ea conhece o Melhor Litoral do Brasil para aposentados viverem com melhor qualidade de vida? - Estado de Minas - Em foco\" \/>\n<meta property=\"og:description\" content=\"Atrav\u00e9s de uma variedade de iniciativas esportivas e culturais, a cidade se empenha em proporcionar um ambiente que incentiva a sa\u00fade e o bem-estar dos seus cidad\u00e3os\" \/>\n<meta property=\"og:url\" content=\"https:\/\/www.em.com.br\/emfoco\/2024\/11\/23\/voce-conhece-o-melhor-litoral-do-brasil-para-aposentados-viverem-com-melhor-qualidade-de-vida\/\" \/>\n<meta property=\"og:site_name\" content=\"Estado de Minas - Em foco\" \/>\n<meta property=\"article:published_time\" content=\"2024-11-23T11:12:27+00:00\" \/>\n<meta property=\"article:modified_time\" content=\"2024-11-24T11:15:35+00:00\" \/>\n<meta property=\"og:image\" content=\"https:\/\/www.em.com.br\/emfoco\/wp-content\/uploads\/2024\/11\/9c721c40-26b6-4866-8df9-0f47f3e7077e.jpeg\" \/>\n\t<meta property=\"og:image:width\" content=\"1280\" \/>\n\t<meta property=\"og:image:height\" content=\"720\" \/>\n\t<meta property=\"og:image:type\" content=\"image\/jpeg\" \/>\n<meta name=\"author\" content=\"Guilherme\" \/>\n<meta name=\"twitter:card\" content=\"summary_large_image\" \/>\n<meta name=\"twitter:label1\" content=\"Escrito por\" \/>\n\t<meta name=\"twitter:data1\" content=\"Guilherme\" \/>\n\t<meta name=\"twitter:label2\" content=\"Est. tempo de leitura\" \/>\n\t<meta name=\"twitter:data2\" content=\"3 minutos\" \/>\n<!-- \/ Yoast SEO plugin. -->","yoast_head_json":{"title":"Voc\u00ea conhece o Melhor Litoral do Brasil para aposentados viverem com melhor qualidade de vida? - Estado de Minas - Em foco","description":"Atrav\u00e9s de uma variedade de iniciativas esportivas e culturais, a cidade se empenha em proporcionar um ambiente que incentiva a sa\u00fade e o bem-estar dos seus cidad\u00e3os","robots":{"index":"index","follow":"follow","max-snippet":"max-snippet:-1","max-image-preview":"max-image-preview:large","max-video-preview":"max-video-preview:-1"},"canonical":"https:\/\/www.em.com.br\/emfoco\/2024\/11\/23\/voce-conhece-o-melhor-litoral-do-brasil-para-aposentados-viverem-com-melhor-qualidade-de-vida\/","og_locale":"pt_BR","og_type":"article","og_title":"Voc\u00ea conhece o Melhor Litoral do Brasil para aposentados viverem com melhor qualidade de vida? - Estado de Minas - Em foco","og_description":"Atrav\u00e9s de uma variedade de iniciativas esportivas e culturais, a cidade se empenha em proporcionar um ambiente que incentiva a sa\u00fade e o bem-estar dos seus cidad\u00e3os","og_url":"https:\/\/www.em.com.br\/emfoco\/2024\/11\/23\/voce-conhece-o-melhor-litoral-do-brasil-para-aposentados-viverem-com-melhor-qualidade-de-vida\/","og_site_name":"Estado de Minas - Em foco","article_published_time":"2024-11-23T11:12:27+00:00","article_modified_time":"2024-11-24T11:15:35+00:00","og_image":[{"width":1280,"height":720,"url":"https:\/\/www.em.com.br\/emfoco\/wp-content\/uploads\/2024\/11\/9c721c40-26b6-4866-8df9-0f47f3e7077e.jpeg","type":"image\/jpeg"}],"author":"Guilherme","twitter_card":"summary_large_image","twitter_misc":{"Escrito por":"Guilherme","Est. tempo de leitura":"3 minutos"},"schema":{"@context":"https:\/\/schema.org","@graph":[{"@type":"WebPage","@id":"https:\/\/www.em.com.br\/emfoco\/2024\/11\/23\/voce-conhece-o-melhor-litoral-do-brasil-para-aposentados-viverem-com-melhor-qualidade-de-vida\/","url":"https:\/\/www.em.com.br\/emfoco\/2024\/11\/23\/voce-conhece-o-melhor-litoral-do-brasil-para-aposentados-viverem-com-melhor-qualidade-de-vida\/","name":"Voc\u00ea conhece o Melhor Litoral do Brasil para aposentados viverem com melhor qualidade de vida? - Estado de Minas - Em foco","isPartOf":{"@id":"https:\/\/www.em.com.br\/emfoco\/#website"},"primaryImageOfPage":{"@id":"https:\/\/www.em.com.br\/emfoco\/2024\/11\/23\/voce-conhece-o-melhor-litoral-do-brasil-para-aposentados-viverem-com-melhor-qualidade-de-vida\/#primaryimage"},"image":{"@id":"https:\/\/www.em.com.br\/emfoco\/2024\/11\/23\/voce-conhece-o-melhor-litoral-do-brasil-para-aposentados-viverem-com-melhor-qualidade-de-vida\/#primaryimage"},"thumbnailUrl":"https:\/\/www.em.com.br\/emfoco\/wp-content\/uploads\/2024\/11\/9c721c40-26b6-4866-8df9-0f47f3e7077e.jpeg","datePublished":"2024-11-23T11:12:27+00:00","dateModified":"2024-11-24T11:15:35+00:00","author":{"@id":"https:\/\/www.em.com.br\/emfoco\/#\/schema\/person\/097c4a57cc4dc96be3b74aaf7185dd84"},"description":"Atrav\u00e9s de uma variedade de iniciativas esportivas e culturais, a cidade se empenha em proporcionar um ambiente que incentiva a sa\u00fade e o bem-estar dos seus cidad\u00e3os","breadcrumb":{"@id":"https:\/\/www.em.com.br\/emfoco\/2024\/11\/23\/voce-conhece-o-melhor-litoral-do-brasil-para-aposentados-viverem-com-melhor-qualidade-de-vida\/#breadcrumb"},"inLanguage":"pt-BR","potentialAction":[{"@type":"ReadAction","target":["https:\/\/www.em.com.br\/emfoco\/2024\/11\/23\/voce-conhece-o-melhor-litoral-do-brasil-para-aposentados-viverem-com-melhor-qualidade-de-vida\/"]}]},{"@type":"ImageObject","inLanguage":"pt-BR","@id":"https:\/\/www.em.com.br\/emfoco\/2024\/11\/23\/voce-conhece-o-melhor-litoral-do-brasil-para-aposentados-viverem-com-melhor-qualidade-de-vida\/#primaryimage","url":"https:\/\/www.em.com.br\/emfoco\/wp-content\/uploads\/2024\/11\/9c721c40-26b6-4866-8df9-0f47f3e7077e.jpeg","contentUrl":"https:\/\/www.em.com.br\/emfoco\/wp-content\/uploads\/2024\/11\/9c721c40-26b6-4866-8df9-0f47f3e7077e.jpeg","width":1280,"height":720,"caption":"Voc\u00ea conhece o Melhor Litoral do Brasil para aposentados viverem com melhor qualidade de vida? Cr\u00e9ditos: depositphotos.com \/ sergio_pulp"},{"@type":"BreadcrumbList","@id":"https:\/\/www.em.com.br\/emfoco\/2024\/11\/23\/voce-conhece-o-melhor-litoral-do-brasil-para-aposentados-viverem-com-melhor-qualidade-de-vida\/#breadcrumb","itemListElement":[{"@type":"ListItem","position":1,"name":"In\u00edcio","item":"https:\/\/www.em.com.br\/emfoco\/"},{"@type":"ListItem","position":2,"name":"Voc\u00ea conhece o Melhor Litoral do Brasil para aposentados viverem com melhor qualidade de vida?"}]},{"@type":"WebSite","@id":"https:\/\/www.em.com.br\/emfoco\/#website","url":"https:\/\/www.em.com.br\/emfoco\/","name":"Estado de Minas - Em foco","description":"Acompanhe as \u00faltimas not\u00edcias e fique bem informado sobre tudo o que acontece em Minas Gerais, Brasil e no mundo.","potentialAction":[{"@type":"SearchAction","target":{"@type":"EntryPoint","urlTemplate":"https:\/\/www.em.com.br\/emfoco\/?s={search_term_string}"},"query-input":{"@type":"PropertyValueSpecification","valueRequired":true,"valueName":"search_term_string"}}],"inLanguage":"pt-BR"},{"@type":"Person","@id":"https:\/\/www.em.com.br\/emfoco\/#\/schema\/person\/097c4a57cc4dc96be3b74aaf7185dd84","name":"Guilherme","image":{"@type":"ImageObject","inLanguage":"pt-BR","@id":"https:\/\/www.em.com.br\/emfoco\/#\/schema\/person\/image\/","url":"https:\/\/secure.gravatar.com\/avatar\/6a059d20d980bdeb1d1d6b0fa2b4633c?s=96&d=mm&r=g","contentUrl":"https:\/\/secure.gravatar.com\/avatar\/6a059d20d980bdeb1d1d6b0fa2b4633c?s=96&d=mm&r=g","caption":"Guilherme"},"url":"https:\/\/www.em.com.br\/emfoco\/author\/guilhermemyth\/"}]}},"_links":{"self":[{"href":"https:\/\/www.em.com.br\/emfoco\/wp-json\/wp\/v2\/posts\/1223","targetHints":{"allow":["GET"]}}],"collection":[{"href":"https:\/\/www.em.com.br\/emfoco\/wp-json\/wp\/v2\/posts"}],"about":[{"href":"https:\/\/www.em.com.br\/emfoco\/wp-json\/wp\/v2\/types\/post"}],"author":[{"embeddable":true,"href":"https:\/\/www.em.com.br\/emfoco\/wp-json\/wp\/v2\/users\/2"}],"replies":[{"embeddable":true,"href":"https:\/\/www.em.com.br\/emfoco\/wp-json\/wp\/v2\/comments?post=1223"}],"version-history":[{"count":2,"href":"https:\/\/www.em.com.br\/emfoco\/wp-json\/wp\/v2\/posts\/1223\/revisions"}],"predecessor-version":[{"id":1226,"href":"https:\/\/www.em.com.br\/emfoco\/wp-json\/wp\/v2\/posts\/1223\/revisions\/1226"}],"wp:featuredmedia":[{"embeddable":true,"href":"https:\/\/www.em.com.br\/emfoco\/wp-json\/wp\/v2\/media\/1224"}],"wp:attachment":[{"href":"https:\/\/www.em.com.br\/emfoco\/wp-json\/wp\/v2\/media?parent=1223"}],"wp:term":[{"taxonomy":"category","embeddable":true,"href":"https:\/\/www.em.com.br\/emfoco\/wp-json\/wp\/v2\/categories?post=1223"},{"taxonomy":"post_tag","embeddable":true,"href":"https:\/\/www.em.com.br\/emfoco\/wp-json\/wp\/v2\/tags?post=1223"}],"curies":[{"name":"wp","href":"https:\/\/api.w.org\/{rel}","templated":true}]}}