{"id":122221,"date":"2025-11-03T21:15:00","date_gmt":"2025-11-04T00:15:00","guid":{"rendered":"https:\/\/www.em.com.br\/emfoco\/?p=122221"},"modified":"2025-11-01T03:32:48","modified_gmt":"2025-11-01T06:32:48","slug":"a-combinacao-mais-poderosa-ja-usada-para-recuperar-cachos-ressecados","status":"publish","type":"post","link":"https:\/\/www.em.com.br\/emfoco\/2025\/11\/03\/a-combinacao-mais-poderosa-ja-usada-para-recuperar-cachos-ressecados\/","title":{"rendered":"A combina\u00e7\u00e3o mais poderosa j\u00e1 usada para recuperar cachos ressecados"},"content":{"rendered":"\n<p>Cabelos cacheados t\u00eam mais dificuldade em distribuir a oleosidade at\u00e9 as pontas, o que os deixa mais suscet\u00edveis ao ressecamento. Usar <strong>condicionador natural<\/strong> \u00e9 uma forma de nutrir sem pesar os fios, preservando brilho e defini\u00e7\u00e3o com ingredientes vegetais.<\/p>\n\n\n\n<h2 class=\"wp-block-heading\">Por que os cachos beneficiam tanto dessas receitas naturais?<\/h2>\n\n\n\n<p>Os fios com curvas precisam de <a href=\"https:\/\/www.dermaclub.com.br\/blog\/cabelo\/oleo-de-cabelo-beneficios-como-usar.html?srsltid=AfmBOopA7rbCwjBcjPgVmMTq3TPdD4DlKMRxVDJGdcmK5NB_dUq6VceL\" target=\"_blank\" rel=\"noreferrer noopener\"><strong>\u00f3leos nutritivos<\/strong> <\/a>que rep\u00f5em o que o couro cabeludo n\u00e3o consegue levar at\u00e9 as extremidades. Bases vegetais retornam maciez e facilitam o desembara\u00e7o sem aquele efeito de rigidez comum em f\u00f3rmulas carregadas de silicone.<\/p>\n\n\n\n<p>Ao aplicar condicionadores feitos em casa, o cabelo ganha <strong>brilho suave<\/strong> e mant\u00e9m leveza mesmo ap\u00f3s v\u00e1rios dias entre lavagens. Isso \u00e9 valioso em climas secos ou ap\u00f3s qu\u00edmicas, quando o fio fica mais opaco e com maior tend\u00eancia a frizz e quebra.<\/p>\n\n\n\n<figure class=\"wp-block-image size-large\"><img loading=\"lazy\" decoding=\"async\" width=\"1024\" height=\"576\" src=\"https:\/\/www.em.com.br\/emfoco\/wp-content\/uploads\/2025\/11\/Cabelo-cacheado_1761978735926-1024x576.jpg\" alt=\"A combina\u00e7\u00e3o mais poderosa j\u00e1 usada para recuperar cachos ressecados\" class=\"wp-image-122233\" srcset=\"https:\/\/www.em.com.br\/emfoco\/wp-content\/uploads\/2025\/11\/Cabelo-cacheado_1761978735926-1024x576.jpg 1024w, https:\/\/www.em.com.br\/emfoco\/wp-content\/uploads\/2025\/11\/Cabelo-cacheado_1761978735926-300x169.jpg 300w, https:\/\/www.em.com.br\/emfoco\/wp-content\/uploads\/2025\/11\/Cabelo-cacheado_1761978735926-768x432.jpg 768w, https:\/\/www.em.com.br\/emfoco\/wp-content\/uploads\/2025\/11\/Cabelo-cacheado_1761978735926-750x422.jpg 750w, https:\/\/www.em.com.br\/emfoco\/wp-content\/uploads\/2025\/11\/Cabelo-cacheado_1761978735926-1140x641.jpg 1140w, https:\/\/www.em.com.br\/emfoco\/wp-content\/uploads\/2025\/11\/Cabelo-cacheado_1761978735926.jpg 1280w\" sizes=\"auto, (max-width: 1024px) 100vw, 1024px\" \/><figcaption class=\"wp-element-caption\">Fios cacheados precisam de \u00f3leos nutritivos at\u00e9 as pontas &#8211; Cr\u00e9ditos: depositphotos.com \/ VitalikRadko<\/figcaption><\/figure>\n\n\n\n<h2 class=\"wp-block-heading\">Quais s\u00e3o as melhores receitas de preparo simples e efeito r\u00e1pido?<\/h2>\n\n\n\n<p>Essas combina\u00e7\u00f5es s\u00e3o f\u00e1ceis de fazer e utilizam <strong>ingredientes naturais<\/strong> que equilibram hidrata\u00e7\u00e3o, nutri\u00e7\u00e3o e textura.<\/p>\n\n\n\n<ul class=\"wp-block-list\">\n<li><strong>Babosa com \u00f3leo de coco<\/strong><\/li>\n\n\n\n<li><strong>Banana com mel<\/strong><\/li>\n\n\n\n<li><strong>Vinagre de ma\u00e7\u00e3 com \u00e1gua filtrada<\/strong><\/li>\n<\/ul>\n\n\n\n<p><em>Leia mais: <a href=\"https:\/\/www.em.com.br\/emfoco\/2025\/09\/08\/os-cortes-de-cabelo-cacheado-que-estao-entre-os-mais-desejados-e-estilosos-do-ano\/\" target=\"_blank\" rel=\"noreferrer noopener\">Os cortes de cabelo cacheado que est\u00e3o entre os mais desejados e estilosos do ano<\/a><\/em><\/p>\n\n\n\n<h2 class=\"wp-block-heading\">Como aplicar as misturas para extrair o m\u00e1ximo de resultado?<\/h2>\n\n\n\n<p>No banho, o fio absorve melhor componentes com <strong>manteigas vegetais<\/strong>. Para babosa com \u00f3leo vegetal, deixe agir por 10 minutos, enx\u00e1gue e finalize com creme leve. Para banana com mel, o ideal \u00e9 amassar bem para n\u00e3o ficar res\u00edduos.<\/p>\n\n\n\n<p>J\u00e1 no condicionamento \u00e1cido do vinagre dilu\u00eddo, o <strong>pH equilibrado<\/strong> fecha cut\u00edculas, reduz volume e entrega brilho. Mas fa\u00e7a isso com modera\u00e7\u00e3o: uma vez na semana \u00e9 suficiente para evitar rigidez e manter o balan\u00e7o macio caracter\u00edstico do cacho.<\/p>\n\n\n\n<blockquote class=\"tiktok-embed\" cite=\"https:\/\/www.tiktok.com\/@barbaracsouzas\/video\/7335091460141894918\" data-video-id=\"7335091460141894918\" style=\"max-width: 605px;min-width: 325px;\" > <section> <a target=\"_blank\" title=\"@barbaracsouzas\" href=\"https:\/\/www.tiktok.com\/@barbaracsouzas?refer=embed\">@barbaracsouzas<\/a> \ud83e\uddd6\ud83c\udffd\u200d\u2640\ufe0f| \u00d3leo de Coco&#38;Babosa \u2022  QUANTIDADES: &#8211; 2 folhas de babosa; &#8211; 4 colheres de oleo de coco;  <a title=\"cabelocacheado\" target=\"_blank\" href=\"https:\/\/www.tiktok.com\/tag\/cabelocacheado?refer=embed\">#cabelocacheado<\/a> <a title=\"oleodecoco\" target=\"_blank\" href=\"https:\/\/www.tiktok.com\/tag\/oleodecoco?refer=embed\">#oleodecoco<\/a> <a title=\"babosanocabelo\" target=\"_blank\" href=\"https:\/\/www.tiktok.com\/tag\/babosanocabelo?refer=embed\">#babosanocabelo<\/a> <a target=\"_blank\" title=\"\u266c 3D (feat. Jack Harlow) - Jung Kook &#38; Jack Harlow\" href=\"https:\/\/www.tiktok.com\/music\/3D-feat-Jack-Harlow-7283427877760190466?refer=embed\">\u266c 3D (feat. Jack Harlow) &#8211; Jung Kook &#38; Jack Harlow<\/a> <\/section> <\/blockquote> <script async src=\"https:\/\/www.tiktok.com\/embed.js\"><\/script>\n\n\n\n<h2 class=\"wp-block-heading\">Como armazenar corretamente e manter essa rotina sustent\u00e1vel?<\/h2>\n\n\n\n<p>Essas prepara\u00e7\u00f5es combinam com m\u00e9todos como <strong>low poo<\/strong> e <strong>no poo<\/strong>, e podem ser guardadas na geladeira por at\u00e9 cinco dias. Use uma ou duas vezes por semana, sempre alternando com o condicionador tradicional do seu dia a dia.<\/p>\n\n\n\n<ul class=\"wp-block-list\">\n<li>Fa\u00e7a pequenas por\u00e7\u00f5es para n\u00e3o desperdi\u00e7ar<\/li>\n\n\n\n<li>Armazene em potes limpos e bem fechados<\/li>\n\n\n\n<li>Pare imediatamente se sentir irrita\u00e7\u00e3o no couro cabeludo<\/li>\n<\/ul>\n","protected":false},"excerpt":{"rendered":"<p>Cabelos cacheados t\u00eam mais dificuldade em distribuir a oleosidade at\u00e9 as pontas, o que os deixa mais suscet\u00edveis ao ressecamento. Usar condicionador natural \u00e9 uma forma de nutrir sem pesar os fios, preservando brilho e defini\u00e7\u00e3o com ingredientes vegetais. Por que os cachos beneficiam tanto dessas receitas naturais? Os fios com curvas precisam de \u00f3leos [&hellip;]<\/p>\n","protected":false},"author":13,"featured_media":122232,"comment_status":"open","ping_status":"open","sticky":false,"template":"","format":"standard","meta":{"jnews-multi-image_gallery":[],"jnews_single_post":{"format":"standard"},"jnews_primary_category":[],"jnews_social_meta":[],"jnews_override_counter":[],"footnotes":""},"categories":[8819],"tags":[4886,18256,18255],"class_list":["post-122221","post","type-post","status-publish","format-standard","has-post-thumbnail","hentry","category-curiosidades","tag-cabelos-cacheados","tag-cachos-secos","tag-condicionador-natural"],"yoast_head":"<!-- This site is optimized with the Yoast SEO plugin v23.8 - https:\/\/yoast.com\/wordpress\/plugins\/seo\/ -->\n<title>A combina\u00e7\u00e3o mais poderosa j\u00e1 usada para recuperar cachos ressecados - Estado de Minas - Em foco<\/title>\n<meta name=\"description\" content=\"Cabelos cacheados sofrem com ressecamento. Essas misturas com babosa, \u00f3leo e banana devolvem maciez sem pesar nos fios.\" \/>\n<meta name=\"robots\" content=\"index, follow, max-snippet:-1, max-image-preview:large, max-video-preview:-1\" \/>\n<link rel=\"canonical\" href=\"https:\/\/www.em.com.br\/emfoco\/2025\/11\/03\/a-combinacao-mais-poderosa-ja-usada-para-recuperar-cachos-ressecados\/\" \/>\n<meta property=\"og:locale\" content=\"pt_BR\" \/>\n<meta property=\"og:type\" content=\"article\" \/>\n<meta property=\"og:title\" content=\"A combina\u00e7\u00e3o mais poderosa j\u00e1 usada para recuperar cachos ressecados - Estado de Minas - Em foco\" \/>\n<meta property=\"og:description\" content=\"Cabelos cacheados sofrem com ressecamento. Essas misturas com babosa, \u00f3leo e banana devolvem maciez sem pesar nos fios.\" \/>\n<meta property=\"og:url\" content=\"https:\/\/www.em.com.br\/emfoco\/2025\/11\/03\/a-combinacao-mais-poderosa-ja-usada-para-recuperar-cachos-ressecados\/\" \/>\n<meta property=\"og:site_name\" content=\"Estado de Minas - Em foco\" \/>\n<meta property=\"article:published_time\" content=\"2025-11-04T00:15:00+00:00\" \/>\n<meta property=\"article:modified_time\" content=\"2025-11-01T06:32:48+00:00\" \/>\n<meta property=\"og:image\" content=\"https:\/\/www.em.com.br\/emfoco\/wp-content\/uploads\/2025\/11\/Cabelo-cacheado-seco_1761978685565.jpg\" \/>\n\t<meta property=\"og:image:width\" content=\"1280\" \/>\n\t<meta property=\"og:image:height\" content=\"720\" \/>\n\t<meta property=\"og:image:type\" content=\"image\/jpeg\" \/>\n<meta name=\"author\" content=\"Gabriel Martins\" \/>\n<meta name=\"twitter:card\" content=\"summary_large_image\" \/>\n<meta name=\"twitter:label1\" content=\"Escrito por\" \/>\n\t<meta name=\"twitter:data1\" content=\"Gabriel Martins\" \/>\n\t<meta name=\"twitter:label2\" content=\"Est. tempo de leitura\" \/>\n\t<meta name=\"twitter:data2\" content=\"3 minutos\" \/>\n<!-- \/ Yoast SEO plugin. -->","yoast_head_json":{"title":"A combina\u00e7\u00e3o mais poderosa j\u00e1 usada para recuperar cachos ressecados - Estado de Minas - Em foco","description":"Cabelos cacheados sofrem com ressecamento. Essas misturas com babosa, \u00f3leo e banana devolvem maciez sem pesar nos fios.","robots":{"index":"index","follow":"follow","max-snippet":"max-snippet:-1","max-image-preview":"max-image-preview:large","max-video-preview":"max-video-preview:-1"},"canonical":"https:\/\/www.em.com.br\/emfoco\/2025\/11\/03\/a-combinacao-mais-poderosa-ja-usada-para-recuperar-cachos-ressecados\/","og_locale":"pt_BR","og_type":"article","og_title":"A combina\u00e7\u00e3o mais poderosa j\u00e1 usada para recuperar cachos ressecados - Estado de Minas - Em foco","og_description":"Cabelos cacheados sofrem com ressecamento. Essas misturas com babosa, \u00f3leo e banana devolvem maciez sem pesar nos fios.","og_url":"https:\/\/www.em.com.br\/emfoco\/2025\/11\/03\/a-combinacao-mais-poderosa-ja-usada-para-recuperar-cachos-ressecados\/","og_site_name":"Estado de Minas - Em foco","article_published_time":"2025-11-04T00:15:00+00:00","article_modified_time":"2025-11-01T06:32:48+00:00","og_image":[{"width":1280,"height":720,"url":"https:\/\/www.em.com.br\/emfoco\/wp-content\/uploads\/2025\/11\/Cabelo-cacheado-seco_1761978685565.jpg","type":"image\/jpeg"}],"author":"Gabriel Martins","twitter_card":"summary_large_image","twitter_misc":{"Escrito por":"Gabriel Martins","Est. tempo de leitura":"3 minutos"},"schema":{"@context":"https:\/\/schema.org","@graph":[{"@type":"WebPage","@id":"https:\/\/www.em.com.br\/emfoco\/2025\/11\/03\/a-combinacao-mais-poderosa-ja-usada-para-recuperar-cachos-ressecados\/","url":"https:\/\/www.em.com.br\/emfoco\/2025\/11\/03\/a-combinacao-mais-poderosa-ja-usada-para-recuperar-cachos-ressecados\/","name":"A combina\u00e7\u00e3o mais poderosa j\u00e1 usada para recuperar cachos ressecados - Estado de Minas - Em foco","isPartOf":{"@id":"https:\/\/www.em.com.br\/emfoco\/#website"},"primaryImageOfPage":{"@id":"https:\/\/www.em.com.br\/emfoco\/2025\/11\/03\/a-combinacao-mais-poderosa-ja-usada-para-recuperar-cachos-ressecados\/#primaryimage"},"image":{"@id":"https:\/\/www.em.com.br\/emfoco\/2025\/11\/03\/a-combinacao-mais-poderosa-ja-usada-para-recuperar-cachos-ressecados\/#primaryimage"},"thumbnailUrl":"https:\/\/www.em.com.br\/emfoco\/wp-content\/uploads\/2025\/11\/Cabelo-cacheado-seco_1761978685565.jpg","datePublished":"2025-11-04T00:15:00+00:00","dateModified":"2025-11-01T06:32:48+00:00","author":{"@id":"https:\/\/www.em.com.br\/emfoco\/#\/schema\/person\/1c9ddeab18b98abeffef834667bcf08a"},"description":"Cabelos cacheados sofrem com ressecamento. Essas misturas com babosa, \u00f3leo e banana devolvem maciez sem pesar nos fios.","breadcrumb":{"@id":"https:\/\/www.em.com.br\/emfoco\/2025\/11\/03\/a-combinacao-mais-poderosa-ja-usada-para-recuperar-cachos-ressecados\/#breadcrumb"},"inLanguage":"pt-BR","potentialAction":[{"@type":"ReadAction","target":["https:\/\/www.em.com.br\/emfoco\/2025\/11\/03\/a-combinacao-mais-poderosa-ja-usada-para-recuperar-cachos-ressecados\/"]}]},{"@type":"ImageObject","inLanguage":"pt-BR","@id":"https:\/\/www.em.com.br\/emfoco\/2025\/11\/03\/a-combinacao-mais-poderosa-ja-usada-para-recuperar-cachos-ressecados\/#primaryimage","url":"https:\/\/www.em.com.br\/emfoco\/wp-content\/uploads\/2025\/11\/Cabelo-cacheado-seco_1761978685565.jpg","contentUrl":"https:\/\/www.em.com.br\/emfoco\/wp-content\/uploads\/2025\/11\/Cabelo-cacheado-seco_1761978685565.jpg","width":1280,"height":720,"caption":"Condicionadores naturais mant\u00eam cachos hidratados, macios e definidos - Cr\u00e9ditos: depositphotos.com \/ AndrewLozovyi"},{"@type":"BreadcrumbList","@id":"https:\/\/www.em.com.br\/emfoco\/2025\/11\/03\/a-combinacao-mais-poderosa-ja-usada-para-recuperar-cachos-ressecados\/#breadcrumb","itemListElement":[{"@type":"ListItem","position":1,"name":"In\u00edcio","item":"https:\/\/www.em.com.br\/emfoco\/"},{"@type":"ListItem","position":2,"name":"A combina\u00e7\u00e3o mais poderosa j\u00e1 usada para recuperar cachos ressecados"}]},{"@type":"WebSite","@id":"https:\/\/www.em.com.br\/emfoco\/#website","url":"https:\/\/www.em.com.br\/emfoco\/","name":"Estado de Minas - Em foco","description":"Acompanhe as \u00faltimas not\u00edcias e fique bem informado sobre tudo o que acontece em Minas Gerais, Brasil e no mundo.","potentialAction":[{"@type":"SearchAction","target":{"@type":"EntryPoint","urlTemplate":"https:\/\/www.em.com.br\/emfoco\/?s={search_term_string}"},"query-input":{"@type":"PropertyValueSpecification","valueRequired":true,"valueName":"search_term_string"}}],"inLanguage":"pt-BR"},{"@type":"Person","@id":"https:\/\/www.em.com.br\/emfoco\/#\/schema\/person\/1c9ddeab18b98abeffef834667bcf08a","name":"Gabriel Martins","image":{"@type":"ImageObject","inLanguage":"pt-BR","@id":"https:\/\/www.em.com.br\/emfoco\/#\/schema\/person\/image\/","url":"https:\/\/secure.gravatar.com\/avatar\/f0f1e2efdfd88f1ad2cb08c5c2731e50?s=96&d=mm&r=g","contentUrl":"https:\/\/secure.gravatar.com\/avatar\/f0f1e2efdfd88f1ad2cb08c5c2731e50?s=96&d=mm&r=g","caption":"Gabriel Martins"},"sameAs":["https:\/\/www.em.com.br\/emfoco\/"],"url":"https:\/\/www.em.com.br\/emfoco\/author\/gabrielmartinsmyth\/"}]}},"_links":{"self":[{"href":"https:\/\/www.em.com.br\/emfoco\/wp-json\/wp\/v2\/posts\/122221","targetHints":{"allow":["GET"]}}],"collection":[{"href":"https:\/\/www.em.com.br\/emfoco\/wp-json\/wp\/v2\/posts"}],"about":[{"href":"https:\/\/www.em.com.br\/emfoco\/wp-json\/wp\/v2\/types\/post"}],"author":[{"embeddable":true,"href":"https:\/\/www.em.com.br\/emfoco\/wp-json\/wp\/v2\/users\/13"}],"replies":[{"embeddable":true,"href":"https:\/\/www.em.com.br\/emfoco\/wp-json\/wp\/v2\/comments?post=122221"}],"version-history":[{"count":1,"href":"https:\/\/www.em.com.br\/emfoco\/wp-json\/wp\/v2\/posts\/122221\/revisions"}],"predecessor-version":[{"id":122234,"href":"https:\/\/www.em.com.br\/emfoco\/wp-json\/wp\/v2\/posts\/122221\/revisions\/122234"}],"wp:featuredmedia":[{"embeddable":true,"href":"https:\/\/www.em.com.br\/emfoco\/wp-json\/wp\/v2\/media\/122232"}],"wp:attachment":[{"href":"https:\/\/www.em.com.br\/emfoco\/wp-json\/wp\/v2\/media?parent=122221"}],"wp:term":[{"taxonomy":"category","embeddable":true,"href":"https:\/\/www.em.com.br\/emfoco\/wp-json\/wp\/v2\/categories?post=122221"},{"taxonomy":"post_tag","embeddable":true,"href":"https:\/\/www.em.com.br\/emfoco\/wp-json\/wp\/v2\/tags?post=122221"}],"curies":[{"name":"wp","href":"https:\/\/api.w.org\/{rel}","templated":true}]}}