{"id":12216,"date":"2025-01-21T08:39:00","date_gmt":"2025-01-21T11:39:00","guid":{"rendered":"https:\/\/www.em.com.br\/emfoco\/?p=12216"},"modified":"2025-01-21T04:34:30","modified_gmt":"2025-01-21T07:34:30","slug":"aviso-geral-para-quem-tem-carros-com-mais-de-10-anos-de-idade","status":"publish","type":"post","link":"https:\/\/www.em.com.br\/emfoco\/2025\/01\/21\/aviso-geral-para-quem-tem-carros-com-mais-de-10-anos-de-idade\/","title":{"rendered":"Aviso geral para quem tem carros com mais de 10 anos de idade"},"content":{"rendered":"\n<p>No Brasil, o Imposto sobre a Propriedade de Ve\u00edculos Automotores (IPVA) \u00e9 uma obriga\u00e7\u00e3o fiscal que recai sobre os propriet\u00e1rios de ve\u00edculos anualmente. Este imposto \u00e9 recolhido pelos estados e destina-se a financiar uma s\u00e9rie de despesas p\u00fablicas essenciais, como melhorias em infraestrutura rodovi\u00e1ria e outros servi\u00e7os relacionados \u00e0 mobilidade urbana. O pagamento do IPVA \u00e9 tamb\u00e9m um pr\u00e9-requisito para o licenciamento do ve\u00edculo, garantindo sua circula\u00e7\u00e3o legal.<\/p>\n\n\n\n<p>O papel do IPVA nas finan\u00e7as estaduais vai al\u00e9m do simples recolhimento de recursos. Ele \u00e9 fundamental na promo\u00e7\u00e3o de melhorias em \u00e1reas vitais que afetam diretamente a qualidade de vida dos cidad\u00e3os, especialmente em termos de seguran\u00e7a e infraestrutura de transporte.<\/p>\n\n\n\n<h2 class=\"wp-block-heading\">Isen\u00e7\u00e3o do IPVA em 2025: Quem \u00e9 eleg\u00edvel?<\/h2>\n\n\n\n<p>A possibilidade de isen\u00e7\u00e3o do IPVA \u00e9 determinada por cada estado, com crit\u00e9rios que podem variar significativamente. Em muitos estados, os ve\u00edculos mais antigos s\u00e3o candidatos \u00e0 isen\u00e7\u00e3o. Esse \u00e9 um benef\u00edcio geralmente concedido a ve\u00edculos com mais de 15 ou 20 anos de fabrica\u00e7\u00e3o, embora os crit\u00e9rios exatos possam diferir.<\/p>\n\n\n\n<p>\u00c9 importante que os propriet\u00e1rios verifiquem as normas espec\u00edficas em suas localidades, uma vez que outros fatores, como uso do ve\u00edculo ou categoria, tamb\u00e9m podem determinar a elegibilidade para isen\u00e7\u00e3o. Consultar as autoridades fiscais locais garante que se aproveitem todos os direitos poss\u00edveis dentro da legisla\u00e7\u00e3o.<\/p>\n\n\n\n<figure class=\"wp-block-image size-large\"><img loading=\"lazy\" decoding=\"async\" width=\"1024\" height=\"576\" src=\"https:\/\/www.em.com.br\/emfoco\/wp-content\/uploads\/2025\/01\/carros_1736619439471-1024x576.jpg\" alt=\"Novidades Quentes: Os Carros Mais Esperados de 2025\" class=\"wp-image-10016\" srcset=\"https:\/\/www.em.com.br\/emfoco\/wp-content\/uploads\/2025\/01\/carros_1736619439471-1024x576.jpg 1024w, https:\/\/www.em.com.br\/emfoco\/wp-content\/uploads\/2025\/01\/carros_1736619439471-300x169.jpg 300w, https:\/\/www.em.com.br\/emfoco\/wp-content\/uploads\/2025\/01\/carros_1736619439471-768x432.jpg 768w, https:\/\/www.em.com.br\/emfoco\/wp-content\/uploads\/2025\/01\/carros_1736619439471-750x422.jpg 750w, https:\/\/www.em.com.br\/emfoco\/wp-content\/uploads\/2025\/01\/carros_1736619439471-1140x641.jpg 1140w, https:\/\/www.em.com.br\/emfoco\/wp-content\/uploads\/2025\/01\/carros_1736619439471.jpg 1280w\" sizes=\"auto, (max-width: 1024px) 100vw, 1024px\" \/><figcaption class=\"wp-element-caption\">Imagem de Carros &#8211; Cr\u00e9ditos: depositphotos.com \/ welcomia<\/figcaption><\/figure>\n\n\n\n<h2 class=\"wp-block-heading\">Como s\u00e3o calculados os valores do IPVA?<\/h2>\n\n\n\n<p>As al\u00edquotas do IPVA s\u00e3o definidas de maneira independente por cada governo estadual, o que significa que o percentual a ser pago pode variar de um estado para outro. A base de c\u00e1lculo normalmente \u00e9 o valor venal do ve\u00edculo, que \u00e9 avaliado anualmente. Por exemplo, alguns estados podem aplicar al\u00edquotas em torno de 2%, enquanto outros podem aumentar esse percentual para at\u00e9 4%.<\/p>\n\n\n\n<p>Essas al\u00edquotas, juntamente com o valor venal do ve\u00edculo, determinam quanto cada propriet\u00e1rio precisa desembolsar anualmente. Portanto, estar ciente das taxas aplicadas no estado de resid\u00eancia \u00e9 crucial para preparar-se financeiramente e evitar surpresas no momento do pagamento.<\/p>\n\n\n\n<h2 class=\"wp-block-heading\">Consequ\u00eancias do N\u00e3o Pagamento do IPVA<\/h2>\n\n\n\n<p>Deixar de pagar o IPVA acarreta uma s\u00e9rie de penalidades que afetam n\u00e3o apenas a legalidade do ve\u00edculo, mas tamb\u00e9m a condi\u00e7\u00e3o financeira do propriet\u00e1rio. Sem o pagamento, o licenciamento do ve\u00edculo n\u00e3o \u00e9 emitido, tornando-o irregular para transitar. Al\u00e9m disso, o propriet\u00e1rio pode enfrentar multas, juros sobre o valor n\u00e3o pago e, possivelmente, ter seu nome registrado em listas de inadimpl\u00eancia.<\/p>\n\n\n\n<p>Essas repercuss\u00f5es complicam a gest\u00e3o financeira pessoal e podem dificultar ainda mais atividades como a venda ou transfer\u00eancia do ve\u00edculo. Manter as obriga\u00e7\u00f5es fiscais em dia n\u00e3o s\u00f3 assegura a legalidade do ve\u00edculo, mas tamb\u00e9m protege contra problemas financeiros a longo prazo.<\/p>\n\n\n\n<h2 class=\"wp-block-heading\">Onde Buscar Informa\u00e7\u00f5es Detalhadas sobre o IPVA<\/h2>\n\n\n\n<p>Para esclarecimentos detalhados sobre o IPVA, recomenda-se acessar os sites das Secretarias da Fazenda estaduais. Nessas plataformas, \u00e9 poss\u00edvel encontrar informa\u00e7\u00f5es atualizadas sobre valores, prazos de pagamento, e crit\u00e9rios para isen\u00e7\u00e3o. Al\u00e9m disso, oferecem servi\u00e7os como consultas de d\u00e9bitos e emiss\u00e3o de guias de pagamento.<\/p>\n\n\n\n<p>Consultar essas fontes regularmente ajuda os propriet\u00e1rios a manterem-se informados sobre suas obriga\u00e7\u00f5es e a cumprirem com suas responsabilidades fiscais de forma adequada, evitando complica\u00e7\u00f5es legais e financeiras associadas ao imposto.<\/p>\n","protected":false},"excerpt":{"rendered":"<p>No Brasil, o Imposto sobre a Propriedade de Ve\u00edculos Automotores (IPVA) \u00e9 uma obriga\u00e7\u00e3o fiscal que recai sobre os propriet\u00e1rios de ve\u00edculos anualmente. Este imposto \u00e9 recolhido pelos estados e destina-se a financiar uma s\u00e9rie de despesas p\u00fablicas essenciais<\/p>\n","protected":false},"author":2,"featured_media":11397,"comment_status":"open","ping_status":"open","sticky":false,"template":"","format":"standard","meta":{"jnews-multi-image_gallery":[],"jnews_single_post":{"format":"standard"},"jnews_primary_category":[],"jnews_social_meta":[],"jnews_override_counter":[],"footnotes":""},"categories":[28,1],"tags":[158,3874,941,3873,1105,1291],"class_list":["post-12216","post","type-post","status-publish","format-standard","has-post-thumbnail","hentry","category-economia","category-noticias","tag-brasil","tag-financas-estaduais","tag-imposto","tag-propriedade","tag-tributacao","tag-veiculo"],"yoast_head":"<!-- This site is optimized with the Yoast SEO plugin v23.8 - https:\/\/yoast.com\/wordpress\/plugins\/seo\/ -->\n<title>Aviso geral para quem tem carros com mais de 10 anos de idade - Estado de Minas - Em foco<\/title>\n<meta name=\"description\" content=\"No Brasil, o Imposto sobre a Propriedade de Ve\u00edculos Automotores (IPVA) \u00e9 uma obriga\u00e7\u00e3o fiscal que recai sobre os propriet\u00e1rios de ve\u00edculos anualmente. Este imposto \u00e9 recolhido pelos estados e destina-se a financiar uma s\u00e9rie de despesas p\u00fablicas essenciais\" \/>\n<meta name=\"robots\" content=\"index, follow, max-snippet:-1, max-image-preview:large, max-video-preview:-1\" \/>\n<link rel=\"canonical\" href=\"https:\/\/www.em.com.br\/emfoco\/2025\/01\/21\/aviso-geral-para-quem-tem-carros-com-mais-de-10-anos-de-idade\/\" \/>\n<meta property=\"og:locale\" content=\"pt_BR\" \/>\n<meta property=\"og:type\" content=\"article\" \/>\n<meta property=\"og:title\" content=\"Aviso geral para quem tem carros com mais de 10 anos de idade - Estado de Minas - Em foco\" \/>\n<meta property=\"og:description\" content=\"No Brasil, o Imposto sobre a Propriedade de Ve\u00edculos Automotores (IPVA) \u00e9 uma obriga\u00e7\u00e3o fiscal que recai sobre os propriet\u00e1rios de ve\u00edculos anualmente. Este imposto \u00e9 recolhido pelos estados e destina-se a financiar uma s\u00e9rie de despesas p\u00fablicas essenciais\" \/>\n<meta property=\"og:url\" content=\"https:\/\/www.em.com.br\/emfoco\/2025\/01\/21\/aviso-geral-para-quem-tem-carros-com-mais-de-10-anos-de-idade\/\" \/>\n<meta property=\"og:site_name\" content=\"Estado de Minas - Em foco\" \/>\n<meta property=\"article:published_time\" content=\"2025-01-21T11:39:00+00:00\" \/>\n<meta property=\"article:modified_time\" content=\"2025-01-21T07:34:30+00:00\" \/>\n<meta property=\"og:image\" content=\"https:\/\/www.em.com.br\/emfoco\/wp-content\/uploads\/2025\/01\/httpsneural.myth_.devstaticcache92002a46-9133-47f2-8111-d235e9653950.jpeg\" \/>\n\t<meta property=\"og:image:width\" content=\"1280\" \/>\n\t<meta property=\"og:image:height\" content=\"720\" \/>\n\t<meta property=\"og:image:type\" content=\"image\/jpeg\" \/>\n<meta name=\"author\" content=\"Guilherme\" \/>\n<meta name=\"twitter:card\" content=\"summary_large_image\" \/>\n<meta name=\"twitter:label1\" content=\"Escrito por\" \/>\n\t<meta name=\"twitter:data1\" content=\"Guilherme\" \/>\n\t<meta name=\"twitter:label2\" content=\"Est. tempo de leitura\" \/>\n\t<meta name=\"twitter:data2\" content=\"4 minutos\" \/>\n<!-- \/ Yoast SEO plugin. -->","yoast_head_json":{"title":"Aviso geral para quem tem carros com mais de 10 anos de idade - Estado de Minas - Em foco","description":"No Brasil, o Imposto sobre a Propriedade de Ve\u00edculos Automotores (IPVA) \u00e9 uma obriga\u00e7\u00e3o fiscal que recai sobre os propriet\u00e1rios de ve\u00edculos anualmente. Este imposto \u00e9 recolhido pelos estados e destina-se a financiar uma s\u00e9rie de despesas p\u00fablicas essenciais","robots":{"index":"index","follow":"follow","max-snippet":"max-snippet:-1","max-image-preview":"max-image-preview:large","max-video-preview":"max-video-preview:-1"},"canonical":"https:\/\/www.em.com.br\/emfoco\/2025\/01\/21\/aviso-geral-para-quem-tem-carros-com-mais-de-10-anos-de-idade\/","og_locale":"pt_BR","og_type":"article","og_title":"Aviso geral para quem tem carros com mais de 10 anos de idade - Estado de Minas - Em foco","og_description":"No Brasil, o Imposto sobre a Propriedade de Ve\u00edculos Automotores (IPVA) \u00e9 uma obriga\u00e7\u00e3o fiscal que recai sobre os propriet\u00e1rios de ve\u00edculos anualmente. Este imposto \u00e9 recolhido pelos estados e destina-se a financiar uma s\u00e9rie de despesas p\u00fablicas essenciais","og_url":"https:\/\/www.em.com.br\/emfoco\/2025\/01\/21\/aviso-geral-para-quem-tem-carros-com-mais-de-10-anos-de-idade\/","og_site_name":"Estado de Minas - Em foco","article_published_time":"2025-01-21T11:39:00+00:00","article_modified_time":"2025-01-21T07:34:30+00:00","og_image":[{"width":1280,"height":720,"url":"https:\/\/www.em.com.br\/emfoco\/wp-content\/uploads\/2025\/01\/httpsneural.myth_.devstaticcache92002a46-9133-47f2-8111-d235e9653950.jpeg","type":"image\/jpeg"}],"author":"Guilherme","twitter_card":"summary_large_image","twitter_misc":{"Escrito por":"Guilherme","Est. tempo de leitura":"4 minutos"},"schema":{"@context":"https:\/\/schema.org","@graph":[{"@type":"WebPage","@id":"https:\/\/www.em.com.br\/emfoco\/2025\/01\/21\/aviso-geral-para-quem-tem-carros-com-mais-de-10-anos-de-idade\/","url":"https:\/\/www.em.com.br\/emfoco\/2025\/01\/21\/aviso-geral-para-quem-tem-carros-com-mais-de-10-anos-de-idade\/","name":"Aviso geral para quem tem carros com mais de 10 anos de idade - Estado de Minas - Em foco","isPartOf":{"@id":"https:\/\/www.em.com.br\/emfoco\/#website"},"primaryImageOfPage":{"@id":"https:\/\/www.em.com.br\/emfoco\/2025\/01\/21\/aviso-geral-para-quem-tem-carros-com-mais-de-10-anos-de-idade\/#primaryimage"},"image":{"@id":"https:\/\/www.em.com.br\/emfoco\/2025\/01\/21\/aviso-geral-para-quem-tem-carros-com-mais-de-10-anos-de-idade\/#primaryimage"},"thumbnailUrl":"https:\/\/www.em.com.br\/emfoco\/wp-content\/uploads\/2025\/01\/httpsneural.myth_.devstaticcache92002a46-9133-47f2-8111-d235e9653950.jpeg","datePublished":"2025-01-21T11:39:00+00:00","dateModified":"2025-01-21T07:34:30+00:00","author":{"@id":"https:\/\/www.em.com.br\/emfoco\/#\/schema\/person\/097c4a57cc4dc96be3b74aaf7185dd84"},"description":"No Brasil, o Imposto sobre a Propriedade de Ve\u00edculos Automotores (IPVA) \u00e9 uma obriga\u00e7\u00e3o fiscal que recai sobre os propriet\u00e1rios de ve\u00edculos anualmente. Este imposto \u00e9 recolhido pelos estados e destina-se a financiar uma s\u00e9rie de despesas p\u00fablicas essenciais","breadcrumb":{"@id":"https:\/\/www.em.com.br\/emfoco\/2025\/01\/21\/aviso-geral-para-quem-tem-carros-com-mais-de-10-anos-de-idade\/#breadcrumb"},"inLanguage":"pt-BR","potentialAction":[{"@type":"ReadAction","target":["https:\/\/www.em.com.br\/emfoco\/2025\/01\/21\/aviso-geral-para-quem-tem-carros-com-mais-de-10-anos-de-idade\/"]}]},{"@type":"ImageObject","inLanguage":"pt-BR","@id":"https:\/\/www.em.com.br\/emfoco\/2025\/01\/21\/aviso-geral-para-quem-tem-carros-com-mais-de-10-anos-de-idade\/#primaryimage","url":"https:\/\/www.em.com.br\/emfoco\/wp-content\/uploads\/2025\/01\/httpsneural.myth_.devstaticcache92002a46-9133-47f2-8111-d235e9653950.jpeg","contentUrl":"https:\/\/www.em.com.br\/emfoco\/wp-content\/uploads\/2025\/01\/httpsneural.myth_.devstaticcache92002a46-9133-47f2-8111-d235e9653950.jpeg","width":1280,"height":720,"caption":"Comunicado importante para brasileiros que possuem carros autom\u00e1ticos Cr\u00e9ditos: depositphotos.com \/ welcomia"},{"@type":"BreadcrumbList","@id":"https:\/\/www.em.com.br\/emfoco\/2025\/01\/21\/aviso-geral-para-quem-tem-carros-com-mais-de-10-anos-de-idade\/#breadcrumb","itemListElement":[{"@type":"ListItem","position":1,"name":"In\u00edcio","item":"https:\/\/www.em.com.br\/emfoco\/"},{"@type":"ListItem","position":2,"name":"Aviso geral para quem tem carros com mais de 10 anos de idade"}]},{"@type":"WebSite","@id":"https:\/\/www.em.com.br\/emfoco\/#website","url":"https:\/\/www.em.com.br\/emfoco\/","name":"Estado de Minas - Em foco","description":"Acompanhe as \u00faltimas not\u00edcias e fique bem informado sobre tudo o que acontece em Minas Gerais, Brasil e no mundo.","potentialAction":[{"@type":"SearchAction","target":{"@type":"EntryPoint","urlTemplate":"https:\/\/www.em.com.br\/emfoco\/?s={search_term_string}"},"query-input":{"@type":"PropertyValueSpecification","valueRequired":true,"valueName":"search_term_string"}}],"inLanguage":"pt-BR"},{"@type":"Person","@id":"https:\/\/www.em.com.br\/emfoco\/#\/schema\/person\/097c4a57cc4dc96be3b74aaf7185dd84","name":"Guilherme","image":{"@type":"ImageObject","inLanguage":"pt-BR","@id":"https:\/\/www.em.com.br\/emfoco\/#\/schema\/person\/image\/","url":"https:\/\/secure.gravatar.com\/avatar\/6a059d20d980bdeb1d1d6b0fa2b4633c?s=96&d=mm&r=g","contentUrl":"https:\/\/secure.gravatar.com\/avatar\/6a059d20d980bdeb1d1d6b0fa2b4633c?s=96&d=mm&r=g","caption":"Guilherme"},"url":"https:\/\/www.em.com.br\/emfoco\/author\/guilhermemyth\/"}]}},"_links":{"self":[{"href":"https:\/\/www.em.com.br\/emfoco\/wp-json\/wp\/v2\/posts\/12216","targetHints":{"allow":["GET"]}}],"collection":[{"href":"https:\/\/www.em.com.br\/emfoco\/wp-json\/wp\/v2\/posts"}],"about":[{"href":"https:\/\/www.em.com.br\/emfoco\/wp-json\/wp\/v2\/types\/post"}],"author":[{"embeddable":true,"href":"https:\/\/www.em.com.br\/emfoco\/wp-json\/wp\/v2\/users\/2"}],"replies":[{"embeddable":true,"href":"https:\/\/www.em.com.br\/emfoco\/wp-json\/wp\/v2\/comments?post=12216"}],"version-history":[{"count":3,"href":"https:\/\/www.em.com.br\/emfoco\/wp-json\/wp\/v2\/posts\/12216\/revisions"}],"predecessor-version":[{"id":12219,"href":"https:\/\/www.em.com.br\/emfoco\/wp-json\/wp\/v2\/posts\/12216\/revisions\/12219"}],"wp:featuredmedia":[{"embeddable":true,"href":"https:\/\/www.em.com.br\/emfoco\/wp-json\/wp\/v2\/media\/11397"}],"wp:attachment":[{"href":"https:\/\/www.em.com.br\/emfoco\/wp-json\/wp\/v2\/media?parent=12216"}],"wp:term":[{"taxonomy":"category","embeddable":true,"href":"https:\/\/www.em.com.br\/emfoco\/wp-json\/wp\/v2\/categories?post=12216"},{"taxonomy":"post_tag","embeddable":true,"href":"https:\/\/www.em.com.br\/emfoco\/wp-json\/wp\/v2\/tags?post=12216"}],"curies":[{"name":"wp","href":"https:\/\/api.w.org\/{rel}","templated":true}]}}