{"id":122049,"date":"2025-11-03T19:35:00","date_gmt":"2025-11-03T22:35:00","guid":{"rendered":"https:\/\/www.em.com.br\/emfoco\/?p=122049"},"modified":"2025-11-02T20:30:24","modified_gmt":"2025-11-02T23:30:24","slug":"como-recuperar-o-brilho-e-a-firmeza-da-pele-apos-os-50-anos-sem-a-necessidade-de-botox","status":"publish","type":"post","link":"https:\/\/www.em.com.br\/emfoco\/2025\/11\/03\/como-recuperar-o-brilho-e-a-firmeza-da-pele-apos-os-50-anos-sem-a-necessidade-de-botox\/","title":{"rendered":"Como recuperar o brilho e a firmeza da pele ap\u00f3s os 50 anos sem a necessidade de Botox"},"content":{"rendered":"\n<p>Montar uma rotina de cuidados com a <strong>pele madura<\/strong> \u00e9 um gesto de autocuidado que preserva o vi\u00e7o, suaviza linhas e traz vitalidade. Com produtos certos e const\u00e2ncia, \u00e9 poss\u00edvel conquistar uma apar\u00eancia mais firme, luminosa e saud\u00e1vel em todas as fases da vida.<\/p>\n\n\n\n<h2 class=\"wp-block-heading\">Por que a pele madura precisa de cuidados especiais?<\/h2>\n\n\n\n<p>Ap\u00f3s os 40 anos, a <strong>produ\u00e7\u00e3o de col\u00e1geno<\/strong> e a renova\u00e7\u00e3o celular diminuem, deixando a pele mais fina, seca e propensa a manchas. Isso exige uma rotina espec\u00edfica que devolva hidrata\u00e7\u00e3o e proteja contra os danos do sol e da polui\u00e7\u00e3o.<\/p>\n\n\n\n<p>A <strong>hidrata\u00e7\u00e3o e a prote\u00e7\u00e3o solar<\/strong> tornam-se indispens\u00e1veis para manter o equil\u00edbrio da pele. Esses cuidados ajudam a evitar a perda de firmeza e a apar\u00eancia cansada, promovendo um visual mais luminoso e revitalizado, sem necessidade de exageros.<\/p>\n\n\n\n<figure class=\"wp-block-image size-large\"><img loading=\"lazy\" decoding=\"async\" width=\"1024\" height=\"576\" src=\"https:\/\/www.em.com.br\/emfoco\/wp-content\/uploads\/2025\/10\/Pele-madura_1761954202292-1024x576.jpg\" alt=\"Como recuperar o brilho e a firmeza da pele ap\u00f3s os 50 anos\" class=\"wp-image-122137\" srcset=\"https:\/\/www.em.com.br\/emfoco\/wp-content\/uploads\/2025\/10\/Pele-madura_1761954202292-1024x576.jpg 1024w, https:\/\/www.em.com.br\/emfoco\/wp-content\/uploads\/2025\/10\/Pele-madura_1761954202292-300x169.jpg 300w, https:\/\/www.em.com.br\/emfoco\/wp-content\/uploads\/2025\/10\/Pele-madura_1761954202292-768x432.jpg 768w, https:\/\/www.em.com.br\/emfoco\/wp-content\/uploads\/2025\/10\/Pele-madura_1761954202292-750x422.jpg 750w, https:\/\/www.em.com.br\/emfoco\/wp-content\/uploads\/2025\/10\/Pele-madura_1761954202292-1140x641.jpg 1140w, https:\/\/www.em.com.br\/emfoco\/wp-content\/uploads\/2025\/10\/Pele-madura_1761954202292.jpg 1280w\" sizes=\"auto, (max-width: 1024px) 100vw, 1024px\" \/><figcaption class=\"wp-element-caption\">Hidrata\u00e7\u00e3o e prote\u00e7\u00e3o solar s\u00e3o essenciais ap\u00f3s os 40 anos &#8211; Cr\u00e9ditos: depositphotos.com \/ brizmaker<\/figcaption><\/figure>\n\n\n\n<h2 class=\"wp-block-heading\">Como montar uma rotina matinal simples e eficiente?<\/h2>\n\n\n\n<p>A rotina ideal para a manh\u00e3 deve ser leve, mas constante. Comece com um <strong>sabonete facial suave<\/strong>, sem \u00e1lcool ou sulfatos, que limpa sem ressecar. Depois, aplique a <strong><a href=\"https:\/\/blog.adcos.com.br\/5-beneficios-da-vitamina-c-para-pele\/\" target=\"_blank\" rel=\"noreferrer noopener\">vitamina C<\/a><\/strong> para estimular o col\u00e1geno e iluminar o rosto.<\/p>\n\n\n\n<ul class=\"wp-block-list\">\n<li><strong>Hidratante leve:<\/strong> prefira f\u00f3rmulas com \u00e1cido hialur\u00f4nico, ceramidas ou pantenol.<\/li>\n\n\n\n<li><strong>Protetor solar facial:<\/strong> escolha FPS acima de 50, mesmo para uso di\u00e1rio.<\/li>\n\n\n\n<li><strong>Aplica\u00e7\u00e3o em camadas finas:<\/strong> garanta absor\u00e7\u00e3o e conforto sem oleosidade.<\/li>\n<\/ul>\n\n\n\n<p><em>Leia mais: <a href=\"https:\/\/www.em.com.br\/emfoco\/2025\/10\/30\/a-maquiagem-mais-desejada-da-primavera-para-uma-pele-fresca-e-radiante\/\" target=\"_blank\" rel=\"noreferrer noopener\">A maquiagem mais desejada da primavera para uma pele fresca e radiante<\/a><\/em><\/p>\n\n\n\n<h2 class=\"wp-block-heading\">O que muda na rotina de cuidados noturnos?<\/h2>\n\n\n\n<p>\u00c0 noite, o foco \u00e9 a <strong>regenera\u00e7\u00e3o da pele<\/strong>. Ap\u00f3s um dia de exposi\u00e7\u00e3o \u00e0 luz e polui\u00e7\u00e3o, a limpeza deve ser mais profunda, removendo res\u00edduos e maquiagem. Esse passo prepara o rosto para receber produtos de tratamento mais potentes.<\/p>\n\n\n\n<p>Use um <strong>creme nutritivo<\/strong> ou s\u00e9rum com retinol, pept\u00eddeos ou niacinamida. Esses ativos estimulam a renova\u00e7\u00e3o celular e melhoram a textura. O resultado \u00e9 uma pele mais macia e uniforme ao acordar, pronta para um novo dia de cuidados.<\/p>\n\n\n\n<figure class=\"wp-block-image size-large\"><img loading=\"lazy\" decoding=\"async\" width=\"1024\" height=\"576\" src=\"https:\/\/www.em.com.br\/emfoco\/wp-content\/uploads\/2025\/10\/Pele-madura_1761954231483-1024x576.jpg\" alt=\"Como recuperar o brilho e a firmeza da pele ap\u00f3s os 50 anos\" class=\"wp-image-122138\" srcset=\"https:\/\/www.em.com.br\/emfoco\/wp-content\/uploads\/2025\/10\/Pele-madura_1761954231483-1024x576.jpg 1024w, https:\/\/www.em.com.br\/emfoco\/wp-content\/uploads\/2025\/10\/Pele-madura_1761954231483-300x169.jpg 300w, https:\/\/www.em.com.br\/emfoco\/wp-content\/uploads\/2025\/10\/Pele-madura_1761954231483-768x432.jpg 768w, https:\/\/www.em.com.br\/emfoco\/wp-content\/uploads\/2025\/10\/Pele-madura_1761954231483-750x422.jpg 750w, https:\/\/www.em.com.br\/emfoco\/wp-content\/uploads\/2025\/10\/Pele-madura_1761954231483-1140x641.jpg 1140w, https:\/\/www.em.com.br\/emfoco\/wp-content\/uploads\/2025\/10\/Pele-madura_1761954231483.jpg 1280w\" sizes=\"auto, (max-width: 1024px) 100vw, 1024px\" \/><figcaption class=\"wp-element-caption\">O sono e a alimenta\u00e7\u00e3o influenciam a vitalidade do rosto &#8211; Cr\u00e9ditos: depositphotos.com \/ AllaSerebrina<\/figcaption><\/figure>\n\n\n\n<h2 class=\"wp-block-heading\">Quais h\u00e1bitos ajudam a manter o vi\u00e7o e a firmeza natural?<\/h2>\n\n\n\n<p>Al\u00e9m dos produtos, o estilo de vida influencia diretamente a apar\u00eancia da pele. Pequenas mudan\u00e7as podem potencializar os resultados da rotina de beleza e prolongar a vitalidade natural do rosto maduro.<\/p>\n\n\n\n<ul class=\"wp-block-list\">\n<li><strong>Beba \u00e1gua regularmente<\/strong> para manter a hidrata\u00e7\u00e3o de dentro para fora.<\/li>\n\n\n\n<li><strong>Durma bem<\/strong>, pois o sono \u00e9 essencial para a regenera\u00e7\u00e3o celular.<\/li>\n\n\n\n<li><strong>Inclua antioxidantes<\/strong> na alimenta\u00e7\u00e3o, como frutas vermelhas e oleaginosas.<\/li>\n<\/ul>\n","protected":false},"excerpt":{"rendered":"<p>Montar uma rotina de cuidados com a pele madura \u00e9 um gesto de autocuidado que preserva o vi\u00e7o, suaviza linhas e traz vitalidade. Com produtos certos e const\u00e2ncia, \u00e9 poss\u00edvel conquistar uma apar\u00eancia mais firme, luminosa e saud\u00e1vel em todas as fases da vida. Por que a pele madura precisa de cuidados especiais? Ap\u00f3s os [&hellip;]<\/p>\n","protected":false},"author":13,"featured_media":122136,"comment_status":"open","ping_status":"open","sticky":false,"template":"","format":"standard","meta":{"jnews-multi-image_gallery":[],"jnews_single_post":{"format":"standard"},"jnews_primary_category":[],"jnews_social_meta":[],"jnews_override_counter":[],"footnotes":""},"categories":[8819],"tags":[4939,18241,7073],"class_list":["post-122049","post","type-post","status-publish","format-standard","has-post-thumbnail","hentry","category-curiosidades","tag-cuidados-com-a-pele","tag-firmeza-e-brilho-na-pele","tag-pele-madura"],"yoast_head":"<!-- This site is optimized with the Yoast SEO plugin v23.8 - https:\/\/yoast.com\/wordpress\/plugins\/seo\/ -->\n<title>Como recuperar o brilho e a firmeza da pele ap\u00f3s os 50 anos sem a necessidade de Botox - Estado de Minas - Em foco<\/title>\n<meta name=\"description\" content=\"A rotina certa pode transformar a pele madura. Confira como manter o vi\u00e7o e a firmeza com poucos passos e h\u00e1bitos simples no dia a dia.\" \/>\n<meta name=\"robots\" content=\"index, follow, max-snippet:-1, max-image-preview:large, max-video-preview:-1\" \/>\n<link rel=\"canonical\" href=\"https:\/\/www.em.com.br\/emfoco\/2025\/11\/03\/como-recuperar-o-brilho-e-a-firmeza-da-pele-apos-os-50-anos-sem-a-necessidade-de-botox\/\" \/>\n<meta property=\"og:locale\" content=\"pt_BR\" \/>\n<meta property=\"og:type\" content=\"article\" \/>\n<meta property=\"og:title\" content=\"Como recuperar o brilho e a firmeza da pele ap\u00f3s os 50 anos sem a necessidade de Botox - Estado de Minas - Em foco\" \/>\n<meta property=\"og:description\" content=\"A rotina certa pode transformar a pele madura. Confira como manter o vi\u00e7o e a firmeza com poucos passos e h\u00e1bitos simples no dia a dia.\" \/>\n<meta property=\"og:url\" content=\"https:\/\/www.em.com.br\/emfoco\/2025\/11\/03\/como-recuperar-o-brilho-e-a-firmeza-da-pele-apos-os-50-anos-sem-a-necessidade-de-botox\/\" \/>\n<meta property=\"og:site_name\" content=\"Estado de Minas - Em foco\" \/>\n<meta property=\"article:published_time\" content=\"2025-11-03T22:35:00+00:00\" \/>\n<meta property=\"article:modified_time\" content=\"2025-11-02T23:30:24+00:00\" \/>\n<meta property=\"og:image\" content=\"https:\/\/www.em.com.br\/emfoco\/wp-content\/uploads\/2025\/10\/Pele-madura_1761954176558.jpg\" \/>\n\t<meta property=\"og:image:width\" content=\"1280\" \/>\n\t<meta property=\"og:image:height\" content=\"720\" \/>\n\t<meta property=\"og:image:type\" content=\"image\/jpeg\" \/>\n<meta name=\"author\" content=\"Gabriel Martins\" \/>\n<meta name=\"twitter:card\" content=\"summary_large_image\" \/>\n<meta name=\"twitter:label1\" content=\"Escrito por\" \/>\n\t<meta name=\"twitter:data1\" content=\"Gabriel Martins\" \/>\n\t<meta name=\"twitter:label2\" content=\"Est. tempo de leitura\" \/>\n\t<meta name=\"twitter:data2\" content=\"3 minutos\" \/>\n<!-- \/ Yoast SEO plugin. -->","yoast_head_json":{"title":"Como recuperar o brilho e a firmeza da pele ap\u00f3s os 50 anos sem a necessidade de Botox - Estado de Minas - Em foco","description":"A rotina certa pode transformar a pele madura. Confira como manter o vi\u00e7o e a firmeza com poucos passos e h\u00e1bitos simples no dia a dia.","robots":{"index":"index","follow":"follow","max-snippet":"max-snippet:-1","max-image-preview":"max-image-preview:large","max-video-preview":"max-video-preview:-1"},"canonical":"https:\/\/www.em.com.br\/emfoco\/2025\/11\/03\/como-recuperar-o-brilho-e-a-firmeza-da-pele-apos-os-50-anos-sem-a-necessidade-de-botox\/","og_locale":"pt_BR","og_type":"article","og_title":"Como recuperar o brilho e a firmeza da pele ap\u00f3s os 50 anos sem a necessidade de Botox - Estado de Minas - Em foco","og_description":"A rotina certa pode transformar a pele madura. Confira como manter o vi\u00e7o e a firmeza com poucos passos e h\u00e1bitos simples no dia a dia.","og_url":"https:\/\/www.em.com.br\/emfoco\/2025\/11\/03\/como-recuperar-o-brilho-e-a-firmeza-da-pele-apos-os-50-anos-sem-a-necessidade-de-botox\/","og_site_name":"Estado de Minas - Em foco","article_published_time":"2025-11-03T22:35:00+00:00","article_modified_time":"2025-11-02T23:30:24+00:00","og_image":[{"width":1280,"height":720,"url":"https:\/\/www.em.com.br\/emfoco\/wp-content\/uploads\/2025\/10\/Pele-madura_1761954176558.jpg","type":"image\/jpeg"}],"author":"Gabriel Martins","twitter_card":"summary_large_image","twitter_misc":{"Escrito por":"Gabriel Martins","Est. tempo de leitura":"3 minutos"},"schema":{"@context":"https:\/\/schema.org","@graph":[{"@type":"WebPage","@id":"https:\/\/www.em.com.br\/emfoco\/2025\/11\/03\/como-recuperar-o-brilho-e-a-firmeza-da-pele-apos-os-50-anos-sem-a-necessidade-de-botox\/","url":"https:\/\/www.em.com.br\/emfoco\/2025\/11\/03\/como-recuperar-o-brilho-e-a-firmeza-da-pele-apos-os-50-anos-sem-a-necessidade-de-botox\/","name":"Como recuperar o brilho e a firmeza da pele ap\u00f3s os 50 anos sem a necessidade de Botox - Estado de Minas - Em foco","isPartOf":{"@id":"https:\/\/www.em.com.br\/emfoco\/#website"},"primaryImageOfPage":{"@id":"https:\/\/www.em.com.br\/emfoco\/2025\/11\/03\/como-recuperar-o-brilho-e-a-firmeza-da-pele-apos-os-50-anos-sem-a-necessidade-de-botox\/#primaryimage"},"image":{"@id":"https:\/\/www.em.com.br\/emfoco\/2025\/11\/03\/como-recuperar-o-brilho-e-a-firmeza-da-pele-apos-os-50-anos-sem-a-necessidade-de-botox\/#primaryimage"},"thumbnailUrl":"https:\/\/www.em.com.br\/emfoco\/wp-content\/uploads\/2025\/10\/Pele-madura_1761954176558.jpg","datePublished":"2025-11-03T22:35:00+00:00","dateModified":"2025-11-02T23:30:24+00:00","author":{"@id":"https:\/\/www.em.com.br\/emfoco\/#\/schema\/person\/1c9ddeab18b98abeffef834667bcf08a"},"description":"A rotina certa pode transformar a pele madura. Confira como manter o vi\u00e7o e a firmeza com poucos passos e h\u00e1bitos simples no dia a dia.","breadcrumb":{"@id":"https:\/\/www.em.com.br\/emfoco\/2025\/11\/03\/como-recuperar-o-brilho-e-a-firmeza-da-pele-apos-os-50-anos-sem-a-necessidade-de-botox\/#breadcrumb"},"inLanguage":"pt-BR","potentialAction":[{"@type":"ReadAction","target":["https:\/\/www.em.com.br\/emfoco\/2025\/11\/03\/como-recuperar-o-brilho-e-a-firmeza-da-pele-apos-os-50-anos-sem-a-necessidade-de-botox\/"]}]},{"@type":"ImageObject","inLanguage":"pt-BR","@id":"https:\/\/www.em.com.br\/emfoco\/2025\/11\/03\/como-recuperar-o-brilho-e-a-firmeza-da-pele-apos-os-50-anos-sem-a-necessidade-de-botox\/#primaryimage","url":"https:\/\/www.em.com.br\/emfoco\/wp-content\/uploads\/2025\/10\/Pele-madura_1761954176558.jpg","contentUrl":"https:\/\/www.em.com.br\/emfoco\/wp-content\/uploads\/2025\/10\/Pele-madura_1761954176558.jpg","width":1280,"height":720,"caption":"Cuidados di\u00e1rios preservam a firmeza e o brilho da pele - Cr\u00e9ditos: depositphotos.com \/ AllaSerebrina"},{"@type":"BreadcrumbList","@id":"https:\/\/www.em.com.br\/emfoco\/2025\/11\/03\/como-recuperar-o-brilho-e-a-firmeza-da-pele-apos-os-50-anos-sem-a-necessidade-de-botox\/#breadcrumb","itemListElement":[{"@type":"ListItem","position":1,"name":"In\u00edcio","item":"https:\/\/www.em.com.br\/emfoco\/"},{"@type":"ListItem","position":2,"name":"Como recuperar o brilho e a firmeza da pele ap\u00f3s os 50 anos sem a necessidade de Botox"}]},{"@type":"WebSite","@id":"https:\/\/www.em.com.br\/emfoco\/#website","url":"https:\/\/www.em.com.br\/emfoco\/","name":"Estado de Minas - Em foco","description":"Acompanhe as \u00faltimas not\u00edcias e fique bem informado sobre tudo o que acontece em Minas Gerais, Brasil e no mundo.","potentialAction":[{"@type":"SearchAction","target":{"@type":"EntryPoint","urlTemplate":"https:\/\/www.em.com.br\/emfoco\/?s={search_term_string}"},"query-input":{"@type":"PropertyValueSpecification","valueRequired":true,"valueName":"search_term_string"}}],"inLanguage":"pt-BR"},{"@type":"Person","@id":"https:\/\/www.em.com.br\/emfoco\/#\/schema\/person\/1c9ddeab18b98abeffef834667bcf08a","name":"Gabriel Martins","image":{"@type":"ImageObject","inLanguage":"pt-BR","@id":"https:\/\/www.em.com.br\/emfoco\/#\/schema\/person\/image\/","url":"https:\/\/secure.gravatar.com\/avatar\/f0f1e2efdfd88f1ad2cb08c5c2731e50?s=96&d=mm&r=g","contentUrl":"https:\/\/secure.gravatar.com\/avatar\/f0f1e2efdfd88f1ad2cb08c5c2731e50?s=96&d=mm&r=g","caption":"Gabriel Martins"},"sameAs":["https:\/\/www.em.com.br\/emfoco\/"],"url":"https:\/\/www.em.com.br\/emfoco\/author\/gabrielmartinsmyth\/"}]}},"_links":{"self":[{"href":"https:\/\/www.em.com.br\/emfoco\/wp-json\/wp\/v2\/posts\/122049","targetHints":{"allow":["GET"]}}],"collection":[{"href":"https:\/\/www.em.com.br\/emfoco\/wp-json\/wp\/v2\/posts"}],"about":[{"href":"https:\/\/www.em.com.br\/emfoco\/wp-json\/wp\/v2\/types\/post"}],"author":[{"embeddable":true,"href":"https:\/\/www.em.com.br\/emfoco\/wp-json\/wp\/v2\/users\/13"}],"replies":[{"embeddable":true,"href":"https:\/\/www.em.com.br\/emfoco\/wp-json\/wp\/v2\/comments?post=122049"}],"version-history":[{"count":2,"href":"https:\/\/www.em.com.br\/emfoco\/wp-json\/wp\/v2\/posts\/122049\/revisions"}],"predecessor-version":[{"id":122553,"href":"https:\/\/www.em.com.br\/emfoco\/wp-json\/wp\/v2\/posts\/122049\/revisions\/122553"}],"wp:featuredmedia":[{"embeddable":true,"href":"https:\/\/www.em.com.br\/emfoco\/wp-json\/wp\/v2\/media\/122136"}],"wp:attachment":[{"href":"https:\/\/www.em.com.br\/emfoco\/wp-json\/wp\/v2\/media?parent=122049"}],"wp:term":[{"taxonomy":"category","embeddable":true,"href":"https:\/\/www.em.com.br\/emfoco\/wp-json\/wp\/v2\/categories?post=122049"},{"taxonomy":"post_tag","embeddable":true,"href":"https:\/\/www.em.com.br\/emfoco\/wp-json\/wp\/v2\/tags?post=122049"}],"curies":[{"name":"wp","href":"https:\/\/api.w.org\/{rel}","templated":true}]}}