{"id":122047,"date":"2025-11-03T18:15:00","date_gmt":"2025-11-03T21:15:00","guid":{"rendered":"https:\/\/www.em.com.br\/emfoco\/?p=122047"},"modified":"2025-10-31T20:35:46","modified_gmt":"2025-10-31T23:35:46","slug":"comecei-a-incluir-esses-lanches-na-dieta-e-minha-pele-ficou-perfeita","status":"publish","type":"post","link":"https:\/\/www.em.com.br\/emfoco\/2025\/11\/03\/comecei-a-incluir-esses-lanches-na-dieta-e-minha-pele-ficou-perfeita\/","title":{"rendered":"Comecei a incluir esses lanches na dieta e minha pele ficou perfeita"},"content":{"rendered":"\n<p>Os <strong>lanches naturais<\/strong> s\u00e3o perfeitos para quem busca energia e uma pele mais bonita. Com ingredientes simples, eles nutrem o corpo, equilibram o intestino e estimulam o col\u00e1geno, melhorando a apar\u00eancia e o vi\u00e7o da pele de dentro para fora.<\/p>\n\n\n\n<h2 class=\"wp-block-heading\">Por que os lanches naturais fazem t\u00e3o bem para a pele?<\/h2>\n\n\n\n<p>Esses alimentos funcionam como verdadeiros <strong>cosm\u00e9ticos internos<\/strong>, pois s\u00e3o ricos em vitaminas e antioxidantes. Substituir ultraprocessados por op\u00e7\u00f5es naturais estimula a produ\u00e7\u00e3o de col\u00e1geno, melhora a textura da pele e combate os efeitos dos radicais livres com efici\u00eancia.<\/p>\n\n\n\n<p>Al\u00e9m da apar\u00eancia mais saud\u00e1vel, esses lanches equilibram o metabolismo e reduzem inflama\u00e7\u00f5es. Com o tempo, a <strong><a href=\"https:\/\/panelinhafit.com.br\/blog\/dicas-essenciais-para-ter-uma-alimentacao-equilibrada\" target=\"_blank\" rel=\"noreferrer noopener\">alimenta\u00e7\u00e3o equilibrada<\/a><\/strong> reflete em uma pele mais firme, menos oleosa e com brilho natural, tornando-se um complemento essencial para o autocuidado di\u00e1rio.<\/p>\n\n\n\n<figure class=\"wp-block-image size-large\"><img loading=\"lazy\" decoding=\"async\" width=\"1024\" height=\"576\" src=\"https:\/\/www.em.com.br\/emfoco\/wp-content\/uploads\/2025\/10\/Iogurte-aveia-mel_1761953720010-1024x576.jpg\" alt=\"Comecei a incluir esses lanches na dieta e minha pele ficou perfeita \" class=\"wp-image-122131\" srcset=\"https:\/\/www.em.com.br\/emfoco\/wp-content\/uploads\/2025\/10\/Iogurte-aveia-mel_1761953720010-1024x576.jpg 1024w, https:\/\/www.em.com.br\/emfoco\/wp-content\/uploads\/2025\/10\/Iogurte-aveia-mel_1761953720010-300x169.jpg 300w, https:\/\/www.em.com.br\/emfoco\/wp-content\/uploads\/2025\/10\/Iogurte-aveia-mel_1761953720010-768x432.jpg 768w, https:\/\/www.em.com.br\/emfoco\/wp-content\/uploads\/2025\/10\/Iogurte-aveia-mel_1761953720010-750x422.jpg 750w, https:\/\/www.em.com.br\/emfoco\/wp-content\/uploads\/2025\/10\/Iogurte-aveia-mel_1761953720010-1140x641.jpg 1140w, https:\/\/www.em.com.br\/emfoco\/wp-content\/uploads\/2025\/10\/Iogurte-aveia-mel_1761953720010.jpg 1280w\" sizes=\"auto, (max-width: 1024px) 100vw, 1024px\" \/><figcaption class=\"wp-element-caption\">Iogurte e aveia fortalecem o intestino e a beleza &#8211; Cr\u00e9ditos: depositphotos.com \/ svitlini<\/figcaption><\/figure>\n\n\n\n<h2 class=\"wp-block-heading\">Quais op\u00e7\u00f5es simples e baratas ajudam na beleza da pele?<\/h2>\n\n\n\n<p>Com ingredientes acess\u00edveis, \u00e9 poss\u00edvel preparar combina\u00e7\u00f5es saborosas e nutritivas que mant\u00eam a energia e melhoram a apar\u00eancia. Esses lanches unem praticidade e benef\u00edcios est\u00e9ticos de forma natural.<\/p>\n\n\n\n<ul class=\"wp-block-list\">\n<li><strong>Mix de oleaginosas com frutas secas:<\/strong> rico em vitamina E, mant\u00e9m a pele firme e hidratada.<\/li>\n\n\n\n<li><strong>Iogurte natural com aveia e mel:<\/strong> fortalece o intestino e melhora a absor\u00e7\u00e3o de nutrientes.<\/li>\n\n\n\n<li><strong>Vitamina de frutas com chia ou linha\u00e7a:<\/strong> fonte de \u00f4mega-3 e antioxidantes que protegem as c\u00e9lulas.<\/li>\n<\/ul>\n\n\n\n<p><em>Leia mais: <a href=\"https:\/\/www.em.com.br\/emfoco\/2025\/10\/29\/os-melhores-alimentos-para-turbinar-sua-memoria-hoje\/\" target=\"_blank\" rel=\"noreferrer noopener\">Os melhores alimentos para turbinar sua mem\u00f3ria hoje<\/a><\/em><\/p>\n\n\n\n<h2 class=\"wp-block-heading\">Como adaptar esses lanches \u00e0 rotina sem perder tempo?<\/h2>\n\n\n\n<p>Organizar o preparo \u00e9 essencial para manter a <strong>alimenta\u00e7\u00e3o saud\u00e1vel<\/strong> mesmo com dias corridos. Prepare por\u00e7\u00f5es individuais e armazene na geladeira em potes herm\u00e9ticos, garantindo praticidade e evitando escolhas impulsivas menos nutritivas durante o dia.<\/p>\n\n\n\n<p>Outra dica \u00e9 apostar em alimentos que duram mais, como frutas secas, sementes e iogurte natural. Esses itens s\u00e3o vers\u00e1teis e r\u00e1pidos de montar, al\u00e9m de fornecer energia constante e ajudar na <strong>regenera\u00e7\u00e3o celular<\/strong> da pele.<\/p>\n\n\n\n<figure class=\"wp-block-image size-large\"><img loading=\"lazy\" decoding=\"async\" width=\"1024\" height=\"576\" src=\"https:\/\/www.em.com.br\/emfoco\/wp-content\/uploads\/2025\/10\/vitamina-de-frutas_1761953748990-1024x576.jpg\" alt=\"Comecei a incluir esses lanches na dieta e minha pele ficou perfeita \" class=\"wp-image-122132\" srcset=\"https:\/\/www.em.com.br\/emfoco\/wp-content\/uploads\/2025\/10\/vitamina-de-frutas_1761953748990-1024x576.jpg 1024w, https:\/\/www.em.com.br\/emfoco\/wp-content\/uploads\/2025\/10\/vitamina-de-frutas_1761953748990-300x169.jpg 300w, https:\/\/www.em.com.br\/emfoco\/wp-content\/uploads\/2025\/10\/vitamina-de-frutas_1761953748990-768x432.jpg 768w, https:\/\/www.em.com.br\/emfoco\/wp-content\/uploads\/2025\/10\/vitamina-de-frutas_1761953748990-750x422.jpg 750w, https:\/\/www.em.com.br\/emfoco\/wp-content\/uploads\/2025\/10\/vitamina-de-frutas_1761953748990-1140x641.jpg 1140w, https:\/\/www.em.com.br\/emfoco\/wp-content\/uploads\/2025\/10\/vitamina-de-frutas_1761953748990.jpg 1280w\" sizes=\"auto, (max-width: 1024px) 100vw, 1024px\" \/><figcaption class=\"wp-element-caption\">Snacks leves e hidratantes mant\u00eam o brilho e a firmeza &#8211; Cr\u00e9ditos: depositphotos.com \/ AntonMatyukha<\/figcaption><\/figure>\n\n\n\n<h2 class=\"wp-block-heading\">Quais snacks r\u00e1pidos tamb\u00e9m ajudam na hidrata\u00e7\u00e3o e no brilho?<\/h2>\n\n\n\n<p>Alguns lanches refrescantes e leves complementam o cuidado com a pele, promovendo hidrata\u00e7\u00e3o e cor natural. S\u00e3o ideais para o meio da tarde ou ap\u00f3s atividades f\u00edsicas.<\/p>\n\n\n\n<ul class=\"wp-block-list\">\n<li><strong>Cenoura e pepino com homus:<\/strong> ricos em betacaroteno, deixam a pele mais vi\u00e7osa.<\/li>\n\n\n\n<li><strong>Barras caseiras de aveia e banana:<\/strong> energia sem excesso de a\u00e7\u00facar e fonte de fibras.<\/li>\n\n\n\n<li><strong>Ch\u00e1s naturais e \u00e1gua:<\/strong> mant\u00eam a hidrata\u00e7\u00e3o e potencializam os efeitos dos nutrientes.<\/li>\n<\/ul>\n","protected":false},"excerpt":{"rendered":"<p>Os lanches naturais s\u00e3o perfeitos para quem busca energia e uma pele mais bonita. Com ingredientes simples, eles nutrem o corpo, equilibram o intestino e estimulam o col\u00e1geno, melhorando a apar\u00eancia e o vi\u00e7o da pele de dentro para fora. Por que os lanches naturais fazem t\u00e3o bem para a pele? Esses alimentos funcionam como [&hellip;]<\/p>\n","protected":false},"author":13,"featured_media":122130,"comment_status":"open","ping_status":"open","sticky":false,"template":"","format":"standard","meta":{"jnews-multi-image_gallery":[],"jnews_single_post":{"format":"standard"},"jnews_primary_category":[],"jnews_social_meta":[],"jnews_override_counter":[],"footnotes":""},"categories":[8819],"tags":[13483,4939,18238],"class_list":["post-122047","post","type-post","status-publish","format-standard","has-post-thumbnail","hentry","category-curiosidades","tag-alimentos-beneficos","tag-cuidados-com-a-pele","tag-lanches-naturais"],"yoast_head":"<!-- This site is optimized with the Yoast SEO plugin v23.8 - https:\/\/yoast.com\/wordpress\/plugins\/seo\/ -->\n<title>Comecei a incluir esses lanches na dieta e minha pele ficou perfeita - Estado de Minas - Em foco<\/title>\n<meta name=\"description\" content=\"Lanches naturais podem transformar sua pele sem gastar muito. Veja quais ingredientes ajudam no brilho e firmeza com sabor e praticidade.\" \/>\n<meta name=\"robots\" content=\"index, follow, max-snippet:-1, max-image-preview:large, max-video-preview:-1\" \/>\n<link rel=\"canonical\" href=\"https:\/\/www.em.com.br\/emfoco\/2025\/11\/03\/comecei-a-incluir-esses-lanches-na-dieta-e-minha-pele-ficou-perfeita\/\" \/>\n<meta property=\"og:locale\" content=\"pt_BR\" \/>\n<meta property=\"og:type\" content=\"article\" \/>\n<meta property=\"og:title\" content=\"Comecei a incluir esses lanches na dieta e minha pele ficou perfeita - Estado de Minas - Em foco\" \/>\n<meta property=\"og:description\" content=\"Lanches naturais podem transformar sua pele sem gastar muito. Veja quais ingredientes ajudam no brilho e firmeza com sabor e praticidade.\" \/>\n<meta property=\"og:url\" content=\"https:\/\/www.em.com.br\/emfoco\/2025\/11\/03\/comecei-a-incluir-esses-lanches-na-dieta-e-minha-pele-ficou-perfeita\/\" \/>\n<meta property=\"og:site_name\" content=\"Estado de Minas - Em foco\" \/>\n<meta property=\"article:published_time\" content=\"2025-11-03T21:15:00+00:00\" \/>\n<meta property=\"article:modified_time\" content=\"2025-10-31T23:35:46+00:00\" \/>\n<meta property=\"og:image\" content=\"https:\/\/www.em.com.br\/emfoco\/wp-content\/uploads\/2025\/10\/Lanche-natural_1761953692379.jpg\" \/>\n\t<meta property=\"og:image:width\" content=\"1280\" \/>\n\t<meta property=\"og:image:height\" content=\"720\" \/>\n\t<meta property=\"og:image:type\" content=\"image\/jpeg\" \/>\n<meta name=\"author\" content=\"Gabriel Martins\" \/>\n<meta name=\"twitter:card\" content=\"summary_large_image\" \/>\n<meta name=\"twitter:label1\" content=\"Escrito por\" \/>\n\t<meta name=\"twitter:data1\" content=\"Gabriel Martins\" \/>\n\t<meta name=\"twitter:label2\" content=\"Est. tempo de leitura\" \/>\n\t<meta name=\"twitter:data2\" content=\"3 minutos\" \/>\n<!-- \/ Yoast SEO plugin. -->","yoast_head_json":{"title":"Comecei a incluir esses lanches na dieta e minha pele ficou perfeita - Estado de Minas - Em foco","description":"Lanches naturais podem transformar sua pele sem gastar muito. Veja quais ingredientes ajudam no brilho e firmeza com sabor e praticidade.","robots":{"index":"index","follow":"follow","max-snippet":"max-snippet:-1","max-image-preview":"max-image-preview:large","max-video-preview":"max-video-preview:-1"},"canonical":"https:\/\/www.em.com.br\/emfoco\/2025\/11\/03\/comecei-a-incluir-esses-lanches-na-dieta-e-minha-pele-ficou-perfeita\/","og_locale":"pt_BR","og_type":"article","og_title":"Comecei a incluir esses lanches na dieta e minha pele ficou perfeita - Estado de Minas - Em foco","og_description":"Lanches naturais podem transformar sua pele sem gastar muito. Veja quais ingredientes ajudam no brilho e firmeza com sabor e praticidade.","og_url":"https:\/\/www.em.com.br\/emfoco\/2025\/11\/03\/comecei-a-incluir-esses-lanches-na-dieta-e-minha-pele-ficou-perfeita\/","og_site_name":"Estado de Minas - Em foco","article_published_time":"2025-11-03T21:15:00+00:00","article_modified_time":"2025-10-31T23:35:46+00:00","og_image":[{"width":1280,"height":720,"url":"https:\/\/www.em.com.br\/emfoco\/wp-content\/uploads\/2025\/10\/Lanche-natural_1761953692379.jpg","type":"image\/jpeg"}],"author":"Gabriel Martins","twitter_card":"summary_large_image","twitter_misc":{"Escrito por":"Gabriel Martins","Est. tempo de leitura":"3 minutos"},"schema":{"@context":"https:\/\/schema.org","@graph":[{"@type":"WebPage","@id":"https:\/\/www.em.com.br\/emfoco\/2025\/11\/03\/comecei-a-incluir-esses-lanches-na-dieta-e-minha-pele-ficou-perfeita\/","url":"https:\/\/www.em.com.br\/emfoco\/2025\/11\/03\/comecei-a-incluir-esses-lanches-na-dieta-e-minha-pele-ficou-perfeita\/","name":"Comecei a incluir esses lanches na dieta e minha pele ficou perfeita - Estado de Minas - Em foco","isPartOf":{"@id":"https:\/\/www.em.com.br\/emfoco\/#website"},"primaryImageOfPage":{"@id":"https:\/\/www.em.com.br\/emfoco\/2025\/11\/03\/comecei-a-incluir-esses-lanches-na-dieta-e-minha-pele-ficou-perfeita\/#primaryimage"},"image":{"@id":"https:\/\/www.em.com.br\/emfoco\/2025\/11\/03\/comecei-a-incluir-esses-lanches-na-dieta-e-minha-pele-ficou-perfeita\/#primaryimage"},"thumbnailUrl":"https:\/\/www.em.com.br\/emfoco\/wp-content\/uploads\/2025\/10\/Lanche-natural_1761953692379.jpg","datePublished":"2025-11-03T21:15:00+00:00","dateModified":"2025-10-31T23:35:46+00:00","author":{"@id":"https:\/\/www.em.com.br\/emfoco\/#\/schema\/person\/1c9ddeab18b98abeffef834667bcf08a"},"description":"Lanches naturais podem transformar sua pele sem gastar muito. Veja quais ingredientes ajudam no brilho e firmeza com sabor e praticidade.","breadcrumb":{"@id":"https:\/\/www.em.com.br\/emfoco\/2025\/11\/03\/comecei-a-incluir-esses-lanches-na-dieta-e-minha-pele-ficou-perfeita\/#breadcrumb"},"inLanguage":"pt-BR","potentialAction":[{"@type":"ReadAction","target":["https:\/\/www.em.com.br\/emfoco\/2025\/11\/03\/comecei-a-incluir-esses-lanches-na-dieta-e-minha-pele-ficou-perfeita\/"]}]},{"@type":"ImageObject","inLanguage":"pt-BR","@id":"https:\/\/www.em.com.br\/emfoco\/2025\/11\/03\/comecei-a-incluir-esses-lanches-na-dieta-e-minha-pele-ficou-perfeita\/#primaryimage","url":"https:\/\/www.em.com.br\/emfoco\/wp-content\/uploads\/2025\/10\/Lanche-natural_1761953692379.jpg","contentUrl":"https:\/\/www.em.com.br\/emfoco\/wp-content\/uploads\/2025\/10\/Lanche-natural_1761953692379.jpg","width":1280,"height":720,"caption":"Lanches naturais nutrem a pele e equilibram o corpo - Cr\u00e9ditos: depositphotos.com \/ magone"},{"@type":"BreadcrumbList","@id":"https:\/\/www.em.com.br\/emfoco\/2025\/11\/03\/comecei-a-incluir-esses-lanches-na-dieta-e-minha-pele-ficou-perfeita\/#breadcrumb","itemListElement":[{"@type":"ListItem","position":1,"name":"In\u00edcio","item":"https:\/\/www.em.com.br\/emfoco\/"},{"@type":"ListItem","position":2,"name":"Comecei a incluir esses lanches na dieta e minha pele ficou perfeita"}]},{"@type":"WebSite","@id":"https:\/\/www.em.com.br\/emfoco\/#website","url":"https:\/\/www.em.com.br\/emfoco\/","name":"Estado de Minas - Em foco","description":"Acompanhe as \u00faltimas not\u00edcias e fique bem informado sobre tudo o que acontece em Minas Gerais, Brasil e no mundo.","potentialAction":[{"@type":"SearchAction","target":{"@type":"EntryPoint","urlTemplate":"https:\/\/www.em.com.br\/emfoco\/?s={search_term_string}"},"query-input":{"@type":"PropertyValueSpecification","valueRequired":true,"valueName":"search_term_string"}}],"inLanguage":"pt-BR"},{"@type":"Person","@id":"https:\/\/www.em.com.br\/emfoco\/#\/schema\/person\/1c9ddeab18b98abeffef834667bcf08a","name":"Gabriel Martins","image":{"@type":"ImageObject","inLanguage":"pt-BR","@id":"https:\/\/www.em.com.br\/emfoco\/#\/schema\/person\/image\/","url":"https:\/\/secure.gravatar.com\/avatar\/f0f1e2efdfd88f1ad2cb08c5c2731e50?s=96&d=mm&r=g","contentUrl":"https:\/\/secure.gravatar.com\/avatar\/f0f1e2efdfd88f1ad2cb08c5c2731e50?s=96&d=mm&r=g","caption":"Gabriel Martins"},"sameAs":["https:\/\/www.em.com.br\/emfoco\/"],"url":"https:\/\/www.em.com.br\/emfoco\/author\/gabrielmartinsmyth\/"}]}},"_links":{"self":[{"href":"https:\/\/www.em.com.br\/emfoco\/wp-json\/wp\/v2\/posts\/122047","targetHints":{"allow":["GET"]}}],"collection":[{"href":"https:\/\/www.em.com.br\/emfoco\/wp-json\/wp\/v2\/posts"}],"about":[{"href":"https:\/\/www.em.com.br\/emfoco\/wp-json\/wp\/v2\/types\/post"}],"author":[{"embeddable":true,"href":"https:\/\/www.em.com.br\/emfoco\/wp-json\/wp\/v2\/users\/13"}],"replies":[{"embeddable":true,"href":"https:\/\/www.em.com.br\/emfoco\/wp-json\/wp\/v2\/comments?post=122047"}],"version-history":[{"count":1,"href":"https:\/\/www.em.com.br\/emfoco\/wp-json\/wp\/v2\/posts\/122047\/revisions"}],"predecessor-version":[{"id":122133,"href":"https:\/\/www.em.com.br\/emfoco\/wp-json\/wp\/v2\/posts\/122047\/revisions\/122133"}],"wp:featuredmedia":[{"embeddable":true,"href":"https:\/\/www.em.com.br\/emfoco\/wp-json\/wp\/v2\/media\/122130"}],"wp:attachment":[{"href":"https:\/\/www.em.com.br\/emfoco\/wp-json\/wp\/v2\/media?parent=122047"}],"wp:term":[{"taxonomy":"category","embeddable":true,"href":"https:\/\/www.em.com.br\/emfoco\/wp-json\/wp\/v2\/categories?post=122047"},{"taxonomy":"post_tag","embeddable":true,"href":"https:\/\/www.em.com.br\/emfoco\/wp-json\/wp\/v2\/tags?post=122047"}],"curies":[{"name":"wp","href":"https:\/\/api.w.org\/{rel}","templated":true}]}}