{"id":121717,"date":"2025-11-01T20:45:34","date_gmt":"2025-11-01T23:45:34","guid":{"rendered":"https:\/\/www.em.com.br\/emfoco\/?p=121717"},"modified":"2025-10-31T19:19:02","modified_gmt":"2025-10-31T22:19:02","slug":"o-truque-das-cacheadas-para-um-cabelo-sempre-hidratado-e-sem-frizz","status":"publish","type":"post","link":"https:\/\/www.em.com.br\/emfoco\/2025\/11\/01\/o-truque-das-cacheadas-para-um-cabelo-sempre-hidratado-e-sem-frizz\/","title":{"rendered":"O truque das cacheadas para um cabelo sempre hidratado e sem frizz"},"content":{"rendered":"\n<p>O uso de <strong>\u00f3leos vegetais<\/strong> para cuidados capilares vem ganhando popularidade entre quem busca alternativas <strong>naturais<\/strong>, <strong>econ\u00f4micas<\/strong> e menos agressivas para <strong>hidrata\u00e7\u00e3o<\/strong> dos fios. Com propriedades <strong>nutritivas<\/strong> e <strong>hidratantes<\/strong>, esses \u00f3leos extra\u00eddos de plantas se consolidam como aliados na rotina de beleza, oferecendo benef\u00edcios acess\u00edveis com facilidade de aplica\u00e7\u00e3o e bons resultados.<\/p>\n\n\n\n<h2 class=\"wp-block-heading\">\u00d3leo vegetal pode ajudar a melhorar a sa\u00fade e a apar\u00eancia dos cabelos?<\/h2>\n\n\n\n<p>Os <strong>\u00f3leos vegetais<\/strong> s\u00e3o fontes de <strong>\u00e1cidos graxos<\/strong> e <strong>vitaminas essenciais<\/strong>, elementos importantes para selar a <strong>umidade<\/strong> dos fios e fornecer <strong>nutri\u00e7\u00e3o<\/strong> direta. Esses compostos atuam formando uma <strong>barreira protetora<\/strong> contra fatores externos como <strong>polui\u00e7\u00e3o<\/strong>, vento, e calor de instrumentos t\u00e9rmicos.<\/p>\n\n\n\n<p>\u00d3leos diferentes oferecem vantagens espec\u00edficas; o <strong>\u00f3leo de coco<\/strong>, por exemplo, penetra profundamente e reduz a <strong>perda de prote\u00edna<\/strong> nos fios, j\u00e1 o <strong>\u00f3leo de argan<\/strong> confere <strong>brilho<\/strong>, <strong>maleabilidade<\/strong> e ajuda no combate ao frizz. Mesmo outros \u00f3leos, como o <strong>azeite de oliva<\/strong> ou o <strong>\u00f3leo de abacate<\/strong>, trazem benef\u00edcios para determinados tipos de cabelo. Recentemente, o uso do <strong>\u00f3leo de r\u00edcino<\/strong> tamb\u00e9m ganhou destaque por estimular o <strong>crescimento capilar<\/strong> e fortalecer a raiz.<\/p>\n\n\n<div class=\"wp-block-image\">\n<figure class=\"aligncenter size-large\"><img loading=\"lazy\" decoding=\"async\" width=\"1024\" height=\"576\" src=\"https:\/\/www.em.com.br\/emfoco\/wp-content\/uploads\/2025\/11\/oleo-de-coco_1761937281361-1024x576.jpg\" alt=\"\" class=\"wp-image-121931\" srcset=\"https:\/\/www.em.com.br\/emfoco\/wp-content\/uploads\/2025\/11\/oleo-de-coco_1761937281361-1024x576.jpg 1024w, https:\/\/www.em.com.br\/emfoco\/wp-content\/uploads\/2025\/11\/oleo-de-coco_1761937281361-300x169.jpg 300w, https:\/\/www.em.com.br\/emfoco\/wp-content\/uploads\/2025\/11\/oleo-de-coco_1761937281361-768x432.jpg 768w, https:\/\/www.em.com.br\/emfoco\/wp-content\/uploads\/2025\/11\/oleo-de-coco_1761937281361-750x422.jpg 750w, https:\/\/www.em.com.br\/emfoco\/wp-content\/uploads\/2025\/11\/oleo-de-coco_1761937281361-1140x641.jpg 1140w, https:\/\/www.em.com.br\/emfoco\/wp-content\/uploads\/2025\/11\/oleo-de-coco_1761937281361.jpg 1280w\" sizes=\"auto, (max-width: 1024px) 100vw, 1024px\" \/><figcaption class=\"wp-element-caption\">\u00f3leo de coco penetra profundamente &#8211; Cr\u00e9ditos: depositphotos.com \/ alebloshka<\/figcaption><\/figure><\/div>\n\n\n<h2 class=\"wp-block-heading\">Como posso fazer um tratamento de hidrata\u00e7\u00e3o capilar caseira com \u00f3leo vegetal?<\/h2>\n\n\n\n<p>Realizar um <strong>tratamento<\/strong> com <strong>\u00f3leo vegetal<\/strong> em casa \u00e9 simples, bastando seguir uma sequ\u00eancia pr\u00e1tica para potencializar os resultados. O importante \u00e9 escolher um <strong>\u00f3leo de qualidade<\/strong>, definido conforme o objetivo e a necessidade dos seus fios.<\/p>\n\n\n\n<p>Confira um <strong>passo a passo<\/strong> sugerido para um tratamento eficaz com \u00f3leos vegetais:<\/p>\n\n\n\n<ul class=\"wp-block-list\">\n<li><strong>Escolha do \u00f3leo:<\/strong> Prefira \u00f3leos puros como <strong>coco<\/strong>, <strong>argan<\/strong>, <strong>r\u00edcino<\/strong> ou <strong>abacate<\/strong>.<\/li>\n\n\n\n<li><strong>Aquecimento:<\/strong> Aque\u00e7a levemente o \u00f3leo para melhorar sua absor\u00e7\u00e3o.<\/li>\n\n\n\n<li><strong>Aplica\u00e7\u00e3o:<\/strong> Espalhe o \u00f3leo nos <strong>cabelos secos<\/strong>, concentrando da metade para as pontas e evitando a raiz.<\/li>\n\n\n\n<li><strong>Tempo de a\u00e7\u00e3o:<\/strong> Aguarde pelo menos uma hora ou, para uma <strong>hidrata\u00e7\u00e3o mais profunda<\/strong>, deixe agir durante a noite.<\/li>\n\n\n\n<li><strong>Lavagem:<\/strong> Enx\u00e1gue os fios com <strong>shampoo<\/strong> at\u00e9 remover completamente o \u00f3leo.<\/li>\n<\/ul>\n\n\n\n<blockquote class=\"tiktok-embed\" cite=\"https:\/\/www.tiktok.com\/@ceciicerantola\/video\/7501834573274287366\" data-video-id=\"7501834573274287366\" style=\"max-width: 605px;min-width: 325px;\" > <section> <a target=\"_blank\" title=\"@ceciicerantola\" href=\"https:\/\/www.tiktok.com\/@ceciicerantola?refer=embed\">@ceciicerantola<\/a> Projeto rapunzel cacheada \ud83d\udc9b vamos crescer essa juba amigas?  <a title=\"rapunzelcacheada\" target=\"_blank\" href=\"https:\/\/www.tiktok.com\/tag\/rapunzelcacheada?refer=embed\">#rapunzelcacheada<\/a> <a title=\"cabelocacheado\" target=\"_blank\" href=\"https:\/\/www.tiktok.com\/tag\/cabelocacheado?refer=embed\">#cabelocacheado<\/a> <a title=\"onduladas\" target=\"_blank\" href=\"https:\/\/www.tiktok.com\/tag\/onduladas?refer=embed\">#onduladas<\/a> <a title=\"curlyhair\" target=\"_blank\" href=\"https:\/\/www.tiktok.com\/tag\/curlyhair?refer=embed\">#curlyhair<\/a> <a title=\"cacheadas\" target=\"_blank\" href=\"https:\/\/www.tiktok.com\/tag\/cacheadas?refer=embed\">#cacheadas<\/a> <a target=\"_blank\" title=\"\u266c Tom&#39;s Diner - 7&#34; Version - DNA\" href=\"https:\/\/www.tiktok.com\/music\/Tom's-Diner-7-Version-6928788489890695170?refer=embed\">\u266c Tom&#39;s Diner &#8211; 7&#34; Version &#8211; DNA<\/a> <\/section> <\/blockquote> <script async src=\"https:\/\/www.tiktok.com\/embed.js\"><\/script>\n\n\n\n<h2 class=\"wp-block-heading\">Quais resultados esperar ap\u00f3s uma semana de uso do \u00f3leo vegetal?<\/h2>\n\n\n\n<p>Ap\u00f3s uma <strong>semana de uso regular<\/strong>, a maioria das pessoas nota <strong>cabelos mais brilhantes<\/strong>, <strong>macios<\/strong> e com menos <strong>frizz<\/strong>. A <strong>hidrata\u00e7\u00e3o<\/strong> auxilia na redu\u00e7\u00e3o de <strong>pontas duplas<\/strong>, na <strong>preven\u00e7\u00e3o da quebra<\/strong> e melhora a <strong>elasticidade<\/strong> do fio. Com o uso cont\u00ednuo, pode-se observar tamb\u00e9m uma diminui\u00e7\u00e3o no ressecamento das pontas e maior facilidade para desembara\u00e7ar os fios.<\/p>\n\n\n\n<p>\u00c9 fundamental ajustar a <strong>quantidade<\/strong> e <strong>frequ\u00eancia<\/strong> do \u00f3leo de acordo com o <strong>tipo de cabelo<\/strong>. Usar a dose certa evita ac\u00famulo de oleosidade e maximiza os benef\u00edcios da t\u00e9cnica.<\/p>\n\n\n\n<iframe loading=\"lazy\" width=\"560\" height=\"315\" src=\"https:\/\/www.youtube.com\/embed\/Dq3C3iA8IkI?si=nIWM_xnMAEyqmdUE\" title=\"YouTube video player\" frameborder=\"0\" allow=\"accelerometer; autoplay; clipboard-write; encrypted-media; gyroscope; picture-in-picture; web-share\" referrerpolicy=\"strict-origin-when-cross-origin\" allowfullscreen><\/iframe>\n\n\n\n<h2 class=\"wp-block-heading\">Quando o uso de \u00f3leos vegetais n\u00e3o \u00e9 recomendado para os cabelos?<\/h2>\n\n\n\n<p>Apesar dos benef\u00edcios, nem todos devem utilizar estes \u00f3leos indiscriminadamente. Pessoas com <strong>couro cabeludo muito oleoso<\/strong> podem ver o problema se agravar, enquanto <a href=\"https:\/\/www.einstein.br\/n\/glossario-de-saude\/alergia\" target=\"_blank\" rel=\"noopener\">al\u00e9rgicos <\/a>a determinados componentes naturais devem tomar ainda mais cuidado.<\/p>\n\n\n\n<p>Para garantir <strong>seguran\u00e7a<\/strong>, recomenda-se fazer um <strong>teste de sensibilidade<\/strong> e sempre verificar a <strong>proced\u00eancia<\/strong> e <strong>pureza<\/strong> do \u00f3leo utilizado. Assim, minimiza-se o risco de rea\u00e7\u00f5es indesejadas ou efeitos prejudiciais \u00e0 sa\u00fade dos fios e couro cabeludo.<\/p>\n\n\n\n<p>Em resumo, tratar os cabelos com <strong>\u00f3leos vegetais<\/strong> pode ser uma alternativa eficaz, natural e acess\u00edvel. O sucesso depende da <strong>escolha do \u00f3leo<\/strong>, da <strong>aplica\u00e7\u00e3o correta<\/strong> e do respeito \u00e0s <strong>peculiaridades<\/strong> de cada tipo de fio, promovendo <strong>sa\u00fade<\/strong> e <strong>beleza<\/strong> com praticidade.<\/p>\n\n\n\n<p>Leia tamb\u00e9m:&nbsp;<a href=\"https:\/\/www.em.com.br\/emfoco\/2025\/10\/31\/esse-hidratante-caseiro-salvou-meu-cabelo-do-ressecamento\/\" target=\"_blank\" rel=\"noopener\">Esse hidratante caseiro salvou meu cabelo do ressecamento<\/a><\/p>\n\n\n\n<p><\/p>\n","protected":false},"excerpt":{"rendered":"<p>O uso de \u00f3leos vegetais para cuidados capilares vem ganhando popularidade entre quem busca alternativas naturais, econ\u00f4micas e menos agressivas para hidrata\u00e7\u00e3o dos fios. Com propriedades nutritivas e hidratantes, esses \u00f3leos extra\u00eddos de plantas se consolidam como aliados na rotina de beleza, oferecendo benef\u00edcios acess\u00edveis com facilidade de aplica\u00e7\u00e3o e bons resultados. \u00d3leo vegetal pode [&hellip;]<\/p>\n","protected":false},"author":9,"featured_media":121929,"comment_status":"open","ping_status":"open","sticky":false,"template":"","format":"standard","meta":{"jnews-multi-image_gallery":[],"jnews_single_post":{"format":"standard"},"jnews_primary_category":[],"jnews_social_meta":[],"jnews_override_counter":[],"footnotes":""},"categories":[8819,1],"tags":[4905,6730,17276],"class_list":["post-121717","post","type-post","status-publish","format-standard","has-post-thumbnail","hentry","category-curiosidades","category-noticias","tag-cabelo","tag-hidratacao-capilar","tag-oleo-vegetal"],"yoast_head":"<!-- This site is optimized with the Yoast SEO plugin v23.8 - https:\/\/yoast.com\/wordpress\/plugins\/seo\/ -->\n<title>O truque das cacheadas para um cabelo sempre hidratado e sem frizz<\/title>\n<meta name=\"description\" content=\"Cabelo ressecado? o ingrediente natural e barato que voc\u00ea tem na cozinha pode ser a solu\u00e7\u00e3o se usado do jeito certo.\" \/>\n<meta name=\"robots\" content=\"index, follow, max-snippet:-1, max-image-preview:large, max-video-preview:-1\" \/>\n<link rel=\"canonical\" href=\"https:\/\/www.em.com.br\/emfoco\/2025\/11\/01\/o-truque-das-cacheadas-para-um-cabelo-sempre-hidratado-e-sem-frizz\/\" \/>\n<meta property=\"og:locale\" content=\"pt_BR\" \/>\n<meta property=\"og:type\" content=\"article\" \/>\n<meta property=\"og:title\" content=\"O truque das cacheadas para um cabelo sempre hidratado e sem frizz\" \/>\n<meta property=\"og:description\" content=\"Cabelo ressecado? o ingrediente natural e barato que voc\u00ea tem na cozinha pode ser a solu\u00e7\u00e3o se usado do jeito certo.\" \/>\n<meta property=\"og:url\" content=\"https:\/\/www.em.com.br\/emfoco\/2025\/11\/01\/o-truque-das-cacheadas-para-um-cabelo-sempre-hidratado-e-sem-frizz\/\" \/>\n<meta property=\"og:site_name\" content=\"Estado de Minas - Em foco\" \/>\n<meta property=\"article:published_time\" content=\"2025-11-01T23:45:34+00:00\" \/>\n<meta property=\"article:modified_time\" content=\"2025-10-31T22:19:02+00:00\" \/>\n<meta property=\"og:image\" content=\"https:\/\/www.em.com.br\/emfoco\/wp-content\/uploads\/2025\/11\/cabelo-seco_1761937156958.jpg\" \/>\n\t<meta property=\"og:image:width\" content=\"1280\" \/>\n\t<meta property=\"og:image:height\" content=\"720\" \/>\n\t<meta property=\"og:image:type\" content=\"image\/jpeg\" \/>\n<meta name=\"author\" content=\"Daniely Cardoso\" \/>\n<meta name=\"twitter:card\" content=\"summary_large_image\" \/>\n<meta name=\"twitter:label1\" content=\"Escrito por\" \/>\n\t<meta name=\"twitter:data1\" content=\"Daniely Cardoso\" \/>\n\t<meta name=\"twitter:label2\" content=\"Est. tempo de leitura\" \/>\n\t<meta name=\"twitter:data2\" content=\"4 minutos\" \/>\n<!-- \/ Yoast SEO plugin. -->","yoast_head_json":{"title":"O truque das cacheadas para um cabelo sempre hidratado e sem frizz","description":"Cabelo ressecado? o ingrediente natural e barato que voc\u00ea tem na cozinha pode ser a solu\u00e7\u00e3o se usado do jeito certo.","robots":{"index":"index","follow":"follow","max-snippet":"max-snippet:-1","max-image-preview":"max-image-preview:large","max-video-preview":"max-video-preview:-1"},"canonical":"https:\/\/www.em.com.br\/emfoco\/2025\/11\/01\/o-truque-das-cacheadas-para-um-cabelo-sempre-hidratado-e-sem-frizz\/","og_locale":"pt_BR","og_type":"article","og_title":"O truque das cacheadas para um cabelo sempre hidratado e sem frizz","og_description":"Cabelo ressecado? o ingrediente natural e barato que voc\u00ea tem na cozinha pode ser a solu\u00e7\u00e3o se usado do jeito certo.","og_url":"https:\/\/www.em.com.br\/emfoco\/2025\/11\/01\/o-truque-das-cacheadas-para-um-cabelo-sempre-hidratado-e-sem-frizz\/","og_site_name":"Estado de Minas - Em foco","article_published_time":"2025-11-01T23:45:34+00:00","article_modified_time":"2025-10-31T22:19:02+00:00","og_image":[{"width":1280,"height":720,"url":"https:\/\/www.em.com.br\/emfoco\/wp-content\/uploads\/2025\/11\/cabelo-seco_1761937156958.jpg","type":"image\/jpeg"}],"author":"Daniely Cardoso","twitter_card":"summary_large_image","twitter_misc":{"Escrito por":"Daniely Cardoso","Est. tempo de leitura":"4 minutos"},"schema":{"@context":"https:\/\/schema.org","@graph":[{"@type":"WebPage","@id":"https:\/\/www.em.com.br\/emfoco\/2025\/11\/01\/o-truque-das-cacheadas-para-um-cabelo-sempre-hidratado-e-sem-frizz\/","url":"https:\/\/www.em.com.br\/emfoco\/2025\/11\/01\/o-truque-das-cacheadas-para-um-cabelo-sempre-hidratado-e-sem-frizz\/","name":"O truque das cacheadas para um cabelo sempre hidratado e sem frizz","isPartOf":{"@id":"https:\/\/www.em.com.br\/emfoco\/#website"},"primaryImageOfPage":{"@id":"https:\/\/www.em.com.br\/emfoco\/2025\/11\/01\/o-truque-das-cacheadas-para-um-cabelo-sempre-hidratado-e-sem-frizz\/#primaryimage"},"image":{"@id":"https:\/\/www.em.com.br\/emfoco\/2025\/11\/01\/o-truque-das-cacheadas-para-um-cabelo-sempre-hidratado-e-sem-frizz\/#primaryimage"},"thumbnailUrl":"https:\/\/www.em.com.br\/emfoco\/wp-content\/uploads\/2025\/11\/cabelo-seco_1761937156958.jpg","datePublished":"2025-11-01T23:45:34+00:00","dateModified":"2025-10-31T22:19:02+00:00","author":{"@id":"https:\/\/www.em.com.br\/emfoco\/#\/schema\/person\/0a8186d72f2c3a5c6276d90b41f271a0"},"description":"Cabelo ressecado? o ingrediente natural e barato que voc\u00ea tem na cozinha pode ser a solu\u00e7\u00e3o se usado do jeito certo.","breadcrumb":{"@id":"https:\/\/www.em.com.br\/emfoco\/2025\/11\/01\/o-truque-das-cacheadas-para-um-cabelo-sempre-hidratado-e-sem-frizz\/#breadcrumb"},"inLanguage":"pt-BR","potentialAction":[{"@type":"ReadAction","target":["https:\/\/www.em.com.br\/emfoco\/2025\/11\/01\/o-truque-das-cacheadas-para-um-cabelo-sempre-hidratado-e-sem-frizz\/"]}]},{"@type":"ImageObject","inLanguage":"pt-BR","@id":"https:\/\/www.em.com.br\/emfoco\/2025\/11\/01\/o-truque-das-cacheadas-para-um-cabelo-sempre-hidratado-e-sem-frizz\/#primaryimage","url":"https:\/\/www.em.com.br\/emfoco\/wp-content\/uploads\/2025\/11\/cabelo-seco_1761937156958.jpg","contentUrl":"https:\/\/www.em.com.br\/emfoco\/wp-content\/uploads\/2025\/11\/cabelo-seco_1761937156958.jpg","width":1280,"height":720,"caption":"Tratamento alternativo para cabelos ressecados - Cr\u00e9ditos: depositphotos.com \/ AndrewLozovyi"},{"@type":"BreadcrumbList","@id":"https:\/\/www.em.com.br\/emfoco\/2025\/11\/01\/o-truque-das-cacheadas-para-um-cabelo-sempre-hidratado-e-sem-frizz\/#breadcrumb","itemListElement":[{"@type":"ListItem","position":1,"name":"In\u00edcio","item":"https:\/\/www.em.com.br\/emfoco\/"},{"@type":"ListItem","position":2,"name":"O truque das cacheadas para um cabelo sempre hidratado e sem frizz"}]},{"@type":"WebSite","@id":"https:\/\/www.em.com.br\/emfoco\/#website","url":"https:\/\/www.em.com.br\/emfoco\/","name":"Estado de Minas - Em foco","description":"Acompanhe as \u00faltimas not\u00edcias e fique bem informado sobre tudo o que acontece em Minas Gerais, Brasil e no mundo.","potentialAction":[{"@type":"SearchAction","target":{"@type":"EntryPoint","urlTemplate":"https:\/\/www.em.com.br\/emfoco\/?s={search_term_string}"},"query-input":{"@type":"PropertyValueSpecification","valueRequired":true,"valueName":"search_term_string"}}],"inLanguage":"pt-BR"},{"@type":"Person","@id":"https:\/\/www.em.com.br\/emfoco\/#\/schema\/person\/0a8186d72f2c3a5c6276d90b41f271a0","name":"Daniely Cardoso","image":{"@type":"ImageObject","inLanguage":"pt-BR","@id":"https:\/\/www.em.com.br\/emfoco\/#\/schema\/person\/image\/","url":"https:\/\/secure.gravatar.com\/avatar\/4b80ddbd124d1f071b626d52d62e5dff?s=96&d=mm&r=g","contentUrl":"https:\/\/secure.gravatar.com\/avatar\/4b80ddbd124d1f071b626d52d62e5dff?s=96&d=mm&r=g","caption":"Daniely Cardoso"},"url":"https:\/\/www.em.com.br\/emfoco\/author\/danielymyth\/"}]}},"_links":{"self":[{"href":"https:\/\/www.em.com.br\/emfoco\/wp-json\/wp\/v2\/posts\/121717","targetHints":{"allow":["GET"]}}],"collection":[{"href":"https:\/\/www.em.com.br\/emfoco\/wp-json\/wp\/v2\/posts"}],"about":[{"href":"https:\/\/www.em.com.br\/emfoco\/wp-json\/wp\/v2\/types\/post"}],"author":[{"embeddable":true,"href":"https:\/\/www.em.com.br\/emfoco\/wp-json\/wp\/v2\/users\/9"}],"replies":[{"embeddable":true,"href":"https:\/\/www.em.com.br\/emfoco\/wp-json\/wp\/v2\/comments?post=121717"}],"version-history":[{"count":5,"href":"https:\/\/www.em.com.br\/emfoco\/wp-json\/wp\/v2\/posts\/121717\/revisions"}],"predecessor-version":[{"id":122121,"href":"https:\/\/www.em.com.br\/emfoco\/wp-json\/wp\/v2\/posts\/121717\/revisions\/122121"}],"wp:featuredmedia":[{"embeddable":true,"href":"https:\/\/www.em.com.br\/emfoco\/wp-json\/wp\/v2\/media\/121929"}],"wp:attachment":[{"href":"https:\/\/www.em.com.br\/emfoco\/wp-json\/wp\/v2\/media?parent=121717"}],"wp:term":[{"taxonomy":"category","embeddable":true,"href":"https:\/\/www.em.com.br\/emfoco\/wp-json\/wp\/v2\/categories?post=121717"},{"taxonomy":"post_tag","embeddable":true,"href":"https:\/\/www.em.com.br\/emfoco\/wp-json\/wp\/v2\/tags?post=121717"}],"curies":[{"name":"wp","href":"https:\/\/api.w.org\/{rel}","templated":true}]}}