{"id":121712,"date":"2025-11-01T18:15:45","date_gmt":"2025-11-01T21:15:45","guid":{"rendered":"https:\/\/www.em.com.br\/emfoco\/?p=121712"},"modified":"2025-10-31T16:19:23","modified_gmt":"2025-10-31T19:19:23","slug":"os-melhores-exercicios-para-trabalhar-o-abdomen-para-o-verao-de-2026","status":"publish","type":"post","link":"https:\/\/www.em.com.br\/emfoco\/2025\/11\/01\/os-melhores-exercicios-para-trabalhar-o-abdomen-para-o-verao-de-2026\/","title":{"rendered":"Os melhores exerc\u00edcios para trabalhar o abd\u00f4men para o ver\u00e3o de 2026"},"content":{"rendered":"\n<p><strong>Fortalecer<\/strong> e definir a <strong>regi\u00e3o abdominal<\/strong> n\u00e3o exige equipamentos pesados, nem longas rotinas em academia. A efici\u00eancia est\u00e1 em movimentos pr\u00e1ticos que ativam o <strong>core<\/strong> de maneira integral, promovendo n\u00e3o apenas benef\u00edcios est\u00e9ticos, mas tamb\u00e9m trazendo <strong>estabilidade corporal<\/strong>, <strong>prote\u00e7\u00e3o para a coluna<\/strong> e maior <strong>desempenho f\u00edsico<\/strong>.<\/p>\n\n\n\n<h2 class=\"wp-block-heading\">Por que o core \u00e9 importante para a sa\u00fade e o desempenho?<\/h2>\n\n\n\n<p>O <strong>core<\/strong> \u00e9 o n\u00facleo de <strong>estabilidade do corpo<\/strong> e tem papel essencial na <strong>postura<\/strong>, no <strong>equil\u00edbrio<\/strong> e na efici\u00eancia <strong>respirat\u00f3ria<\/strong>. Fortalecer essa regi\u00e3o ajuda a prevenir <strong>dores lombares<\/strong> e eleva o <strong>funcionamento corporal<\/strong>, otimizando desde <strong>atividades cotidianas<\/strong> at\u00e9 pr\u00e1ticas esportivas.<\/p>\n\n\n\n<p>Al\u00e9m disso, um <strong>core fortalecido<\/strong> pode auxiliar na <strong>preven\u00e7\u00e3o de les\u00f5es<\/strong> e no aumento da <strong>for\u00e7a funcional<\/strong>, tornando os movimentos di\u00e1rios mais seguros e eficientes.<\/p>\n\n\n<div class=\"wp-block-image\">\n<figure class=\"aligncenter size-large\"><img loading=\"lazy\" decoding=\"async\" width=\"1024\" height=\"576\" src=\"https:\/\/www.em.com.br\/emfoco\/wp-content\/uploads\/2025\/11\/abdominal_1761935706020-1024x576.jpg\" alt=\"\" class=\"wp-image-121911\" srcset=\"https:\/\/www.em.com.br\/emfoco\/wp-content\/uploads\/2025\/11\/abdominal_1761935706020-1024x576.jpg 1024w, https:\/\/www.em.com.br\/emfoco\/wp-content\/uploads\/2025\/11\/abdominal_1761935706020-300x169.jpg 300w, https:\/\/www.em.com.br\/emfoco\/wp-content\/uploads\/2025\/11\/abdominal_1761935706020-768x432.jpg 768w, https:\/\/www.em.com.br\/emfoco\/wp-content\/uploads\/2025\/11\/abdominal_1761935706020-750x422.jpg 750w, https:\/\/www.em.com.br\/emfoco\/wp-content\/uploads\/2025\/11\/abdominal_1761935706020-1140x641.jpg 1140w, https:\/\/www.em.com.br\/emfoco\/wp-content\/uploads\/2025\/11\/abdominal_1761935706020.jpg 1280w\" sizes=\"auto, (max-width: 1024px) 100vw, 1024px\" \/><figcaption class=\"wp-element-caption\">O core \u00e9 o n\u00facleo de estabilidade do corpo &#8211; Cr\u00e9ditos: depositphotos.com \/ Milkos<\/figcaption><\/figure><\/div>\n\n\n<h2 class=\"wp-block-heading\">Como ativar o core corretamente e com efici\u00eancia<\/h2>\n\n\n\n<p>Para ativar o <strong>core<\/strong> sem sobrecargas desnecess\u00e1rias, o ideal \u00e9 optar por <strong>movimentos funcionais<\/strong> e acess\u00edveis. Eles permitem trabalhar profundamente os <strong>m\u00fasculos abdominais<\/strong> de forma segura, com pouco ou nenhum equipamento.<\/p>\n\n\n\n<p>Confira algumas alternativas que podem ser feitas em casa ou na academia, com baixo risco de <strong>les\u00e3o<\/strong> e grande rendimento:<\/p>\n\n\n\n<ul class=\"wp-block-list\">\n<li>Priorizar <strong>exerc\u00edcios<\/strong> que integrem <strong>estabilidade<\/strong>, <strong>controle<\/strong> e <strong>respira\u00e7\u00e3o<\/strong>.<\/li>\n\n\n\n<li>Respeitar o seu limite, aumentando gradualmente o <strong>tempo<\/strong> ou n\u00famero de <strong>repeti\u00e7\u00f5es<\/strong>.<\/li>\n\n\n\n<li>Manter a <strong>execu\u00e7\u00e3o correta<\/strong>, evitando compensa\u00e7\u00f5es que podem sobrecarregar a <strong>coluna<\/strong>.<\/li>\n<\/ul>\n\n\n\n<h2 class=\"wp-block-heading\">Quais s\u00e3o os exerc\u00edcios abdominais mais eficazes para fortalecer o core?<\/h2>\n\n\n\n<p>Entre os <strong>exerc\u00edcios<\/strong> recomendados, alguns cl\u00e1ssicos se destacam pela efici\u00eancia e pela <strong>ativa\u00e7\u00e3o abrangente do core<\/strong>. Sua <strong>execu\u00e7\u00e3o adequada<\/strong> \u00e9 crucial para evitar dores e maximizar os ganhos.<\/p>\n\n\n\n<ul class=\"wp-block-list\">\n<li><strong>Prancha (Plank):<\/strong> Trabalha toda a regi\u00e3o do <strong>core<\/strong>, incluindo <strong>abdominais transversos<\/strong>, <strong>obl\u00edquos<\/strong> e <strong>lombar<\/strong>. Manter as costas alinhadas \u00e9 fundamental, come\u00e7ando com 20-30 segundos e evoluindo de acordo com o progresso.<\/li>\n<\/ul>\n\n\n\n<blockquote class=\"tiktok-embed\" cite=\"https:\/\/www.tiktok.com\/@arielyu.fit\/video\/7526206401681640717\" data-video-id=\"7526206401681640717\" style=\"max-width: 605px;min-width: 325px;\" > <section> <a target=\"_blank\" title=\"@arielyu.fit\" href=\"https:\/\/www.tiktok.com\/@arielyu.fit?refer=embed\">@arielyu.fit<\/a> The plank is a highly effective core training exercise. To perform it properly, keep the following key points in mind: \t1.\tPlace your hands naturally forward on the floor. This helps reduce pressure on the shoulders and prevents the elbows from tucking in too close. \t2.\tKeep your head aligned with your spine. Look down at the floor\u2014avoid tilting your head up or down to maintain a neutral neck position. \t3.\tProtract your shoulder blades. Don\u2019t pinch them together\u2014keep them slightly spread to stabilize the upper back and engage the serratus anterior. \t4.\tTuck your pelvis slightly and engage your core. Avoid sticking your butt up or letting your lower back sag. Your body should form a slight arch, supported by strong core activation. \t5.\tKeep your feet shoulder-width apart. This provides better stability and balance, especially for beginners. \t6.\tFocus your attention on your core. Stay actively engaged\u2014don\u2019t just passively hold the position. <a title=\"plank\" target=\"_blank\" href=\"https:\/\/www.tiktok.com\/tag\/plank?refer=embed\">#plank<\/a> <a title=\"fitness\" target=\"_blank\" href=\"https:\/\/www.tiktok.com\/tag\/fitness?refer=embed\">#fitness<\/a> <a title=\"gym\" target=\"_blank\" href=\"https:\/\/www.tiktok.com\/tag\/gym?refer=embed\">#gym<\/a> <a title=\"gymworkouts\" target=\"_blank\" href=\"https:\/\/www.tiktok.com\/tag\/gymworkouts?refer=embed\">#gymworkouts<\/a> <a title=\"gymrat\" target=\"_blank\" href=\"https:\/\/www.tiktok.com\/tag\/gymrat?refer=embed\">#gymrat<\/a> <a title=\"homeworkout\" target=\"_blank\" href=\"https:\/\/www.tiktok.com\/tag\/homeworkout?refer=embed\">#homeworkout<\/a> <a title=\"fitnesstips\" target=\"_blank\" href=\"https:\/\/www.tiktok.com\/tag\/fitnesstips?refer=embed\">#fitnesstips<\/a> <a title=\"abs\" target=\"_blank\" href=\"https:\/\/www.tiktok.com\/tag\/abs?refer=embed\">#abs<\/a> <a target=\"_blank\" title=\"\u266c original sound - Ariel Yu\" href=\"https:\/\/www.tiktok.com\/music\/original-sound-7526206623472913207?refer=embed\">\u266c original sound &#8211; Ariel Yu<\/a> <\/section> <\/blockquote> <script async src=\"https:\/\/www.tiktok.com\/embed.js\"><\/script>\n\n\n\n<ul class=\"wp-block-list\">\n<li><strong>Eleva\u00e7\u00e3o de pernas suspenso:<\/strong> Foca especialmente o <strong>abd\u00f4men inferior<\/strong>. O movimento deve ser controlado, elevando as pernas lentamente at\u00e9 ficarem paralelas ao ch\u00e3o ou mais, se poss\u00edvel.<\/li>\n<\/ul>\n\n\n\n<blockquote class=\"tiktok-embed\" cite=\"https:\/\/www.tiktok.com\/@seupersonalgabriel\/video\/7419342353128803590\" data-video-id=\"7419342353128803590\" style=\"max-width: 605px;min-width: 325px;\" > <section> <a target=\"_blank\" title=\"@seupersonalgabriel\" href=\"https:\/\/www.tiktok.com\/@seupersonalgabriel?refer=embed\">@seupersonalgabriel<\/a> <p>Desse jeito voc\u00ea N\u00c3O VAI DEFINIR \u274c Esse exerc\u00edcio n\u00e3o \u00e9 simplesmente levantar e descer as pernas, existe uma t\u00e9cnica por tr\u00e1s, como explico nesse v\u00eddeo. Comente aqui, voc\u00ea j\u00e1 testou assim?<\/p> <a target=\"_blank\" title=\"\u266c som original - Gabriel Facchini\" href=\"https:\/\/www.tiktok.com\/music\/som-original-7419342374576212742?refer=embed\">\u266c som original &#8211; Gabriel Facchini<\/a> <\/section> <\/blockquote> <script async src=\"https:\/\/www.tiktok.com\/embed.js\"><\/script>\n\n\n\n<ul class=\"wp-block-list\">\n<li><strong>Roda abdominal:<\/strong> Exerc\u00edcio completo para <strong>for\u00e7a<\/strong> e <strong>estabilidade do core<\/strong>. A dica \u00e9 n\u00e3o ultrapassar o limite de controle e, se necess\u00e1rio, iniciar a partir dos joelhos para maior seguran\u00e7a.<\/li>\n<\/ul>\n\n\n\n<iframe loading=\"lazy\" width=\"560\" height=\"315\" src=\"https:\/\/www.youtube.com\/embed\/YxxbKYVbfVI?si=SgV7Rtk2ap5olAF4\" title=\"YouTube video player\" frameborder=\"0\" allow=\"accelerometer; autoplay; clipboard-write; encrypted-media; gyroscope; picture-in-picture; web-share\" referrerpolicy=\"strict-origin-when-cross-origin\" allowfullscreen><\/iframe>\n\n\n\n<h2 class=\"wp-block-heading\">Quais s\u00e3o os erros comuns no treino abdominal e como evit\u00e1-los?<\/h2>\n\n\n\n<p>Alguns <strong>exerc\u00edcios<\/strong>, se executados incorretamente ou em excesso, podem ser <strong>prejudiciais<\/strong> ao inv\u00e9s de ben\u00e9ficos. Saber identificar e evitar esses <strong>erros<\/strong> \u00e9 essencial para um treino mais seguro e eficiente.<\/p>\n\n\n\n<p>Veja exemplos de pr\u00e1ticas que podem limitar seus <strong>resultados<\/strong> e aumentar o risco de <strong>les\u00e3o<\/strong> quando n\u00e3o realizadas corretamente:<\/p>\n\n\n\n<ul class=\"wp-block-list\">\n<li><strong>Abdominal completo (Crunch):<\/strong> Pode sobrecarregar a <strong>lombar<\/strong>, sendo menos eficaz para os <strong>m\u00fasculos profundos do abd\u00f4men<\/strong>.<\/li>\n<\/ul>\n\n\n\n<blockquote class=\"tiktok-embed\" cite=\"https:\/\/www.tiktok.com\/@ramireztreinador\/video\/7277589748619824389\" data-video-id=\"7277589748619824389\" style=\"max-width: 605px;min-width: 325px;\" > <section> <a target=\"_blank\" title=\"@ramireztreinador\" href=\"https:\/\/www.tiktok.com\/@ramireztreinador?refer=embed\">@ramireztreinador<\/a> Abdominal Crunch \ud83d\udc49\ud83c\udffb Excelente para iniciantes  \ud83d\udc49\ud83c\udffb J\u00e1 me segue para mais dicas  <a title=\"treino\" target=\"_blank\" href=\"https:\/\/www.tiktok.com\/tag\/treino?refer=embed\">#treino<\/a> <a title=\"treinodeabdomen\" target=\"_blank\" href=\"https:\/\/www.tiktok.com\/tag\/treinodeabdomen?refer=embed\">#treinodeabdomen<\/a> <a title=\"abdomen\" target=\"_blank\" href=\"https:\/\/www.tiktok.com\/tag\/abdomen?refer=embed\">#abdomen<\/a> <a title=\"abdominal\" target=\"_blank\" href=\"https:\/\/www.tiktok.com\/tag\/abdominal?refer=embed\">#abdominal<\/a> <a title=\"exercicioemcasa\" target=\"_blank\" href=\"https:\/\/www.tiktok.com\/tag\/exercicioemcasa?refer=embed\">#exercicioemcasa<\/a> <a title=\"exerciciodeabdomem\" target=\"_blank\" href=\"https:\/\/www.tiktok.com\/tag\/exerciciodeabdomem?refer=embed\">#exerciciodeabdomem<\/a> <a title=\"abdominalcrunch\" target=\"_blank\" href=\"https:\/\/www.tiktok.com\/tag\/abdominalcrunch?refer=embed\">#abdominalcrunch<\/a> <a target=\"_blank\" title=\"\u266c 6 Figures - Kings\" href=\"https:\/\/www.tiktok.com\/music\/6-Figures-6709408985788712961?refer=embed\">\u266c 6 Figures &#8211; Kings<\/a> <\/section> <\/blockquote> <script async src=\"https:\/\/www.tiktok.com\/embed.js\"><\/script>\n\n\n\n<ul class=\"wp-block-list\">\n<li><strong>Abdominal em m\u00e1quina de crunch:<\/strong> Limita o <strong>movimento natural da coluna<\/strong> e, ao usar peso, pode causar mais <strong>impulso<\/strong> do que <strong>ativa\u00e7\u00e3o muscular<\/strong>.<\/li>\n<\/ul>\n\n\n\n<blockquote class=\"tiktok-embed\" cite=\"https:\/\/www.tiktok.com\/@bioritmo\/video\/7459894947353791749\" data-video-id=\"7459894947353791749\" style=\"max-width: 605px;min-width: 325px;\" > <section> <a target=\"_blank\" title=\"@bioritmo\" href=\"https:\/\/www.tiktok.com\/@bioritmo?refer=embed\">@bioritmo<\/a> Abdominal na m\u00e1quina? Isso mesmo! Aprenda o tutorial de <a title=\"abdominalcrunchmachine\" target=\"_blank\" href=\"https:\/\/www.tiktok.com\/tag\/abdominalcrunchmachine?refer=embed\">#AbdominalCrunchMachine<\/a> com o professor Gabriel Oliveira. \u2705\ud83d\udcaa\ud83c\udffd<a title=\"bioritmo\" target=\"_blank\" href=\"https:\/\/www.tiktok.com\/tag\/bioritmo?refer=embed\">#BioRitmo<\/a> <a title=\"summerfocus\" target=\"_blank\" href=\"https:\/\/www.tiktok.com\/tag\/summerfocus?refer=embed\">#SummerFocus<\/a> <a title=\"learnontiktok\" target=\"_blank\" href=\"https:\/\/www.tiktok.com\/tag\/learnontiktok?refer=embed\">#LearnOnTikTok<\/a> <a target=\"_blank\" title=\"\u266c Tonight - Felix Tena\" href=\"https:\/\/www.tiktok.com\/music\/Tonight-7181558833175758849?refer=embed\">\u266c Tonight &#8211; Felix Tena<\/a> <\/section> <\/blockquote> <script async src=\"https:\/\/www.tiktok.com\/embed.js\"><\/script>\n\n\n\n<ul class=\"wp-block-list\">\n<li><strong>Tor\u00e7\u00e3o de tronco com peso excessivo:<\/strong> O risco de les\u00e3o na <strong>coluna<\/strong> aumenta com cargas altas. Prefira pesos leves e total controle do movimento.<\/li>\n<\/ul>\n\n\n\n<p>Por fim, vale lembrar que a <strong>efici\u00eancia do treino abdominal<\/strong> depende muito mais da <strong>qualidade da execu\u00e7\u00e3o<\/strong> e da <strong>const\u00e2ncia<\/strong> do que da quantidade de repeti\u00e7\u00f5es ou do uso de m\u00e1quinas. <strong>Movimentos simples e bem realizados<\/strong> s\u00e3o capazes de promover grandes transforma\u00e7\u00f5es tanto na est\u00e9tica quanto na <strong>funcionalidade do <\/strong><a href=\"https:\/\/www.hospitaldaluz.pt\/pt\/saude-e-bem-estar\/afinal-o-que-e-o-core\" target=\"_blank\" rel=\"noopener\">core<\/a>.<\/p>\n\n\n\n<p>Leia tamb\u00e9m:&nbsp;<a href=\"https:\/\/www.em.com.br\/emfoco\/2025\/10\/06\/alongamentos-que-melhoram-digestao-e-aliviam-o-desconforto-abdominal\/\" target=\"_blank\" rel=\"noopener\">Alongamentos que melhoram digest\u00e3o e aliviam o desconforto abdominal<\/a><\/p>\n","protected":false},"excerpt":{"rendered":"<p>Fortalecer e definir a regi\u00e3o abdominal n\u00e3o exige equipamentos pesados, nem longas rotinas em academia. A efici\u00eancia est\u00e1 em movimentos pr\u00e1ticos que ativam o core de maneira integral, promovendo n\u00e3o apenas benef\u00edcios est\u00e9ticos, mas tamb\u00e9m trazendo estabilidade corporal, prote\u00e7\u00e3o para a coluna e maior desempenho f\u00edsico. Por que o core \u00e9 importante para a sa\u00fade [&hellip;]<\/p>\n","protected":false},"author":9,"featured_media":121912,"comment_status":"open","ping_status":"open","sticky":false,"template":"","format":"standard","meta":{"jnews-multi-image_gallery":[],"jnews_single_post":{"format":"standard"},"jnews_primary_category":[],"jnews_social_meta":[],"jnews_override_counter":[],"footnotes":""},"categories":[8691,1],"tags":[18200,4131,415],"class_list":["post-121712","post","type-post","status-publish","format-standard","has-post-thumbnail","hentry","category-bem-estar","category-noticias","tag-abdominal","tag-exercicios","tag-saude"],"yoast_head":"<!-- This site is optimized with the Yoast SEO plugin v23.8 - https:\/\/yoast.com\/wordpress\/plugins\/seo\/ -->\n<title>Os melhores exerc\u00edcios para trabalhar o abd\u00f4men para o ver\u00e3o de 2026<\/title>\n<meta name=\"description\" content=\"Voc\u00ea faz centenas de abdominais e n\u00e3o v\u00ea resultado e ainda sente dor nas costas? o segredo do &#039;core&#039; forte n\u00e3o \u00e9 a quantidade.\" \/>\n<meta name=\"robots\" content=\"index, follow, max-snippet:-1, max-image-preview:large, max-video-preview:-1\" \/>\n<link rel=\"canonical\" href=\"https:\/\/www.em.com.br\/emfoco\/2025\/11\/01\/os-melhores-exercicios-para-trabalhar-o-abdomen-para-o-verao-de-2026\/\" \/>\n<meta property=\"og:locale\" content=\"pt_BR\" \/>\n<meta property=\"og:type\" content=\"article\" \/>\n<meta property=\"og:title\" content=\"Os melhores exerc\u00edcios para trabalhar o abd\u00f4men para o ver\u00e3o de 2026\" \/>\n<meta property=\"og:description\" content=\"Voc\u00ea faz centenas de abdominais e n\u00e3o v\u00ea resultado e ainda sente dor nas costas? o segredo do &#039;core&#039; forte n\u00e3o \u00e9 a quantidade.\" \/>\n<meta property=\"og:url\" content=\"https:\/\/www.em.com.br\/emfoco\/2025\/11\/01\/os-melhores-exercicios-para-trabalhar-o-abdomen-para-o-verao-de-2026\/\" \/>\n<meta property=\"og:site_name\" content=\"Estado de Minas - Em foco\" \/>\n<meta property=\"article:published_time\" content=\"2025-11-01T21:15:45+00:00\" \/>\n<meta property=\"article:modified_time\" content=\"2025-10-31T19:19:23+00:00\" \/>\n<meta property=\"og:image\" content=\"https:\/\/www.em.com.br\/emfoco\/wp-content\/uploads\/2025\/11\/abdominal_1761935777933.jpg\" \/>\n\t<meta property=\"og:image:width\" content=\"1280\" \/>\n\t<meta property=\"og:image:height\" content=\"720\" \/>\n\t<meta property=\"og:image:type\" content=\"image\/jpeg\" \/>\n<meta name=\"author\" content=\"Daniely Cardoso\" \/>\n<meta name=\"twitter:card\" content=\"summary_large_image\" \/>\n<meta name=\"twitter:label1\" content=\"Escrito por\" \/>\n\t<meta name=\"twitter:data1\" content=\"Daniely Cardoso\" \/>\n\t<meta name=\"twitter:label2\" content=\"Est. tempo de leitura\" \/>\n\t<meta name=\"twitter:data2\" content=\"4 minutos\" \/>\n<!-- \/ Yoast SEO plugin. -->","yoast_head_json":{"title":"Os melhores exerc\u00edcios para trabalhar o abd\u00f4men para o ver\u00e3o de 2026","description":"Voc\u00ea faz centenas de abdominais e n\u00e3o v\u00ea resultado e ainda sente dor nas costas? o segredo do 'core' forte n\u00e3o \u00e9 a quantidade.","robots":{"index":"index","follow":"follow","max-snippet":"max-snippet:-1","max-image-preview":"max-image-preview:large","max-video-preview":"max-video-preview:-1"},"canonical":"https:\/\/www.em.com.br\/emfoco\/2025\/11\/01\/os-melhores-exercicios-para-trabalhar-o-abdomen-para-o-verao-de-2026\/","og_locale":"pt_BR","og_type":"article","og_title":"Os melhores exerc\u00edcios para trabalhar o abd\u00f4men para o ver\u00e3o de 2026","og_description":"Voc\u00ea faz centenas de abdominais e n\u00e3o v\u00ea resultado e ainda sente dor nas costas? o segredo do 'core' forte n\u00e3o \u00e9 a quantidade.","og_url":"https:\/\/www.em.com.br\/emfoco\/2025\/11\/01\/os-melhores-exercicios-para-trabalhar-o-abdomen-para-o-verao-de-2026\/","og_site_name":"Estado de Minas - Em foco","article_published_time":"2025-11-01T21:15:45+00:00","article_modified_time":"2025-10-31T19:19:23+00:00","og_image":[{"width":1280,"height":720,"url":"https:\/\/www.em.com.br\/emfoco\/wp-content\/uploads\/2025\/11\/abdominal_1761935777933.jpg","type":"image\/jpeg"}],"author":"Daniely Cardoso","twitter_card":"summary_large_image","twitter_misc":{"Escrito por":"Daniely Cardoso","Est. tempo de leitura":"4 minutos"},"schema":{"@context":"https:\/\/schema.org","@graph":[{"@type":"WebPage","@id":"https:\/\/www.em.com.br\/emfoco\/2025\/11\/01\/os-melhores-exercicios-para-trabalhar-o-abdomen-para-o-verao-de-2026\/","url":"https:\/\/www.em.com.br\/emfoco\/2025\/11\/01\/os-melhores-exercicios-para-trabalhar-o-abdomen-para-o-verao-de-2026\/","name":"Os melhores exerc\u00edcios para trabalhar o abd\u00f4men para o ver\u00e3o de 2026","isPartOf":{"@id":"https:\/\/www.em.com.br\/emfoco\/#website"},"primaryImageOfPage":{"@id":"https:\/\/www.em.com.br\/emfoco\/2025\/11\/01\/os-melhores-exercicios-para-trabalhar-o-abdomen-para-o-verao-de-2026\/#primaryimage"},"image":{"@id":"https:\/\/www.em.com.br\/emfoco\/2025\/11\/01\/os-melhores-exercicios-para-trabalhar-o-abdomen-para-o-verao-de-2026\/#primaryimage"},"thumbnailUrl":"https:\/\/www.em.com.br\/emfoco\/wp-content\/uploads\/2025\/11\/abdominal_1761935777933.jpg","datePublished":"2025-11-01T21:15:45+00:00","dateModified":"2025-10-31T19:19:23+00:00","author":{"@id":"https:\/\/www.em.com.br\/emfoco\/#\/schema\/person\/0a8186d72f2c3a5c6276d90b41f271a0"},"description":"Voc\u00ea faz centenas de abdominais e n\u00e3o v\u00ea resultado e ainda sente dor nas costas? o segredo do 'core' forte n\u00e3o \u00e9 a quantidade.","breadcrumb":{"@id":"https:\/\/www.em.com.br\/emfoco\/2025\/11\/01\/os-melhores-exercicios-para-trabalhar-o-abdomen-para-o-verao-de-2026\/#breadcrumb"},"inLanguage":"pt-BR","potentialAction":[{"@type":"ReadAction","target":["https:\/\/www.em.com.br\/emfoco\/2025\/11\/01\/os-melhores-exercicios-para-trabalhar-o-abdomen-para-o-verao-de-2026\/"]}]},{"@type":"ImageObject","inLanguage":"pt-BR","@id":"https:\/\/www.em.com.br\/emfoco\/2025\/11\/01\/os-melhores-exercicios-para-trabalhar-o-abdomen-para-o-verao-de-2026\/#primaryimage","url":"https:\/\/www.em.com.br\/emfoco\/wp-content\/uploads\/2025\/11\/abdominal_1761935777933.jpg","contentUrl":"https:\/\/www.em.com.br\/emfoco\/wp-content\/uploads\/2025\/11\/abdominal_1761935777933.jpg","width":1280,"height":720,"caption":"Fortalecer e definir a regi\u00e3o abdominal - Cr\u00e9ditos: depositphotos.com \/ AllaSerebrina"},{"@type":"BreadcrumbList","@id":"https:\/\/www.em.com.br\/emfoco\/2025\/11\/01\/os-melhores-exercicios-para-trabalhar-o-abdomen-para-o-verao-de-2026\/#breadcrumb","itemListElement":[{"@type":"ListItem","position":1,"name":"In\u00edcio","item":"https:\/\/www.em.com.br\/emfoco\/"},{"@type":"ListItem","position":2,"name":"Os melhores exerc\u00edcios para trabalhar o abd\u00f4men para o ver\u00e3o de 2026"}]},{"@type":"WebSite","@id":"https:\/\/www.em.com.br\/emfoco\/#website","url":"https:\/\/www.em.com.br\/emfoco\/","name":"Estado de Minas - Em foco","description":"Acompanhe as \u00faltimas not\u00edcias e fique bem informado sobre tudo o que acontece em Minas Gerais, Brasil e no mundo.","potentialAction":[{"@type":"SearchAction","target":{"@type":"EntryPoint","urlTemplate":"https:\/\/www.em.com.br\/emfoco\/?s={search_term_string}"},"query-input":{"@type":"PropertyValueSpecification","valueRequired":true,"valueName":"search_term_string"}}],"inLanguage":"pt-BR"},{"@type":"Person","@id":"https:\/\/www.em.com.br\/emfoco\/#\/schema\/person\/0a8186d72f2c3a5c6276d90b41f271a0","name":"Daniely Cardoso","image":{"@type":"ImageObject","inLanguage":"pt-BR","@id":"https:\/\/www.em.com.br\/emfoco\/#\/schema\/person\/image\/","url":"https:\/\/secure.gravatar.com\/avatar\/4b80ddbd124d1f071b626d52d62e5dff?s=96&d=mm&r=g","contentUrl":"https:\/\/secure.gravatar.com\/avatar\/4b80ddbd124d1f071b626d52d62e5dff?s=96&d=mm&r=g","caption":"Daniely Cardoso"},"url":"https:\/\/www.em.com.br\/emfoco\/author\/danielymyth\/"}]}},"_links":{"self":[{"href":"https:\/\/www.em.com.br\/emfoco\/wp-json\/wp\/v2\/posts\/121712","targetHints":{"allow":["GET"]}}],"collection":[{"href":"https:\/\/www.em.com.br\/emfoco\/wp-json\/wp\/v2\/posts"}],"about":[{"href":"https:\/\/www.em.com.br\/emfoco\/wp-json\/wp\/v2\/types\/post"}],"author":[{"embeddable":true,"href":"https:\/\/www.em.com.br\/emfoco\/wp-json\/wp\/v2\/users\/9"}],"replies":[{"embeddable":true,"href":"https:\/\/www.em.com.br\/emfoco\/wp-json\/wp\/v2\/comments?post=121712"}],"version-history":[{"count":3,"href":"https:\/\/www.em.com.br\/emfoco\/wp-json\/wp\/v2\/posts\/121712\/revisions"}],"predecessor-version":[{"id":121957,"href":"https:\/\/www.em.com.br\/emfoco\/wp-json\/wp\/v2\/posts\/121712\/revisions\/121957"}],"wp:featuredmedia":[{"embeddable":true,"href":"https:\/\/www.em.com.br\/emfoco\/wp-json\/wp\/v2\/media\/121912"}],"wp:attachment":[{"href":"https:\/\/www.em.com.br\/emfoco\/wp-json\/wp\/v2\/media?parent=121712"}],"wp:term":[{"taxonomy":"category","embeddable":true,"href":"https:\/\/www.em.com.br\/emfoco\/wp-json\/wp\/v2\/categories?post=121712"},{"taxonomy":"post_tag","embeddable":true,"href":"https:\/\/www.em.com.br\/emfoco\/wp-json\/wp\/v2\/tags?post=121712"}],"curies":[{"name":"wp","href":"https:\/\/api.w.org\/{rel}","templated":true}]}}