{"id":121671,"date":"2025-11-01T14:45:00","date_gmt":"2025-11-01T17:45:00","guid":{"rendered":"https:\/\/www.em.com.br\/emfoco\/?p=121671"},"modified":"2025-10-31T15:45:57","modified_gmt":"2025-10-31T18:45:57","slug":"aprenda-a-cortar-garrafas-de-vidro-com-coisas-que-voce-provavelmente-ja-tem-em-casa","status":"publish","type":"post","link":"https:\/\/www.em.com.br\/emfoco\/2025\/11\/01\/aprenda-a-cortar-garrafas-de-vidro-com-coisas-que-voce-provavelmente-ja-tem-em-casa\/","title":{"rendered":"Aprenda a cortar garrafas de vidro com coisas que voc\u00ea provavelmente j\u00e1 tem em casa"},"content":{"rendered":"\n<p>Voc\u00ea tem garrafas de vidro sobrando em casa e n\u00e3o sabe o que fazer com elas? Aprenda a cort\u00e1-las de maneira f\u00e1cil e segura e transforme-as em objetos decorativos ou utilit\u00e1rios, evitando o desperd\u00edcio e contribuindo para a sustentabilidade.<\/p>\n\n\n\n<ul class=\"wp-block-list\">\n<li>Materiais necess\u00e1rios para cortar garrafas de vidro<\/li>\n\n\n\n<li>Passo a passo para um corte seguro<\/li>\n\n\n\n<li>Ideias criativas para reutiliza\u00e7\u00e3o de garrafas cortadas<\/li>\n<\/ul>\n\n\n\n<h2 class=\"wp-block-heading\">Quais s\u00e3o os materiais necess\u00e1rios para cortar garrafas de vidro com seguran\u00e7a<\/h2>\n\n\n\n<p>Antes de iniciar o processo de corte, \u00e9 fundamental separar todos os itens necess\u00e1rios para garantir precis\u00e3o e evitar acidentes. Al\u00e9m disso, certifique-se de estar em um local ventilado e protegido.<\/p>\n\n\n\n<figure class=\"wp-block-embed is-type-video is-provider-tiktok wp-block-embed-tiktok\"><div class=\"wp-block-embed__wrapper\">\n<blockquote class=\"tiktok-embed\" cite=\"https:\/\/www.tiktok.com\/@reidocopo1\/video\/7564906477190663442\" data-video-id=\"7564906477190663442\" data-embed-from=\"oembed\" style=\"max-width:605px; min-width:325px;\"> <section> <a target=\"_blank\" title=\"@reidocopo1\" href=\"https:\/\/www.tiktok.com\/@reidocopo1?refer=embed\">@reidocopo1<\/a> <p>quer aprender cortar garrafa em 3 segundos  <a title=\"al\u00e7as\" target=\"_blank\" href=\"https:\/\/www.tiktok.com\/tag\/al%C3%A7as?refer=embed\">#al\u00e7as<\/a> <a title=\"trabalho\" target=\"_blank\" href=\"https:\/\/www.tiktok.com\/tag\/trabalho?refer=embed\">#trabalho<\/a> <a title=\"artesanato\" target=\"_blank\" href=\"https:\/\/www.tiktok.com\/tag\/artesanato?refer=embed\">#artesanato<\/a> <\/p> <a target=\"_blank\" title=\"\u266c som original - Rei do Copo\" href=\"https:\/\/www.tiktok.com\/music\/som-original-7564906549964016404?refer=embed\">\u266c som original &#8211; Rei do Copo<\/a> <\/section> <\/blockquote> <script async src=\"https:\/\/www.tiktok.com\/embed.js\"><\/script>\n<\/div><\/figure>\n\n\n\n<p>Veja o que voc\u00ea precisa para cortar as garrafas de vidro:<\/p>\n\n\n\n<ul class=\"wp-block-list\">\n<li>Garrafa de vidro<\/li>\n\n\n\n<li>Cortador de vidro<\/li>\n\n\n\n<li>Vela<\/li>\n\n\n\n<li>Isqueiro<\/li>\n\n\n\n<li>Lixa para acabamento<\/li>\n\n\n\n<li>Pano para apoiar a garrafa<\/li>\n<\/ul>\n\n\n\n<p>O cortador de vidro \u00e9 uma ferramenta fundamental nesse processo e pode ser facilmente encontrado em lojas de ferragens ou de artesanato, o que facilita ainda mais come\u00e7ar essa atividade em casa.<\/p>\n\n\n\n<h2 class=\"wp-block-heading\">Como fazer o corte das garrafas passo a passo de forma segura e eficaz<\/h2>\n\n\n\n<p>Cortar garrafas de vidro em casa pode ser simples se voc\u00ea seguir o m\u00e9todo correto. Preste aten\u00e7\u00e3o em cada etapa para garantir um resultado perfeito e evitar acidentes dom\u00e9sticos.<\/p>\n\n\n\n<ul class=\"wp-block-list\">\n<li>Posicione a garrafa sobre um pano, garantindo firmeza durante o corte.<\/li>\n\n\n\n<li>Apoie o cortador de vidro na altura desejada e, com cuidado, pressione firmemente a garrafa para criar um sulco.<\/li>\n\n\n\n<li>Aque\u00e7a o sulco girando a garrafa sobre a chama da vela at\u00e9 que ela se separe naturalmente no local do corte.<\/li>\n\n\n\n<li>Lixe as bordas cortadas para eliminar rebarbas afiadas e evitar cortes.<\/li>\n<\/ul>\n\n\n\n<figure class=\"wp-block-image size-large\"><img loading=\"lazy\" decoding=\"async\" width=\"1024\" height=\"576\" src=\"https:\/\/www.em.com.br\/emfoco\/wp-content\/uploads\/2025\/10\/Gemini_Generated_Image_k8l88kk8l88kk8l8-1-1024x576.png\" alt=\"\" class=\"wp-image-121869\" srcset=\"https:\/\/www.em.com.br\/emfoco\/wp-content\/uploads\/2025\/10\/Gemini_Generated_Image_k8l88kk8l88kk8l8-1-1024x576.png 1024w, https:\/\/www.em.com.br\/emfoco\/wp-content\/uploads\/2025\/10\/Gemini_Generated_Image_k8l88kk8l88kk8l8-1-300x169.png 300w, https:\/\/www.em.com.br\/emfoco\/wp-content\/uploads\/2025\/10\/Gemini_Generated_Image_k8l88kk8l88kk8l8-1-768x432.png 768w, https:\/\/www.em.com.br\/emfoco\/wp-content\/uploads\/2025\/10\/Gemini_Generated_Image_k8l88kk8l88kk8l8-1-750x422.png 750w, https:\/\/www.em.com.br\/emfoco\/wp-content\/uploads\/2025\/10\/Gemini_Generated_Image_k8l88kk8l88kk8l8-1-1140x641.png 1140w, https:\/\/www.em.com.br\/emfoco\/wp-content\/uploads\/2025\/10\/Gemini_Generated_Image_k8l88kk8l88kk8l8-1.png 1280w\" sizes=\"auto, (max-width: 1024px) 100vw, 1024px\" \/><figcaption class=\"wp-element-caption\">Corte garrafas em casa e crie vasos, copos e lumin\u00e1rias exclusivas<\/figcaption><\/figure>\n\n\n\n<h2 class=\"wp-block-heading\">O que fazer com as garrafas de vidro ap\u00f3s o corte<\/h2>\n\n\n\n<p>Ap\u00f3s o corte, as <a href=\"https:\/\/mapadacachaca.com.br\/artigos\/10-ideias-criativas-para-reciclar-garrafas-de-vidro-e-reutiliza-las-de-forma-sustentavel\/\" target=\"_blank\" rel=\"noreferrer noopener\">garrafas de vidro podem ser reutilizadas de v\u00e1rias formas<\/a>, agregando beleza e praticidade ao ambiente. Com criatividade, voc\u00ea pode inovar e personalizar diferentes ambientes da casa.<\/p>\n\n\n\n<p>A seguir, listamos algumas sugest\u00f5es criativas para voc\u00ea aproveitar suas garrafas cortadas:<\/p>\n\n\n\n<ul class=\"wp-block-list\">\n<li>A parte inferior pode se transformar em vasos de plantas ou recipientes para organiza\u00e7\u00e3o.<\/li>\n\n\n\n<li>A parte superior pode virar lumin\u00e1rias originais, ideais para destacar diferentes espa\u00e7os.<\/li>\n\n\n\n<li>Garrafas cortadas tamb\u00e9m podem ser usadas como copos, porta-velas ou at\u00e9 mesmo aqu\u00e1rios decorativos.<\/li>\n<\/ul>\n\n\n\n<p>Leia tamb\u00e9m:\u00a0<em><a href=\"https:\/\/www.em.com.br\/emfoco\/2025\/10\/31\/transforme-seu-banheiro-em-um-espaco-de-paz-e-autocuidado\/\" target=\"_blank\" rel=\"noreferrer noopener\">Transforme seu banheiro em um espa\u00e7o de paz e autocuidado<\/a><\/em><\/p>\n\n\n\n<h2 class=\"wp-block-heading\">Aprenda a reaproveitar garrafas de vidro recicladas para decorar sua casa<\/h2>\n\n\n\n<p>O reaproveitamento de garrafas de vidro cortadas \u00e9 uma excelente maneira de aliar criatividade e sustentabilidade no seu lar. Com pequenas mudan\u00e7as e ideias inovadoras, voc\u00ea pode dar um novo sentido ao que seria descartado.<\/p>\n\n\n\n<ul class=\"wp-block-list\">\n<li>Reutilize garrafas para criar pe\u00e7as decorativas exclusivas.<\/li>\n\n\n\n<li>Transforme o que seria lixo em luxo com sua criatividade.<\/li>\n\n\n\n<li>Amplie a sustentabilidade em casa com pr\u00e1ticas simples de reciclagem.<\/li>\n<\/ul>\n\n\n\n<p>Agora voc\u00ea j\u00e1 sabe como cortar, reutilizar e decorar usando garrafas de vidro. M\u00e3os \u00e0 obra e libere sua criatividade para criar pe\u00e7as \u00fanicas!<\/p>\n","protected":false},"excerpt":{"rendered":"<p>Voc\u00ea tem garrafas de vidro sobrando em casa e n\u00e3o sabe o que fazer com elas? Aprenda a cort\u00e1-las de maneira f\u00e1cil e segura e transforme-as em objetos decorativos ou utilit\u00e1rios, evitando o desperd\u00edcio e contribuindo para a sustentabilidade. Quais s\u00e3o os materiais necess\u00e1rios para cortar garrafas de vidro com seguran\u00e7a Antes de iniciar o [&hellip;]<\/p>\n","protected":false},"author":11,"featured_media":121868,"comment_status":"open","ping_status":"open","sticky":false,"template":"","format":"standard","meta":{"jnews-multi-image_gallery":[],"jnews_single_post":{"format":"standard"},"jnews_primary_category":[],"jnews_social_meta":[],"jnews_override_counter":[],"footnotes":""},"categories":[8819,1],"tags":[4687,11750,547],"class_list":["post-121671","post","type-post","status-publish","format-standard","has-post-thumbnail","hentry","category-curiosidades","category-noticias","tag-decoracao","tag-garrafa","tag-sustentavel"],"yoast_head":"<!-- This site is optimized with the Yoast SEO plugin v23.8 - https:\/\/yoast.com\/wordpress\/plugins\/seo\/ -->\n<title>Aprenda a cortar garrafas de vidro com coisas que voc\u00ea provavelmente j\u00e1 tem em casa - Estado de Minas - Em foco<\/title>\n<meta name=\"description\" content=\"Com este passo a passo, voc\u00ea aprende a cortar garrafas de vidro e transform\u00e1-las em pe\u00e7as sustent\u00e1veis e decorativas.\" \/>\n<meta name=\"robots\" content=\"index, follow, max-snippet:-1, max-image-preview:large, max-video-preview:-1\" \/>\n<link rel=\"canonical\" href=\"https:\/\/www.em.com.br\/emfoco\/2025\/11\/01\/aprenda-a-cortar-garrafas-de-vidro-com-coisas-que-voce-provavelmente-ja-tem-em-casa\/\" \/>\n<meta property=\"og:locale\" content=\"pt_BR\" \/>\n<meta property=\"og:type\" content=\"article\" \/>\n<meta property=\"og:title\" content=\"Aprenda a cortar garrafas de vidro com coisas que voc\u00ea provavelmente j\u00e1 tem em casa - Estado de Minas - Em foco\" \/>\n<meta property=\"og:description\" content=\"Com este passo a passo, voc\u00ea aprende a cortar garrafas de vidro e transform\u00e1-las em pe\u00e7as sustent\u00e1veis e decorativas.\" \/>\n<meta property=\"og:url\" content=\"https:\/\/www.em.com.br\/emfoco\/2025\/11\/01\/aprenda-a-cortar-garrafas-de-vidro-com-coisas-que-voce-provavelmente-ja-tem-em-casa\/\" \/>\n<meta property=\"og:site_name\" content=\"Estado de Minas - Em foco\" \/>\n<meta property=\"article:published_time\" content=\"2025-11-01T17:45:00+00:00\" \/>\n<meta property=\"article:modified_time\" content=\"2025-10-31T18:45:57+00:00\" \/>\n<meta property=\"og:image\" content=\"https:\/\/www.em.com.br\/emfoco\/wp-content\/uploads\/2025\/10\/Gemini_Generated_Image_q650rmq650rmq650-1.png\" \/>\n\t<meta property=\"og:image:width\" content=\"1280\" \/>\n\t<meta property=\"og:image:height\" content=\"720\" \/>\n\t<meta property=\"og:image:type\" content=\"image\/png\" \/>\n<meta name=\"author\" content=\"Andre\u0301 Rangel\u00a0\" \/>\n<meta name=\"twitter:card\" content=\"summary_large_image\" \/>\n<meta name=\"twitter:label1\" content=\"Escrito por\" \/>\n\t<meta name=\"twitter:data1\" content=\"Andre\u0301 Rangel\u00a0\" \/>\n\t<meta name=\"twitter:label2\" content=\"Est. tempo de leitura\" \/>\n\t<meta name=\"twitter:data2\" content=\"4 minutos\" \/>\n<!-- \/ Yoast SEO plugin. -->","yoast_head_json":{"title":"Aprenda a cortar garrafas de vidro com coisas que voc\u00ea provavelmente j\u00e1 tem em casa - Estado de Minas - Em foco","description":"Com este passo a passo, voc\u00ea aprende a cortar garrafas de vidro e transform\u00e1-las em pe\u00e7as sustent\u00e1veis e decorativas.","robots":{"index":"index","follow":"follow","max-snippet":"max-snippet:-1","max-image-preview":"max-image-preview:large","max-video-preview":"max-video-preview:-1"},"canonical":"https:\/\/www.em.com.br\/emfoco\/2025\/11\/01\/aprenda-a-cortar-garrafas-de-vidro-com-coisas-que-voce-provavelmente-ja-tem-em-casa\/","og_locale":"pt_BR","og_type":"article","og_title":"Aprenda a cortar garrafas de vidro com coisas que voc\u00ea provavelmente j\u00e1 tem em casa - Estado de Minas - Em foco","og_description":"Com este passo a passo, voc\u00ea aprende a cortar garrafas de vidro e transform\u00e1-las em pe\u00e7as sustent\u00e1veis e decorativas.","og_url":"https:\/\/www.em.com.br\/emfoco\/2025\/11\/01\/aprenda-a-cortar-garrafas-de-vidro-com-coisas-que-voce-provavelmente-ja-tem-em-casa\/","og_site_name":"Estado de Minas - Em foco","article_published_time":"2025-11-01T17:45:00+00:00","article_modified_time":"2025-10-31T18:45:57+00:00","og_image":[{"width":1280,"height":720,"url":"https:\/\/www.em.com.br\/emfoco\/wp-content\/uploads\/2025\/10\/Gemini_Generated_Image_q650rmq650rmq650-1.png","type":"image\/png"}],"author":"Andre\u0301 Rangel\u00a0","twitter_card":"summary_large_image","twitter_misc":{"Escrito por":"Andre\u0301 Rangel\u00a0","Est. tempo de leitura":"4 minutos"},"schema":{"@context":"https:\/\/schema.org","@graph":[{"@type":"WebPage","@id":"https:\/\/www.em.com.br\/emfoco\/2025\/11\/01\/aprenda-a-cortar-garrafas-de-vidro-com-coisas-que-voce-provavelmente-ja-tem-em-casa\/","url":"https:\/\/www.em.com.br\/emfoco\/2025\/11\/01\/aprenda-a-cortar-garrafas-de-vidro-com-coisas-que-voce-provavelmente-ja-tem-em-casa\/","name":"Aprenda a cortar garrafas de vidro com coisas que voc\u00ea provavelmente j\u00e1 tem em casa - Estado de Minas - Em foco","isPartOf":{"@id":"https:\/\/www.em.com.br\/emfoco\/#website"},"primaryImageOfPage":{"@id":"https:\/\/www.em.com.br\/emfoco\/2025\/11\/01\/aprenda-a-cortar-garrafas-de-vidro-com-coisas-que-voce-provavelmente-ja-tem-em-casa\/#primaryimage"},"image":{"@id":"https:\/\/www.em.com.br\/emfoco\/2025\/11\/01\/aprenda-a-cortar-garrafas-de-vidro-com-coisas-que-voce-provavelmente-ja-tem-em-casa\/#primaryimage"},"thumbnailUrl":"https:\/\/www.em.com.br\/emfoco\/wp-content\/uploads\/2025\/10\/Gemini_Generated_Image_q650rmq650rmq650-1.png","datePublished":"2025-11-01T17:45:00+00:00","dateModified":"2025-10-31T18:45:57+00:00","author":{"@id":"https:\/\/www.em.com.br\/emfoco\/#\/schema\/person\/60eda09c1fedf0d6891f4cef4b60b8b8"},"description":"Com este passo a passo, voc\u00ea aprende a cortar garrafas de vidro e transform\u00e1-las em pe\u00e7as sustent\u00e1veis e decorativas.","breadcrumb":{"@id":"https:\/\/www.em.com.br\/emfoco\/2025\/11\/01\/aprenda-a-cortar-garrafas-de-vidro-com-coisas-que-voce-provavelmente-ja-tem-em-casa\/#breadcrumb"},"inLanguage":"pt-BR","potentialAction":[{"@type":"ReadAction","target":["https:\/\/www.em.com.br\/emfoco\/2025\/11\/01\/aprenda-a-cortar-garrafas-de-vidro-com-coisas-que-voce-provavelmente-ja-tem-em-casa\/"]}]},{"@type":"ImageObject","inLanguage":"pt-BR","@id":"https:\/\/www.em.com.br\/emfoco\/2025\/11\/01\/aprenda-a-cortar-garrafas-de-vidro-com-coisas-que-voce-provavelmente-ja-tem-em-casa\/#primaryimage","url":"https:\/\/www.em.com.br\/emfoco\/wp-content\/uploads\/2025\/10\/Gemini_Generated_Image_q650rmq650rmq650-1.png","contentUrl":"https:\/\/www.em.com.br\/emfoco\/wp-content\/uploads\/2025\/10\/Gemini_Generated_Image_q650rmq650rmq650-1.png","width":1280,"height":720,"caption":"Transforme lixo em arte com o reaproveitamento de garrafas de vidro"},{"@type":"BreadcrumbList","@id":"https:\/\/www.em.com.br\/emfoco\/2025\/11\/01\/aprenda-a-cortar-garrafas-de-vidro-com-coisas-que-voce-provavelmente-ja-tem-em-casa\/#breadcrumb","itemListElement":[{"@type":"ListItem","position":1,"name":"In\u00edcio","item":"https:\/\/www.em.com.br\/emfoco\/"},{"@type":"ListItem","position":2,"name":"Aprenda a cortar garrafas de vidro com coisas que voc\u00ea provavelmente j\u00e1 tem em casa"}]},{"@type":"WebSite","@id":"https:\/\/www.em.com.br\/emfoco\/#website","url":"https:\/\/www.em.com.br\/emfoco\/","name":"Estado de Minas - Em foco","description":"Acompanhe as \u00faltimas not\u00edcias e fique bem informado sobre tudo o que acontece em Minas Gerais, Brasil e no mundo.","potentialAction":[{"@type":"SearchAction","target":{"@type":"EntryPoint","urlTemplate":"https:\/\/www.em.com.br\/emfoco\/?s={search_term_string}"},"query-input":{"@type":"PropertyValueSpecification","valueRequired":true,"valueName":"search_term_string"}}],"inLanguage":"pt-BR"},{"@type":"Person","@id":"https:\/\/www.em.com.br\/emfoco\/#\/schema\/person\/60eda09c1fedf0d6891f4cef4b60b8b8","name":"Andre\u0301 Rangel\u00a0","image":{"@type":"ImageObject","inLanguage":"pt-BR","@id":"https:\/\/www.em.com.br\/emfoco\/#\/schema\/person\/image\/","url":"https:\/\/secure.gravatar.com\/avatar\/6234dc814c77c8ef6d8bba622c787efc?s=96&d=mm&r=g","contentUrl":"https:\/\/secure.gravatar.com\/avatar\/6234dc814c77c8ef6d8bba622c787efc?s=96&d=mm&r=g","caption":"Andre\u0301 Rangel\u00a0"},"url":"https:\/\/www.em.com.br\/emfoco\/author\/luizmyth\/"}]}},"_links":{"self":[{"href":"https:\/\/www.em.com.br\/emfoco\/wp-json\/wp\/v2\/posts\/121671","targetHints":{"allow":["GET"]}}],"collection":[{"href":"https:\/\/www.em.com.br\/emfoco\/wp-json\/wp\/v2\/posts"}],"about":[{"href":"https:\/\/www.em.com.br\/emfoco\/wp-json\/wp\/v2\/types\/post"}],"author":[{"embeddable":true,"href":"https:\/\/www.em.com.br\/emfoco\/wp-json\/wp\/v2\/users\/11"}],"replies":[{"embeddable":true,"href":"https:\/\/www.em.com.br\/emfoco\/wp-json\/wp\/v2\/comments?post=121671"}],"version-history":[{"count":5,"href":"https:\/\/www.em.com.br\/emfoco\/wp-json\/wp\/v2\/posts\/121671\/revisions"}],"predecessor-version":[{"id":121871,"href":"https:\/\/www.em.com.br\/emfoco\/wp-json\/wp\/v2\/posts\/121671\/revisions\/121871"}],"wp:featuredmedia":[{"embeddable":true,"href":"https:\/\/www.em.com.br\/emfoco\/wp-json\/wp\/v2\/media\/121868"}],"wp:attachment":[{"href":"https:\/\/www.em.com.br\/emfoco\/wp-json\/wp\/v2\/media?parent=121671"}],"wp:term":[{"taxonomy":"category","embeddable":true,"href":"https:\/\/www.em.com.br\/emfoco\/wp-json\/wp\/v2\/categories?post=121671"},{"taxonomy":"post_tag","embeddable":true,"href":"https:\/\/www.em.com.br\/emfoco\/wp-json\/wp\/v2\/tags?post=121671"}],"curies":[{"name":"wp","href":"https:\/\/api.w.org\/{rel}","templated":true}]}}