{"id":121543,"date":"2025-11-01T12:25:00","date_gmt":"2025-11-01T15:25:00","guid":{"rendered":"https:\/\/www.em.com.br\/emfoco\/?p=121543"},"modified":"2025-10-30T20:43:40","modified_gmt":"2025-10-30T23:43:40","slug":"bpc-garante-salario-minimo-para-quem-nunca-contribuiu-com-o-inss","status":"publish","type":"post","link":"https:\/\/www.em.com.br\/emfoco\/2025\/11\/01\/bpc-garante-salario-minimo-para-quem-nunca-contribuiu-com-o-inss\/","title":{"rendered":"BPC garante sal\u00e1rio m\u00ednimo para quem nunca contribuiu com o INSS"},"content":{"rendered":"\n<p>O <strong>Benef\u00edcio de Presta\u00e7\u00e3o Continuada<\/strong> (BPC) garante um sal\u00e1rio m\u00ednimo mensal a idosos acima de 65 anos e pessoas com defici\u00eancia sem meios de subsist\u00eancia. Criado pela <strong>LOAS<\/strong>, o benef\u00edcio dispensa contribui\u00e7\u00e3o ao <strong>INSS <\/strong>e assegura dignidade a quem vive em vulnerabilidade social<\/p>\n\n\n\n<h2 class=\"wp-block-heading\">Quem pode pedir o BPC no Brasil?<\/h2>\n\n\n<div class=\"wp-block-image\">\n<figure class=\"aligncenter size-large\"><img loading=\"lazy\" decoding=\"async\" width=\"1024\" height=\"576\" src=\"https:\/\/www.em.com.br\/emfoco\/wp-content\/uploads\/2025\/09\/quebra-cabecas_1756831661355-1024x576.jpg\" alt=\"Equil\u00edbrio entre carreira e fam\u00edlia depende tamb\u00e9m das pol\u00edticas das empresas\" class=\"wp-image-106228\" srcset=\"https:\/\/www.em.com.br\/emfoco\/wp-content\/uploads\/2025\/09\/quebra-cabecas_1756831661355-1024x576.jpg 1024w, https:\/\/www.em.com.br\/emfoco\/wp-content\/uploads\/2025\/09\/quebra-cabecas_1756831661355-300x169.jpg 300w, https:\/\/www.em.com.br\/emfoco\/wp-content\/uploads\/2025\/09\/quebra-cabecas_1756831661355-768x432.jpg 768w, https:\/\/www.em.com.br\/emfoco\/wp-content\/uploads\/2025\/09\/quebra-cabecas_1756831661355-750x422.jpg 750w, https:\/\/www.em.com.br\/emfoco\/wp-content\/uploads\/2025\/09\/quebra-cabecas_1756831661355-1140x641.jpg 1140w, https:\/\/www.em.com.br\/emfoco\/wp-content\/uploads\/2025\/09\/quebra-cabecas_1756831661355.jpg 1280w\" sizes=\"auto, (max-width: 1024px) 100vw, 1024px\" \/><figcaption class=\"wp-element-caption\">Fam\u00edlia montando quebra cabe\u00e7as em mesa branca &#8211; Cr\u00e9ditos: depositphotos.com \/ NatashaFedorova<\/figcaption><\/figure><\/div>\n\n\n<p>A elegibilidade ao <strong>BPC <\/strong>requer o atendimento de crit\u00e9rios espec\u00edficos relacionados \u00e0 idade, condi\u00e7\u00e3o de defici\u00eancia e renda familiar. Os benefici\u00e1rios devem comprovar a situa\u00e7\u00e3o de vulnerabilidade, o que torna o benef\u00edcio um suporte essencial para diversas fam\u00edlias em situa\u00e7\u00e3o de risco social.<\/p>\n\n\n\n<p>Veja a seguir quem pode solicitar o <strong>BPC<\/strong>, considerando os requisitos estabelecidos pela legisla\u00e7\u00e3o:<\/p>\n\n\n\n<ul class=\"wp-block-list\">\n<li>Idosos a partir de 65 anos sem condi\u00e7\u00f5es de garantir a pr\u00f3pria manuten\u00e7\u00e3o.<\/li>\n\n\n\n<li>Pessoas com defici\u00eancia de qualquer idade com incapacidade f\u00edsica ou mental que restrinja sua participa\u00e7\u00e3o social.<\/li>\n\n\n\n<li>Fam\u00edlias cuja renda mensal bruta por pessoa seja menor que um quarto do sal\u00e1rio m\u00ednimo em vigor.<\/li>\n<\/ul>\n\n\n\n<h2 class=\"wp-block-heading\">Como \u00e9 calculada a renda do BPC?<\/h2>\n\n\n\n<p>O c\u00e1lculo da renda per capita \u00e9 um dos pontos centrais na an\u00e1lise do <strong>BPC<\/strong>. Todos os ganhos da fam\u00edlia, como sal\u00e1rios, pens\u00f5es e aposentadorias, entram no c\u00e1lculo, sendo somados e divididos pelo total de integrantes da resid\u00eancia.<\/p>\n\n\n\n<p>Vale ressaltar que certos valores, como o <strong>BPC <\/strong>j\u00e1 recebido por outro membro da fam\u00edlia e benef\u00edcios de transfer\u00eancia de renda como o <strong>Bolsa Fam\u00edlia<\/strong>, s\u00e3o exclu\u00eddos desse c\u00e1lculo, conforme previsto nas normas vigentes. \u00c9 importante acompanhar eventuais atualiza\u00e7\u00f5es na legisla\u00e7\u00e3o, j\u00e1 que altera\u00e7\u00f5es nesses crit\u00e9rios podem ocorrer ao longo do tempo.<\/p>\n\n\n\n<p>Leia mais: <a href=\"https:\/\/www.em.com.br\/emfoco\/2025\/10\/29\/entenda-o-que-mudou-no-bpc-e-por-que-mais-criancas-podem-receber-o-beneficio\/\" target=\"_blank\" rel=\"noreferrer noopener\">Entenda o que mudou no BPC e por que mais crian\u00e7as podem receber o benef\u00edcio<\/a><\/p>\n\n\n\n<h2 class=\"wp-block-heading\">Quais documentos s\u00e3o exigidos para pedir?<\/h2>\n\n\n<div class=\"wp-block-image\">\n<figure class=\"aligncenter size-large\"><img loading=\"lazy\" decoding=\"async\" width=\"1024\" height=\"576\" src=\"https:\/\/www.em.com.br\/emfoco\/wp-content\/uploads\/2025\/07\/imposto_1753155502972-1024x576.jpg\" alt=\"O novo trabalho da sua fam\u00edlia est\u00e1 no concurso SEE-MG\" class=\"wp-image-79990\" srcset=\"https:\/\/www.em.com.br\/emfoco\/wp-content\/uploads\/2025\/07\/imposto_1753155502972-1024x576.jpg 1024w, https:\/\/www.em.com.br\/emfoco\/wp-content\/uploads\/2025\/07\/imposto_1753155502972-300x169.jpg 300w, https:\/\/www.em.com.br\/emfoco\/wp-content\/uploads\/2025\/07\/imposto_1753155502972-768x432.jpg 768w, https:\/\/www.em.com.br\/emfoco\/wp-content\/uploads\/2025\/07\/imposto_1753155502972-750x422.jpg 750w, https:\/\/www.em.com.br\/emfoco\/wp-content\/uploads\/2025\/07\/imposto_1753155502972-1140x641.jpg 1140w, https:\/\/www.em.com.br\/emfoco\/wp-content\/uploads\/2025\/07\/imposto_1753155502972.jpg 1280w\" sizes=\"auto, (max-width: 1024px) 100vw, 1024px\" \/><figcaption class=\"wp-element-caption\">Casal analisando documentos &#8211; Cr\u00e9ditos: depositphotos.com \/ AndrewLozovyi<\/figcaption><\/figure><\/div>\n\n\n<p>Reunir e apresentar a documenta\u00e7\u00e3o necess\u00e1ria \u00e9 um passo essencial para evitar atrasos ou negativas no processo de solicita\u00e7\u00e3o do <strong>BPC<\/strong>. A listagem dos documentos visa facilitar a prepara\u00e7\u00e3o do requerente antes do in\u00edcio do processo.<\/p>\n\n\n\n<ol class=\"wp-block-list\">\n<li>Documento de identidade e CPF do solicitante, al\u00e9m de comprovante de resid\u00eancia atualizado.<\/li>\n\n\n\n<li>Comprovantes dos rendimentos de todos na fam\u00edlia que tenham renda.<\/li>\n\n\n\n<li>Laudo m\u00e9dico atualizado para o caso de defici\u00eancia, atestando a limita\u00e7\u00e3o apresentada.<\/li>\n\n\n\n<li>Comprovante de inscri\u00e7\u00e3o no <strong>Cadastro \u00danico para Programas Sociais do Governo Federal<\/strong> (Cad\u00danico).<\/li>\n<\/ol>\n\n\n\n<p>Leia mais: <a href=\"https:\/\/www.em.com.br\/emfoco\/2025\/10\/23\/familias-resgatam-valores-esquecidos-do-beneficio-bpc\/\" target=\"_blank\" rel=\"noreferrer noopener\">Fam\u00edlias resgatam valores esquecidos do benef\u00edcio BPC<\/a><\/p>\n\n\n\n<h2 class=\"wp-block-heading\">Como solicitar o BPC passo a passo?<\/h2>\n\n\n\n<p>Solicitar o <strong><a href=\"https:\/\/www.gov.br\/mds\/pt-br\/acoes-e-programas\/suas\/beneficios-assistenciais\/beneficio-assistencial-ao-idoso-e-a-pessoa-com-deficiencia-bpc\" target=\"_blank\" rel=\"noreferrer noopener\">Benef\u00edcio de Presta\u00e7\u00e3o Continuada<\/a><\/strong> exige seguir etapas bem estabelecidas, desde o cadastro at\u00e9 o recebimento do benef\u00edcio. Essa organiza\u00e7\u00e3o visa garantir a efetiva\u00e7\u00e3o e a justi\u00e7a do processo para o requerente.<\/p>\n\n\n\n<ol class=\"wp-block-list\">\n<li>Realizar inscri\u00e7\u00e3o no <strong>Cad\u00danico<\/strong>, fundamental para avalia\u00e7\u00e3o socioecon\u00f4mica.<\/li>\n\n\n\n<li>Agendar o atendimento no <strong>INSS <\/strong>pelo portal <strong>Meu INSS<\/strong> ou pelo telefone 135.<\/li>\n\n\n\n<li>Para pessoas com defici\u00eancia, comparecer \u00e0 avalia\u00e7\u00e3o m\u00e9dica e social conforme exigido.<\/li>\n\n\n\n<li>Aguardar a an\u00e1lise do pedido junto ao <strong>INSS<\/strong>, que informar\u00e1 se o benef\u00edcio ser\u00e1 concedido ou negado.<\/li>\n\n\n\n<li>Ap\u00f3s aprova\u00e7\u00e3o, iniciar o recebimento mensal do benef\u00edcio.<\/li>\n<\/ol>\n\n\n\n<p>Ao seguir corretamente cada procedimento, o acesso ao <strong>BPC <\/strong>se torna mais r\u00e1pido e eficiente, contribuindo para o objetivo do benef\u00edcio, que \u00e9 amparar pessoas em situa\u00e7\u00f5es de vulnerabilidade econ\u00f4mica e promover uma vida mais digna para todos os contemplados pelo programa. Fique atento a poss\u00edveis atualiza\u00e7\u00f5es e incentive a busca de orienta\u00e7\u00e3o especializada em caso de d\u00favidas sobre o processo.<\/p>\n","protected":false},"excerpt":{"rendered":"<p>O Benef\u00edcio de Presta\u00e7\u00e3o Continuada (BPC) garante um sal\u00e1rio m\u00ednimo mensal a idosos acima de 65 anos e pessoas com defici\u00eancia sem meios de subsist\u00eancia. Criado pela LOAS, o benef\u00edcio dispensa contribui\u00e7\u00e3o ao INSS e assegura dignidade a quem vive em vulnerabilidade social Quem pode pedir o BPC no Brasil? A elegibilidade ao BPC requer [&hellip;]<\/p>\n","protected":false},"author":20,"featured_media":54989,"comment_status":"open","ping_status":"open","sticky":false,"template":"","format":"standard","meta":{"jnews-multi-image_gallery":[],"jnews_single_post":{"format":"standard"},"jnews_primary_category":[],"jnews_social_meta":[],"jnews_override_counter":[],"footnotes":""},"categories":[28,1],"tags":[257,174,258],"class_list":["post-121543","post","type-post","status-publish","format-standard","has-post-thumbnail","hentry","category-economia","category-noticias","tag-bpc","tag-inss","tag-loas"],"yoast_head":"<!-- This site is optimized with the Yoast SEO plugin v23.8 - https:\/\/yoast.com\/wordpress\/plugins\/seo\/ -->\n<title>BPC garante sal\u00e1rio m\u00ednimo para quem nunca contribuiu com o INSS - Estado de Minas - Em foco<\/title>\n<meta name=\"description\" content=\"N\u00e3o precisa ter contribu\u00eddo ao INSS para receber o BPC. Aprenda como solicitar o benef\u00edcio e agendar o seu atendimento.\" \/>\n<meta name=\"robots\" content=\"index, follow, max-snippet:-1, max-image-preview:large, max-video-preview:-1\" \/>\n<link rel=\"canonical\" href=\"https:\/\/www.em.com.br\/emfoco\/2025\/11\/01\/bpc-garante-salario-minimo-para-quem-nunca-contribuiu-com-o-inss\/\" \/>\n<meta property=\"og:locale\" content=\"pt_BR\" \/>\n<meta property=\"og:type\" content=\"article\" \/>\n<meta property=\"og:title\" content=\"BPC garante sal\u00e1rio m\u00ednimo para quem nunca contribuiu com o INSS - Estado de Minas - Em foco\" \/>\n<meta property=\"og:description\" content=\"N\u00e3o precisa ter contribu\u00eddo ao INSS para receber o BPC. Aprenda como solicitar o benef\u00edcio e agendar o seu atendimento.\" \/>\n<meta property=\"og:url\" content=\"https:\/\/www.em.com.br\/emfoco\/2025\/11\/01\/bpc-garante-salario-minimo-para-quem-nunca-contribuiu-com-o-inss\/\" \/>\n<meta property=\"og:site_name\" content=\"Estado de Minas - Em foco\" \/>\n<meta property=\"article:published_time\" content=\"2025-11-01T15:25:00+00:00\" \/>\n<meta property=\"article:modified_time\" content=\"2025-10-30T23:43:40+00:00\" \/>\n<meta property=\"og:image\" content=\"https:\/\/www.em.com.br\/emfoco\/wp-content\/uploads\/2025\/06\/aposentado-dinheiro-reais_1743473149469.jpg\" \/>\n\t<meta property=\"og:image:width\" content=\"1280\" \/>\n\t<meta property=\"og:image:height\" content=\"720\" \/>\n\t<meta property=\"og:image:type\" content=\"image\/jpeg\" \/>\n<meta name=\"author\" content=\"Ingrid Diniz\" \/>\n<meta name=\"twitter:card\" content=\"summary_large_image\" \/>\n<meta name=\"twitter:label1\" content=\"Escrito por\" \/>\n\t<meta name=\"twitter:data1\" content=\"Ingrid Diniz\" \/>\n\t<meta name=\"twitter:label2\" content=\"Est. tempo de leitura\" \/>\n\t<meta name=\"twitter:data2\" content=\"4 minutos\" \/>\n<!-- \/ Yoast SEO plugin. -->","yoast_head_json":{"title":"BPC garante sal\u00e1rio m\u00ednimo para quem nunca contribuiu com o INSS - Estado de Minas - Em foco","description":"N\u00e3o precisa ter contribu\u00eddo ao INSS para receber o BPC. Aprenda como solicitar o benef\u00edcio e agendar o seu atendimento.","robots":{"index":"index","follow":"follow","max-snippet":"max-snippet:-1","max-image-preview":"max-image-preview:large","max-video-preview":"max-video-preview:-1"},"canonical":"https:\/\/www.em.com.br\/emfoco\/2025\/11\/01\/bpc-garante-salario-minimo-para-quem-nunca-contribuiu-com-o-inss\/","og_locale":"pt_BR","og_type":"article","og_title":"BPC garante sal\u00e1rio m\u00ednimo para quem nunca contribuiu com o INSS - Estado de Minas - Em foco","og_description":"N\u00e3o precisa ter contribu\u00eddo ao INSS para receber o BPC. Aprenda como solicitar o benef\u00edcio e agendar o seu atendimento.","og_url":"https:\/\/www.em.com.br\/emfoco\/2025\/11\/01\/bpc-garante-salario-minimo-para-quem-nunca-contribuiu-com-o-inss\/","og_site_name":"Estado de Minas - Em foco","article_published_time":"2025-11-01T15:25:00+00:00","article_modified_time":"2025-10-30T23:43:40+00:00","og_image":[{"width":1280,"height":720,"url":"https:\/\/www.em.com.br\/emfoco\/wp-content\/uploads\/2025\/06\/aposentado-dinheiro-reais_1743473149469.jpg","type":"image\/jpeg"}],"author":"Ingrid Diniz","twitter_card":"summary_large_image","twitter_misc":{"Escrito por":"Ingrid Diniz","Est. tempo de leitura":"4 minutos"},"schema":{"@context":"https:\/\/schema.org","@graph":[{"@type":"WebPage","@id":"https:\/\/www.em.com.br\/emfoco\/2025\/11\/01\/bpc-garante-salario-minimo-para-quem-nunca-contribuiu-com-o-inss\/","url":"https:\/\/www.em.com.br\/emfoco\/2025\/11\/01\/bpc-garante-salario-minimo-para-quem-nunca-contribuiu-com-o-inss\/","name":"BPC garante sal\u00e1rio m\u00ednimo para quem nunca contribuiu com o INSS - Estado de Minas - Em foco","isPartOf":{"@id":"https:\/\/www.em.com.br\/emfoco\/#website"},"primaryImageOfPage":{"@id":"https:\/\/www.em.com.br\/emfoco\/2025\/11\/01\/bpc-garante-salario-minimo-para-quem-nunca-contribuiu-com-o-inss\/#primaryimage"},"image":{"@id":"https:\/\/www.em.com.br\/emfoco\/2025\/11\/01\/bpc-garante-salario-minimo-para-quem-nunca-contribuiu-com-o-inss\/#primaryimage"},"thumbnailUrl":"https:\/\/www.em.com.br\/emfoco\/wp-content\/uploads\/2025\/06\/aposentado-dinheiro-reais_1743473149469.jpg","datePublished":"2025-11-01T15:25:00+00:00","dateModified":"2025-10-30T23:43:40+00:00","author":{"@id":"https:\/\/www.em.com.br\/emfoco\/#\/schema\/person\/649e610b4eb8fff87ff394e54fe17b2b"},"description":"N\u00e3o precisa ter contribu\u00eddo ao INSS para receber o BPC. Aprenda como solicitar o benef\u00edcio e agendar o seu atendimento.","breadcrumb":{"@id":"https:\/\/www.em.com.br\/emfoco\/2025\/11\/01\/bpc-garante-salario-minimo-para-quem-nunca-contribuiu-com-o-inss\/#breadcrumb"},"inLanguage":"pt-BR","potentialAction":[{"@type":"ReadAction","target":["https:\/\/www.em.com.br\/emfoco\/2025\/11\/01\/bpc-garante-salario-minimo-para-quem-nunca-contribuiu-com-o-inss\/"]}]},{"@type":"ImageObject","inLanguage":"pt-BR","@id":"https:\/\/www.em.com.br\/emfoco\/2025\/11\/01\/bpc-garante-salario-minimo-para-quem-nunca-contribuiu-com-o-inss\/#primaryimage","url":"https:\/\/www.em.com.br\/emfoco\/wp-content\/uploads\/2025\/06\/aposentado-dinheiro-reais_1743473149469.jpg","contentUrl":"https:\/\/www.em.com.br\/emfoco\/wp-content\/uploads\/2025\/06\/aposentado-dinheiro-reais_1743473149469.jpg","width":1280,"height":720,"caption":"Mudan\u00e7as do MEI 2026 que alteram pre\u00e7os e emiss\u00e3o de notas - Cr\u00e9ditos: depositphotos.com \/ verganifotografia"},{"@type":"BreadcrumbList","@id":"https:\/\/www.em.com.br\/emfoco\/2025\/11\/01\/bpc-garante-salario-minimo-para-quem-nunca-contribuiu-com-o-inss\/#breadcrumb","itemListElement":[{"@type":"ListItem","position":1,"name":"In\u00edcio","item":"https:\/\/www.em.com.br\/emfoco\/"},{"@type":"ListItem","position":2,"name":"BPC garante sal\u00e1rio m\u00ednimo para quem nunca contribuiu com o INSS"}]},{"@type":"WebSite","@id":"https:\/\/www.em.com.br\/emfoco\/#website","url":"https:\/\/www.em.com.br\/emfoco\/","name":"Estado de Minas - Em foco","description":"Acompanhe as \u00faltimas not\u00edcias e fique bem informado sobre tudo o que acontece em Minas Gerais, Brasil e no mundo.","potentialAction":[{"@type":"SearchAction","target":{"@type":"EntryPoint","urlTemplate":"https:\/\/www.em.com.br\/emfoco\/?s={search_term_string}"},"query-input":{"@type":"PropertyValueSpecification","valueRequired":true,"valueName":"search_term_string"}}],"inLanguage":"pt-BR"},{"@type":"Person","@id":"https:\/\/www.em.com.br\/emfoco\/#\/schema\/person\/649e610b4eb8fff87ff394e54fe17b2b","name":"Ingrid Diniz","image":{"@type":"ImageObject","inLanguage":"pt-BR","@id":"https:\/\/www.em.com.br\/emfoco\/#\/schema\/person\/image\/","url":"https:\/\/secure.gravatar.com\/avatar\/a3baa1449ec5c39b4c42babc9d4f3951?s=96&d=mm&r=g","contentUrl":"https:\/\/secure.gravatar.com\/avatar\/a3baa1449ec5c39b4c42babc9d4f3951?s=96&d=mm&r=g","caption":"Ingrid Diniz"},"sameAs":["https:\/\/www.em.com.br\/"],"url":"https:\/\/www.em.com.br\/emfoco\/author\/ingridmyth\/"}]}},"_links":{"self":[{"href":"https:\/\/www.em.com.br\/emfoco\/wp-json\/wp\/v2\/posts\/121543","targetHints":{"allow":["GET"]}}],"collection":[{"href":"https:\/\/www.em.com.br\/emfoco\/wp-json\/wp\/v2\/posts"}],"about":[{"href":"https:\/\/www.em.com.br\/emfoco\/wp-json\/wp\/v2\/types\/post"}],"author":[{"embeddable":true,"href":"https:\/\/www.em.com.br\/emfoco\/wp-json\/wp\/v2\/users\/20"}],"replies":[{"embeddable":true,"href":"https:\/\/www.em.com.br\/emfoco\/wp-json\/wp\/v2\/comments?post=121543"}],"version-history":[{"count":1,"href":"https:\/\/www.em.com.br\/emfoco\/wp-json\/wp\/v2\/posts\/121543\/revisions"}],"predecessor-version":[{"id":121586,"href":"https:\/\/www.em.com.br\/emfoco\/wp-json\/wp\/v2\/posts\/121543\/revisions\/121586"}],"wp:featuredmedia":[{"embeddable":true,"href":"https:\/\/www.em.com.br\/emfoco\/wp-json\/wp\/v2\/media\/54989"}],"wp:attachment":[{"href":"https:\/\/www.em.com.br\/emfoco\/wp-json\/wp\/v2\/media?parent=121543"}],"wp:term":[{"taxonomy":"category","embeddable":true,"href":"https:\/\/www.em.com.br\/emfoco\/wp-json\/wp\/v2\/categories?post=121543"},{"taxonomy":"post_tag","embeddable":true,"href":"https:\/\/www.em.com.br\/emfoco\/wp-json\/wp\/v2\/tags?post=121543"}],"curies":[{"name":"wp","href":"https:\/\/api.w.org\/{rel}","templated":true}]}}