{"id":121469,"date":"2025-11-02T19:35:00","date_gmt":"2025-11-02T22:35:00","guid":{"rendered":"https:\/\/www.em.com.br\/emfoco\/?p=121469"},"modified":"2025-10-30T18:11:10","modified_gmt":"2025-10-30T21:11:10","slug":"comecei-a-passar-vinagre-de-maca-no-rosto-e-minha-pele-nunca-mais-foi-a-mesma","status":"publish","type":"post","link":"https:\/\/www.em.com.br\/emfoco\/2025\/11\/02\/comecei-a-passar-vinagre-de-maca-no-rosto-e-minha-pele-nunca-mais-foi-a-mesma\/","title":{"rendered":"Comecei a passar vinagre de ma\u00e7\u00e3 no rosto e minha pele nunca mais foi a mesma"},"content":{"rendered":"\n<p>O <strong>vinagre de ma\u00e7\u00e3<\/strong> \u00e9 um aliado natural e acess\u00edvel para cuidar da pele, ajudando a deix\u00e1-la mais lisa, uniforme e saud\u00e1vel. Suas propriedades adstringentes e antibacterianas equilibram a oleosidade, desobstruem poros e suavizam manchas, promovendo apar\u00eancia renovada.<\/p>\n\n\n\n<h2 class=\"wp-block-heading\">Como o vinagre de ma\u00e7\u00e3 atua na pele e controla imperfei\u00e7\u00f5es?<\/h2>\n\n\n\n<p>Os \u00e1cidos naturais do <strong>vinagre de ma\u00e7\u00e3<\/strong>, como o ac\u00e9tico e o m\u00e1lico, promovem leve esfolia\u00e7\u00e3o qu\u00edmica, removendo c\u00e9lulas mortas e estimulando a renova\u00e7\u00e3o celular. Esse processo ajuda a suavizar rugas e marcas, deixando a pele mais <strong>uniforme<\/strong> e luminosa.<\/p>\n\n\n\n<p>Al\u00e9m disso, suas <a href=\"https:\/\/www.medicalnewstoday.com\/articles\/323721\" target=\"_blank\" rel=\"noreferrer noopener\"><strong>propriedades antibacterianas<\/strong><\/a> ajudam a prevenir acne e controlar a oleosidade, fortalecendo a barreira cut\u00e2nea. Com uso equilibrado, o <strong>vinagre de ma\u00e7\u00e3<\/strong> contribui para uma pele saud\u00e1vel, macia e visivelmente revitalizada sem produtos caros.<\/p>\n\n\n\n<blockquote class=\"tiktok-embed\" cite=\"https:\/\/www.tiktok.com\/@dr.renatosilveira\/video\/7384460369374366982\" data-video-id=\"7384460369374366982\" style=\"max-width: 605px;min-width: 325px;\" > <section> <a target=\"_blank\" title=\"@dr.renatosilveira\" href=\"https:\/\/www.tiktok.com\/@dr.renatosilveira?refer=embed\">@dr.renatosilveira<\/a> <a title=\"pele\" target=\"_blank\" href=\"https:\/\/www.tiktok.com\/tag\/pele?refer=embed\">#pele<\/a> <a title=\"skin\" target=\"_blank\" href=\"https:\/\/www.tiktok.com\/tag\/skin?refer=embed\">#skin<\/a> <a title=\"botox\" target=\"_blank\" href=\"https:\/\/www.tiktok.com\/tag\/botox?refer=embed\">#botox<\/a> <a target=\"_blank\" title=\"\u266c som original - H9 Pharma\" href=\"https:\/\/www.tiktok.com\/music\/som-original-7384460387713501957?refer=embed\">\u266c som original &#8211; H9 Pharma<\/a> <\/section> <\/blockquote> <script async src=\"https:\/\/www.tiktok.com\/embed.js\"><\/script>\n\n\n\n<h2 class=\"wp-block-heading\">Quais formas seguras de aplicar o vinagre de ma\u00e7\u00e3?<\/h2>\n\n\n\n<p>O <strong>vinagre de ma\u00e7\u00e3<\/strong> deve ser sempre dilu\u00eddo em \u00e1gua antes da aplica\u00e7\u00e3o para evitar irrita\u00e7\u00f5es. Existem formas pr\u00e1ticas de uso, permitindo incorpor\u00e1-lo \u00e0 rotina de cuidados de maneira segura e eficaz.<\/p>\n\n\n\n<ul class=\"wp-block-list\">\n<li>T\u00f4nico facial: dilua 1 parte de vinagre em 3 partes de \u00e1gua e aplique com algod\u00e3o.<\/li>\n\n\n\n<li>Compressas calmantes: utilize a mistura em \u00e1reas com oleosidade ou pequenas manchas.<\/li>\n\n\n\n<li>M\u00e1scaras combinadas: misture vinagre de ma\u00e7\u00e3 com mel ou argila para esfolia\u00e7\u00e3o suave e hidrata\u00e7\u00e3o.<\/li>\n\n\n\n<li>Evite aplicar em feridas abertas ou \u00e1reas sens\u00edveis sem dilui\u00e7\u00e3o adequada.<\/li>\n<\/ul>\n\n\n\n<p><em>Leia mais: <a href=\"https:\/\/www.em.com.br\/emfoco\/2025\/10\/30\/cansada-de-cremes-caros-esses-oleos-naturais-deixam-a-pele-hidratada-e-luminosa\/\" target=\"_blank\" rel=\"noreferrer noopener\">Cansada de cremes caros? Esses \u00f3leos naturais deixam a pele hidratada e luminosa<\/a><\/em><\/p>\n\n\n\n<h2 class=\"wp-block-heading\">Quais cuidados devem ser tomados ao usar vinagre de ma\u00e7\u00e3?<\/h2>\n\n\n\n<p>Embora seja eficaz, o <strong>vinagre de ma\u00e7\u00e3<\/strong> exige aten\u00e7\u00e3o. Sempre realize teste em pequena \u00e1rea antes da aplica\u00e7\u00e3o completa, evite exageros e respeite intervalos entre usos. O excesso pode causar vermelhid\u00e3o e irrita\u00e7\u00f5es, comprometendo a sa\u00fade da pele.<\/p>\n\n\n\n<p>Manter dilui\u00e7\u00e3o correta e frequ\u00eancia equilibrada garante resultados percept\u00edveis em poucos dias. Com const\u00e2ncia, o <strong>vinagre de ma\u00e7\u00e3<\/strong> deixa a pele mais lisa, iluminada e uniforme, funcionando como alternativa natural e segura aos cosm\u00e9ticos tradicionais.<\/p>\n\n\n\n<figure class=\"wp-block-image size-large\"><img loading=\"lazy\" decoding=\"async\" width=\"1024\" height=\"576\" src=\"https:\/\/www.em.com.br\/emfoco\/wp-content\/uploads\/2025\/10\/vinagre-de-maca_1761858655809-1024x576.jpg\" alt=\"Comecei a passar vinagre de ma\u00e7\u00e3 no rosto e minha pele nunca mais foi a mesma\" class=\"wp-image-121488\" srcset=\"https:\/\/www.em.com.br\/emfoco\/wp-content\/uploads\/2025\/10\/vinagre-de-maca_1761858655809-1024x576.jpg 1024w, https:\/\/www.em.com.br\/emfoco\/wp-content\/uploads\/2025\/10\/vinagre-de-maca_1761858655809-300x169.jpg 300w, https:\/\/www.em.com.br\/emfoco\/wp-content\/uploads\/2025\/10\/vinagre-de-maca_1761858655809-768x432.jpg 768w, https:\/\/www.em.com.br\/emfoco\/wp-content\/uploads\/2025\/10\/vinagre-de-maca_1761858655809-750x422.jpg 750w, https:\/\/www.em.com.br\/emfoco\/wp-content\/uploads\/2025\/10\/vinagre-de-maca_1761858655809-1140x641.jpg 1140w, https:\/\/www.em.com.br\/emfoco\/wp-content\/uploads\/2025\/10\/vinagre-de-maca_1761858655809.jpg 1280w\" sizes=\"auto, (max-width: 1024px) 100vw, 1024px\" \/><figcaption class=\"wp-element-caption\">Compressas calmantes reduzem oleosidade e inflama\u00e7\u00f5es localizadas &#8211; Cr\u00e9ditos: depositphotos.com \/ NoirChocolate<\/figcaption><\/figure>\n\n\n\n<h2 class=\"wp-block-heading\">Como potencializar os efeitos do vinagre de ma\u00e7\u00e3 em casa?<\/h2>\n\n\n\n<p>O <strong>vinagre de ma\u00e7\u00e3<\/strong> pode ser combinado com outros ingredientes naturais para criar cuidados simples, eficazes e acess\u00edveis, aumentando os benef\u00edcios e promovendo rotina de beleza sustent\u00e1vel.<\/p>\n\n\n\n<ul class=\"wp-block-list\">\n<li><strong>M\u00e1scara de vinagre e mel<\/strong> para hidrata\u00e7\u00e3o e leve esfolia\u00e7\u00e3o di\u00e1ria.<\/li>\n\n\n\n<li><strong>Compressa com vinagre e ch\u00e1 verde<\/strong> para reduzir inflama\u00e7\u00f5es e controlar oleosidade.<\/li>\n\n\n\n<li><strong>Mistura com argila<\/strong> para uniformizar o tom da pele e remover impurezas.<\/li>\n<\/ul>\n\n\n\n<p>Dicas extras: aplique sempre com movimentos suaves, use produtos dilu\u00eddos, e mantenha const\u00e2ncia para resultados vis\u00edveis e duradouros.<\/p>\n","protected":false},"excerpt":{"rendered":"<p>O vinagre de ma\u00e7\u00e3 \u00e9 um aliado natural e acess\u00edvel para cuidar da pele, ajudando a deix\u00e1-la mais lisa, uniforme e saud\u00e1vel. Suas propriedades adstringentes e antibacterianas equilibram a oleosidade, desobstruem poros e suavizam manchas, promovendo apar\u00eancia renovada. Como o vinagre de ma\u00e7\u00e3 atua na pele e controla imperfei\u00e7\u00f5es? Os \u00e1cidos naturais do vinagre de [&hellip;]<\/p>\n","protected":false},"author":13,"featured_media":121486,"comment_status":"open","ping_status":"open","sticky":false,"template":"","format":"standard","meta":{"jnews-multi-image_gallery":[],"jnews_single_post":{"format":"standard"},"jnews_primary_category":[],"jnews_social_meta":[],"jnews_override_counter":[],"footnotes":""},"categories":[8819],"tags":[712,8848,18182,5907],"class_list":["post-121469","post","type-post","status-publish","format-standard","has-post-thumbnail","hentry","category-curiosidades","tag-autocuidado","tag-pele-hidratada","tag-pele-lisa","tag-vinagre-de-maca"],"yoast_head":"<!-- This site is optimized with the Yoast SEO plugin v23.8 - https:\/\/yoast.com\/wordpress\/plugins\/seo\/ -->\n<title>Comecei a passar vinagre de ma\u00e7\u00e3 no rosto e minha pele nunca mais foi a mesma - Estado de Minas - Em foco<\/title>\n<meta name=\"description\" content=\"Pele mais lisa e uniforme com vinagre de ma\u00e7\u00e3. Um cuidado simples, natural e acess\u00edvel que pode transformar seu rosto em poucos dias.\" \/>\n<meta name=\"robots\" content=\"index, follow, max-snippet:-1, max-image-preview:large, max-video-preview:-1\" \/>\n<link rel=\"canonical\" href=\"https:\/\/www.em.com.br\/emfoco\/2025\/11\/02\/comecei-a-passar-vinagre-de-maca-no-rosto-e-minha-pele-nunca-mais-foi-a-mesma\/\" \/>\n<meta property=\"og:locale\" content=\"pt_BR\" \/>\n<meta property=\"og:type\" content=\"article\" \/>\n<meta property=\"og:title\" content=\"Comecei a passar vinagre de ma\u00e7\u00e3 no rosto e minha pele nunca mais foi a mesma - Estado de Minas - Em foco\" \/>\n<meta property=\"og:description\" content=\"Pele mais lisa e uniforme com vinagre de ma\u00e7\u00e3. Um cuidado simples, natural e acess\u00edvel que pode transformar seu rosto em poucos dias.\" \/>\n<meta property=\"og:url\" content=\"https:\/\/www.em.com.br\/emfoco\/2025\/11\/02\/comecei-a-passar-vinagre-de-maca-no-rosto-e-minha-pele-nunca-mais-foi-a-mesma\/\" \/>\n<meta property=\"og:site_name\" content=\"Estado de Minas - Em foco\" \/>\n<meta property=\"article:published_time\" content=\"2025-11-02T22:35:00+00:00\" \/>\n<meta property=\"article:modified_time\" content=\"2025-10-30T21:11:10+00:00\" \/>\n<meta property=\"og:image\" content=\"https:\/\/www.em.com.br\/emfoco\/wp-content\/uploads\/2025\/10\/pele-do-rosto-saudavel_1761858584491.jpg\" \/>\n\t<meta property=\"og:image:width\" content=\"1280\" \/>\n\t<meta property=\"og:image:height\" content=\"720\" \/>\n\t<meta property=\"og:image:type\" content=\"image\/jpeg\" \/>\n<meta name=\"author\" content=\"Gabriel Martins\" \/>\n<meta name=\"twitter:card\" content=\"summary_large_image\" \/>\n<meta name=\"twitter:label1\" content=\"Escrito por\" \/>\n\t<meta name=\"twitter:data1\" content=\"Gabriel Martins\" \/>\n\t<meta name=\"twitter:label2\" content=\"Est. tempo de leitura\" \/>\n\t<meta name=\"twitter:data2\" content=\"3 minutos\" \/>\n<!-- \/ Yoast SEO plugin. -->","yoast_head_json":{"title":"Comecei a passar vinagre de ma\u00e7\u00e3 no rosto e minha pele nunca mais foi a mesma - Estado de Minas - Em foco","description":"Pele mais lisa e uniforme com vinagre de ma\u00e7\u00e3. Um cuidado simples, natural e acess\u00edvel que pode transformar seu rosto em poucos dias.","robots":{"index":"index","follow":"follow","max-snippet":"max-snippet:-1","max-image-preview":"max-image-preview:large","max-video-preview":"max-video-preview:-1"},"canonical":"https:\/\/www.em.com.br\/emfoco\/2025\/11\/02\/comecei-a-passar-vinagre-de-maca-no-rosto-e-minha-pele-nunca-mais-foi-a-mesma\/","og_locale":"pt_BR","og_type":"article","og_title":"Comecei a passar vinagre de ma\u00e7\u00e3 no rosto e minha pele nunca mais foi a mesma - Estado de Minas - Em foco","og_description":"Pele mais lisa e uniforme com vinagre de ma\u00e7\u00e3. Um cuidado simples, natural e acess\u00edvel que pode transformar seu rosto em poucos dias.","og_url":"https:\/\/www.em.com.br\/emfoco\/2025\/11\/02\/comecei-a-passar-vinagre-de-maca-no-rosto-e-minha-pele-nunca-mais-foi-a-mesma\/","og_site_name":"Estado de Minas - Em foco","article_published_time":"2025-11-02T22:35:00+00:00","article_modified_time":"2025-10-30T21:11:10+00:00","og_image":[{"width":1280,"height":720,"url":"https:\/\/www.em.com.br\/emfoco\/wp-content\/uploads\/2025\/10\/pele-do-rosto-saudavel_1761858584491.jpg","type":"image\/jpeg"}],"author":"Gabriel Martins","twitter_card":"summary_large_image","twitter_misc":{"Escrito por":"Gabriel Martins","Est. tempo de leitura":"3 minutos"},"schema":{"@context":"https:\/\/schema.org","@graph":[{"@type":"WebPage","@id":"https:\/\/www.em.com.br\/emfoco\/2025\/11\/02\/comecei-a-passar-vinagre-de-maca-no-rosto-e-minha-pele-nunca-mais-foi-a-mesma\/","url":"https:\/\/www.em.com.br\/emfoco\/2025\/11\/02\/comecei-a-passar-vinagre-de-maca-no-rosto-e-minha-pele-nunca-mais-foi-a-mesma\/","name":"Comecei a passar vinagre de ma\u00e7\u00e3 no rosto e minha pele nunca mais foi a mesma - Estado de Minas - Em foco","isPartOf":{"@id":"https:\/\/www.em.com.br\/emfoco\/#website"},"primaryImageOfPage":{"@id":"https:\/\/www.em.com.br\/emfoco\/2025\/11\/02\/comecei-a-passar-vinagre-de-maca-no-rosto-e-minha-pele-nunca-mais-foi-a-mesma\/#primaryimage"},"image":{"@id":"https:\/\/www.em.com.br\/emfoco\/2025\/11\/02\/comecei-a-passar-vinagre-de-maca-no-rosto-e-minha-pele-nunca-mais-foi-a-mesma\/#primaryimage"},"thumbnailUrl":"https:\/\/www.em.com.br\/emfoco\/wp-content\/uploads\/2025\/10\/pele-do-rosto-saudavel_1761858584491.jpg","datePublished":"2025-11-02T22:35:00+00:00","dateModified":"2025-10-30T21:11:10+00:00","author":{"@id":"https:\/\/www.em.com.br\/emfoco\/#\/schema\/person\/1c9ddeab18b98abeffef834667bcf08a"},"description":"Pele mais lisa e uniforme com vinagre de ma\u00e7\u00e3. Um cuidado simples, natural e acess\u00edvel que pode transformar seu rosto em poucos dias.","breadcrumb":{"@id":"https:\/\/www.em.com.br\/emfoco\/2025\/11\/02\/comecei-a-passar-vinagre-de-maca-no-rosto-e-minha-pele-nunca-mais-foi-a-mesma\/#breadcrumb"},"inLanguage":"pt-BR","potentialAction":[{"@type":"ReadAction","target":["https:\/\/www.em.com.br\/emfoco\/2025\/11\/02\/comecei-a-passar-vinagre-de-maca-no-rosto-e-minha-pele-nunca-mais-foi-a-mesma\/"]}]},{"@type":"ImageObject","inLanguage":"pt-BR","@id":"https:\/\/www.em.com.br\/emfoco\/2025\/11\/02\/comecei-a-passar-vinagre-de-maca-no-rosto-e-minha-pele-nunca-mais-foi-a-mesma\/#primaryimage","url":"https:\/\/www.em.com.br\/emfoco\/wp-content\/uploads\/2025\/10\/pele-do-rosto-saudavel_1761858584491.jpg","contentUrl":"https:\/\/www.em.com.br\/emfoco\/wp-content\/uploads\/2025\/10\/pele-do-rosto-saudavel_1761858584491.jpg","width":1280,"height":720,"caption":"Vinagre de ma\u00e7\u00e3 renova a pele e suaviza manchas - Cr\u00e9ditos: depositphotos.com \/ choreograph"},{"@type":"BreadcrumbList","@id":"https:\/\/www.em.com.br\/emfoco\/2025\/11\/02\/comecei-a-passar-vinagre-de-maca-no-rosto-e-minha-pele-nunca-mais-foi-a-mesma\/#breadcrumb","itemListElement":[{"@type":"ListItem","position":1,"name":"In\u00edcio","item":"https:\/\/www.em.com.br\/emfoco\/"},{"@type":"ListItem","position":2,"name":"Comecei a passar vinagre de ma\u00e7\u00e3 no rosto e minha pele nunca mais foi a mesma"}]},{"@type":"WebSite","@id":"https:\/\/www.em.com.br\/emfoco\/#website","url":"https:\/\/www.em.com.br\/emfoco\/","name":"Estado de Minas - Em foco","description":"Acompanhe as \u00faltimas not\u00edcias e fique bem informado sobre tudo o que acontece em Minas Gerais, Brasil e no mundo.","potentialAction":[{"@type":"SearchAction","target":{"@type":"EntryPoint","urlTemplate":"https:\/\/www.em.com.br\/emfoco\/?s={search_term_string}"},"query-input":{"@type":"PropertyValueSpecification","valueRequired":true,"valueName":"search_term_string"}}],"inLanguage":"pt-BR"},{"@type":"Person","@id":"https:\/\/www.em.com.br\/emfoco\/#\/schema\/person\/1c9ddeab18b98abeffef834667bcf08a","name":"Gabriel Martins","image":{"@type":"ImageObject","inLanguage":"pt-BR","@id":"https:\/\/www.em.com.br\/emfoco\/#\/schema\/person\/image\/","url":"https:\/\/secure.gravatar.com\/avatar\/f0f1e2efdfd88f1ad2cb08c5c2731e50?s=96&d=mm&r=g","contentUrl":"https:\/\/secure.gravatar.com\/avatar\/f0f1e2efdfd88f1ad2cb08c5c2731e50?s=96&d=mm&r=g","caption":"Gabriel Martins"},"sameAs":["https:\/\/www.em.com.br\/emfoco\/"],"url":"https:\/\/www.em.com.br\/emfoco\/author\/gabrielmartinsmyth\/"}]}},"_links":{"self":[{"href":"https:\/\/www.em.com.br\/emfoco\/wp-json\/wp\/v2\/posts\/121469","targetHints":{"allow":["GET"]}}],"collection":[{"href":"https:\/\/www.em.com.br\/emfoco\/wp-json\/wp\/v2\/posts"}],"about":[{"href":"https:\/\/www.em.com.br\/emfoco\/wp-json\/wp\/v2\/types\/post"}],"author":[{"embeddable":true,"href":"https:\/\/www.em.com.br\/emfoco\/wp-json\/wp\/v2\/users\/13"}],"replies":[{"embeddable":true,"href":"https:\/\/www.em.com.br\/emfoco\/wp-json\/wp\/v2\/comments?post=121469"}],"version-history":[{"count":1,"href":"https:\/\/www.em.com.br\/emfoco\/wp-json\/wp\/v2\/posts\/121469\/revisions"}],"predecessor-version":[{"id":121490,"href":"https:\/\/www.em.com.br\/emfoco\/wp-json\/wp\/v2\/posts\/121469\/revisions\/121490"}],"wp:featuredmedia":[{"embeddable":true,"href":"https:\/\/www.em.com.br\/emfoco\/wp-json\/wp\/v2\/media\/121486"}],"wp:attachment":[{"href":"https:\/\/www.em.com.br\/emfoco\/wp-json\/wp\/v2\/media?parent=121469"}],"wp:term":[{"taxonomy":"category","embeddable":true,"href":"https:\/\/www.em.com.br\/emfoco\/wp-json\/wp\/v2\/categories?post=121469"},{"taxonomy":"post_tag","embeddable":true,"href":"https:\/\/www.em.com.br\/emfoco\/wp-json\/wp\/v2\/tags?post=121469"}],"curies":[{"name":"wp","href":"https:\/\/api.w.org\/{rel}","templated":true}]}}