{"id":121431,"date":"2025-11-02T09:25:00","date_gmt":"2025-11-02T12:25:00","guid":{"rendered":"https:\/\/www.em.com.br\/emfoco\/?p=121431"},"modified":"2025-10-30T16:40:22","modified_gmt":"2025-10-30T19:40:22","slug":"esse-ajuste-no-chuveiro-pode-reduzir-ate-40-da-sua-conta-de-luz","status":"publish","type":"post","link":"https:\/\/www.em.com.br\/emfoco\/2025\/11\/02\/esse-ajuste-no-chuveiro-pode-reduzir-ate-40-da-sua-conta-de-luz\/","title":{"rendered":"Ajustei isso no chuveiro e minha conta de luz despencou 40% no m\u00eas seguinte"},"content":{"rendered":"\n<p>Com um ajuste pr\u00e1tico e gratuito, \u00e9 poss\u00edvel <strong>economizar at\u00e9 40% de energia<\/strong> em casa, sem precisar trocar aparelhos ou investir em reformas. Pequenas mudan\u00e7as no uso de equipamentos podem gerar grande diferen\u00e7a no consumo mensal.<\/p>\n\n\n\n<h2 class=\"wp-block-heading\">Por que gastamos tanta energia sem perceber?<\/h2>\n\n\n\n<p>Muitos aparelhos continuam consumindo <strong>energia el\u00e9trica<\/strong> mesmo desligados. O <a href=\"https:\/\/www.tecmundo.com.br\/monitor\/2193-mito-ou-verdade-deixar-o-monitor-em-stand-by-consome-quase-tanta-energia-quanto-um-monitor-ligado-.htm\"><strong>modo stan<\/strong><\/a><a href=\"https:\/\/www.tecmundo.com.br\/monitor\/2193-mito-ou-verdade-deixar-o-monitor-em-stand-by-consome-quase-tanta-energia-quanto-um-monitor-ligado-.htm\" target=\"_blank\" rel=\"noreferrer noopener\"><strong>d-by<\/strong><\/a> da TV, micro-ondas e carregadores conectados s\u00e3o exemplos de consumo oculto que pode representar at\u00e9 12% da conta mensal de luz.<\/p>\n\n\n\n<p>Al\u00e9m disso, o <strong>uso incorreto do chuveiro el\u00e9trico<\/strong>, da geladeira e da ilumina\u00e7\u00e3o amplia o desperd\u00edcio. Um banho prolongado ou uma geladeira desregulada podem pesar mais na conta do que se imagina.<\/p>\n\n\n\n<figure class=\"wp-block-image size-large\"><img loading=\"lazy\" decoding=\"async\" width=\"1024\" height=\"576\" src=\"https:\/\/www.em.com.br\/emfoco\/wp-content\/uploads\/2025\/10\/Chuveiro-eletrico_1761853095213-1024x576.jpg\" alt=\"Ajustei isso no chuveiro e minha conta de luz despencou 40% no m\u00eas seguinte\" class=\"wp-image-121446\" srcset=\"https:\/\/www.em.com.br\/emfoco\/wp-content\/uploads\/2025\/10\/Chuveiro-eletrico_1761853095213-1024x576.jpg 1024w, https:\/\/www.em.com.br\/emfoco\/wp-content\/uploads\/2025\/10\/Chuveiro-eletrico_1761853095213-300x169.jpg 300w, https:\/\/www.em.com.br\/emfoco\/wp-content\/uploads\/2025\/10\/Chuveiro-eletrico_1761853095213-768x432.jpg 768w, https:\/\/www.em.com.br\/emfoco\/wp-content\/uploads\/2025\/10\/Chuveiro-eletrico_1761853095213-750x422.jpg 750w, https:\/\/www.em.com.br\/emfoco\/wp-content\/uploads\/2025\/10\/Chuveiro-eletrico_1761853095213-1140x641.jpg 1140w, https:\/\/www.em.com.br\/emfoco\/wp-content\/uploads\/2025\/10\/Chuveiro-eletrico_1761853095213.jpg 1280w\" sizes=\"auto, (max-width: 1024px) 100vw, 1024px\" \/><figcaption class=\"wp-element-caption\">Geladeira na temperatura correta evita sobrecarga e gasto excessivo &#8211; Cr\u00e9ditos: depositphotos.com \/ bermek<\/figcaption><\/figure>\n\n\n\n<h2 class=\"wp-block-heading\">Qual \u00e9 o ajuste simples que gera tanta economia?<\/h2>\n\n\n\n<p>O segredo est\u00e1 em ajustar o <strong>chuveiro el\u00e9trico<\/strong> para a posi\u00e7\u00e3o \u201cver\u00e3o\u201d durante os meses quentes. Essa mudan\u00e7a reduz em at\u00e9 30% o consumo do aparelho, o que representa boa parte da economia total obtida no m\u00eas.<\/p>\n\n\n\n<ul class=\"wp-block-list\">\n<li><strong>Chuveiro em modo ver\u00e3o:<\/strong> reduz a pot\u00eancia e aquece a \u00e1gua de forma mais eficiente.<\/li>\n\n\n\n<li><strong>Geladeira entre 3\u00b0C e 5\u00b0C:<\/strong> evita sobrecarga do compressor e consumo excessivo.<\/li>\n\n\n\n<li><strong>Filtro de linha inteligente:<\/strong> corta automaticamente o gasto em stand-by dos aparelhos.<\/li>\n<\/ul>\n\n\n\n<p><em>Leia mais: <a href=\"https:\/\/www.em.com.br\/emfoco\/2025\/10\/25\/novo-climatizador-da-xiaomi-promete-reduzir-consumo-de-energia\/\" target=\"_blank\" rel=\"noreferrer noopener\">Novo climatizador da Xiaomi promete reduzir consumo de energia<\/a><\/em><\/p>\n\n\n\n<h2 class=\"wp-block-heading\">Como essas pequenas mudan\u00e7as impactam sua conta de luz?<\/h2>\n\n\n\n<p>Ao combinar ajustes simples, \u00e9 poss\u00edvel reduzir o consumo m\u00e9dio em at\u00e9 <strong>40%<\/strong>. Um lar que gasta R$ 250 por m\u00eas pode economizar cerca de R$ 100 aplicando essas corre\u00e7\u00f5es e desligando aparelhos quando n\u00e3o est\u00e3o em uso.<\/p>\n\n\n\n<p>Al\u00e9m da economia financeira, h\u00e1 um <strong>benef\u00edcio ambiental<\/strong> importante: o menor consumo reduz a press\u00e3o sobre as usinas el\u00e9tricas e ajuda na preserva\u00e7\u00e3o dos recursos naturais, tornando o lar mais sustent\u00e1vel.<\/p>\n\n\n\n<figure class=\"wp-block-image size-large\"><img loading=\"lazy\" decoding=\"async\" width=\"1024\" height=\"576\" src=\"https:\/\/www.em.com.br\/emfoco\/wp-content\/uploads\/2025\/10\/Conta-de-luz_1761853146942-1024x576.jpg\" alt=\"Ajustei isso no chuveiro e minha conta de luz despencou 40% no m\u00eas seguinte\" class=\"wp-image-121447\" srcset=\"https:\/\/www.em.com.br\/emfoco\/wp-content\/uploads\/2025\/10\/Conta-de-luz_1761853146942-1024x576.jpg 1024w, https:\/\/www.em.com.br\/emfoco\/wp-content\/uploads\/2025\/10\/Conta-de-luz_1761853146942-300x169.jpg 300w, https:\/\/www.em.com.br\/emfoco\/wp-content\/uploads\/2025\/10\/Conta-de-luz_1761853146942-768x432.jpg 768w, https:\/\/www.em.com.br\/emfoco\/wp-content\/uploads\/2025\/10\/Conta-de-luz_1761853146942-750x422.jpg 750w, https:\/\/www.em.com.br\/emfoco\/wp-content\/uploads\/2025\/10\/Conta-de-luz_1761853146942-1140x641.jpg 1140w, https:\/\/www.em.com.br\/emfoco\/wp-content\/uploads\/2025\/10\/Conta-de-luz_1761853146942.jpg 1280w\" sizes=\"auto, (max-width: 1024px) 100vw, 1024px\" \/><figcaption class=\"wp-element-caption\">H\u00e1bitos simples tornam o lar mais sustent\u00e1vel e eficiente &#8211; Cr\u00e9ditos: depositphotos.com \/ AlexShadyuk<\/figcaption><\/figure>\n\n\n\n<h2 class=\"wp-block-heading\">Quais outras atitudes ajudam a manter o consumo sob controle?<\/h2>\n\n\n\n<p>Adotar novos h\u00e1bitos \u00e9 essencial para manter o consumo de energia sempre equilibrado e evitar surpresas na fatura mensal. Veja algumas atitudes simples que trazem resultados r\u00e1pidos.<\/p>\n\n\n\n<ul class=\"wp-block-list\">\n<li><strong>Troque l\u00e2mpadas comuns por LED,<\/strong> que consomem at\u00e9 80% menos energia.<\/li>\n\n\n\n<li><strong>Desligue o ar-condicionado<\/strong> 15 minutos antes de sair do ambiente.<\/li>\n\n\n\n<li><strong>Use a luz natural<\/strong> sempre que poss\u00edvel, aproveitando janelas e claraboias.<\/li>\n<\/ul>\n","protected":false},"excerpt":{"rendered":"<p>Com um ajuste pr\u00e1tico e gratuito, \u00e9 poss\u00edvel economizar at\u00e9 40% de energia em casa, sem precisar trocar aparelhos ou investir em reformas. Pequenas mudan\u00e7as no uso de equipamentos podem gerar grande diferen\u00e7a no consumo mensal. Por que gastamos tanta energia sem perceber? Muitos aparelhos continuam consumindo energia el\u00e9trica mesmo desligados. O modo stand-by da [&hellip;]<\/p>\n","protected":false},"author":13,"featured_media":121445,"comment_status":"open","ping_status":"open","sticky":false,"template":"","format":"standard","meta":{"jnews-multi-image_gallery":[],"jnews_single_post":{"format":"standard"},"jnews_primary_category":[],"jnews_social_meta":[],"jnews_override_counter":[],"footnotes":""},"categories":[8819],"tags":[16886,2037,5498],"class_list":["post-121431","post","type-post","status-publish","format-standard","has-post-thumbnail","hentry","category-curiosidades","tag-conta-de-energia","tag-dicas-caseiras","tag-economizar-energia"],"yoast_head":"<!-- This site is optimized with the Yoast SEO plugin v23.8 - https:\/\/yoast.com\/wordpress\/plugins\/seo\/ -->\n<title>Ajustei isso no chuveiro e minha conta de luz despencou 40% no m\u00eas seguinte - Estado de Minas - Em foco<\/title>\n<meta name=\"description\" content=\"Reduza at\u00e9 R$100 da conta de luz s\u00f3 com um ajuste no chuveiro e outros h\u00e1bitos simples. Economia real e sem reformas.\" \/>\n<meta name=\"robots\" content=\"index, follow, max-snippet:-1, max-image-preview:large, max-video-preview:-1\" \/>\n<link rel=\"canonical\" href=\"https:\/\/www.em.com.br\/emfoco\/2025\/11\/02\/esse-ajuste-no-chuveiro-pode-reduzir-ate-40-da-sua-conta-de-luz\/\" \/>\n<meta property=\"og:locale\" content=\"pt_BR\" \/>\n<meta property=\"og:type\" content=\"article\" \/>\n<meta property=\"og:title\" content=\"Ajustei isso no chuveiro e minha conta de luz despencou 40% no m\u00eas seguinte - Estado de Minas - Em foco\" \/>\n<meta property=\"og:description\" content=\"Reduza at\u00e9 R$100 da conta de luz s\u00f3 com um ajuste no chuveiro e outros h\u00e1bitos simples. Economia real e sem reformas.\" \/>\n<meta property=\"og:url\" content=\"https:\/\/www.em.com.br\/emfoco\/2025\/11\/02\/esse-ajuste-no-chuveiro-pode-reduzir-ate-40-da-sua-conta-de-luz\/\" \/>\n<meta property=\"og:site_name\" content=\"Estado de Minas - Em foco\" \/>\n<meta property=\"article:published_time\" content=\"2025-11-02T12:25:00+00:00\" \/>\n<meta property=\"article:modified_time\" content=\"2025-10-30T19:40:22+00:00\" \/>\n<meta property=\"og:image\" content=\"https:\/\/www.em.com.br\/emfoco\/wp-content\/uploads\/2025\/10\/Conta-de-luz_1761853057831.jpg\" \/>\n\t<meta property=\"og:image:width\" content=\"1280\" \/>\n\t<meta property=\"og:image:height\" content=\"720\" \/>\n\t<meta property=\"og:image:type\" content=\"image\/jpeg\" \/>\n<meta name=\"author\" content=\"Gabriel Martins\" \/>\n<meta name=\"twitter:card\" content=\"summary_large_image\" \/>\n<meta name=\"twitter:label1\" content=\"Escrito por\" \/>\n\t<meta name=\"twitter:data1\" content=\"Gabriel Martins\" \/>\n\t<meta name=\"twitter:label2\" content=\"Est. tempo de leitura\" \/>\n\t<meta name=\"twitter:data2\" content=\"3 minutos\" \/>\n<!-- \/ Yoast SEO plugin. -->","yoast_head_json":{"title":"Ajustei isso no chuveiro e minha conta de luz despencou 40% no m\u00eas seguinte - Estado de Minas - Em foco","description":"Reduza at\u00e9 R$100 da conta de luz s\u00f3 com um ajuste no chuveiro e outros h\u00e1bitos simples. Economia real e sem reformas.","robots":{"index":"index","follow":"follow","max-snippet":"max-snippet:-1","max-image-preview":"max-image-preview:large","max-video-preview":"max-video-preview:-1"},"canonical":"https:\/\/www.em.com.br\/emfoco\/2025\/11\/02\/esse-ajuste-no-chuveiro-pode-reduzir-ate-40-da-sua-conta-de-luz\/","og_locale":"pt_BR","og_type":"article","og_title":"Ajustei isso no chuveiro e minha conta de luz despencou 40% no m\u00eas seguinte - Estado de Minas - Em foco","og_description":"Reduza at\u00e9 R$100 da conta de luz s\u00f3 com um ajuste no chuveiro e outros h\u00e1bitos simples. Economia real e sem reformas.","og_url":"https:\/\/www.em.com.br\/emfoco\/2025\/11\/02\/esse-ajuste-no-chuveiro-pode-reduzir-ate-40-da-sua-conta-de-luz\/","og_site_name":"Estado de Minas - Em foco","article_published_time":"2025-11-02T12:25:00+00:00","article_modified_time":"2025-10-30T19:40:22+00:00","og_image":[{"width":1280,"height":720,"url":"https:\/\/www.em.com.br\/emfoco\/wp-content\/uploads\/2025\/10\/Conta-de-luz_1761853057831.jpg","type":"image\/jpeg"}],"author":"Gabriel Martins","twitter_card":"summary_large_image","twitter_misc":{"Escrito por":"Gabriel Martins","Est. tempo de leitura":"3 minutos"},"schema":{"@context":"https:\/\/schema.org","@graph":[{"@type":"WebPage","@id":"https:\/\/www.em.com.br\/emfoco\/2025\/11\/02\/esse-ajuste-no-chuveiro-pode-reduzir-ate-40-da-sua-conta-de-luz\/","url":"https:\/\/www.em.com.br\/emfoco\/2025\/11\/02\/esse-ajuste-no-chuveiro-pode-reduzir-ate-40-da-sua-conta-de-luz\/","name":"Ajustei isso no chuveiro e minha conta de luz despencou 40% no m\u00eas seguinte - Estado de Minas - Em foco","isPartOf":{"@id":"https:\/\/www.em.com.br\/emfoco\/#website"},"primaryImageOfPage":{"@id":"https:\/\/www.em.com.br\/emfoco\/2025\/11\/02\/esse-ajuste-no-chuveiro-pode-reduzir-ate-40-da-sua-conta-de-luz\/#primaryimage"},"image":{"@id":"https:\/\/www.em.com.br\/emfoco\/2025\/11\/02\/esse-ajuste-no-chuveiro-pode-reduzir-ate-40-da-sua-conta-de-luz\/#primaryimage"},"thumbnailUrl":"https:\/\/www.em.com.br\/emfoco\/wp-content\/uploads\/2025\/10\/Conta-de-luz_1761853057831.jpg","datePublished":"2025-11-02T12:25:00+00:00","dateModified":"2025-10-30T19:40:22+00:00","author":{"@id":"https:\/\/www.em.com.br\/emfoco\/#\/schema\/person\/1c9ddeab18b98abeffef834667bcf08a"},"description":"Reduza at\u00e9 R$100 da conta de luz s\u00f3 com um ajuste no chuveiro e outros h\u00e1bitos simples. Economia real e sem reformas.","breadcrumb":{"@id":"https:\/\/www.em.com.br\/emfoco\/2025\/11\/02\/esse-ajuste-no-chuveiro-pode-reduzir-ate-40-da-sua-conta-de-luz\/#breadcrumb"},"inLanguage":"pt-BR","potentialAction":[{"@type":"ReadAction","target":["https:\/\/www.em.com.br\/emfoco\/2025\/11\/02\/esse-ajuste-no-chuveiro-pode-reduzir-ate-40-da-sua-conta-de-luz\/"]}]},{"@type":"ImageObject","inLanguage":"pt-BR","@id":"https:\/\/www.em.com.br\/emfoco\/2025\/11\/02\/esse-ajuste-no-chuveiro-pode-reduzir-ate-40-da-sua-conta-de-luz\/#primaryimage","url":"https:\/\/www.em.com.br\/emfoco\/wp-content\/uploads\/2025\/10\/Conta-de-luz_1761853057831.jpg","contentUrl":"https:\/\/www.em.com.br\/emfoco\/wp-content\/uploads\/2025\/10\/Conta-de-luz_1761853057831.jpg","width":1280,"height":720,"caption":"Ajustar chuveiro para modo ver\u00e3o reduz consumo el\u00e9trico imediatamente - Cr\u00e9ditos: depositphotos.com \/ Studioclover"},{"@type":"BreadcrumbList","@id":"https:\/\/www.em.com.br\/emfoco\/2025\/11\/02\/esse-ajuste-no-chuveiro-pode-reduzir-ate-40-da-sua-conta-de-luz\/#breadcrumb","itemListElement":[{"@type":"ListItem","position":1,"name":"In\u00edcio","item":"https:\/\/www.em.com.br\/emfoco\/"},{"@type":"ListItem","position":2,"name":"Ajustei isso no chuveiro e minha conta de luz despencou 40% no m\u00eas seguinte"}]},{"@type":"WebSite","@id":"https:\/\/www.em.com.br\/emfoco\/#website","url":"https:\/\/www.em.com.br\/emfoco\/","name":"Estado de Minas - Em foco","description":"Acompanhe as \u00faltimas not\u00edcias e fique bem informado sobre tudo o que acontece em Minas Gerais, Brasil e no mundo.","potentialAction":[{"@type":"SearchAction","target":{"@type":"EntryPoint","urlTemplate":"https:\/\/www.em.com.br\/emfoco\/?s={search_term_string}"},"query-input":{"@type":"PropertyValueSpecification","valueRequired":true,"valueName":"search_term_string"}}],"inLanguage":"pt-BR"},{"@type":"Person","@id":"https:\/\/www.em.com.br\/emfoco\/#\/schema\/person\/1c9ddeab18b98abeffef834667bcf08a","name":"Gabriel Martins","image":{"@type":"ImageObject","inLanguage":"pt-BR","@id":"https:\/\/www.em.com.br\/emfoco\/#\/schema\/person\/image\/","url":"https:\/\/secure.gravatar.com\/avatar\/f0f1e2efdfd88f1ad2cb08c5c2731e50?s=96&d=mm&r=g","contentUrl":"https:\/\/secure.gravatar.com\/avatar\/f0f1e2efdfd88f1ad2cb08c5c2731e50?s=96&d=mm&r=g","caption":"Gabriel Martins"},"sameAs":["https:\/\/www.em.com.br\/emfoco\/"],"url":"https:\/\/www.em.com.br\/emfoco\/author\/gabrielmartinsmyth\/"}]}},"_links":{"self":[{"href":"https:\/\/www.em.com.br\/emfoco\/wp-json\/wp\/v2\/posts\/121431","targetHints":{"allow":["GET"]}}],"collection":[{"href":"https:\/\/www.em.com.br\/emfoco\/wp-json\/wp\/v2\/posts"}],"about":[{"href":"https:\/\/www.em.com.br\/emfoco\/wp-json\/wp\/v2\/types\/post"}],"author":[{"embeddable":true,"href":"https:\/\/www.em.com.br\/emfoco\/wp-json\/wp\/v2\/users\/13"}],"replies":[{"embeddable":true,"href":"https:\/\/www.em.com.br\/emfoco\/wp-json\/wp\/v2\/comments?post=121431"}],"version-history":[{"count":2,"href":"https:\/\/www.em.com.br\/emfoco\/wp-json\/wp\/v2\/posts\/121431\/revisions"}],"predecessor-version":[{"id":121450,"href":"https:\/\/www.em.com.br\/emfoco\/wp-json\/wp\/v2\/posts\/121431\/revisions\/121450"}],"wp:featuredmedia":[{"embeddable":true,"href":"https:\/\/www.em.com.br\/emfoco\/wp-json\/wp\/v2\/media\/121445"}],"wp:attachment":[{"href":"https:\/\/www.em.com.br\/emfoco\/wp-json\/wp\/v2\/media?parent=121431"}],"wp:term":[{"taxonomy":"category","embeddable":true,"href":"https:\/\/www.em.com.br\/emfoco\/wp-json\/wp\/v2\/categories?post=121431"},{"taxonomy":"post_tag","embeddable":true,"href":"https:\/\/www.em.com.br\/emfoco\/wp-json\/wp\/v2\/tags?post=121431"}],"curies":[{"name":"wp","href":"https:\/\/api.w.org\/{rel}","templated":true}]}}