{"id":121300,"date":"2025-11-01T07:45:00","date_gmt":"2025-11-01T10:45:00","guid":{"rendered":"https:\/\/www.em.com.br\/emfoco\/?p=121300"},"modified":"2025-10-30T13:56:46","modified_gmt":"2025-10-30T16:56:46","slug":"como-acabar-com-as-rachaduras-dos-pes-enquanto-dorme-com-ingredientes-simples","status":"publish","type":"post","link":"https:\/\/www.em.com.br\/emfoco\/2025\/11\/01\/como-acabar-com-as-rachaduras-dos-pes-enquanto-dorme-com-ingredientes-simples\/","title":{"rendered":"Como acabar com as rachaduras dos p\u00e9s enquanto dorme com ingredientes simples"},"content":{"rendered":"\n<p>P\u00e9s ressecados e rachados podem causar inc\u00f4modo e at\u00e9 dor, mas \u00e9 poss\u00edvel restaurar a maciez em poucas horas. Com uma <strong>receita caseira simples<\/strong>, voc\u00ea recupera a hidrata\u00e7\u00e3o dos p\u00e9s enquanto dorme, usando apenas ingredientes acess\u00edveis e naturais.<\/p>\n\n\n\n<h2 class=\"wp-block-heading\">Por que os p\u00e9s ficam t\u00e3o ressecados e rachados?<\/h2>\n\n\n\n<p>O <strong>ressecamento dos p\u00e9s<\/strong> \u00e9 resultado de fatores como falta de hidrata\u00e7\u00e3o, uso constante de cal\u00e7ados fechados, banhos muito quentes e o atrito ao caminhar. Esses h\u00e1bitos reduzem a oleosidade natural e deixam a pele \u00e1spera, especialmente nos calcanhares.<\/p>\n\n\n\n<p>Al\u00e9m disso, a aus\u00eancia de uma rotina de cuidados agrava o problema. Quando a pele perde \u00e1gua e nutrientes, surgem pequenas fissuras que podem evoluir para <strong>rachaduras doloridas<\/strong>. Por isso, a preven\u00e7\u00e3o e a nutri\u00e7\u00e3o cont\u00ednua s\u00e3o essenciais para manter os p\u00e9s saud\u00e1veis.<\/p>\n\n\n\n<figure class=\"wp-block-image size-large\"><img loading=\"lazy\" decoding=\"async\" width=\"1024\" height=\"576\" src=\"https:\/\/www.em.com.br\/emfoco\/wp-content\/uploads\/2025\/10\/Pes-rachados_1761843324189-1024x576.jpg\" alt=\"Como acabar com as rachaduras dos p\u00e9s enquanto dorme com apenas 3 ingredientes\" class=\"wp-image-121322\" srcset=\"https:\/\/www.em.com.br\/emfoco\/wp-content\/uploads\/2025\/10\/Pes-rachados_1761843324189-1024x576.jpg 1024w, https:\/\/www.em.com.br\/emfoco\/wp-content\/uploads\/2025\/10\/Pes-rachados_1761843324189-300x169.jpg 300w, https:\/\/www.em.com.br\/emfoco\/wp-content\/uploads\/2025\/10\/Pes-rachados_1761843324189-768x432.jpg 768w, https:\/\/www.em.com.br\/emfoco\/wp-content\/uploads\/2025\/10\/Pes-rachados_1761843324189-750x422.jpg 750w, https:\/\/www.em.com.br\/emfoco\/wp-content\/uploads\/2025\/10\/Pes-rachados_1761843324189-1140x641.jpg 1140w, https:\/\/www.em.com.br\/emfoco\/wp-content\/uploads\/2025\/10\/Pes-rachados_1761843324189.jpg 1280w\" sizes=\"auto, (max-width: 1024px) 100vw, 1024px\" \/><figcaption class=\"wp-element-caption\">Esfolia\u00e7\u00e3o suave remove c\u00e9lulas mortas e facilita a absor\u00e7\u00e3o dos nutrientes &#8211; Cr\u00e9ditos: depositphotos.com \/ oatsung<\/figcaption><\/figure>\n\n\n\n<h2 class=\"wp-block-heading\">Quais ingredientes usar na receita que age durante a noite?<\/h2>\n\n\n\n<p>Voc\u00ea pode criar uma mistura potente com itens que j\u00e1 tem em casa. O segredo est\u00e1 em combinar um <strong>hidratante natural<\/strong> com um esfoliante suave para renovar e nutrir a pele profundamente.<\/p>\n\n\n\n<ul class=\"wp-block-list\">\n<li><strong>Mel e a\u00e7\u00facar:<\/strong> o mel hidrata e o a\u00e7\u00facar remove c\u00e9lulas mortas.<\/li>\n\n\n\n<li><strong>\u00d3leo de coco e sal grosso:<\/strong> o \u00f3leo nutre e o sal estimula a circula\u00e7\u00e3o.<\/li>\n\n\n\n<li><strong>Vaselina e glicerina:<\/strong> dupla poderosa para suavizar fissuras profundas.<\/li>\n<\/ul>\n\n\n\n<p><em>Leia mais: <a href=\"https:\/\/www.em.com.br\/emfoco\/2025\/09\/28\/transforme-seu-banho-em-um-ritual-de-autocuidado-com-passos-simples\/\" target=\"_blank\" rel=\"noreferrer noopener\">Transforme seu banho em um ritual de autocuidado com passos simples<\/a><\/em><\/p>\n\n\n\n<h2 class=\"wp-block-heading\">Como aplicar a mistura para um efeito imediato?<\/h2>\n\n\n\n<p>Comece com uma leve <strong>esfolia\u00e7\u00e3o nos p\u00e9s<\/strong>, massageando por alguns minutos com movimentos circulares. Depois, retire o excesso com \u00e1gua morna e seque bem. Essa etapa prepara a pele para receber os nutrientes da receita e maximiza a absor\u00e7\u00e3o.<\/p>\n\n\n\n<p>Em seguida, aplique uma camada generosa da mistura escolhida, envolva os p\u00e9s em <strong>meias de algod\u00e3o<\/strong> e deixe agir durante a noite. Ao acordar, lave e sinta a diferen\u00e7a: os p\u00e9s ficam visivelmente mais lisos, hidratados e sem rachaduras.<\/p>\n\n\n\n<figure class=\"wp-block-image size-large\"><img loading=\"lazy\" decoding=\"async\" width=\"1024\" height=\"576\" src=\"https:\/\/www.em.com.br\/emfoco\/wp-content\/uploads\/2025\/10\/Esfoliando-o-pe_1761843370876-1024x576.jpg\" alt=\"Como acabar com as rachaduras dos p\u00e9s enquanto dorme com apenas 3 ingredientes\" class=\"wp-image-121324\" srcset=\"https:\/\/www.em.com.br\/emfoco\/wp-content\/uploads\/2025\/10\/Esfoliando-o-pe_1761843370876-1024x576.jpg 1024w, https:\/\/www.em.com.br\/emfoco\/wp-content\/uploads\/2025\/10\/Esfoliando-o-pe_1761843370876-300x169.jpg 300w, https:\/\/www.em.com.br\/emfoco\/wp-content\/uploads\/2025\/10\/Esfoliando-o-pe_1761843370876-768x432.jpg 768w, https:\/\/www.em.com.br\/emfoco\/wp-content\/uploads\/2025\/10\/Esfoliando-o-pe_1761843370876-750x422.jpg 750w, https:\/\/www.em.com.br\/emfoco\/wp-content\/uploads\/2025\/10\/Esfoliando-o-pe_1761843370876-1140x641.jpg 1140w, https:\/\/www.em.com.br\/emfoco\/wp-content\/uploads\/2025\/10\/Esfoliando-o-pe_1761843370876.jpg 1280w\" sizes=\"auto, (max-width: 1024px) 100vw, 1024px\" \/><figcaption class=\"wp-element-caption\">Hidrata\u00e7\u00e3o noturna com meias de algod\u00e3o potencializa o efeito regenerador &#8211; Cr\u00e9ditos: depositphotos.com \/ svetka579<\/figcaption><\/figure>\n\n\n\n<h2 class=\"wp-block-heading\">Como manter os p\u00e9s macios por mais tempo?<\/h2>\n\n\n\n<p>Ap\u00f3s o tratamento, \u00e9 importante adotar uma rotina semanal de cuidados. A <a href=\"https:\/\/sbdrj.org.br\/por-que-hidratar-a-pele-e-tao-importante\/\" target=\"_blank\" rel=\"noreferrer noopener\">hidrata\u00e7\u00e3o di\u00e1ria<\/a> ap\u00f3s o banho ajuda a manter a <strong>maciez e elasticidade<\/strong> da pele, prevenindo o ressecamento futuro e o reaparecimento de rachaduras.<\/p>\n\n\n\n<ul class=\"wp-block-list\">\n<li>Use cremes \u00e0 base de ureia ou manteiga de karit\u00e9 ap\u00f3s o banho.<\/li>\n\n\n\n<li>Evite andar descal\u00e7o em superf\u00edcies \u00e1speras ou frias.<\/li>\n\n\n\n<li>Repita a <strong>receita caseira<\/strong> uma vez por semana para manter o toque suave.<\/li>\n<\/ul>\n","protected":false},"excerpt":{"rendered":"<p>P\u00e9s ressecados e rachados podem causar inc\u00f4modo e at\u00e9 dor, mas \u00e9 poss\u00edvel restaurar a maciez em poucas horas. Com uma receita caseira simples, voc\u00ea recupera a hidrata\u00e7\u00e3o dos p\u00e9s enquanto dorme, usando apenas ingredientes acess\u00edveis e naturais. Por que os p\u00e9s ficam t\u00e3o ressecados e rachados? O ressecamento dos p\u00e9s \u00e9 resultado de fatores [&hellip;]<\/p>\n","protected":false},"author":13,"featured_media":121320,"comment_status":"open","ping_status":"open","sticky":false,"template":"","format":"standard","meta":{"jnews-multi-image_gallery":[],"jnews_single_post":{"format":"standard"},"jnews_primary_category":[],"jnews_social_meta":[],"jnews_override_counter":[],"footnotes":""},"categories":[8819],"tags":[712,13638,18149],"class_list":["post-121300","post","type-post","status-publish","format-standard","has-post-thumbnail","hentry","category-curiosidades","tag-autocuidado","tag-hidratacao-dos-pes","tag-pes-lisos"],"yoast_head":"<!-- This site is optimized with the Yoast SEO plugin v23.8 - https:\/\/yoast.com\/wordpress\/plugins\/seo\/ -->\n<title>Como acabar com as rachaduras dos p\u00e9s enquanto dorme com ingredientes simples - Estado de Minas - Em foco<\/title>\n<meta name=\"description\" content=\"Receita noturna simples promete restaurar a maciez dos p\u00e9s com ingredientes que voc\u00ea tem em casa. O resultado surpreende no dia seguinte.\" \/>\n<meta name=\"robots\" content=\"index, follow, max-snippet:-1, max-image-preview:large, max-video-preview:-1\" \/>\n<link rel=\"canonical\" href=\"https:\/\/www.em.com.br\/emfoco\/2025\/11\/01\/como-acabar-com-as-rachaduras-dos-pes-enquanto-dorme-com-ingredientes-simples\/\" \/>\n<meta property=\"og:locale\" content=\"pt_BR\" \/>\n<meta property=\"og:type\" content=\"article\" \/>\n<meta property=\"og:title\" content=\"Como acabar com as rachaduras dos p\u00e9s enquanto dorme com ingredientes simples - Estado de Minas - Em foco\" \/>\n<meta property=\"og:description\" content=\"Receita noturna simples promete restaurar a maciez dos p\u00e9s com ingredientes que voc\u00ea tem em casa. O resultado surpreende no dia seguinte.\" \/>\n<meta property=\"og:url\" content=\"https:\/\/www.em.com.br\/emfoco\/2025\/11\/01\/como-acabar-com-as-rachaduras-dos-pes-enquanto-dorme-com-ingredientes-simples\/\" \/>\n<meta property=\"og:site_name\" content=\"Estado de Minas - Em foco\" \/>\n<meta property=\"article:published_time\" content=\"2025-11-01T10:45:00+00:00\" \/>\n<meta property=\"article:modified_time\" content=\"2025-10-30T16:56:46+00:00\" \/>\n<meta property=\"og:image\" content=\"https:\/\/www.em.com.br\/emfoco\/wp-content\/uploads\/2025\/10\/hidratacao-dos-pes_1761843289725.jpg\" \/>\n\t<meta property=\"og:image:width\" content=\"1280\" \/>\n\t<meta property=\"og:image:height\" content=\"720\" \/>\n\t<meta property=\"og:image:type\" content=\"image\/jpeg\" \/>\n<meta name=\"author\" content=\"Gabriel Martins\" \/>\n<meta name=\"twitter:card\" content=\"summary_large_image\" \/>\n<meta name=\"twitter:label1\" content=\"Escrito por\" \/>\n\t<meta name=\"twitter:data1\" content=\"Gabriel Martins\" \/>\n\t<meta name=\"twitter:label2\" content=\"Est. tempo de leitura\" \/>\n\t<meta name=\"twitter:data2\" content=\"3 minutos\" \/>\n<!-- \/ Yoast SEO plugin. -->","yoast_head_json":{"title":"Como acabar com as rachaduras dos p\u00e9s enquanto dorme com ingredientes simples - Estado de Minas - Em foco","description":"Receita noturna simples promete restaurar a maciez dos p\u00e9s com ingredientes que voc\u00ea tem em casa. O resultado surpreende no dia seguinte.","robots":{"index":"index","follow":"follow","max-snippet":"max-snippet:-1","max-image-preview":"max-image-preview:large","max-video-preview":"max-video-preview:-1"},"canonical":"https:\/\/www.em.com.br\/emfoco\/2025\/11\/01\/como-acabar-com-as-rachaduras-dos-pes-enquanto-dorme-com-ingredientes-simples\/","og_locale":"pt_BR","og_type":"article","og_title":"Como acabar com as rachaduras dos p\u00e9s enquanto dorme com ingredientes simples - Estado de Minas - Em foco","og_description":"Receita noturna simples promete restaurar a maciez dos p\u00e9s com ingredientes que voc\u00ea tem em casa. O resultado surpreende no dia seguinte.","og_url":"https:\/\/www.em.com.br\/emfoco\/2025\/11\/01\/como-acabar-com-as-rachaduras-dos-pes-enquanto-dorme-com-ingredientes-simples\/","og_site_name":"Estado de Minas - Em foco","article_published_time":"2025-11-01T10:45:00+00:00","article_modified_time":"2025-10-30T16:56:46+00:00","og_image":[{"width":1280,"height":720,"url":"https:\/\/www.em.com.br\/emfoco\/wp-content\/uploads\/2025\/10\/hidratacao-dos-pes_1761843289725.jpg","type":"image\/jpeg"}],"author":"Gabriel Martins","twitter_card":"summary_large_image","twitter_misc":{"Escrito por":"Gabriel Martins","Est. tempo de leitura":"3 minutos"},"schema":{"@context":"https:\/\/schema.org","@graph":[{"@type":"WebPage","@id":"https:\/\/www.em.com.br\/emfoco\/2025\/11\/01\/como-acabar-com-as-rachaduras-dos-pes-enquanto-dorme-com-ingredientes-simples\/","url":"https:\/\/www.em.com.br\/emfoco\/2025\/11\/01\/como-acabar-com-as-rachaduras-dos-pes-enquanto-dorme-com-ingredientes-simples\/","name":"Como acabar com as rachaduras dos p\u00e9s enquanto dorme com ingredientes simples - Estado de Minas - Em foco","isPartOf":{"@id":"https:\/\/www.em.com.br\/emfoco\/#website"},"primaryImageOfPage":{"@id":"https:\/\/www.em.com.br\/emfoco\/2025\/11\/01\/como-acabar-com-as-rachaduras-dos-pes-enquanto-dorme-com-ingredientes-simples\/#primaryimage"},"image":{"@id":"https:\/\/www.em.com.br\/emfoco\/2025\/11\/01\/como-acabar-com-as-rachaduras-dos-pes-enquanto-dorme-com-ingredientes-simples\/#primaryimage"},"thumbnailUrl":"https:\/\/www.em.com.br\/emfoco\/wp-content\/uploads\/2025\/10\/hidratacao-dos-pes_1761843289725.jpg","datePublished":"2025-11-01T10:45:00+00:00","dateModified":"2025-10-30T16:56:46+00:00","author":{"@id":"https:\/\/www.em.com.br\/emfoco\/#\/schema\/person\/1c9ddeab18b98abeffef834667bcf08a"},"description":"Receita noturna simples promete restaurar a maciez dos p\u00e9s com ingredientes que voc\u00ea tem em casa. O resultado surpreende no dia seguinte.","breadcrumb":{"@id":"https:\/\/www.em.com.br\/emfoco\/2025\/11\/01\/como-acabar-com-as-rachaduras-dos-pes-enquanto-dorme-com-ingredientes-simples\/#breadcrumb"},"inLanguage":"pt-BR","potentialAction":[{"@type":"ReadAction","target":["https:\/\/www.em.com.br\/emfoco\/2025\/11\/01\/como-acabar-com-as-rachaduras-dos-pes-enquanto-dorme-com-ingredientes-simples\/"]}]},{"@type":"ImageObject","inLanguage":"pt-BR","@id":"https:\/\/www.em.com.br\/emfoco\/2025\/11\/01\/como-acabar-com-as-rachaduras-dos-pes-enquanto-dorme-com-ingredientes-simples\/#primaryimage","url":"https:\/\/www.em.com.br\/emfoco\/wp-content\/uploads\/2025\/10\/hidratacao-dos-pes_1761843289725.jpg","contentUrl":"https:\/\/www.em.com.br\/emfoco\/wp-content\/uploads\/2025\/10\/hidratacao-dos-pes_1761843289725.jpg","width":1280,"height":720,"caption":"Receita natural que restaura a maciez dos p\u00e9s enquanto voc\u00ea dorme - Cr\u00e9ditos: depositphotos.com \/ kolesnikov555"},{"@type":"BreadcrumbList","@id":"https:\/\/www.em.com.br\/emfoco\/2025\/11\/01\/como-acabar-com-as-rachaduras-dos-pes-enquanto-dorme-com-ingredientes-simples\/#breadcrumb","itemListElement":[{"@type":"ListItem","position":1,"name":"In\u00edcio","item":"https:\/\/www.em.com.br\/emfoco\/"},{"@type":"ListItem","position":2,"name":"Como acabar com as rachaduras dos p\u00e9s enquanto dorme com ingredientes simples"}]},{"@type":"WebSite","@id":"https:\/\/www.em.com.br\/emfoco\/#website","url":"https:\/\/www.em.com.br\/emfoco\/","name":"Estado de Minas - Em foco","description":"Acompanhe as \u00faltimas not\u00edcias e fique bem informado sobre tudo o que acontece em Minas Gerais, Brasil e no mundo.","potentialAction":[{"@type":"SearchAction","target":{"@type":"EntryPoint","urlTemplate":"https:\/\/www.em.com.br\/emfoco\/?s={search_term_string}"},"query-input":{"@type":"PropertyValueSpecification","valueRequired":true,"valueName":"search_term_string"}}],"inLanguage":"pt-BR"},{"@type":"Person","@id":"https:\/\/www.em.com.br\/emfoco\/#\/schema\/person\/1c9ddeab18b98abeffef834667bcf08a","name":"Gabriel Martins","image":{"@type":"ImageObject","inLanguage":"pt-BR","@id":"https:\/\/www.em.com.br\/emfoco\/#\/schema\/person\/image\/","url":"https:\/\/secure.gravatar.com\/avatar\/f0f1e2efdfd88f1ad2cb08c5c2731e50?s=96&d=mm&r=g","contentUrl":"https:\/\/secure.gravatar.com\/avatar\/f0f1e2efdfd88f1ad2cb08c5c2731e50?s=96&d=mm&r=g","caption":"Gabriel Martins"},"sameAs":["https:\/\/www.em.com.br\/emfoco\/"],"url":"https:\/\/www.em.com.br\/emfoco\/author\/gabrielmartinsmyth\/"}]}},"_links":{"self":[{"href":"https:\/\/www.em.com.br\/emfoco\/wp-json\/wp\/v2\/posts\/121300","targetHints":{"allow":["GET"]}}],"collection":[{"href":"https:\/\/www.em.com.br\/emfoco\/wp-json\/wp\/v2\/posts"}],"about":[{"href":"https:\/\/www.em.com.br\/emfoco\/wp-json\/wp\/v2\/types\/post"}],"author":[{"embeddable":true,"href":"https:\/\/www.em.com.br\/emfoco\/wp-json\/wp\/v2\/users\/13"}],"replies":[{"embeddable":true,"href":"https:\/\/www.em.com.br\/emfoco\/wp-json\/wp\/v2\/comments?post=121300"}],"version-history":[{"count":1,"href":"https:\/\/www.em.com.br\/emfoco\/wp-json\/wp\/v2\/posts\/121300\/revisions"}],"predecessor-version":[{"id":121325,"href":"https:\/\/www.em.com.br\/emfoco\/wp-json\/wp\/v2\/posts\/121300\/revisions\/121325"}],"wp:featuredmedia":[{"embeddable":true,"href":"https:\/\/www.em.com.br\/emfoco\/wp-json\/wp\/v2\/media\/121320"}],"wp:attachment":[{"href":"https:\/\/www.em.com.br\/emfoco\/wp-json\/wp\/v2\/media?parent=121300"}],"wp:term":[{"taxonomy":"category","embeddable":true,"href":"https:\/\/www.em.com.br\/emfoco\/wp-json\/wp\/v2\/categories?post=121300"},{"taxonomy":"post_tag","embeddable":true,"href":"https:\/\/www.em.com.br\/emfoco\/wp-json\/wp\/v2\/tags?post=121300"}],"curies":[{"name":"wp","href":"https:\/\/api.w.org\/{rel}","templated":true}]}}