{"id":121173,"date":"2025-10-31T21:25:56","date_gmt":"2025-11-01T00:25:56","guid":{"rendered":"https:\/\/www.em.com.br\/emfoco\/?p=121173"},"modified":"2025-10-30T14:32:57","modified_gmt":"2025-10-30T17:32:57","slug":"as-5-plantas-grandes-perfeitas-para-decorar-sua-casa-com-estilo-e-frescor","status":"publish","type":"post","link":"https:\/\/www.em.com.br\/emfoco\/2025\/10\/31\/as-5-plantas-grandes-perfeitas-para-decorar-sua-casa-com-estilo-e-frescor\/","title":{"rendered":"As 5 plantas grandes perfeitas para decorar sua casa com estilo e frescor"},"content":{"rendered":"\n<p>Para criar um ambiente acolhedor e alegre em casa, incorporar <strong>plantas<\/strong> na <strong>decora\u00e7\u00e3o<\/strong> \u00e9 uma escolha vers\u00e1til e <strong>enriquecedora<\/strong>. Elas n\u00e3o apenas embelezam e renovam os <strong>ambientes<\/strong>, mas colaboram na melhoria da qualidade do ar e tornam o espa\u00e7o mais <strong>tranquilo<\/strong>, al\u00e9m de conectarem o <strong>lar<\/strong> com a <strong>natureza<\/strong>, fundamental especialmente em cidades.<\/p>\n\n\n\n<h2 class=\"wp-block-heading\">Como escolher plantas grandes para sua decora\u00e7\u00e3o e quais as melhores op\u00e7\u00f5es?<\/h2>\n\n\n\n<p>Optar por<strong> plantas grandes<\/strong> pode transformar o ambiente, oferecendo impon\u00eancia e um toque de <strong>natureza<\/strong> aos espa\u00e7os internos. Para n\u00e3o errar na escolha, \u00e9 preciso observar fatores como <strong>luminosidade<\/strong>, espa\u00e7o e praticidade no cuidado di\u00e1rio.<\/p>\n\n\n\n<p>A seguir, apresentamos algumas esp\u00e9cies populares e suas principais caracter\u00edsticas, ideais para diferentes necessidades e estilos de vida:<\/p>\n\n\n\n<figure class=\"wp-block-table\"><table class=\"has-fixed-layout\"><thead><tr><th>Esp\u00e9cie<\/th><th>Caracter\u00edsticas<\/th><th>Necessidade de Luz<\/th><th>Facilidade de Cuidado<\/th><th>Dica Extra<\/th><\/tr><\/thead><tbody><tr><td><strong>Ficus lyrata<\/strong><\/td><td>Folhas grandes e brilhantes que se destacam na decora\u00e7\u00e3o.<\/td><td>Luz indireta abundante<\/td><td>M\u00e9dio<\/td><td>Evite correntes de ar e mudan\u00e7as bruscas de ambiente.<\/td><\/tr><tr><td><strong>Monstera deliciosa<\/strong><\/td><td>Folhas recortadas com visual tropical, muito ornamental.<\/td><td>Luz moderada a indireta<\/td><td>F\u00e1cil<\/td><td>Prefere ambientes \u00famidos, borrife as folhas ocasionalmente.<\/td><\/tr><tr><td><strong>Palmeira garrafa<\/strong><\/td><td>Ex\u00f3tica, com tronco diferenciado que chama aten\u00e7\u00e3o.<\/td><td>Luz direta ou bem clara<\/td><td>M\u00e9dio<\/td><td>Ideal para espa\u00e7os amplos, regue apenas quando o solo secar.<\/td><\/tr><tr><td><strong>Yucca<\/strong><\/td><td>Resistente, com folhas pontiagudas e apar\u00eancia escultural.<\/td><td>Luz intensa<\/td><td>F\u00e1cil<\/td><td>\u00d3tima para quem viaja e esquece de regar com frequ\u00eancia.<\/td><\/tr><tr><td><strong>Costela-de-ad\u00e3o mini (Monstera adansonii)<\/strong><\/td><td>Vers\u00e1til, pode ser tutorada ou pendente, folhas rasgadas.<\/td><td>Luz indireta<\/td><td>F\u00e1cil<\/td><td>Cresce bem em vasos ou suportes, perfeita para iniciantes.<\/td><\/tr><\/tbody><\/table><\/figure>\n\n\n\n<h2 class=\"wp-block-heading\">Como integrar plantas grandes na decora\u00e7\u00e3o de interiores de forma funcional?<\/h2>\n\n\n\n<p>Integrar <strong>plantas<\/strong> em <strong>ambientes<\/strong> internos exige planejamento tanto est\u00e9tico quanto pr\u00e1tico, visando harmonia e <strong>sa\u00fade<\/strong> para as <strong>plantas<\/strong>. Considerar o espa\u00e7o dispon\u00edvel e o acesso \u00e0 <strong>luz<\/strong> \u00e9 essencial para criar composi\u00e7\u00f5es funcionais.<\/p>\n\n\n\n<blockquote class=\"tiktok-embed\" cite=\"https:\/\/www.tiktok.com\/@talita.castellar\/video\/7244285684893093125\" data-video-id=\"7244285684893093125\" style=\"max-width: 605px;min-width: 325px;\" > <section> <a target=\"_blank\" title=\"@talita.castellar\" href=\"https:\/\/www.tiktok.com\/@talita.castellar?refer=embed\">@talita.castellar<\/a> Quem quer uma \u00e1rvore dentro de casa? \ud83d\ude05 <a title=\"plantas\" target=\"_blank\" href=\"https:\/\/www.tiktok.com\/tag\/plantas?refer=embed\">#plantas<\/a> <a title=\"ficuslyrata\" target=\"_blank\" href=\"https:\/\/www.tiktok.com\/tag\/ficuslyrata?refer=embed\">#ficuslyrata<\/a> <a title=\"plantadeapartamento\" target=\"_blank\" href=\"https:\/\/www.tiktok.com\/tag\/plantadeapartamento?refer=embed\">#plantadeapartamento<\/a> <a title=\"decora\u00e7\u00e3o\" target=\"_blank\" href=\"https:\/\/www.tiktok.com\/tag\/decora%C3%A7%C3%A3o?refer=embed\">#decora\u00e7\u00e3o<\/a> <a target=\"_blank\" title=\"\u266c I Want You Back - The Jackson 5\" href=\"https:\/\/www.tiktok.com\/music\/I-Want-You-Back-6935568099132901377?refer=embed\">\u266c I Want You Back &#8211; The Jackson 5<\/a> <\/section> <\/blockquote> <script async src=\"https:\/\/www.tiktok.com\/embed.js\"><\/script>\n\n\n\n<p>Veja algumas formas de posicionar e valorizar suas plantas grandes, utilizando-as como parte ativa da decora\u00e7\u00e3o:<\/p>\n\n\n\n<ul class=\"wp-block-list\">\n<li><strong>Cantinho verde:<\/strong> Transforme um espa\u00e7o subutilizado em um mini-o\u00e1sis natural.<\/li>\n\n\n\n<li><strong>Divis\u00f3rias naturais:<\/strong> Utilize plantas imponentes para separar ambientes e criar delimita\u00e7\u00f5es sem paredes.<\/li>\n\n\n\n<li><strong>Paleta harmoniosa:<\/strong> Harmonize as cores e texturas das folhas com objetos decorativos do c\u00f4modo.<\/li>\n<\/ul>\n\n\n\n<iframe loading=\"lazy\" width=\"560\" height=\"315\" src=\"https:\/\/www.youtube.com\/embed\/K53bueCkOOI?si=plNuM5MEKWDfMrBL\" title=\"YouTube video player\" frameborder=\"0\" allow=\"accelerometer; autoplay; clipboard-write; encrypted-media; gyroscope; picture-in-picture; web-share\" referrerpolicy=\"strict-origin-when-cross-origin\" allowfullscreen><\/iframe>\n\n\n\n<h2 class=\"wp-block-heading\">Quais s\u00e3o os benef\u00edcios de investir em plantas grandes na decora\u00e7\u00e3o residencial?<\/h2>\n\n\n\n<p>Plantas em casa v\u00e3o al\u00e9m do apelo visual: elas contribuem para o <strong>bem-estar f\u00edsico e <a href=\"https:\/\/www.unimedcampinas.com.br\/blog\/saude-emocional\/bem-estar-emocional-o-que-e-e-como-obter#:~:text=O%20que%20%C3%A9%20bem%2Destar,ou%20negativas%20%E2%80%94%20de%20maneira%20construtiva.\" target=\"_blank\" rel=\"noopener\">emocional<\/a><\/strong>, podendo reduzir o <strong>estresse<\/strong>, melhorar a concentra\u00e7\u00e3o e at\u00e9 elevar a <strong>umidade<\/strong> do ar. Em ambientes urbanos, funcionam como uma pausa verde no <strong>cotidiano<\/strong> agitado.<\/p>\n\n\n\n<p>Al\u00e9m disso, <strong>plantas grandes<\/strong> s\u00e3o dur\u00e1veis e se tornam parte da identidade do <strong>lar<\/strong> ao longo do tempo. Com os devidos cuidados, acompanham a fam\u00edlia por anos, transmitindo sensa\u00e7\u00e3o de perman\u00eancia e hist\u00f3ria ao ambiente.<\/p>\n\n\n\n<p>Leia tamb\u00e9m:&nbsp;<a href=\"https:\/\/www.em.com.br\/emfoco\/2025\/10\/28\/nutricionista-revela-os-melhores-alimentos-para-comecar-o-dia-sem-estresse\/\" target=\"_blank\" rel=\"noopener\">Nutricionista revela os melhores alimentos para come\u00e7ar o dia sem estresse<\/a><\/p>\n","protected":false},"excerpt":{"rendered":"<p>Para criar um ambiente acolhedor e alegre em casa, incorporar plantas na decora\u00e7\u00e3o \u00e9 uma escolha vers\u00e1til e enriquecedora. Elas n\u00e3o apenas embelezam e renovam os ambientes, mas colaboram na melhoria da qualidade do ar e tornam o espa\u00e7o mais tranquilo, al\u00e9m de conectarem o lar com a natureza, fundamental especialmente em cidades. Como escolher [&hellip;]<\/p>\n","protected":false},"author":9,"featured_media":121215,"comment_status":"open","ping_status":"open","sticky":false,"template":"","format":"standard","meta":{"jnews-multi-image_gallery":[],"jnews_single_post":{"format":"standard"},"jnews_primary_category":[],"jnews_social_meta":[],"jnews_override_counter":[],"footnotes":""},"categories":[8819,1],"tags":[2911,3325,18131],"class_list":["post-121173","post","type-post","status-publish","format-standard","has-post-thumbnail","hentry","category-curiosidades","category-noticias","tag-casa","tag-jardim","tag-plantas-gigantes"],"yoast_head":"<!-- This site is optimized with the Yoast SEO plugin v23.8 - https:\/\/yoast.com\/wordpress\/plugins\/seo\/ -->\n<title>As 5 plantas grandes perfeitas para decorar sua casa com estilo e frescor<\/title>\n<meta name=\"description\" content=\"Transforme sua casa em um ref\u00fagio verde com plantas grandes. Elas melhoram o ar e reduzem o estresse, mas exigem o local certo.\" \/>\n<meta name=\"robots\" content=\"index, follow, max-snippet:-1, max-image-preview:large, max-video-preview:-1\" \/>\n<link rel=\"canonical\" href=\"https:\/\/www.em.com.br\/emfoco\/2025\/10\/31\/as-5-plantas-grandes-perfeitas-para-decorar-sua-casa-com-estilo-e-frescor\/\" \/>\n<meta property=\"og:locale\" content=\"pt_BR\" \/>\n<meta property=\"og:type\" content=\"article\" \/>\n<meta property=\"og:title\" content=\"As 5 plantas grandes perfeitas para decorar sua casa com estilo e frescor\" \/>\n<meta property=\"og:description\" content=\"Transforme sua casa em um ref\u00fagio verde com plantas grandes. Elas melhoram o ar e reduzem o estresse, mas exigem o local certo.\" \/>\n<meta property=\"og:url\" content=\"https:\/\/www.em.com.br\/emfoco\/2025\/10\/31\/as-5-plantas-grandes-perfeitas-para-decorar-sua-casa-com-estilo-e-frescor\/\" \/>\n<meta property=\"og:site_name\" content=\"Estado de Minas - Em foco\" \/>\n<meta property=\"article:published_time\" content=\"2025-11-01T00:25:56+00:00\" \/>\n<meta property=\"article:modified_time\" content=\"2025-10-30T17:32:57+00:00\" \/>\n<meta property=\"og:image\" content=\"https:\/\/www.em.com.br\/emfoco\/wp-content\/uploads\/2025\/10\/casa-planta_1761832415195.jpg\" \/>\n\t<meta property=\"og:image:width\" content=\"1280\" \/>\n\t<meta property=\"og:image:height\" content=\"720\" \/>\n\t<meta property=\"og:image:type\" content=\"image\/jpeg\" \/>\n<meta name=\"author\" content=\"Daniely Cardoso\" \/>\n<meta name=\"twitter:card\" content=\"summary_large_image\" \/>\n<meta name=\"twitter:label1\" content=\"Escrito por\" \/>\n\t<meta name=\"twitter:data1\" content=\"Daniely Cardoso\" \/>\n\t<meta name=\"twitter:label2\" content=\"Est. tempo de leitura\" \/>\n\t<meta name=\"twitter:data2\" content=\"3 minutos\" \/>\n<!-- \/ Yoast SEO plugin. -->","yoast_head_json":{"title":"As 5 plantas grandes perfeitas para decorar sua casa com estilo e frescor","description":"Transforme sua casa em um ref\u00fagio verde com plantas grandes. Elas melhoram o ar e reduzem o estresse, mas exigem o local certo.","robots":{"index":"index","follow":"follow","max-snippet":"max-snippet:-1","max-image-preview":"max-image-preview:large","max-video-preview":"max-video-preview:-1"},"canonical":"https:\/\/www.em.com.br\/emfoco\/2025\/10\/31\/as-5-plantas-grandes-perfeitas-para-decorar-sua-casa-com-estilo-e-frescor\/","og_locale":"pt_BR","og_type":"article","og_title":"As 5 plantas grandes perfeitas para decorar sua casa com estilo e frescor","og_description":"Transforme sua casa em um ref\u00fagio verde com plantas grandes. Elas melhoram o ar e reduzem o estresse, mas exigem o local certo.","og_url":"https:\/\/www.em.com.br\/emfoco\/2025\/10\/31\/as-5-plantas-grandes-perfeitas-para-decorar-sua-casa-com-estilo-e-frescor\/","og_site_name":"Estado de Minas - Em foco","article_published_time":"2025-11-01T00:25:56+00:00","article_modified_time":"2025-10-30T17:32:57+00:00","og_image":[{"width":1280,"height":720,"url":"https:\/\/www.em.com.br\/emfoco\/wp-content\/uploads\/2025\/10\/casa-planta_1761832415195.jpg","type":"image\/jpeg"}],"author":"Daniely Cardoso","twitter_card":"summary_large_image","twitter_misc":{"Escrito por":"Daniely Cardoso","Est. tempo de leitura":"3 minutos"},"schema":{"@context":"https:\/\/schema.org","@graph":[{"@type":"WebPage","@id":"https:\/\/www.em.com.br\/emfoco\/2025\/10\/31\/as-5-plantas-grandes-perfeitas-para-decorar-sua-casa-com-estilo-e-frescor\/","url":"https:\/\/www.em.com.br\/emfoco\/2025\/10\/31\/as-5-plantas-grandes-perfeitas-para-decorar-sua-casa-com-estilo-e-frescor\/","name":"As 5 plantas grandes perfeitas para decorar sua casa com estilo e frescor","isPartOf":{"@id":"https:\/\/www.em.com.br\/emfoco\/#website"},"primaryImageOfPage":{"@id":"https:\/\/www.em.com.br\/emfoco\/2025\/10\/31\/as-5-plantas-grandes-perfeitas-para-decorar-sua-casa-com-estilo-e-frescor\/#primaryimage"},"image":{"@id":"https:\/\/www.em.com.br\/emfoco\/2025\/10\/31\/as-5-plantas-grandes-perfeitas-para-decorar-sua-casa-com-estilo-e-frescor\/#primaryimage"},"thumbnailUrl":"https:\/\/www.em.com.br\/emfoco\/wp-content\/uploads\/2025\/10\/casa-planta_1761832415195.jpg","datePublished":"2025-11-01T00:25:56+00:00","dateModified":"2025-10-30T17:32:57+00:00","author":{"@id":"https:\/\/www.em.com.br\/emfoco\/#\/schema\/person\/0a8186d72f2c3a5c6276d90b41f271a0"},"description":"Transforme sua casa em um ref\u00fagio verde com plantas grandes. Elas melhoram o ar e reduzem o estresse, mas exigem o local certo.","breadcrumb":{"@id":"https:\/\/www.em.com.br\/emfoco\/2025\/10\/31\/as-5-plantas-grandes-perfeitas-para-decorar-sua-casa-com-estilo-e-frescor\/#breadcrumb"},"inLanguage":"pt-BR","potentialAction":[{"@type":"ReadAction","target":["https:\/\/www.em.com.br\/emfoco\/2025\/10\/31\/as-5-plantas-grandes-perfeitas-para-decorar-sua-casa-com-estilo-e-frescor\/"]}]},{"@type":"ImageObject","inLanguage":"pt-BR","@id":"https:\/\/www.em.com.br\/emfoco\/2025\/10\/31\/as-5-plantas-grandes-perfeitas-para-decorar-sua-casa-com-estilo-e-frescor\/#primaryimage","url":"https:\/\/www.em.com.br\/emfoco\/wp-content\/uploads\/2025\/10\/casa-planta_1761832415195.jpg","contentUrl":"https:\/\/www.em.com.br\/emfoco\/wp-content\/uploads\/2025\/10\/casa-planta_1761832415195.jpg","width":1280,"height":720,"caption":"Transformar a casa em um ref\u00fagio verde - Cr\u00e9ditos: depositphotos.com \/ cheattha"},{"@type":"BreadcrumbList","@id":"https:\/\/www.em.com.br\/emfoco\/2025\/10\/31\/as-5-plantas-grandes-perfeitas-para-decorar-sua-casa-com-estilo-e-frescor\/#breadcrumb","itemListElement":[{"@type":"ListItem","position":1,"name":"In\u00edcio","item":"https:\/\/www.em.com.br\/emfoco\/"},{"@type":"ListItem","position":2,"name":"As 5 plantas grandes perfeitas para decorar sua casa com estilo e frescor"}]},{"@type":"WebSite","@id":"https:\/\/www.em.com.br\/emfoco\/#website","url":"https:\/\/www.em.com.br\/emfoco\/","name":"Estado de Minas - Em foco","description":"Acompanhe as \u00faltimas not\u00edcias e fique bem informado sobre tudo o que acontece em Minas Gerais, Brasil e no mundo.","potentialAction":[{"@type":"SearchAction","target":{"@type":"EntryPoint","urlTemplate":"https:\/\/www.em.com.br\/emfoco\/?s={search_term_string}"},"query-input":{"@type":"PropertyValueSpecification","valueRequired":true,"valueName":"search_term_string"}}],"inLanguage":"pt-BR"},{"@type":"Person","@id":"https:\/\/www.em.com.br\/emfoco\/#\/schema\/person\/0a8186d72f2c3a5c6276d90b41f271a0","name":"Daniely Cardoso","image":{"@type":"ImageObject","inLanguage":"pt-BR","@id":"https:\/\/www.em.com.br\/emfoco\/#\/schema\/person\/image\/","url":"https:\/\/secure.gravatar.com\/avatar\/4b80ddbd124d1f071b626d52d62e5dff?s=96&d=mm&r=g","contentUrl":"https:\/\/secure.gravatar.com\/avatar\/4b80ddbd124d1f071b626d52d62e5dff?s=96&d=mm&r=g","caption":"Daniely Cardoso"},"url":"https:\/\/www.em.com.br\/emfoco\/author\/danielymyth\/"}]}},"_links":{"self":[{"href":"https:\/\/www.em.com.br\/emfoco\/wp-json\/wp\/v2\/posts\/121173","targetHints":{"allow":["GET"]}}],"collection":[{"href":"https:\/\/www.em.com.br\/emfoco\/wp-json\/wp\/v2\/posts"}],"about":[{"href":"https:\/\/www.em.com.br\/emfoco\/wp-json\/wp\/v2\/types\/post"}],"author":[{"embeddable":true,"href":"https:\/\/www.em.com.br\/emfoco\/wp-json\/wp\/v2\/users\/9"}],"replies":[{"embeddable":true,"href":"https:\/\/www.em.com.br\/emfoco\/wp-json\/wp\/v2\/comments?post=121173"}],"version-history":[{"count":3,"href":"https:\/\/www.em.com.br\/emfoco\/wp-json\/wp\/v2\/posts\/121173\/revisions"}],"predecessor-version":[{"id":121381,"href":"https:\/\/www.em.com.br\/emfoco\/wp-json\/wp\/v2\/posts\/121173\/revisions\/121381"}],"wp:featuredmedia":[{"embeddable":true,"href":"https:\/\/www.em.com.br\/emfoco\/wp-json\/wp\/v2\/media\/121215"}],"wp:attachment":[{"href":"https:\/\/www.em.com.br\/emfoco\/wp-json\/wp\/v2\/media?parent=121173"}],"wp:term":[{"taxonomy":"category","embeddable":true,"href":"https:\/\/www.em.com.br\/emfoco\/wp-json\/wp\/v2\/categories?post=121173"},{"taxonomy":"post_tag","embeddable":true,"href":"https:\/\/www.em.com.br\/emfoco\/wp-json\/wp\/v2\/tags?post=121173"}],"curies":[{"name":"wp","href":"https:\/\/api.w.org\/{rel}","templated":true}]}}