{"id":121169,"date":"2025-10-31T18:15:12","date_gmt":"2025-10-31T21:15:12","guid":{"rendered":"https:\/\/www.em.com.br\/emfoco\/?p=121169"},"modified":"2025-10-30T21:26:06","modified_gmt":"2025-10-31T00:26:06","slug":"mulheres-estao-encantadas-com-este-serum-natural-que-recupera-pontas-duplas-em-minutos","status":"publish","type":"post","link":"https:\/\/www.em.com.br\/emfoco\/2025\/10\/31\/mulheres-estao-encantadas-com-este-serum-natural-que-recupera-pontas-duplas-em-minutos\/","title":{"rendered":"Mulheres est\u00e3o encantadas com este s\u00e9rum natural que recupera pontas duplas em minutos"},"content":{"rendered":"\n<p>A busca por <b>cabelos saud\u00e1veis<\/b> e livres de <b>pontas duplas<\/b> \u00e9 uma preocupa\u00e7\u00e3o comum, e uma alternativa pr\u00e1tica e personalizada para alcan\u00e7ar esse objetivo \u00e9 o uso de <b>s\u00e9runs capilares<\/b>, que funcionam como uma barreira protetora contra <b>polui\u00e7\u00e3o<\/b> e <b>calor<\/b>, al\u00e9m de nutrir os fios de forma eficaz e econ\u00f4mica quando produzidos em casa.<\/p>\n\n\n\n<h2 class=\"wp-block-heading\">Quais ingredientes devo escolher para um s\u00e9rum capilar caseiro?<\/h2>\n\n\n\n<p>Selecionar <b>ingredientes de alta qualidade<\/b> \u00e9 essencial para garantir bons resultados ao elaborar seu s\u00e9rum capilar. Os <b>\u00f3leos naturais<\/b> como <b>\u00f3leo de argan<\/b>, <b>\u00f3leo de jojoba<\/b> e <b>\u00f3leo de coco<\/b>, conhecidos por suas propriedades hidratantes e restauradoras, formam a base ideal para esse tipo de produto.<\/p>\n\n\n\n<blockquote class=\"tiktok-embed\" cite=\"https:\/\/www.tiktok.com\/@talitarodriguesmonaco\/video\/7105856438521777414\" data-video-id=\"7105856438521777414\" style=\"max-width: 605px;min-width: 325px;\" > <section> <a target=\"_blank\" title=\"@talitarodriguesmonaco\" href=\"https:\/\/www.tiktok.com\/@talitarodriguesmonaco?refer=embed\">@talitarodriguesmonaco<\/a> Responder @clarassil \ud83e\udd70 um dos momentos favoritos do dia \u2665\ufe0f <a title=\"limpezacomoleo\" target=\"_blank\" href=\"https:\/\/www.tiktok.com\/tag\/limpezacomoleo?refer=embed\">#limpezacomoleo<\/a> <a title=\"rotinadepele\" target=\"_blank\" href=\"https:\/\/www.tiktok.com\/tag\/rotinadepele?refer=embed\">#rotinadepele<\/a> <a title=\"retirarcravos\" target=\"_blank\" href=\"https:\/\/www.tiktok.com\/tag\/retirarcravos?refer=embed\">#retirarcravos<\/a> <a title=\"cravoseespinhas\" target=\"_blank\" href=\"https:\/\/www.tiktok.com\/tag\/cravoseespinhas?refer=embed\">#cravoseespinhas<\/a> <a target=\"_blank\" title=\"\u266c Fairy Magic - Adam Saunders &#38; Mark Cousins\" href=\"https:\/\/www.tiktok.com\/music\/Fairy-Magic-6728216219217840129?refer=embed\">\u266c Fairy Magic &#8211; Adam Saunders &#38; Mark Cousins<\/a> <\/section> <\/blockquote> <script async src=\"https:\/\/www.tiktok.com\/embed.js\"><\/script>\n\n\n\n<p><b>\u00d3leo de argan<\/b>, por exemplo, garante <b>hidrata\u00e7\u00e3o<\/b> sem pesar nos fios, enquanto o <b>\u00f3leo de jojoba<\/b> auxilia no <b>equil\u00edbrio da oleosidade<\/b> do couro cabeludo e o <b>\u00f3leo de coco<\/b> nutre profundamente. Incluir algumas gotas de <b>\u00f3leos essenciais<\/b> como <b>lavanda<\/b> ou <b>alecrim<\/b> potencializa ainda mais os benef\u00edcios para os cabelos. Al\u00e9m disso, para quem deseja a\u00e7\u00e3o antifrizz, pode adicionar algumas gotas de <b>\u00f3leo essencial de ylang ylang<\/b>.<\/p>\n\n\n\n<h2 class=\"wp-block-heading\">Veja como preparar um s\u00e9rum capilar leve em casa sem complica\u00e7\u00f5es<\/h2>\n\n\n\n<p>Preparar o seu pr\u00f3prio s\u00e9rum capilar \u00e9 simples e traz resultados impressionantes a baixo custo. Basta escolher os <b>ingredientes certos<\/b> e seguir um m\u00e9todo b\u00e1sico de preparo para montar um produto eficaz, adaptado \u00e0s suas necessidades.<\/p>\n\n\n\n<p>Confira o <b>passo a passo<\/b> abaixo para criar seu s\u00e9rum capilar facilmente em casa:<\/p>\n\n\n<div class=\"wp-block-image\">\n<figure class=\"aligncenter size-large\"><img loading=\"lazy\" decoding=\"async\" width=\"1024\" height=\"576\" src=\"https:\/\/www.em.com.br\/emfoco\/wp-content\/uploads\/2025\/10\/ylang-ylang_1761831908604-1024x576.jpg\" alt=\"\" class=\"wp-image-121211\" srcset=\"https:\/\/www.em.com.br\/emfoco\/wp-content\/uploads\/2025\/10\/ylang-ylang_1761831908604-1024x576.jpg 1024w, https:\/\/www.em.com.br\/emfoco\/wp-content\/uploads\/2025\/10\/ylang-ylang_1761831908604-300x169.jpg 300w, https:\/\/www.em.com.br\/emfoco\/wp-content\/uploads\/2025\/10\/ylang-ylang_1761831908604-768x432.jpg 768w, https:\/\/www.em.com.br\/emfoco\/wp-content\/uploads\/2025\/10\/ylang-ylang_1761831908604-750x422.jpg 750w, https:\/\/www.em.com.br\/emfoco\/wp-content\/uploads\/2025\/10\/ylang-ylang_1761831908604-1140x641.jpg 1140w, https:\/\/www.em.com.br\/emfoco\/wp-content\/uploads\/2025\/10\/ylang-ylang_1761831908604.jpg 1280w\" sizes=\"auto, (max-width: 1024px) 100vw, 1024px\" \/><figcaption class=\"wp-element-caption\">\u00f3leo de ilangue-ilangue \u00f3timo antifrizz  &#8211; Cr\u00e9ditos: depositphotos.com \/ plepraisaeng<\/figcaption><\/figure><\/div>\n\n\n<ul class=\"wp-block-list\">\n<li>Em um recipiente de vidro, misture <b>2 colheres de sopa de \u00f3leo de argan<\/b>, <b>1 colher de sopa de \u00f3leo de jojoba<\/b> e <b>1 colher de sopa de \u00f3leo de coco<\/b>;<\/li>\n\n\n\n<li>Adicione de <b>5 a 10 gotas de \u00f3leo essencial de lavanda<\/b> ou <b>alecrim<\/b> para adicionar aroma e benef\u00edcios terap\u00eauticos;<\/li>\n\n\n\n<li>Misture bem os ingredientes at\u00e9 ficar homog\u00eaneo;<\/li>\n\n\n\n<li>Transfira para um <b>frasco com conta-gotas<\/b> para facilitar a aplica\u00e7\u00e3o;<\/li>\n\n\n\n<li>Lembre-se de armazenar em <b>local fresco e protegido da luz<\/b> para conservar o produto.<\/li>\n<\/ul>\n\n\n\n<h2 class=\"wp-block-heading\">Como devo aplicar o s\u00e9rum capilar para um melhor resultado?<\/h2>\n\n\n\n<p>Para aproveitar ao m\u00e1ximo os benef\u00edcios do s\u00e9rum, a <b>aplica\u00e7\u00e3o correta<\/b> \u00e9 essencial. Recomenda-se usar o produto nos <b>cabelos \u00famidos<\/b> ou secos, aplicando pequenas quantidades apenas nas pontas para evitar oleosidade na raiz.<\/p>\n\n\n\n<p>Com o uso regular, o <b>s\u00e9rum caseiro<\/b> protege contra <b>pontas duplas<\/b>, d\u00e1 <b>brilho<\/b> aos cabelos e melhora sua <b>maleabilidade<\/b>. Incorpore-o \u00e0 sua <b>rotina semanal<\/b> para notar resultados vis\u00edveis e fios mais saud\u00e1veis.<\/p>\n\n\n\n<iframe loading=\"lazy\" width=\"560\" height=\"315\" src=\"https:\/\/www.youtube.com\/embed\/0xs14lAG3fo?si=hGIENS9xsqOQ-GZe\" title=\"YouTube video player\" frameborder=\"0\" allow=\"accelerometer; autoplay; clipboard-write; encrypted-media; gyroscope; picture-in-picture; web-share\" referrerpolicy=\"strict-origin-when-cross-origin\" allowfullscreen><\/iframe>\n\n\n\n<h2 class=\"wp-block-heading\">Posso adaptar essa receita para diferentes tipos de cabelo?<\/h2>\n\n\n\n<p>Sim, personalizar o s\u00e9rum capilar conforme as necessidades do seu <b>tipo de cabelo<\/b> torna o tratamento ainda mais eficiente. Para <b>cabelos mais secos<\/b>, por exemplo, aumente levemente a quantidade de <a href=\"https:\/\/www.tuasaude.com\/como-usar-o-oleo-de-coco\/\" target=\"_blank\" rel=\"noopener\">\u00f3leo de coco<\/a>, e diminua para <b>cabelos finos ou oleosos<\/b>.<\/p>\n\n\n\n<p>A praticidade em adaptar e preparar seu pr\u00f3prio s\u00e9rum faz dele uma escolha <b>vers\u00e1til<\/b>, <b>acess\u00edvel<\/b> e eficaz para os cuidados di\u00e1rios, deixando os cabelos mais <b>fortes<\/b>, <b>saud\u00e1veis<\/b> e protegidos.<\/p>\n\n\n\n<p>Leia tamb\u00e9m:&nbsp;<a href=\"https:\/\/www.em.com.br\/emfoco\/2025\/10\/25\/sua-base-craquela-esta-formula-com-serum-e-a-solucao-para-pele-seca\/\" target=\"_blank\" rel=\"noopener\">Sua base craquela? Esta f\u00f3rmula com s\u00e9rum \u00e9 a solu\u00e7\u00e3o para pele seca<\/a><\/p>\n","protected":false},"excerpt":{"rendered":"<p>A busca por cabelos saud\u00e1veis e livres de pontas duplas \u00e9 uma preocupa\u00e7\u00e3o comum, e uma alternativa pr\u00e1tica e personalizada para alcan\u00e7ar esse objetivo \u00e9 o uso de s\u00e9runs capilares, que funcionam como uma barreira protetora contra polui\u00e7\u00e3o e calor, al\u00e9m de nutrir os fios de forma eficaz e econ\u00f4mica quando produzidos em casa. Quais [&hellip;]<\/p>\n","protected":false},"author":9,"featured_media":121210,"comment_status":"open","ping_status":"open","sticky":false,"template":"","format":"standard","meta":{"jnews-multi-image_gallery":[],"jnews_single_post":{"format":"standard"},"jnews_primary_category":[],"jnews_social_meta":[],"jnews_override_counter":[],"footnotes":""},"categories":[8819,1],"tags":[4905,17365,18130],"class_list":["post-121169","post","type-post","status-publish","format-standard","has-post-thumbnail","hentry","category-curiosidades","category-noticias","tag-cabelo","tag-pontas-duplas","tag-serum-capilar"],"yoast_head":"<!-- This site is optimized with the Yoast SEO plugin v23.8 - https:\/\/yoast.com\/wordpress\/plugins\/seo\/ -->\n<title>Mulheres est\u00e3o encantadas com este s\u00e9rum natural que recupera pontas duplas em minutos<\/title>\n<meta name=\"description\" content=\"Cabelo com pontas duplas e frizz? proteja os fios com uma barreira nutritiva e barata que voc\u00ea mesmo pode fazer em casa.\" \/>\n<meta name=\"robots\" content=\"index, follow, max-snippet:-1, max-image-preview:large, max-video-preview:-1\" \/>\n<link rel=\"canonical\" href=\"https:\/\/www.em.com.br\/emfoco\/2025\/10\/31\/mulheres-estao-encantadas-com-este-serum-natural-que-recupera-pontas-duplas-em-minutos\/\" \/>\n<meta property=\"og:locale\" content=\"pt_BR\" \/>\n<meta property=\"og:type\" content=\"article\" \/>\n<meta property=\"og:title\" content=\"Mulheres est\u00e3o encantadas com este s\u00e9rum natural que recupera pontas duplas em minutos\" \/>\n<meta property=\"og:description\" content=\"Cabelo com pontas duplas e frizz? proteja os fios com uma barreira nutritiva e barata que voc\u00ea mesmo pode fazer em casa.\" \/>\n<meta property=\"og:url\" content=\"https:\/\/www.em.com.br\/emfoco\/2025\/10\/31\/mulheres-estao-encantadas-com-este-serum-natural-que-recupera-pontas-duplas-em-minutos\/\" \/>\n<meta property=\"og:site_name\" content=\"Estado de Minas - Em foco\" \/>\n<meta property=\"article:published_time\" content=\"2025-10-31T21:15:12+00:00\" \/>\n<meta property=\"article:modified_time\" content=\"2025-10-31T00:26:06+00:00\" \/>\n<meta property=\"og:image\" content=\"https:\/\/www.em.com.br\/emfoco\/wp-content\/uploads\/2025\/10\/serum-capilar_1761831834520.jpg\" \/>\n\t<meta property=\"og:image:width\" content=\"1280\" \/>\n\t<meta property=\"og:image:height\" content=\"720\" \/>\n\t<meta property=\"og:image:type\" content=\"image\/jpeg\" \/>\n<meta name=\"author\" content=\"Daniely Cardoso\" \/>\n<meta name=\"twitter:card\" content=\"summary_large_image\" \/>\n<meta name=\"twitter:label1\" content=\"Escrito por\" \/>\n\t<meta name=\"twitter:data1\" content=\"Daniely Cardoso\" \/>\n\t<meta name=\"twitter:label2\" content=\"Est. tempo de leitura\" \/>\n\t<meta name=\"twitter:data2\" content=\"4 minutos\" \/>\n<!-- \/ Yoast SEO plugin. -->","yoast_head_json":{"title":"Mulheres est\u00e3o encantadas com este s\u00e9rum natural que recupera pontas duplas em minutos","description":"Cabelo com pontas duplas e frizz? proteja os fios com uma barreira nutritiva e barata que voc\u00ea mesmo pode fazer em casa.","robots":{"index":"index","follow":"follow","max-snippet":"max-snippet:-1","max-image-preview":"max-image-preview:large","max-video-preview":"max-video-preview:-1"},"canonical":"https:\/\/www.em.com.br\/emfoco\/2025\/10\/31\/mulheres-estao-encantadas-com-este-serum-natural-que-recupera-pontas-duplas-em-minutos\/","og_locale":"pt_BR","og_type":"article","og_title":"Mulheres est\u00e3o encantadas com este s\u00e9rum natural que recupera pontas duplas em minutos","og_description":"Cabelo com pontas duplas e frizz? proteja os fios com uma barreira nutritiva e barata que voc\u00ea mesmo pode fazer em casa.","og_url":"https:\/\/www.em.com.br\/emfoco\/2025\/10\/31\/mulheres-estao-encantadas-com-este-serum-natural-que-recupera-pontas-duplas-em-minutos\/","og_site_name":"Estado de Minas - Em foco","article_published_time":"2025-10-31T21:15:12+00:00","article_modified_time":"2025-10-31T00:26:06+00:00","og_image":[{"width":1280,"height":720,"url":"https:\/\/www.em.com.br\/emfoco\/wp-content\/uploads\/2025\/10\/serum-capilar_1761831834520.jpg","type":"image\/jpeg"}],"author":"Daniely Cardoso","twitter_card":"summary_large_image","twitter_misc":{"Escrito por":"Daniely Cardoso","Est. tempo de leitura":"4 minutos"},"schema":{"@context":"https:\/\/schema.org","@graph":[{"@type":"WebPage","@id":"https:\/\/www.em.com.br\/emfoco\/2025\/10\/31\/mulheres-estao-encantadas-com-este-serum-natural-que-recupera-pontas-duplas-em-minutos\/","url":"https:\/\/www.em.com.br\/emfoco\/2025\/10\/31\/mulheres-estao-encantadas-com-este-serum-natural-que-recupera-pontas-duplas-em-minutos\/","name":"Mulheres est\u00e3o encantadas com este s\u00e9rum natural que recupera pontas duplas em minutos","isPartOf":{"@id":"https:\/\/www.em.com.br\/emfoco\/#website"},"primaryImageOfPage":{"@id":"https:\/\/www.em.com.br\/emfoco\/2025\/10\/31\/mulheres-estao-encantadas-com-este-serum-natural-que-recupera-pontas-duplas-em-minutos\/#primaryimage"},"image":{"@id":"https:\/\/www.em.com.br\/emfoco\/2025\/10\/31\/mulheres-estao-encantadas-com-este-serum-natural-que-recupera-pontas-duplas-em-minutos\/#primaryimage"},"thumbnailUrl":"https:\/\/www.em.com.br\/emfoco\/wp-content\/uploads\/2025\/10\/serum-capilar_1761831834520.jpg","datePublished":"2025-10-31T21:15:12+00:00","dateModified":"2025-10-31T00:26:06+00:00","author":{"@id":"https:\/\/www.em.com.br\/emfoco\/#\/schema\/person\/0a8186d72f2c3a5c6276d90b41f271a0"},"description":"Cabelo com pontas duplas e frizz? proteja os fios com uma barreira nutritiva e barata que voc\u00ea mesmo pode fazer em casa.","breadcrumb":{"@id":"https:\/\/www.em.com.br\/emfoco\/2025\/10\/31\/mulheres-estao-encantadas-com-este-serum-natural-que-recupera-pontas-duplas-em-minutos\/#breadcrumb"},"inLanguage":"pt-BR","potentialAction":[{"@type":"ReadAction","target":["https:\/\/www.em.com.br\/emfoco\/2025\/10\/31\/mulheres-estao-encantadas-com-este-serum-natural-que-recupera-pontas-duplas-em-minutos\/"]}]},{"@type":"ImageObject","inLanguage":"pt-BR","@id":"https:\/\/www.em.com.br\/emfoco\/2025\/10\/31\/mulheres-estao-encantadas-com-este-serum-natural-que-recupera-pontas-duplas-em-minutos\/#primaryimage","url":"https:\/\/www.em.com.br\/emfoco\/wp-content\/uploads\/2025\/10\/serum-capilar_1761831834520.jpg","contentUrl":"https:\/\/www.em.com.br\/emfoco\/wp-content\/uploads\/2025\/10\/serum-capilar_1761831834520.jpg","width":1280,"height":720,"caption":"A busca por cabelos saud\u00e1veis e livres de pontas duplas -Cr\u00e9ditos: depositphotos.com \/ AndrewLozovyi"},{"@type":"BreadcrumbList","@id":"https:\/\/www.em.com.br\/emfoco\/2025\/10\/31\/mulheres-estao-encantadas-com-este-serum-natural-que-recupera-pontas-duplas-em-minutos\/#breadcrumb","itemListElement":[{"@type":"ListItem","position":1,"name":"In\u00edcio","item":"https:\/\/www.em.com.br\/emfoco\/"},{"@type":"ListItem","position":2,"name":"Mulheres est\u00e3o encantadas com este s\u00e9rum natural que recupera pontas duplas em minutos"}]},{"@type":"WebSite","@id":"https:\/\/www.em.com.br\/emfoco\/#website","url":"https:\/\/www.em.com.br\/emfoco\/","name":"Estado de Minas - Em foco","description":"Acompanhe as \u00faltimas not\u00edcias e fique bem informado sobre tudo o que acontece em Minas Gerais, Brasil e no mundo.","potentialAction":[{"@type":"SearchAction","target":{"@type":"EntryPoint","urlTemplate":"https:\/\/www.em.com.br\/emfoco\/?s={search_term_string}"},"query-input":{"@type":"PropertyValueSpecification","valueRequired":true,"valueName":"search_term_string"}}],"inLanguage":"pt-BR"},{"@type":"Person","@id":"https:\/\/www.em.com.br\/emfoco\/#\/schema\/person\/0a8186d72f2c3a5c6276d90b41f271a0","name":"Daniely Cardoso","image":{"@type":"ImageObject","inLanguage":"pt-BR","@id":"https:\/\/www.em.com.br\/emfoco\/#\/schema\/person\/image\/","url":"https:\/\/secure.gravatar.com\/avatar\/4b80ddbd124d1f071b626d52d62e5dff?s=96&d=mm&r=g","contentUrl":"https:\/\/secure.gravatar.com\/avatar\/4b80ddbd124d1f071b626d52d62e5dff?s=96&d=mm&r=g","caption":"Daniely Cardoso"},"url":"https:\/\/www.em.com.br\/emfoco\/author\/danielymyth\/"}]}},"_links":{"self":[{"href":"https:\/\/www.em.com.br\/emfoco\/wp-json\/wp\/v2\/posts\/121169","targetHints":{"allow":["GET"]}}],"collection":[{"href":"https:\/\/www.em.com.br\/emfoco\/wp-json\/wp\/v2\/posts"}],"about":[{"href":"https:\/\/www.em.com.br\/emfoco\/wp-json\/wp\/v2\/types\/post"}],"author":[{"embeddable":true,"href":"https:\/\/www.em.com.br\/emfoco\/wp-json\/wp\/v2\/users\/9"}],"replies":[{"embeddable":true,"href":"https:\/\/www.em.com.br\/emfoco\/wp-json\/wp\/v2\/comments?post=121169"}],"version-history":[{"count":3,"href":"https:\/\/www.em.com.br\/emfoco\/wp-json\/wp\/v2\/posts\/121169\/revisions"}],"predecessor-version":[{"id":121364,"href":"https:\/\/www.em.com.br\/emfoco\/wp-json\/wp\/v2\/posts\/121169\/revisions\/121364"}],"wp:featuredmedia":[{"embeddable":true,"href":"https:\/\/www.em.com.br\/emfoco\/wp-json\/wp\/v2\/media\/121210"}],"wp:attachment":[{"href":"https:\/\/www.em.com.br\/emfoco\/wp-json\/wp\/v2\/media?parent=121169"}],"wp:term":[{"taxonomy":"category","embeddable":true,"href":"https:\/\/www.em.com.br\/emfoco\/wp-json\/wp\/v2\/categories?post=121169"},{"taxonomy":"post_tag","embeddable":true,"href":"https:\/\/www.em.com.br\/emfoco\/wp-json\/wp\/v2\/tags?post=121169"}],"curies":[{"name":"wp","href":"https:\/\/api.w.org\/{rel}","templated":true}]}}