{"id":121167,"date":"2025-10-31T17:35:39","date_gmt":"2025-10-31T20:35:39","guid":{"rendered":"https:\/\/www.em.com.br\/emfoco\/?p=121167"},"modified":"2025-10-30T21:25:27","modified_gmt":"2025-10-31T00:25:27","slug":"o-guia-definitivo-para-quem-mata-ate-cactos-mas-quer-ter-planta","status":"publish","type":"post","link":"https:\/\/www.em.com.br\/emfoco\/2025\/10\/31\/o-guia-definitivo-para-quem-mata-ate-cactos-mas-quer-ter-planta\/","title":{"rendered":"O guia definitivo para quem mata at\u00e9 cactos, mas quer ter planta"},"content":{"rendered":"\n<p>As <strong>plantas<\/strong> ocupam um papel fundamental na <strong>decora\u00e7\u00e3o<\/strong> e <strong>sa\u00fade dos lares<\/strong>, trazendo beleza, praticidade e benef\u00edcios como a melhoria da <strong>qualidade do ar<\/strong>. Entre as principais op\u00e7\u00f5es para <strong>ambientes internos<\/strong>, a <strong>jiboia<\/strong> e a <strong>peper\u00f4mia<\/strong> se destacam como excelentes escolhas para quem deseja um toque verde dentro de casa.<\/p>\n\n\n\n<h2 class=\"wp-block-heading\">Quais s\u00e3o as principais vantagens de ter uma jiboia em casa<\/h2>\n\n\n\n<p>A <strong>jiboia<\/strong>, cujo nome cient\u00edfico \u00e9 <em>Epipremnum aureum<\/em>, \u00e9 conhecida por ser de <strong>f\u00e1cil cultivo<\/strong> e muito resistente. Nativa das <strong>Ilhas Salom\u00e3o<\/strong>, \u00e9 apreciada pelas <strong>folhas verdes<\/strong> com varia\u00e7\u00f5es amareladas que se adaptam bem a ambientes internos.<\/p>\n\n\n\n<blockquote class=\"tiktok-embed\" cite=\"https:\/\/www.tiktok.com\/@einikolas\/video\/7471664138314419511\" data-video-id=\"7471664138314419511\" style=\"max-width: 605px;min-width: 325px;\" > <section> <a target=\"_blank\" title=\"@einikolas\" href=\"https:\/\/www.tiktok.com\/@einikolas?refer=embed\">@einikolas<\/a> Comprei uma jiboia com pragas e mostro como trat\u00e1-la. Como acabar com cochonilhas usando \u00e1lcool isoprop\u00edlico  <a title=\"cochonilha\" target=\"_blank\" href=\"https:\/\/www.tiktok.com\/tag\/cochonilha?refer=embed\">#cochonilha<\/a> <a title=\"plantas\" target=\"_blank\" href=\"https:\/\/www.tiktok.com\/tag\/plantas?refer=embed\">#plantas<\/a> <a title=\"nikplantas\" target=\"_blank\" href=\"https:\/\/www.tiktok.com\/tag\/nikplantas?refer=embed\">#nikplantas<\/a> <a title=\"jiboiaplanta\" target=\"_blank\" href=\"https:\/\/www.tiktok.com\/tag\/jiboiaplanta?refer=embed\">#jiboiaplanta<\/a> <a title=\"epipremnumaureum\" target=\"_blank\" href=\"https:\/\/www.tiktok.com\/tag\/epipremnumaureum?refer=embed\">#epipremnumaureum<\/a> <a target=\"_blank\" title=\"\u266c Little Things - Adri\u00e1n Berenguer\" href=\"https:\/\/www.tiktok.com\/music\/Little-Things-6981828410792216577?refer=embed\">\u266c Little Things &#8211; Adri\u00e1n Berenguer<\/a> <\/section> <\/blockquote> <script async src=\"https:\/\/www.tiktok.com\/embed.js\"><\/script>\n\n\n\n<p>Al\u00e9m de ser ideal para iniciantes, a <strong>jiboia<\/strong> prospera com pouca manuten\u00e7\u00e3o e suporta diferentes n\u00edveis de <strong>luminosidade<\/strong>. Sua capacidade de se desenvolver at\u00e9 mesmo em condi\u00e7\u00f5es menos favor\u00e1veis \u00e9 um de seus grandes atrativos.<\/p>\n\n\n\n<h2 class=\"wp-block-heading\">Descubra por que a jiboia purifica o ar e se adapta bem a diferentes espa\u00e7os<\/h2>\n\n\n\n<p>Um dos benef\u00edcios not\u00e1veis \u200b\u200bda <strong>jiboia<\/strong> \u00e9 sua habilidade comprovada de atuar como <strong>purificadora do ar<\/strong>. Estudos, inclusive um da <strong>NASA<\/strong>, mostraram que ela contribui para <strong>ambientes internos<\/strong> mais limpos, reduzindo compostos t\u00f3xicos do ar, como formalde\u00eddo, benzeno e xileno.<\/p>\n\n\n<div class=\"wp-block-image\">\n<figure class=\"aligncenter size-large\"><img loading=\"lazy\" decoding=\"async\" width=\"1024\" height=\"576\" src=\"https:\/\/www.em.com.br\/emfoco\/wp-content\/uploads\/2025\/10\/Epipremnum-aureum_1761831471309-1024x576.jpg\" alt=\"\" class=\"wp-image-121208\" srcset=\"https:\/\/www.em.com.br\/emfoco\/wp-content\/uploads\/2025\/10\/Epipremnum-aureum_1761831471309-1024x576.jpg 1024w, https:\/\/www.em.com.br\/emfoco\/wp-content\/uploads\/2025\/10\/Epipremnum-aureum_1761831471309-300x169.jpg 300w, https:\/\/www.em.com.br\/emfoco\/wp-content\/uploads\/2025\/10\/Epipremnum-aureum_1761831471309-768x432.jpg 768w, https:\/\/www.em.com.br\/emfoco\/wp-content\/uploads\/2025\/10\/Epipremnum-aureum_1761831471309-750x422.jpg 750w, https:\/\/www.em.com.br\/emfoco\/wp-content\/uploads\/2025\/10\/Epipremnum-aureum_1761831471309-1140x641.jpg 1140w, https:\/\/www.em.com.br\/emfoco\/wp-content\/uploads\/2025\/10\/Epipremnum-aureum_1761831471309.jpg 1280w\" sizes=\"auto, (max-width: 1024px) 100vw, 1024px\" \/><figcaption class=\"wp-element-caption\">A jiboia \u00e9 um planta considerada de f\u00e1cil cultivo &#8211; Cr\u00e9ditos: depositphotos.com \/ Myimagine<\/figcaption><\/figure><\/div>\n\n\n<p>Al\u00e9m disso, a versatilidade da <strong>jiboia<\/strong> permite seu cultivo de diversas maneiras. Confira outros motivos para apostar nessa esp\u00e9cie:<\/p>\n\n\n\n<ul class=\"wp-block-list\">\n<li>Permite o cultivo em <strong>vasos<\/strong>, suportes ou <strong>paredes verdes<\/strong>;<\/li>\n\n\n\n<li>Requer <strong>poda ocasional<\/strong> para estimular o crescimento;<\/li>\n\n\n\n<li>Traz <strong>eleg\u00e2ncia<\/strong> para qualquer ambiente e cresce rapidamente.<\/li>\n<\/ul>\n\n\n\n<h2 class=\"wp-block-heading\">Como a peper\u00f4mia pode ser uma alternativa charmosa e f\u00e1cil de cuidar<\/h2>\n\n\n\n<p><strong>Peper\u00f4mias<\/strong> englobam um grande grupo de <strong>plantas tropicais<\/strong>, famosas pela variedade de formatos, cores e texturas apresentadas por suas folhas. A esp\u00e9cie conhecida como <strong>peper\u00f4mia melancia<\/strong> \u00e9 especialmente rara e procurada por seu <strong>visual ornamental<\/strong>.<\/p>\n\n\n\n<p>Assim como a jiboia, a <strong>peper\u00f4mia<\/strong> \u00e9 excelente para quem busca <strong>praticidade<\/strong>, pois exige <strong>poucos cuidados<\/strong> di\u00e1rios. \u00c9 perfeita para <strong>espa\u00e7os pequenos<\/strong> por ser compacta e ter um crescimento mais contido.<\/p>\n\n\n\n<blockquote class=\"tiktok-embed\" cite=\"https:\/\/www.tiktok.com\/@eronlves\/video\/7473117669902798085\" data-video-id=\"7473117669902798085\" style=\"max-width: 605px;min-width: 325px;\" > <section> <a target=\"_blank\" title=\"@eronlves\" href=\"https:\/\/www.tiktok.com\/@eronlves?refer=embed\">@eronlves<\/a> O segredo para sua Peperomia scandens ficar linda e saud\u00e1vel! <a title=\"plantas\" target=\"_blank\" href=\"https:\/\/www.tiktok.com\/tag\/plantas?refer=embed\">#plantas<\/a> <a title=\"plantsoftiktok\" target=\"_blank\" href=\"https:\/\/www.tiktok.com\/tag\/plantsoftiktok?refer=embed\">#plantsoftiktok<\/a> <a title=\"plants\" target=\"_blank\" href=\"https:\/\/www.tiktok.com\/tag\/plants?refer=embed\">#plants<\/a> <a target=\"_blank\" title=\"\u266c som original - Eron Alves \ud83e\udeb4\" href=\"https:\/\/www.tiktok.com\/music\/som-original-7473117682328013573?refer=embed\">\u266c som original &#8211; Eron Alves \ud83e\udeb4<\/a> <\/section> <\/blockquote> <script async src=\"https:\/\/www.tiktok.com\/embed.js\"><\/script>\n\n\n\n<h2 class=\"wp-block-heading\">Veja como escolher entre jiboia e peper\u00f4mia para seu ambiente<\/h2>\n\n\n\n<p>A decis\u00e3o entre <strong>jiboia<\/strong> ou <strong>peper\u00f4mia<\/strong> depende das condi\u00e7\u00f5es do espa\u00e7o dispon\u00edvel e da <strong>luminosidade<\/strong>. Enquanto a <strong>jiboia cresce mais<\/strong> e explora o espa\u00e7o vertical, a <strong>peper\u00f4mia<\/strong> permanece pequena e oferece diversidade de folhagens.<\/p>\n\n\n\n<p>Quem busca decorar prateleiras, mesas ou ambientes compactos com <strong>folhas ex\u00f3ticas<\/strong> e <strong>texturizadas<\/strong> pode se encantar pelas <strong>peper\u00f4mias<\/strong>. J\u00e1 a <strong>jiboia<\/strong>, por crescer em cascata, se adapta melhor a locais com mais espa\u00e7o vertical.<\/p>\n\n\n\n<h3 class=\"wp-block-heading\">Comparativo entre Jiboia e Peper\u00f4mia<\/h3>\n\n\n\n<figure class=\"wp-block-table\"><table class=\"has-fixed-layout\"><tbody><tr><th>Caracter\u00edstica<\/th><th>Jiboia (<em>Epipremnum aureum<\/em>)<\/th><th>Peper\u00f4mia (diversas esp\u00e9cies)<\/th><\/tr><tr><td><strong>Facilidade de cultivo<\/strong><\/td><td>Muito f\u00e1cil; indicada para iniciantes<\/td><td>F\u00e1cil; tamb\u00e9m indicada para iniciantes<\/td><\/tr><tr><td><strong>Luminosidade ideal<\/strong><\/td><td>Luz indireta, mas tolera sombra<\/td><td>Luz indireta, sens\u00edvel ao sol direto<\/td><\/tr><tr><td><strong>Porte<\/strong><\/td><td>Crescimento r\u00e1pido e pendente<\/td><td>Compacta, crescimento contido<\/td><\/tr><tr><td><strong>Poder de purifica\u00e7\u00e3o do ar<\/strong><\/td><td>Alta, comprovada por estudos como o da <strong>NASA<\/strong><\/td><td>Moderada<\/td><\/tr><tr><td><strong>Destaque ornamental<\/strong><\/td><td>Folhas variegadas e crescimento em cascata<\/td><td>Folhas diversas, formatos e desenhos decorativos<\/td><\/tr><tr><td><strong>Manuten\u00e7\u00e3o<\/strong><\/td><td>Poda ocasional, rega moderada<\/td><td>Regas pontuais, pouca manuten\u00e7\u00e3o<\/td><\/tr><tr><td><strong>Ideal para<\/strong><\/td><td>Ambientes com espa\u00e7o vertical, vasos suspensos<\/td><td>Ambientes compactos, mesas e prateleiras<\/td><\/tr><\/tbody><\/table><\/figure>\n\n\n\n<h2 class=\"wp-block-heading\">Saiba como garantir o bom desenvolvimento de jiboia e peper\u00f4mia<\/h2>\n\n\n\n<p>Para manter ambas as <strong>plantas<\/strong> saud\u00e1veis e vistosas, alguns cuidados simples devem ser observados. O <strong>substrato<\/strong> deve ser bem drenado e as <strong>regas<\/strong> realizadas somente quando a superf\u00edcie do solo secar ao toque.<\/p>\n\n\n\n<iframe loading=\"lazy\" width=\"560\" height=\"315\" src=\"https:\/\/www.youtube.com\/embed\/ZsHCNkzB-aY?si=CtLE-qz6ExY3_Ix_\" title=\"YouTube video player\" frameborder=\"0\" allow=\"accelerometer; autoplay; clipboard-write; encrypted-media; gyroscope; picture-in-picture; web-share\" referrerpolicy=\"strict-origin-when-cross-origin\" allowfullscreen><\/iframe>\n\n\n\n<p>Confira dicas r\u00e1pidas para cuidar dessas esp\u00e9cies sem erros:<\/p>\n\n\n\n<ul class=\"wp-block-list\">\n<li>Evite encharcar o <a href=\"https:\/\/rehagro.com.br\/blog\/materia-organica-no-solo\/\" target=\"_blank\" rel=\"noopener\">solo<\/a> para n\u00e3o afetar as <strong>ra\u00edzes<\/strong>;<\/li>\n\n\n\n<li>Prefira <strong>luz indireta<\/strong>, especialmente para peper\u00f4mias;<\/li>\n\n\n\n<li>Use <strong>adubos naturais<\/strong> moderadamente para estimular o crescimento.<\/li>\n<\/ul>\n\n\n\n<p>Ao escolher entre <strong>jiboia<\/strong> ou <strong>peper\u00f4mia<\/strong>, vale considerar as caracter\u00edsticas de cada esp\u00e9cie e suas condi\u00e7\u00f5es ambientais. Ambas oferecem benef\u00edcios <strong>est\u00e9ticos<\/strong> e <strong>pr\u00e1ticos<\/strong>, tornando-se \u00f3timas op\u00e7\u00f5es para inserir <strong>natureza<\/strong> e <strong>vida<\/strong> ao seu lar de forma f\u00e1cil e acess\u00edvel. Al\u00e9m disso, tanto a jiboia quanto a peper\u00f4mia s\u00e3o conhecidas por proporcionar uma sensa\u00e7\u00e3o de bem-estar e ajudar a reduzir o estresse, tornando o ambiente ainda mais acolhedor.<\/p>\n\n\n\n<p>Leia tamb\u00e9m:&nbsp;<a href=\"https:\/\/www.em.com.br\/emfoco\/2025\/09\/21\/o-segredo-para-cuidar-da-jiboia-e-conseguir-folhas-grandes-e-cheias-de-vida\/\" target=\"_blank\" rel=\"noopener\">O segredo para cuidar da jiboia e conseguir folhas grandes e cheias de vida<\/a><\/p>\n","protected":false},"excerpt":{"rendered":"<p>As plantas ocupam um papel fundamental na decora\u00e7\u00e3o e sa\u00fade dos lares, trazendo beleza, praticidade e benef\u00edcios como a melhoria da qualidade do ar. Entre as principais op\u00e7\u00f5es para ambientes internos, a jiboia e a peper\u00f4mia se destacam como excelentes escolhas para quem deseja um toque verde dentro de casa. Quais s\u00e3o as principais vantagens [&hellip;]<\/p>\n","protected":false},"author":9,"featured_media":121207,"comment_status":"open","ping_status":"open","sticky":false,"template":"","format":"standard","meta":{"jnews-multi-image_gallery":[],"jnews_single_post":{"format":"standard"},"jnews_primary_category":[],"jnews_social_meta":[],"jnews_override_counter":[],"footnotes":""},"categories":[8819,1],"tags":[10210,13698,3324],"class_list":["post-121167","post","type-post","status-publish","format-standard","has-post-thumbnail","hentry","category-curiosidades","category-noticias","tag-jiboia","tag-peperomia","tag-plantas"],"yoast_head":"<!-- This site is optimized with the Yoast SEO plugin v23.8 - https:\/\/yoast.com\/wordpress\/plugins\/seo\/ -->\n<title>O guia definitivo para quem mata at\u00e9 cactos, mas quer ter planta - Estado de Minas - Em foco<\/title>\n<meta name=\"description\" content=\"Quer ter plantas em casa mas n\u00e3o tem tempo de cuidar? estas esp\u00e9cies f\u00e1ceis purificam o ar e se adaptam a qualquer cantinho.\" \/>\n<meta name=\"robots\" content=\"index, follow, max-snippet:-1, max-image-preview:large, max-video-preview:-1\" \/>\n<link rel=\"canonical\" href=\"https:\/\/www.em.com.br\/emfoco\/2025\/10\/31\/o-guia-definitivo-para-quem-mata-ate-cactos-mas-quer-ter-planta\/\" \/>\n<meta property=\"og:locale\" content=\"pt_BR\" \/>\n<meta property=\"og:type\" content=\"article\" \/>\n<meta property=\"og:title\" content=\"O guia definitivo para quem mata at\u00e9 cactos, mas quer ter planta - Estado de Minas - Em foco\" \/>\n<meta property=\"og:description\" content=\"Quer ter plantas em casa mas n\u00e3o tem tempo de cuidar? estas esp\u00e9cies f\u00e1ceis purificam o ar e se adaptam a qualquer cantinho.\" \/>\n<meta property=\"og:url\" content=\"https:\/\/www.em.com.br\/emfoco\/2025\/10\/31\/o-guia-definitivo-para-quem-mata-ate-cactos-mas-quer-ter-planta\/\" \/>\n<meta property=\"og:site_name\" content=\"Estado de Minas - Em foco\" \/>\n<meta property=\"article:published_time\" content=\"2025-10-31T20:35:39+00:00\" \/>\n<meta property=\"article:modified_time\" content=\"2025-10-31T00:25:27+00:00\" \/>\n<meta property=\"og:image\" content=\"https:\/\/www.em.com.br\/emfoco\/wp-content\/uploads\/2025\/10\/Epipremnum-aureum_1761831431561.jpg\" \/>\n\t<meta property=\"og:image:width\" content=\"1280\" \/>\n\t<meta property=\"og:image:height\" content=\"720\" \/>\n\t<meta property=\"og:image:type\" content=\"image\/jpeg\" \/>\n<meta name=\"author\" content=\"Daniely Cardoso\" \/>\n<meta name=\"twitter:card\" content=\"summary_large_image\" \/>\n<meta name=\"twitter:label1\" content=\"Escrito por\" \/>\n\t<meta name=\"twitter:data1\" content=\"Daniely Cardoso\" \/>\n\t<meta name=\"twitter:label2\" content=\"Est. tempo de leitura\" \/>\n\t<meta name=\"twitter:data2\" content=\"5 minutos\" \/>\n<!-- \/ Yoast SEO plugin. -->","yoast_head_json":{"title":"O guia definitivo para quem mata at\u00e9 cactos, mas quer ter planta - Estado de Minas - Em foco","description":"Quer ter plantas em casa mas n\u00e3o tem tempo de cuidar? estas esp\u00e9cies f\u00e1ceis purificam o ar e se adaptam a qualquer cantinho.","robots":{"index":"index","follow":"follow","max-snippet":"max-snippet:-1","max-image-preview":"max-image-preview:large","max-video-preview":"max-video-preview:-1"},"canonical":"https:\/\/www.em.com.br\/emfoco\/2025\/10\/31\/o-guia-definitivo-para-quem-mata-ate-cactos-mas-quer-ter-planta\/","og_locale":"pt_BR","og_type":"article","og_title":"O guia definitivo para quem mata at\u00e9 cactos, mas quer ter planta - Estado de Minas - Em foco","og_description":"Quer ter plantas em casa mas n\u00e3o tem tempo de cuidar? estas esp\u00e9cies f\u00e1ceis purificam o ar e se adaptam a qualquer cantinho.","og_url":"https:\/\/www.em.com.br\/emfoco\/2025\/10\/31\/o-guia-definitivo-para-quem-mata-ate-cactos-mas-quer-ter-planta\/","og_site_name":"Estado de Minas - Em foco","article_published_time":"2025-10-31T20:35:39+00:00","article_modified_time":"2025-10-31T00:25:27+00:00","og_image":[{"width":1280,"height":720,"url":"https:\/\/www.em.com.br\/emfoco\/wp-content\/uploads\/2025\/10\/Epipremnum-aureum_1761831431561.jpg","type":"image\/jpeg"}],"author":"Daniely Cardoso","twitter_card":"summary_large_image","twitter_misc":{"Escrito por":"Daniely Cardoso","Est. tempo de leitura":"5 minutos"},"schema":{"@context":"https:\/\/schema.org","@graph":[{"@type":"WebPage","@id":"https:\/\/www.em.com.br\/emfoco\/2025\/10\/31\/o-guia-definitivo-para-quem-mata-ate-cactos-mas-quer-ter-planta\/","url":"https:\/\/www.em.com.br\/emfoco\/2025\/10\/31\/o-guia-definitivo-para-quem-mata-ate-cactos-mas-quer-ter-planta\/","name":"O guia definitivo para quem mata at\u00e9 cactos, mas quer ter planta - Estado de Minas - Em foco","isPartOf":{"@id":"https:\/\/www.em.com.br\/emfoco\/#website"},"primaryImageOfPage":{"@id":"https:\/\/www.em.com.br\/emfoco\/2025\/10\/31\/o-guia-definitivo-para-quem-mata-ate-cactos-mas-quer-ter-planta\/#primaryimage"},"image":{"@id":"https:\/\/www.em.com.br\/emfoco\/2025\/10\/31\/o-guia-definitivo-para-quem-mata-ate-cactos-mas-quer-ter-planta\/#primaryimage"},"thumbnailUrl":"https:\/\/www.em.com.br\/emfoco\/wp-content\/uploads\/2025\/10\/Epipremnum-aureum_1761831431561.jpg","datePublished":"2025-10-31T20:35:39+00:00","dateModified":"2025-10-31T00:25:27+00:00","author":{"@id":"https:\/\/www.em.com.br\/emfoco\/#\/schema\/person\/0a8186d72f2c3a5c6276d90b41f271a0"},"description":"Quer ter plantas em casa mas n\u00e3o tem tempo de cuidar? estas esp\u00e9cies f\u00e1ceis purificam o ar e se adaptam a qualquer cantinho.","breadcrumb":{"@id":"https:\/\/www.em.com.br\/emfoco\/2025\/10\/31\/o-guia-definitivo-para-quem-mata-ate-cactos-mas-quer-ter-planta\/#breadcrumb"},"inLanguage":"pt-BR","potentialAction":[{"@type":"ReadAction","target":["https:\/\/www.em.com.br\/emfoco\/2025\/10\/31\/o-guia-definitivo-para-quem-mata-ate-cactos-mas-quer-ter-planta\/"]}]},{"@type":"ImageObject","inLanguage":"pt-BR","@id":"https:\/\/www.em.com.br\/emfoco\/2025\/10\/31\/o-guia-definitivo-para-quem-mata-ate-cactos-mas-quer-ter-planta\/#primaryimage","url":"https:\/\/www.em.com.br\/emfoco\/wp-content\/uploads\/2025\/10\/Epipremnum-aureum_1761831431561.jpg","contentUrl":"https:\/\/www.em.com.br\/emfoco\/wp-content\/uploads\/2025\/10\/Epipremnum-aureum_1761831431561.jpg","width":1280,"height":720,"caption":"plantas ocupam um papel fundamental na decora\u00e7\u00e3o e sa\u00fade dos lares- Cr\u00e9ditos: depositphotos.com \/ Farhadib"},{"@type":"BreadcrumbList","@id":"https:\/\/www.em.com.br\/emfoco\/2025\/10\/31\/o-guia-definitivo-para-quem-mata-ate-cactos-mas-quer-ter-planta\/#breadcrumb","itemListElement":[{"@type":"ListItem","position":1,"name":"In\u00edcio","item":"https:\/\/www.em.com.br\/emfoco\/"},{"@type":"ListItem","position":2,"name":"O guia definitivo para quem mata at\u00e9 cactos, mas quer ter planta"}]},{"@type":"WebSite","@id":"https:\/\/www.em.com.br\/emfoco\/#website","url":"https:\/\/www.em.com.br\/emfoco\/","name":"Estado de Minas - Em foco","description":"Acompanhe as \u00faltimas not\u00edcias e fique bem informado sobre tudo o que acontece em Minas Gerais, Brasil e no mundo.","potentialAction":[{"@type":"SearchAction","target":{"@type":"EntryPoint","urlTemplate":"https:\/\/www.em.com.br\/emfoco\/?s={search_term_string}"},"query-input":{"@type":"PropertyValueSpecification","valueRequired":true,"valueName":"search_term_string"}}],"inLanguage":"pt-BR"},{"@type":"Person","@id":"https:\/\/www.em.com.br\/emfoco\/#\/schema\/person\/0a8186d72f2c3a5c6276d90b41f271a0","name":"Daniely Cardoso","image":{"@type":"ImageObject","inLanguage":"pt-BR","@id":"https:\/\/www.em.com.br\/emfoco\/#\/schema\/person\/image\/","url":"https:\/\/secure.gravatar.com\/avatar\/4b80ddbd124d1f071b626d52d62e5dff?s=96&d=mm&r=g","contentUrl":"https:\/\/secure.gravatar.com\/avatar\/4b80ddbd124d1f071b626d52d62e5dff?s=96&d=mm&r=g","caption":"Daniely Cardoso"},"url":"https:\/\/www.em.com.br\/emfoco\/author\/danielymyth\/"}]}},"_links":{"self":[{"href":"https:\/\/www.em.com.br\/emfoco\/wp-json\/wp\/v2\/posts\/121167","targetHints":{"allow":["GET"]}}],"collection":[{"href":"https:\/\/www.em.com.br\/emfoco\/wp-json\/wp\/v2\/posts"}],"about":[{"href":"https:\/\/www.em.com.br\/emfoco\/wp-json\/wp\/v2\/types\/post"}],"author":[{"embeddable":true,"href":"https:\/\/www.em.com.br\/emfoco\/wp-json\/wp\/v2\/users\/9"}],"replies":[{"embeddable":true,"href":"https:\/\/www.em.com.br\/emfoco\/wp-json\/wp\/v2\/comments?post=121167"}],"version-history":[{"count":4,"href":"https:\/\/www.em.com.br\/emfoco\/wp-json\/wp\/v2\/posts\/121167\/revisions"}],"predecessor-version":[{"id":121634,"href":"https:\/\/www.em.com.br\/emfoco\/wp-json\/wp\/v2\/posts\/121167\/revisions\/121634"}],"wp:featuredmedia":[{"embeddable":true,"href":"https:\/\/www.em.com.br\/emfoco\/wp-json\/wp\/v2\/media\/121207"}],"wp:attachment":[{"href":"https:\/\/www.em.com.br\/emfoco\/wp-json\/wp\/v2\/media?parent=121167"}],"wp:term":[{"taxonomy":"category","embeddable":true,"href":"https:\/\/www.em.com.br\/emfoco\/wp-json\/wp\/v2\/categories?post=121167"},{"taxonomy":"post_tag","embeddable":true,"href":"https:\/\/www.em.com.br\/emfoco\/wp-json\/wp\/v2\/tags?post=121167"}],"curies":[{"name":"wp","href":"https:\/\/api.w.org\/{rel}","templated":true}]}}