{"id":120994,"date":"2025-10-31T10:15:00","date_gmt":"2025-10-31T13:15:00","guid":{"rendered":"https:\/\/www.em.com.br\/emfoco\/?p=120994"},"modified":"2025-10-30T21:32:31","modified_gmt":"2025-10-31T00:32:31","slug":"franjas-que-tiram-anos-do-visual-e-rejuvenescem-qualquer-rosto","status":"publish","type":"post","link":"https:\/\/www.em.com.br\/emfoco\/2025\/10\/31\/franjas-que-tiram-anos-do-visual-e-rejuvenescem-qualquer-rosto\/","title":{"rendered":"Franjas que tiram anos do visual e rejuvenescem qualquer rosto"},"content":{"rendered":"\n<p>As <strong>franjas que rejuvenescem<\/strong> s\u00e3o o segredo de muitas mulheres para atualizar o visual sem mudan\u00e7as radicais. Modelos como curtain bangs, laterais e baby bangs valorizam o rosto e trazem leveza ideal para a meia-esta\u00e7\u00e3o.<\/p>\n\n\n\n<h2 class=\"wp-block-heading\">Como as franjas certas podem tirar anos do visual?<\/h2>\n\n\n\n<p>A <strong>franja cortininha<\/strong>, tamb\u00e9m chamada de curtain bangs, \u00e9 uma das mais vers\u00e1teis. Aberta ao centro, ela emoldura o rosto e suaviza linhas de express\u00e3o. Funciona bem em rostos ovais e alongados, trazendo equil\u00edbrio e frescor instant\u00e2neo.<\/p>\n\n\n\n<p>J\u00e1 a <strong>franja lateral longa<\/strong> cria um ar sofisticado e disfar\u00e7a rugas na testa. Ideal para quem quer rejuvenescimento sutil, ela combina bem com cabelos m\u00e9dios ou longos e mant\u00e9m o movimento natural sem exigir cortes radicais.<\/p>\n\n\n\n<blockquote class=\"tiktok-embed\" cite=\"https:\/\/www.tiktok.com\/@faick_hair\/video\/7439330723984592160\" data-video-id=\"7439330723984592160\" style=\"max-width: 605px;min-width: 325px;\" > <section> <a target=\"_blank\" title=\"@faick_hair\" href=\"https:\/\/www.tiktok.com\/@faick_hair?refer=embed\">@faick_hair<\/a> Curtain Bangs \ud83e\udee0 <a title=\"haircut\" target=\"_blank\" href=\"https:\/\/www.tiktok.com\/tag\/haircut?refer=embed\">#haircut<\/a> <a title=\"hairvideos\" target=\"_blank\" href=\"https:\/\/www.tiktok.com\/tag\/hairvideos?refer=embed\">#hairvideos<\/a> <a title=\"trend\" target=\"_blank\" href=\"https:\/\/www.tiktok.com\/tag\/trend?refer=embed\">#trend<\/a> <a title=\"cut\" target=\"_blank\" href=\"https:\/\/www.tiktok.com\/tag\/cut?refer=embed\">#cut<\/a> <a title=\"tiktok\" target=\"_blank\" href=\"https:\/\/www.tiktok.com\/tag\/tiktok?refer=embed\">#tiktok<\/a> <a title=\"viral\" target=\"_blank\" href=\"https:\/\/www.tiktok.com\/tag\/viral?refer=embed\">#viral<\/a> <a title=\"beautiful\" target=\"_blank\" href=\"https:\/\/www.tiktok.com\/tag\/beautiful?refer=embed\">#beautiful<\/a> <a title=\"girl\" target=\"_blank\" href=\"https:\/\/www.tiktok.com\/tag\/girl?refer=embed\">#girl<\/a> <a title=\"milano\" target=\"_blank\" href=\"https:\/\/www.tiktok.com\/tag\/milano?refer=embed\">#milano<\/a> <a target=\"_blank\" title=\"\u266c Hrs and Hrs - Muni Long\" href=\"https:\/\/www.tiktok.com\/music\/Hrs-and-Hrs-7037059536640804866?refer=embed\">\u266c Hrs and Hrs &#8211; Muni Long<\/a> <\/section> <\/blockquote> <script async src=\"https:\/\/www.tiktok.com\/embed.js\"><\/script>\n\n\n\n<h2 class=\"wp-block-heading\">Quais tipos de franjas est\u00e3o em alta nesta meia-esta\u00e7\u00e3o?<\/h2>\n\n\n\n<p>As tend\u00eancias da meia-esta\u00e7\u00e3o trazem op\u00e7\u00f5es para todos os estilos e texturas de cabelo. O segredo est\u00e1 em escolher o modelo que real\u00e7a o formato do rosto e exige pouca manuten\u00e7\u00e3o.<\/p>\n\n\n\n<ul class=\"wp-block-list\">\n<li><strong>Franja em arco:<\/strong> segue a linha natural da sobrancelha, dando um efeito lifting instant\u00e2neo.<\/li>\n\n\n\n<li><strong>Baby bangs suave:<\/strong> vers\u00e3o curta e moderna, que abre o olhar sem endurecer as fei\u00e7\u00f5es.<\/li>\n\n\n\n<li><strong>Air bangs:<\/strong> leve e esvoa\u00e7ante, perfeita para quem busca frescor e movimento no cabelo.<\/li>\n<\/ul>\n\n\n\n<p><em>Leia mais: <a href=\"https:\/\/www.em.com.br\/emfoco\/2025\/10\/28\/os-cortes-mais-elegantes-e-duradouros-para-realcar-a-beleza-das-taurinas\/\" target=\"_blank\" rel=\"noreferrer noopener\">Os cortes mais elegantes e duradouros para real\u00e7ar a beleza das taurinas<\/a><\/em><\/p>\n\n\n\n<h2 class=\"wp-block-heading\">Quem deve evitar franjas muito densas e pesadas?<\/h2>\n\n\n\n<p>Pessoas com fios muito grossos ou <strong>cabelos com redemoinhos frontais<\/strong> podem ter dificuldade em manter o caimento ideal de franjas densas. Nesses casos, o visual pode perder leveza e criar volume excessivo na regi\u00e3o da testa.<\/p>\n\n\n\n<p>Para evitar esse efeito, opte por <strong>franjas desfiadas<\/strong> e mais leves, que se ajustam melhor ao movimento natural. Essa varia\u00e7\u00e3o garante moldura delicada e jovial, sem comprometer a praticidade no dia a dia.<\/p>\n\n\n\n<blockquote class=\"tiktok-embed\" cite=\"https:\/\/www.tiktok.com\/@larayukie\/video\/7270969625339366661\" data-video-id=\"7270969625339366661\" style=\"max-width: 605px;min-width: 325px;\" > <section> <a target=\"_blank\" title=\"@larayukie\" href=\"https:\/\/www.tiktok.com\/@larayukie?refer=embed\">@larayukie<\/a> ensinando como eu corto minha franja <a title=\"babybangs\" target=\"_blank\" href=\"https:\/\/www.tiktok.com\/tag\/babybangs?refer=embed\">#babybangs<\/a> <a title=\"microbangs\" target=\"_blank\" href=\"https:\/\/www.tiktok.com\/tag\/microbangs?refer=embed\">#microbangs<\/a> <a title=\"girlblogger\" target=\"_blank\" href=\"https:\/\/www.tiktok.com\/tag\/girlblogger?refer=embed\">#girlblogger<\/a> <a title=\"justgirlythings\" target=\"_blank\" href=\"https:\/\/www.tiktok.com\/tag\/justgirlythings?refer=embed\">#justgirlythings<\/a> <a title=\"pinterestgirl\" target=\"_blank\" href=\"https:\/\/www.tiktok.com\/tag\/pinterestgirl?refer=embed\">#pinterestgirl<\/a> <a title=\"sillygirl\" target=\"_blank\" href=\"https:\/\/www.tiktok.com\/tag\/sillygirl?refer=embed\">#sillygirl<\/a> <a title=\"fy\" target=\"_blank\" href=\"https:\/\/www.tiktok.com\/tag\/fy?refer=embed\">#fy<\/a> <a title=\"fyp\" target=\"_blank\" href=\"https:\/\/www.tiktok.com\/tag\/fyp?refer=embed\">#fyp<\/a> <a target=\"_blank\" title=\"\u266c I LOVE YOU HOE (w&#47; 9lives) - Odetari &#38; 9lives\" href=\"https:\/\/www.tiktok.com\/music\/I-LOVE-YOU-HOE-w-9lives-7252124122556827649?refer=embed\">\u266c I LOVE YOU HOE (w&#47; 9lives) &#8211; Odetari &#38; 9lives<\/a> <\/section> <\/blockquote> <script async src=\"https:\/\/www.tiktok.com\/embed.js\"><\/script>\n\n\n\n<h2 class=\"wp-block-heading\">Como secar e manter a franja sempre bonita e jovem?<\/h2>\n\n\n\n<p>A secagem faz toda a diferen\u00e7a. Use uma <strong>escova pequena<\/strong> elevando a raiz e direcionando o jato de ar para baixo, garantindo <a href=\"https:\/\/elle.com.br\/beleza\/boas-escolhas-para-quem-quer-dar-mais-volume-aos-cabelos\" target=\"_blank\" rel=\"noreferrer noopener\">volume natural<\/a> e curvatura suave. Essa t\u00e9cnica ajuda a controlar redemoinhos e evitar que os fios fiquem marcados.<\/p>\n\n\n\n<ul class=\"wp-block-list\">\n<li>Apare a franja a cada quatro ou seis semanas para manter a moldura do rosto.<\/li>\n\n\n\n<li>Use protetor t\u00e9rmico antes do secador para evitar danos e frizz.<\/li>\n\n\n\n<li>Finalize com spray leve para prolongar o caimento e o brilho.<\/li>\n<\/ul>\n","protected":false},"excerpt":{"rendered":"<p>As franjas que rejuvenescem s\u00e3o o segredo de muitas mulheres para atualizar o visual sem mudan\u00e7as radicais. Modelos como curtain bangs, laterais e baby bangs valorizam o rosto e trazem leveza ideal para a meia-esta\u00e7\u00e3o. Como as franjas certas podem tirar anos do visual? A franja cortininha, tamb\u00e9m chamada de curtain bangs, \u00e9 uma das [&hellip;]<\/p>\n","protected":false},"author":13,"featured_media":121027,"comment_status":"open","ping_status":"open","sticky":false,"template":"","format":"standard","meta":{"jnews-multi-image_gallery":[],"jnews_single_post":{"format":"standard"},"jnews_primary_category":[],"jnews_social_meta":[],"jnews_override_counter":[],"footnotes":""},"categories":[8819],"tags":[18112,17564,18111],"class_list":["post-120994","post","type-post","status-publish","format-standard","has-post-thumbnail","hentry","category-curiosidades","tag-corte-de-cabelo-feminino","tag-franjas","tag-meia-estacao"],"yoast_head":"<!-- This site is optimized with the Yoast SEO plugin v23.8 - https:\/\/yoast.com\/wordpress\/plugins\/seo\/ -->\n<title>Franjas que tiram anos do visual e rejuvenescem qualquer rosto - Estado de Minas - Em foco<\/title>\n<meta name=\"description\" content=\"Essas franjas modernas e leves est\u00e3o rejuvenescendo o visual de mulheres aos 50+ com frescor e eleg\u00e2ncia. Veja qual combina com voc\u00ea.\" \/>\n<meta name=\"robots\" content=\"index, follow, max-snippet:-1, max-image-preview:large, max-video-preview:-1\" \/>\n<link rel=\"canonical\" href=\"https:\/\/www.em.com.br\/emfoco\/2025\/10\/31\/franjas-que-tiram-anos-do-visual-e-rejuvenescem-qualquer-rosto\/\" \/>\n<meta property=\"og:locale\" content=\"pt_BR\" \/>\n<meta property=\"og:type\" content=\"article\" \/>\n<meta property=\"og:title\" content=\"Franjas que tiram anos do visual e rejuvenescem qualquer rosto - Estado de Minas - Em foco\" \/>\n<meta property=\"og:description\" content=\"Essas franjas modernas e leves est\u00e3o rejuvenescendo o visual de mulheres aos 50+ com frescor e eleg\u00e2ncia. Veja qual combina com voc\u00ea.\" \/>\n<meta property=\"og:url\" content=\"https:\/\/www.em.com.br\/emfoco\/2025\/10\/31\/franjas-que-tiram-anos-do-visual-e-rejuvenescem-qualquer-rosto\/\" \/>\n<meta property=\"og:site_name\" content=\"Estado de Minas - Em foco\" \/>\n<meta property=\"article:published_time\" content=\"2025-10-31T13:15:00+00:00\" \/>\n<meta property=\"article:modified_time\" content=\"2025-10-31T00:32:31+00:00\" \/>\n<meta property=\"og:image\" content=\"https:\/\/www.em.com.br\/emfoco\/wp-content\/uploads\/2025\/10\/Franja-cabelo-mulher_1761775258410.jpg\" \/>\n\t<meta property=\"og:image:width\" content=\"1280\" \/>\n\t<meta property=\"og:image:height\" content=\"720\" \/>\n\t<meta property=\"og:image:type\" content=\"image\/jpeg\" \/>\n<meta name=\"author\" content=\"Gabriel Martins\" \/>\n<meta name=\"twitter:card\" content=\"summary_large_image\" \/>\n<meta name=\"twitter:label1\" content=\"Escrito por\" \/>\n\t<meta name=\"twitter:data1\" content=\"Gabriel Martins\" \/>\n\t<meta name=\"twitter:label2\" content=\"Est. tempo de leitura\" \/>\n\t<meta name=\"twitter:data2\" content=\"3 minutos\" \/>\n<!-- \/ Yoast SEO plugin. -->","yoast_head_json":{"title":"Franjas que tiram anos do visual e rejuvenescem qualquer rosto - Estado de Minas - Em foco","description":"Essas franjas modernas e leves est\u00e3o rejuvenescendo o visual de mulheres aos 50+ com frescor e eleg\u00e2ncia. Veja qual combina com voc\u00ea.","robots":{"index":"index","follow":"follow","max-snippet":"max-snippet:-1","max-image-preview":"max-image-preview:large","max-video-preview":"max-video-preview:-1"},"canonical":"https:\/\/www.em.com.br\/emfoco\/2025\/10\/31\/franjas-que-tiram-anos-do-visual-e-rejuvenescem-qualquer-rosto\/","og_locale":"pt_BR","og_type":"article","og_title":"Franjas que tiram anos do visual e rejuvenescem qualquer rosto - Estado de Minas - Em foco","og_description":"Essas franjas modernas e leves est\u00e3o rejuvenescendo o visual de mulheres aos 50+ com frescor e eleg\u00e2ncia. Veja qual combina com voc\u00ea.","og_url":"https:\/\/www.em.com.br\/emfoco\/2025\/10\/31\/franjas-que-tiram-anos-do-visual-e-rejuvenescem-qualquer-rosto\/","og_site_name":"Estado de Minas - Em foco","article_published_time":"2025-10-31T13:15:00+00:00","article_modified_time":"2025-10-31T00:32:31+00:00","og_image":[{"width":1280,"height":720,"url":"https:\/\/www.em.com.br\/emfoco\/wp-content\/uploads\/2025\/10\/Franja-cabelo-mulher_1761775258410.jpg","type":"image\/jpeg"}],"author":"Gabriel Martins","twitter_card":"summary_large_image","twitter_misc":{"Escrito por":"Gabriel Martins","Est. tempo de leitura":"3 minutos"},"schema":{"@context":"https:\/\/schema.org","@graph":[{"@type":"WebPage","@id":"https:\/\/www.em.com.br\/emfoco\/2025\/10\/31\/franjas-que-tiram-anos-do-visual-e-rejuvenescem-qualquer-rosto\/","url":"https:\/\/www.em.com.br\/emfoco\/2025\/10\/31\/franjas-que-tiram-anos-do-visual-e-rejuvenescem-qualquer-rosto\/","name":"Franjas que tiram anos do visual e rejuvenescem qualquer rosto - Estado de Minas - Em foco","isPartOf":{"@id":"https:\/\/www.em.com.br\/emfoco\/#website"},"primaryImageOfPage":{"@id":"https:\/\/www.em.com.br\/emfoco\/2025\/10\/31\/franjas-que-tiram-anos-do-visual-e-rejuvenescem-qualquer-rosto\/#primaryimage"},"image":{"@id":"https:\/\/www.em.com.br\/emfoco\/2025\/10\/31\/franjas-que-tiram-anos-do-visual-e-rejuvenescem-qualquer-rosto\/#primaryimage"},"thumbnailUrl":"https:\/\/www.em.com.br\/emfoco\/wp-content\/uploads\/2025\/10\/Franja-cabelo-mulher_1761775258410.jpg","datePublished":"2025-10-31T13:15:00+00:00","dateModified":"2025-10-31T00:32:31+00:00","author":{"@id":"https:\/\/www.em.com.br\/emfoco\/#\/schema\/person\/1c9ddeab18b98abeffef834667bcf08a"},"description":"Essas franjas modernas e leves est\u00e3o rejuvenescendo o visual de mulheres aos 50+ com frescor e eleg\u00e2ncia. Veja qual combina com voc\u00ea.","breadcrumb":{"@id":"https:\/\/www.em.com.br\/emfoco\/2025\/10\/31\/franjas-que-tiram-anos-do-visual-e-rejuvenescem-qualquer-rosto\/#breadcrumb"},"inLanguage":"pt-BR","potentialAction":[{"@type":"ReadAction","target":["https:\/\/www.em.com.br\/emfoco\/2025\/10\/31\/franjas-que-tiram-anos-do-visual-e-rejuvenescem-qualquer-rosto\/"]}]},{"@type":"ImageObject","inLanguage":"pt-BR","@id":"https:\/\/www.em.com.br\/emfoco\/2025\/10\/31\/franjas-que-tiram-anos-do-visual-e-rejuvenescem-qualquer-rosto\/#primaryimage","url":"https:\/\/www.em.com.br\/emfoco\/wp-content\/uploads\/2025\/10\/Franja-cabelo-mulher_1761775258410.jpg","contentUrl":"https:\/\/www.em.com.br\/emfoco\/wp-content\/uploads\/2025\/10\/Franja-cabelo-mulher_1761775258410.jpg","width":1280,"height":720,"caption":"Curtain bangs que suavizam linhas de express\u00e3o e equilibram rostos ovais ou alongados - Cr\u00e9ditos: depositphotos.com \/ Subbotina"},{"@type":"BreadcrumbList","@id":"https:\/\/www.em.com.br\/emfoco\/2025\/10\/31\/franjas-que-tiram-anos-do-visual-e-rejuvenescem-qualquer-rosto\/#breadcrumb","itemListElement":[{"@type":"ListItem","position":1,"name":"In\u00edcio","item":"https:\/\/www.em.com.br\/emfoco\/"},{"@type":"ListItem","position":2,"name":"Franjas que tiram anos do visual e rejuvenescem qualquer rosto"}]},{"@type":"WebSite","@id":"https:\/\/www.em.com.br\/emfoco\/#website","url":"https:\/\/www.em.com.br\/emfoco\/","name":"Estado de Minas - Em foco","description":"Acompanhe as \u00faltimas not\u00edcias e fique bem informado sobre tudo o que acontece em Minas Gerais, Brasil e no mundo.","potentialAction":[{"@type":"SearchAction","target":{"@type":"EntryPoint","urlTemplate":"https:\/\/www.em.com.br\/emfoco\/?s={search_term_string}"},"query-input":{"@type":"PropertyValueSpecification","valueRequired":true,"valueName":"search_term_string"}}],"inLanguage":"pt-BR"},{"@type":"Person","@id":"https:\/\/www.em.com.br\/emfoco\/#\/schema\/person\/1c9ddeab18b98abeffef834667bcf08a","name":"Gabriel Martins","image":{"@type":"ImageObject","inLanguage":"pt-BR","@id":"https:\/\/www.em.com.br\/emfoco\/#\/schema\/person\/image\/","url":"https:\/\/secure.gravatar.com\/avatar\/f0f1e2efdfd88f1ad2cb08c5c2731e50?s=96&d=mm&r=g","contentUrl":"https:\/\/secure.gravatar.com\/avatar\/f0f1e2efdfd88f1ad2cb08c5c2731e50?s=96&d=mm&r=g","caption":"Gabriel Martins"},"sameAs":["https:\/\/www.em.com.br\/emfoco\/"],"url":"https:\/\/www.em.com.br\/emfoco\/author\/gabrielmartinsmyth\/"}]}},"_links":{"self":[{"href":"https:\/\/www.em.com.br\/emfoco\/wp-json\/wp\/v2\/posts\/120994","targetHints":{"allow":["GET"]}}],"collection":[{"href":"https:\/\/www.em.com.br\/emfoco\/wp-json\/wp\/v2\/posts"}],"about":[{"href":"https:\/\/www.em.com.br\/emfoco\/wp-json\/wp\/v2\/types\/post"}],"author":[{"embeddable":true,"href":"https:\/\/www.em.com.br\/emfoco\/wp-json\/wp\/v2\/users\/13"}],"replies":[{"embeddable":true,"href":"https:\/\/www.em.com.br\/emfoco\/wp-json\/wp\/v2\/comments?post=120994"}],"version-history":[{"count":1,"href":"https:\/\/www.em.com.br\/emfoco\/wp-json\/wp\/v2\/posts\/120994\/revisions"}],"predecessor-version":[{"id":121029,"href":"https:\/\/www.em.com.br\/emfoco\/wp-json\/wp\/v2\/posts\/120994\/revisions\/121029"}],"wp:featuredmedia":[{"embeddable":true,"href":"https:\/\/www.em.com.br\/emfoco\/wp-json\/wp\/v2\/media\/121027"}],"wp:attachment":[{"href":"https:\/\/www.em.com.br\/emfoco\/wp-json\/wp\/v2\/media?parent=120994"}],"wp:term":[{"taxonomy":"category","embeddable":true,"href":"https:\/\/www.em.com.br\/emfoco\/wp-json\/wp\/v2\/categories?post=120994"},{"taxonomy":"post_tag","embeddable":true,"href":"https:\/\/www.em.com.br\/emfoco\/wp-json\/wp\/v2\/tags?post=120994"}],"curies":[{"name":"wp","href":"https:\/\/api.w.org\/{rel}","templated":true}]}}