{"id":120948,"date":"2025-10-30T15:05:00","date_gmt":"2025-10-30T18:05:00","guid":{"rendered":"https:\/\/www.em.com.br\/emfoco\/?p=120948"},"modified":"2025-10-29T18:07:43","modified_gmt":"2025-10-29T21:07:43","slug":"a-cidade-mais-fotogenica-do-mundo-com-suas-paisagens-azuis-encantadoras","status":"publish","type":"post","link":"https:\/\/www.em.com.br\/emfoco\/2025\/10\/30\/a-cidade-mais-fotogenica-do-mundo-com-suas-paisagens-azuis-encantadoras\/","title":{"rendered":"A cidade mais fotog\u00eanica do mundo com suas paisagens azuis encantadoras"},"content":{"rendered":"\n<p>Entre as montanhas do <strong>Rif<\/strong>, no norte do <strong>Marrocos<\/strong>, surge <strong>Chefchaouen<\/strong>, uma cidade t\u00e3o azul que parece sa\u00edda de uma pintura. Vizinha de <strong>T\u00e2nger<\/strong> e <strong>Tetu\u00e3o<\/strong>, essa joia marroquina encanta viajantes com sua arquitetura andaluza, atmosfera espiritual e a tranquilidade de um vilarejo que parece flutuar entre c\u00e9u e montanha.<\/p>\n\n\n\n<p>Fundada no s\u00e9culo XV, <strong>Chefchaouen<\/strong> nasceu como uma fortaleza e, ao longo dos s\u00e9culos, tornou-se ref\u00fagio de diferentes culturas. Hoje, suas vielas coloridas, portas ornamentadas e o aroma do ch\u00e1 de menta transformam qualquer passeio em uma experi\u00eancia sensorial inesquec\u00edvel.<\/p>\n\n\n\n<h2 class=\"wp-block-heading\">Vale a pena visitar Chefchaouen?<\/h2>\n\n\n\n<p>Sem d\u00favida. <a href=\"https:\/\/www.tripadvisor.com.br\/Attractions-g304013-Activities-Chefchaouen_Tanger_Tetouan_Al_Hoceima.html\" target=\"_blank\" rel=\"noreferrer noopener\"><strong>Chefchaouen<\/strong> <\/a>\u00e9 um dos destinos mais singulares do norte da <strong>\u00c1frica<\/strong>, combinando beleza natural, autenticidade e espiritualidade. O charme de suas ruas estreitas, a simpatia dos moradores e a aus\u00eancia de pressa criam um clima quase m\u00e1gico.<\/p>\n\n\n\n<p>Os principais atrativos est\u00e3o concentrados no cora\u00e7\u00e3o da cidade antiga, a <strong>Medina<\/strong>, onde o azul se estende por cada parede e escadaria. \u00c9 ali que se revela o verdadeiro encanto do lugar: a harmonia entre arquitetura, natureza e tradi\u00e7\u00e3o.<\/p>\n\n\n\n<p>Principais pontos tur\u00edsticos:<br>\u2022 <strong>Pra\u00e7a Uta el-Hammam<\/strong>, o centro pulsante da cidade<br>\u2022 <strong>Kasbah<\/strong>, fortaleza do s\u00e9culo XV com museu e jardins<br>\u2022 <strong>Grande Mesquita<\/strong>, s\u00edmbolo espiritual (entrada apenas para mu\u00e7ulmanos)<br>\u2022 <strong>Ras El Ma<\/strong>, uma nascente de \u00e1gua cristalina que desce da montanha<br>\u2022 <strong>Mirante da Mesquita Espanhola<\/strong>, com vista panor\u00e2mica ao p\u00f4r do sol<\/p>\n\n\n\n<p><em>(Fontes: Visit Morocco, UNESCO, TripAdvisor 2025)<\/em><\/p>\n\n\n\n<figure class=\"wp-block-embed is-type-video is-provider-youtube wp-block-embed-youtube wp-embed-aspect-16-9 wp-has-aspect-ratio\"><div class=\"wp-block-embed__wrapper\">\n<div class=\"jeg_video_container jeg_video_content\"><iframe loading=\"lazy\" title=\"Chefchaouen &#039; Blue City &#039; Morocco \ud83c\uddf2\ud83c\udde6 | 4K Drone Footage\" width=\"500\" height=\"281\" src=\"https:\/\/www.youtube.com\/embed\/J4NNwH_qDwI?feature=oembed\" frameborder=\"0\" allow=\"accelerometer; autoplay; clipboard-write; encrypted-media; gyroscope; picture-in-picture; web-share\" referrerpolicy=\"strict-origin-when-cross-origin\" allowfullscreen><\/iframe><\/div>\n<\/div><\/figure>\n\n\n\n<h2 class=\"wp-block-heading\">O clima de Chefchaouen<\/h2>\n\n\n\n<p>De acordo com o <strong>Climatempo<\/strong> e o <strong>Instituto Nacional de Meteorologia do Marrocos<\/strong>, <strong>Chefchaouen<\/strong> possui clima mediterr\u00e2neo, com ver\u00f5es quentes e secos e invernos amenos e \u00famidos. A m\u00e9dia anual \u00e9 de <strong>19 \u00b0C<\/strong>, ideal para caminhadas pelas ruas da cidade.<\/p>\n\n\n\n<figure class=\"wp-block-table\"><table class=\"has-fixed-layout\"><thead><tr><th>Esta\u00e7\u00e3o<\/th><th>Temperatura m\u00e9dia<\/th><th>Caracter\u00edsticas<\/th><\/tr><\/thead><tbody><tr><td>Primavera (mar\u2013mai)<\/td><td>18\u201324 \u00b0C<\/td><td>Temperatura agrad\u00e1vel e flores nas montanhas<\/td><\/tr><tr><td>Ver\u00e3o (jun\u2013set)<\/td><td>25\u201332 \u00b0C<\/td><td>Dias ensolarados e c\u00e9u azul intenso<\/td><\/tr><tr><td>Outono (out\u2013nov)<\/td><td>20\u201326 \u00b0C<\/td><td>Clima leve e cores vibrantes<\/td><\/tr><tr><td>Inverno (dez\u2013fev)<\/td><td>10\u201318 \u00b0C<\/td><td>Frio suave e noites frescas<\/td><\/tr><\/tbody><\/table><\/figure>\n\n\n\n<h2 class=\"wp-block-heading\">Qual \u00e9 a melhor \u00e9poca para visitar Chefchaouen?<\/h2>\n\n\n\n<p>A melhor \u00e9poca para visitar <strong>Chefchaouen<\/strong> \u00e9 entre <strong>mar\u00e7o e junho<\/strong> ou <strong>setembro e novembro<\/strong>, quando o clima \u00e9 ameno e as ruas ficam mais tranquilas. Nessas \u00e9pocas, o contraste do azul com a vegeta\u00e7\u00e3o das montanhas cria um cen\u00e1rio perfeito para fotos e caminhadas.<\/p>\n\n\n\n<figure class=\"wp-block-table\"><table class=\"has-fixed-layout\"><thead><tr><th>M\u00eas<\/th><th>Clima<\/th><th>Atividade recomendada<\/th><\/tr><\/thead><tbody><tr><td>Abril<\/td><td>Temperado e florido<\/td><td>Passeio pela <strong>Medina<\/strong> e trilha at\u00e9 o mirante<\/td><\/tr><tr><td>Junho<\/td><td>Sol e c\u00e9u limpo<\/td><td>Fotografia e caf\u00e9s ao ar livre<\/td><\/tr><tr><td>Outubro<\/td><td>Leve e fresco<\/td><td>Visitas culturais e mercados<\/td><\/tr><tr><td>Dezembro<\/td><td>Frio suave<\/td><td>Ch\u00e1 de menta nos terra\u00e7os e vistas das montanhas<\/td><\/tr><\/tbody><\/table><\/figure>\n\n\n\n<figure class=\"wp-block-image size-large\"><img loading=\"lazy\" decoding=\"async\" width=\"1024\" height=\"576\" src=\"https:\/\/www.em.com.br\/emfoco\/wp-content\/uploads\/2025\/04\/Morocco-Chefchaouen_1745412293410-1024x576.jpg\" alt=\"Conhe\u00e7a a &quot;cidade azul&quot;, um destino alternativo que vai te surpreender\" class=\"wp-image-40743\" srcset=\"https:\/\/www.em.com.br\/emfoco\/wp-content\/uploads\/2025\/04\/Morocco-Chefchaouen_1745412293410-1024x576.jpg 1024w, https:\/\/www.em.com.br\/emfoco\/wp-content\/uploads\/2025\/04\/Morocco-Chefchaouen_1745412293410-300x169.jpg 300w, https:\/\/www.em.com.br\/emfoco\/wp-content\/uploads\/2025\/04\/Morocco-Chefchaouen_1745412293410-768x432.jpg 768w, https:\/\/www.em.com.br\/emfoco\/wp-content\/uploads\/2025\/04\/Morocco-Chefchaouen_1745412293410-750x422.jpg 750w, https:\/\/www.em.com.br\/emfoco\/wp-content\/uploads\/2025\/04\/Morocco-Chefchaouen_1745412293410-1140x641.jpg 1140w, https:\/\/www.em.com.br\/emfoco\/wp-content\/uploads\/2025\/04\/Morocco-Chefchaouen_1745412293410.jpg 1280w\" sizes=\"auto, (max-width: 1024px) 100vw, 1024px\" \/><figcaption class=\"wp-element-caption\">Chefchaouen, Marrocos &#8211; Cr\u00e9ditos: depositphotos.com \/ RuslanKal<\/figcaption><\/figure>\n\n\n\n<p><em>Leia tamb\u00e9m: <a href=\"https:\/\/www.em.com.br\/emfoco\/2025\/10\/24\/essa-cidade-as-margens-do-rio-sao-francisco-parece-ter-parado-no-tempo\/\" target=\"_blank\" rel=\"noreferrer noopener\">Essa cidade \u00e0s margens do Rio S\u00e3o Francisco parece ter parado no tempo<\/a><\/em><\/p>\n\n\n\n<h2 class=\"wp-block-heading\">Segredos e curiosidades de Chefchaouen<\/h2>\n\n\n\n<p>O azul que cobre <strong>Chefchaouen<\/strong> n\u00e3o \u00e9 apenas decorativo \u2014 segundo os moradores, ele simboliza <strong>paz, espiritualidade e prote\u00e7\u00e3o contra maus esp\u00edritos<\/strong>. A tradi\u00e7\u00e3o come\u00e7ou com refugiados judeus no s\u00e9culo XV, que trouxeram o costume de pintar as casas de azul para lembrar o c\u00e9u e o divino.<\/p>\n\n\n\n<p>Outras curiosidades:<br>\u2022 A cidade \u00e9 chamada de \u201c<strong>P\u00e9rola Azul do Rif<\/strong>\u201d.<br>\u2022 Nenhuma casa pode ser pintada de outra cor sem autoriza\u00e7\u00e3o da prefeitura.<br>\u2022 \u00c9 considerada um dos <strong>destinos mais fotog\u00eanicos do mundo<\/strong> segundo o TripAdvisor 2025.<br>\u2022 O sil\u00eancio das vielas \u00e9 quebrado apenas pelo som distante do chamado \u00e0 ora\u00e7\u00e3o.<\/p>\n\n\n\n<h2 class=\"wp-block-heading\">Onde se hospedar em Chefchaouen?<\/h2>\n\n\n\n<p>As hospedagens em <strong>Chefchaouen<\/strong> s\u00e3o um espet\u00e1culo \u00e0 parte. Os <strong>riads<\/strong> (casas tradicionais marroquinas) combinam hospitalidade e arquitetura artesanal. Entre os mais elogiados est\u00e3o o <strong>Riad Hicham<\/strong>, o <strong>Dar Echchaouen Maison d\u2019H\u00f4tes<\/strong> e o <strong>Casa Perleta<\/strong>, que oferecem vistas deslumbrantes da Medina e das montanhas.<\/p>\n\n\n\n<p><em>(Fontes: Booking.com, Visit Morocco, TripAdvisor 2025)<\/em><\/p>\n\n\n\n<h2 class=\"wp-block-heading\">O que torna Chefchaouen especial<\/h2>\n\n\n\n<p><strong>Chefchaouen<\/strong> \u00e9 um ref\u00fagio azul entre montanhas, um lugar onde o tempo desacelera e a beleza se revela em cada esquina.<\/p>\n\n\n\n<p>\u2022 Arquitetura \u00fanica e atmosfera espiritual<br>\u2022 Cultura local preservada e acolhedora<br>\u2022 Cen\u00e1rio azul que inspira paz e contempla\u00e7\u00e3o<\/p>\n\n\n\n<p>Deixe-se surpreender pelos encantos de <strong>Chefchaouen<\/strong> no <strong>Marrocos<\/strong> e viva momentos especiais.<\/p>\n","protected":false},"excerpt":{"rendered":"<p>Entre as montanhas do Rif, no norte do Marrocos, surge Chefchaouen, uma cidade t\u00e3o azul que parece sa\u00edda de uma pintura. Vizinha de T\u00e2nger e Tetu\u00e3o, essa joia marroquina encanta viajantes com sua arquitetura andaluza, atmosfera espiritual e a tranquilidade de um vilarejo que parece flutuar entre c\u00e9u e montanha. Fundada no s\u00e9culo XV, Chefchaouen [&hellip;]<\/p>\n","protected":false},"author":13,"featured_media":40741,"comment_status":"open","ping_status":"open","sticky":false,"template":"","format":"standard","meta":{"jnews-multi-image_gallery":[],"jnews_single_post":{"format":"standard"},"jnews_primary_category":[],"jnews_social_meta":[],"jnews_override_counter":[],"footnotes":""},"categories":[26],"tags":[7819,18101,4326,6860],"class_list":["post-120948","post","type-post","status-publish","format-standard","has-post-thumbnail","hentry","category-cidades","tag-chefchaouen","tag-cidade-azul","tag-marrocos","tag-viagem-internacional"],"yoast_head":"<!-- This site is optimized with the Yoast SEO plugin v23.8 - https:\/\/yoast.com\/wordpress\/plugins\/seo\/ -->\n<title>A cidade mais fotog\u00eanica do mundo com suas paisagens azuis encantadoras - Estado de Minas - Em foco<\/title>\n<meta name=\"description\" content=\"Essa cidade azul entre as montanhas do Marrocos parece um sonho real. Veja por que Chefchaouen encanta quem busca paz e beleza.\" \/>\n<meta name=\"robots\" content=\"index, follow, max-snippet:-1, max-image-preview:large, max-video-preview:-1\" \/>\n<link rel=\"canonical\" href=\"https:\/\/www.em.com.br\/emfoco\/2025\/10\/30\/a-cidade-mais-fotogenica-do-mundo-com-suas-paisagens-azuis-encantadoras\/\" \/>\n<meta property=\"og:locale\" content=\"pt_BR\" \/>\n<meta property=\"og:type\" content=\"article\" \/>\n<meta property=\"og:title\" content=\"A cidade mais fotog\u00eanica do mundo com suas paisagens azuis encantadoras - Estado de Minas - Em foco\" \/>\n<meta property=\"og:description\" content=\"Essa cidade azul entre as montanhas do Marrocos parece um sonho real. Veja por que Chefchaouen encanta quem busca paz e beleza.\" \/>\n<meta property=\"og:url\" content=\"https:\/\/www.em.com.br\/emfoco\/2025\/10\/30\/a-cidade-mais-fotogenica-do-mundo-com-suas-paisagens-azuis-encantadoras\/\" \/>\n<meta property=\"og:site_name\" content=\"Estado de Minas - Em foco\" \/>\n<meta property=\"article:published_time\" content=\"2025-10-30T18:05:00+00:00\" \/>\n<meta property=\"article:modified_time\" content=\"2025-10-29T21:07:43+00:00\" \/>\n<meta property=\"og:image\" content=\"https:\/\/www.em.com.br\/emfoco\/wp-content\/uploads\/2025\/04\/Morocco-Chefchaouen_1745412252100.jpg\" \/>\n\t<meta property=\"og:image:width\" content=\"1280\" \/>\n\t<meta property=\"og:image:height\" content=\"720\" \/>\n\t<meta property=\"og:image:type\" content=\"image\/jpeg\" \/>\n<meta name=\"author\" content=\"Gabriel Martins\" \/>\n<meta name=\"twitter:card\" content=\"summary_large_image\" \/>\n<meta name=\"twitter:label1\" content=\"Escrito por\" \/>\n\t<meta name=\"twitter:data1\" content=\"Gabriel Martins\" \/>\n\t<meta name=\"twitter:label2\" content=\"Est. tempo de leitura\" \/>\n\t<meta name=\"twitter:data2\" content=\"5 minutos\" \/>\n<!-- \/ Yoast SEO plugin. -->","yoast_head_json":{"title":"A cidade mais fotog\u00eanica do mundo com suas paisagens azuis encantadoras - Estado de Minas - Em foco","description":"Essa cidade azul entre as montanhas do Marrocos parece um sonho real. Veja por que Chefchaouen encanta quem busca paz e beleza.","robots":{"index":"index","follow":"follow","max-snippet":"max-snippet:-1","max-image-preview":"max-image-preview:large","max-video-preview":"max-video-preview:-1"},"canonical":"https:\/\/www.em.com.br\/emfoco\/2025\/10\/30\/a-cidade-mais-fotogenica-do-mundo-com-suas-paisagens-azuis-encantadoras\/","og_locale":"pt_BR","og_type":"article","og_title":"A cidade mais fotog\u00eanica do mundo com suas paisagens azuis encantadoras - Estado de Minas - Em foco","og_description":"Essa cidade azul entre as montanhas do Marrocos parece um sonho real. Veja por que Chefchaouen encanta quem busca paz e beleza.","og_url":"https:\/\/www.em.com.br\/emfoco\/2025\/10\/30\/a-cidade-mais-fotogenica-do-mundo-com-suas-paisagens-azuis-encantadoras\/","og_site_name":"Estado de Minas - Em foco","article_published_time":"2025-10-30T18:05:00+00:00","article_modified_time":"2025-10-29T21:07:43+00:00","og_image":[{"width":1280,"height":720,"url":"https:\/\/www.em.com.br\/emfoco\/wp-content\/uploads\/2025\/04\/Morocco-Chefchaouen_1745412252100.jpg","type":"image\/jpeg"}],"author":"Gabriel Martins","twitter_card":"summary_large_image","twitter_misc":{"Escrito por":"Gabriel Martins","Est. tempo de leitura":"5 minutos"},"schema":{"@context":"https:\/\/schema.org","@graph":[{"@type":"WebPage","@id":"https:\/\/www.em.com.br\/emfoco\/2025\/10\/30\/a-cidade-mais-fotogenica-do-mundo-com-suas-paisagens-azuis-encantadoras\/","url":"https:\/\/www.em.com.br\/emfoco\/2025\/10\/30\/a-cidade-mais-fotogenica-do-mundo-com-suas-paisagens-azuis-encantadoras\/","name":"A cidade mais fotog\u00eanica do mundo com suas paisagens azuis encantadoras - Estado de Minas - Em foco","isPartOf":{"@id":"https:\/\/www.em.com.br\/emfoco\/#website"},"primaryImageOfPage":{"@id":"https:\/\/www.em.com.br\/emfoco\/2025\/10\/30\/a-cidade-mais-fotogenica-do-mundo-com-suas-paisagens-azuis-encantadoras\/#primaryimage"},"image":{"@id":"https:\/\/www.em.com.br\/emfoco\/2025\/10\/30\/a-cidade-mais-fotogenica-do-mundo-com-suas-paisagens-azuis-encantadoras\/#primaryimage"},"thumbnailUrl":"https:\/\/www.em.com.br\/emfoco\/wp-content\/uploads\/2025\/04\/Morocco-Chefchaouen_1745412252100.jpg","datePublished":"2025-10-30T18:05:00+00:00","dateModified":"2025-10-29T21:07:43+00:00","author":{"@id":"https:\/\/www.em.com.br\/emfoco\/#\/schema\/person\/1c9ddeab18b98abeffef834667bcf08a"},"description":"Essa cidade azul entre as montanhas do Marrocos parece um sonho real. Veja por que Chefchaouen encanta quem busca paz e beleza.","breadcrumb":{"@id":"https:\/\/www.em.com.br\/emfoco\/2025\/10\/30\/a-cidade-mais-fotogenica-do-mundo-com-suas-paisagens-azuis-encantadoras\/#breadcrumb"},"inLanguage":"pt-BR","potentialAction":[{"@type":"ReadAction","target":["https:\/\/www.em.com.br\/emfoco\/2025\/10\/30\/a-cidade-mais-fotogenica-do-mundo-com-suas-paisagens-azuis-encantadoras\/"]}]},{"@type":"ImageObject","inLanguage":"pt-BR","@id":"https:\/\/www.em.com.br\/emfoco\/2025\/10\/30\/a-cidade-mais-fotogenica-do-mundo-com-suas-paisagens-azuis-encantadoras\/#primaryimage","url":"https:\/\/www.em.com.br\/emfoco\/wp-content\/uploads\/2025\/04\/Morocco-Chefchaouen_1745412252100.jpg","contentUrl":"https:\/\/www.em.com.br\/emfoco\/wp-content\/uploads\/2025\/04\/Morocco-Chefchaouen_1745412252100.jpg","width":1280,"height":720,"caption":"Chefchaouen, Marrocos - Cr\u00e9ditos: depositphotos.com \/ Irina-skr"},{"@type":"BreadcrumbList","@id":"https:\/\/www.em.com.br\/emfoco\/2025\/10\/30\/a-cidade-mais-fotogenica-do-mundo-com-suas-paisagens-azuis-encantadoras\/#breadcrumb","itemListElement":[{"@type":"ListItem","position":1,"name":"In\u00edcio","item":"https:\/\/www.em.com.br\/emfoco\/"},{"@type":"ListItem","position":2,"name":"A cidade mais fotog\u00eanica do mundo com suas paisagens azuis encantadoras"}]},{"@type":"WebSite","@id":"https:\/\/www.em.com.br\/emfoco\/#website","url":"https:\/\/www.em.com.br\/emfoco\/","name":"Estado de Minas - Em foco","description":"Acompanhe as \u00faltimas not\u00edcias e fique bem informado sobre tudo o que acontece em Minas Gerais, Brasil e no mundo.","potentialAction":[{"@type":"SearchAction","target":{"@type":"EntryPoint","urlTemplate":"https:\/\/www.em.com.br\/emfoco\/?s={search_term_string}"},"query-input":{"@type":"PropertyValueSpecification","valueRequired":true,"valueName":"search_term_string"}}],"inLanguage":"pt-BR"},{"@type":"Person","@id":"https:\/\/www.em.com.br\/emfoco\/#\/schema\/person\/1c9ddeab18b98abeffef834667bcf08a","name":"Gabriel Martins","image":{"@type":"ImageObject","inLanguage":"pt-BR","@id":"https:\/\/www.em.com.br\/emfoco\/#\/schema\/person\/image\/","url":"https:\/\/secure.gravatar.com\/avatar\/f0f1e2efdfd88f1ad2cb08c5c2731e50?s=96&d=mm&r=g","contentUrl":"https:\/\/secure.gravatar.com\/avatar\/f0f1e2efdfd88f1ad2cb08c5c2731e50?s=96&d=mm&r=g","caption":"Gabriel Martins"},"sameAs":["https:\/\/www.em.com.br\/emfoco\/"],"url":"https:\/\/www.em.com.br\/emfoco\/author\/gabrielmartinsmyth\/"}]}},"_links":{"self":[{"href":"https:\/\/www.em.com.br\/emfoco\/wp-json\/wp\/v2\/posts\/120948","targetHints":{"allow":["GET"]}}],"collection":[{"href":"https:\/\/www.em.com.br\/emfoco\/wp-json\/wp\/v2\/posts"}],"about":[{"href":"https:\/\/www.em.com.br\/emfoco\/wp-json\/wp\/v2\/types\/post"}],"author":[{"embeddable":true,"href":"https:\/\/www.em.com.br\/emfoco\/wp-json\/wp\/v2\/users\/13"}],"replies":[{"embeddable":true,"href":"https:\/\/www.em.com.br\/emfoco\/wp-json\/wp\/v2\/comments?post=120948"}],"version-history":[{"count":1,"href":"https:\/\/www.em.com.br\/emfoco\/wp-json\/wp\/v2\/posts\/120948\/revisions"}],"predecessor-version":[{"id":120970,"href":"https:\/\/www.em.com.br\/emfoco\/wp-json\/wp\/v2\/posts\/120948\/revisions\/120970"}],"wp:featuredmedia":[{"embeddable":true,"href":"https:\/\/www.em.com.br\/emfoco\/wp-json\/wp\/v2\/media\/40741"}],"wp:attachment":[{"href":"https:\/\/www.em.com.br\/emfoco\/wp-json\/wp\/v2\/media?parent=120948"}],"wp:term":[{"taxonomy":"category","embeddable":true,"href":"https:\/\/www.em.com.br\/emfoco\/wp-json\/wp\/v2\/categories?post=120948"},{"taxonomy":"post_tag","embeddable":true,"href":"https:\/\/www.em.com.br\/emfoco\/wp-json\/wp\/v2\/tags?post=120948"}],"curies":[{"name":"wp","href":"https:\/\/api.w.org\/{rel}","templated":true}]}}