{"id":120833,"date":"2025-10-30T14:15:00","date_gmt":"2025-10-30T17:15:00","guid":{"rendered":"https:\/\/www.em.com.br\/emfoco\/?p=120833"},"modified":"2025-10-29T18:53:24","modified_gmt":"2025-10-29T21:53:24","slug":"governo-bate-martelo-sobre-prazo-para-emissao-da-nova-carteira-de-identidade-e-documentos-obrigatorios-para-emissao","status":"publish","type":"post","link":"https:\/\/www.em.com.br\/emfoco\/2025\/10\/30\/governo-bate-martelo-sobre-prazo-para-emissao-da-nova-carteira-de-identidade-e-documentos-obrigatorios-para-emissao\/","title":{"rendered":"Governo bate martelo sobre prazo para emiss\u00e3o da nova Carteira de Identidade e documentos obrigat\u00f3rios para emiss\u00e3o"},"content":{"rendered":"\n<p>A implementa\u00e7\u00e3o da nova <strong>Carteira de Identidade Nacional<\/strong> (CIN) no <strong>Brasil <\/strong>marca uma transforma\u00e7\u00e3o relevante na identifica\u00e7\u00e3o civil e unifica o n\u00famero de identifica\u00e7\u00e3o dos brasileiros ao <strong>Cadastro de Pessoas F\u00edsicas<\/strong> (CPF), tornando o processo de identifica\u00e7\u00e3o mais seguro, confi\u00e1vel e moderno, tanto em sua vers\u00e3o f\u00edsica quanto digital.<\/p>\n\n\n\n<h2 class=\"wp-block-heading\">Quais documentos s\u00e3o necess\u00e1rios para emitir a nova Carteira de Identidade Nacional<\/h2>\n\n\n\n<p>A emiss\u00e3o da nova <strong>CIN <\/strong>exige que o cidad\u00e3o apresente documenta\u00e7\u00e3o b\u00e1sica para comprovar identidade e estado civil. \u00c9 obrigat\u00f3rio levar a <strong>Certid\u00e3o de Nascimento<\/strong> ou, para pessoas casadas, a <strong>Certid\u00e3o de Casamento<\/strong>, em via original ou c\u00f3pia autenticada, o que garante a valida\u00e7\u00e3o oficial da situa\u00e7\u00e3o civil.<\/p>\n\n\n\n<p>Al\u00e9m disso, o CPF precisa estar regularizado na <strong><a href=\"https:\/\/www.gov.br\/receitafederal\/pt-br\" target=\"_blank\" rel=\"noreferrer noopener\">Receita Federal<\/a><\/strong>, funcionando como identificador principal, e um comprovante de resid\u00eancia atualizado tamb\u00e9m \u00e9 solicitado. O comprovante pode ser apresentado de diversas formas aceitas.<\/p>\n\n\n\n<ul class=\"wp-block-list\">\n<li>Conta de \u00e1gua, luz ou g\u00e1s<\/li>\n\n\n\n<li>Conta de telefone ou internet<\/li>\n\n\n\n<li>Correspond\u00eancia banc\u00e1ria ou oficial em nome do titular<\/li>\n<\/ul>\n\n\n<div class=\"wp-block-image\">\n<figure class=\"aligncenter size-large\"><img loading=\"lazy\" decoding=\"async\" width=\"1024\" height=\"576\" src=\"https:\/\/www.em.com.br\/emfoco\/wp-content\/uploads\/2025\/06\/beneficio-brasil_1750889224114-1024x576.jpg\" alt=\"Nova regra trabalhista em 2025 garante estabilidade para quem tem doen\u00e7a ocupacional\" class=\"wp-image-67040\" srcset=\"https:\/\/www.em.com.br\/emfoco\/wp-content\/uploads\/2025\/06\/beneficio-brasil_1750889224114-1024x576.jpg 1024w, https:\/\/www.em.com.br\/emfoco\/wp-content\/uploads\/2025\/06\/beneficio-brasil_1750889224114-300x169.jpg 300w, https:\/\/www.em.com.br\/emfoco\/wp-content\/uploads\/2025\/06\/beneficio-brasil_1750889224114-768x432.jpg 768w, https:\/\/www.em.com.br\/emfoco\/wp-content\/uploads\/2025\/06\/beneficio-brasil_1750889224114-750x422.jpg 750w, https:\/\/www.em.com.br\/emfoco\/wp-content\/uploads\/2025\/06\/beneficio-brasil_1750889224114-1140x641.jpg 1140w, https:\/\/www.em.com.br\/emfoco\/wp-content\/uploads\/2025\/06\/beneficio-brasil_1750889224114.jpg 1280w\" sizes=\"auto, (max-width: 1024px) 100vw, 1024px\" \/><figcaption class=\"wp-element-caption\">Carteira de trabalho e moedas &#8211; Cr\u00e9ditos: depositphotos.com \/ gustavomello162.hotmail.com<\/figcaption><\/figure><\/div>\n\n\n<h2 class=\"wp-block-heading\">Como funciona o processo para agendar a emiss\u00e3o da nova identidade<\/h2>\n\n\n\n<p>O agendamento da emiss\u00e3o da <strong>CIN <\/strong>\u00e9 obrigat\u00f3rio e pode ser feito no site dos <strong>Institutos de Identifica\u00e7\u00e3o<\/strong> de cada estado ou do <strong>Distrito Federal<\/strong>. A consulta online facilita a escolha do local, hor\u00e1rio e diminui filas e espera, favorecendo o cidad\u00e3o.<\/p>\n\n\n\n<p>\u00c9 importante verificar previamente se o servi\u00e7o j\u00e1 est\u00e1 dispon\u00edvel em sua cidade, pois a implanta\u00e7\u00e3o pode variar conforme a unidade federativa. Caso exista algum requisito espec\u00edfico do estado, eles tamb\u00e9m podem ser consultados online para melhor preparo.<\/p>\n\n\n\n<h2 class=\"wp-block-heading\">Voc\u00ea sabe quanto custa emitir a nova Carteira de Identidade Nacional<\/h2>\n\n\n\n<p>Conforme a <strong><a href=\"https:\/\/www.planalto.gov.br\/ccivil_03\/leis\/1980-1988\/l7116.htm\" target=\"_blank\" rel=\"noreferrer noopener\">Lei Federal n\u00ba 7.116\/1983<\/a><\/strong>, a primeira via da <strong>CIN <\/strong>\u00e9 gratuita para todos os brasileiros, promovendo acesso igualit\u00e1rio ao novo documento. Caso seja necess\u00e1rio solicitar a segunda via do documento, taxas podem ser cobradas de acordo com o estado.<\/p>\n\n\n\n<p>Para evitar surpresas, recomenda-se consultar a tabela de taxas do seu estado, pois os valores para a segunda via podem variar. Em geral, alguns estados concedem isen\u00e7\u00e3o para casos espec\u00edficos, como idosos ou pessoas em situa\u00e7\u00e3o de vulnerabilidade social.<\/p>\n\n\n\n<p>Leia mais: <a href=\"https:\/\/www.em.com.br\/emfoco\/2025\/10\/22\/receita-federal-alerta-para-fim-do-prazo-regularizar-debitos-fiscais\/\" target=\"_blank\" rel=\"noreferrer noopener\">Receita Federal alerta para fim do prazo regularizar d\u00e9bitos fiscais<\/a><\/p>\n\n\n\n<h2 class=\"wp-block-heading\">Entenda o prazo para a troca do RG antigo pela nova Carteira de Identidade Nacional<\/h2>\n\n\n\n<p>O governo concedeu prazo at\u00e9 2032 para a substitui\u00e7\u00e3o dos antigos <strong>RGs <\/strong>pela nova <strong>CIN<\/strong>, proporcionando ampla janela para que todos os brasileiros possam se adequar gradualmente \u00e0 mudan\u00e7a.<\/p>\n\n\n\n<p>Al\u00e9m de modernizar a gest\u00e3o dos dados, a <strong>CIN <\/strong>atende padr\u00f5es internacionais de seguran\u00e7a e facilita a vida do cidad\u00e3o em servi\u00e7os p\u00fablicos e privados, refletindo avan\u00e7os em prote\u00e7\u00e3o de dados e combate a fraudes.<\/p>\n","protected":false},"excerpt":{"rendered":"<p>A implementa\u00e7\u00e3o da nova Carteira de Identidade Nacional (CIN) no Brasil marca uma transforma\u00e7\u00e3o relevante na identifica\u00e7\u00e3o civil e unifica o n\u00famero de identifica\u00e7\u00e3o dos brasileiros ao Cadastro de Pessoas F\u00edsicas (CPF), tornando o processo de identifica\u00e7\u00e3o mais seguro, confi\u00e1vel e moderno, tanto em sua vers\u00e3o f\u00edsica quanto digital. Quais documentos s\u00e3o necess\u00e1rios para emitir [&hellip;]<\/p>\n","protected":false},"author":20,"featured_media":120361,"comment_status":"open","ping_status":"open","sticky":false,"template":"","format":"standard","meta":{"jnews-multi-image_gallery":[],"jnews_single_post":{"format":"standard"},"jnews_primary_category":[],"jnews_social_meta":[],"jnews_override_counter":[],"footnotes":""},"categories":[28,1],"tags":[18085,848,2878],"class_list":["post-120833","post","type-post","status-publish","format-standard","has-post-thumbnail","hentry","category-economia","category-noticias","tag-carteira-de-identidade-nacional","tag-cpf","tag-documentos"],"yoast_head":"<!-- This site is optimized with the Yoast SEO plugin v23.8 - https:\/\/yoast.com\/wordpress\/plugins\/seo\/ -->\n<title>Governo bate martelo sobre prazo para emiss\u00e3o da nova Carteira de Identidade e documentos obrigat\u00f3rios para emiss\u00e3o - Estado de Minas - Em foco<\/title>\n<meta name=\"description\" content=\"O prazo para trocar a identidade \u00e9 at\u00e9 2032. Saiba onde agendar para emitir a nova CIN com seguran\u00e7a e sem fraudes.\" \/>\n<meta name=\"robots\" content=\"index, follow, max-snippet:-1, max-image-preview:large, max-video-preview:-1\" \/>\n<link rel=\"canonical\" href=\"https:\/\/www.em.com.br\/emfoco\/2025\/10\/30\/governo-bate-martelo-sobre-prazo-para-emissao-da-nova-carteira-de-identidade-e-documentos-obrigatorios-para-emissao\/\" \/>\n<meta property=\"og:locale\" content=\"pt_BR\" \/>\n<meta property=\"og:type\" content=\"article\" \/>\n<meta property=\"og:title\" content=\"Governo bate martelo sobre prazo para emiss\u00e3o da nova Carteira de Identidade e documentos obrigat\u00f3rios para emiss\u00e3o - Estado de Minas - Em foco\" \/>\n<meta property=\"og:description\" content=\"O prazo para trocar a identidade \u00e9 at\u00e9 2032. Saiba onde agendar para emitir a nova CIN com seguran\u00e7a e sem fraudes.\" \/>\n<meta property=\"og:url\" content=\"https:\/\/www.em.com.br\/emfoco\/2025\/10\/30\/governo-bate-martelo-sobre-prazo-para-emissao-da-nova-carteira-de-identidade-e-documentos-obrigatorios-para-emissao\/\" \/>\n<meta property=\"og:site_name\" content=\"Estado de Minas - Em foco\" \/>\n<meta property=\"article:published_time\" content=\"2025-10-30T17:15:00+00:00\" \/>\n<meta property=\"article:modified_time\" content=\"2025-10-29T21:53:24+00:00\" \/>\n<meta property=\"og:image\" content=\"https:\/\/www.em.com.br\/emfoco\/wp-content\/uploads\/2025\/10\/passaporte-brasil_1761042423092.jpg\" \/>\n\t<meta property=\"og:image:width\" content=\"1280\" \/>\n\t<meta property=\"og:image:height\" content=\"720\" \/>\n\t<meta property=\"og:image:type\" content=\"image\/jpeg\" \/>\n<meta name=\"author\" content=\"Ingrid Diniz\" \/>\n<meta name=\"twitter:card\" content=\"summary_large_image\" \/>\n<meta name=\"twitter:label1\" content=\"Escrito por\" \/>\n\t<meta name=\"twitter:data1\" content=\"Ingrid Diniz\" \/>\n\t<meta name=\"twitter:label2\" content=\"Est. tempo de leitura\" \/>\n\t<meta name=\"twitter:data2\" content=\"3 minutos\" \/>\n<!-- \/ Yoast SEO plugin. -->","yoast_head_json":{"title":"Governo bate martelo sobre prazo para emiss\u00e3o da nova Carteira de Identidade e documentos obrigat\u00f3rios para emiss\u00e3o - Estado de Minas - Em foco","description":"O prazo para trocar a identidade \u00e9 at\u00e9 2032. Saiba onde agendar para emitir a nova CIN com seguran\u00e7a e sem fraudes.","robots":{"index":"index","follow":"follow","max-snippet":"max-snippet:-1","max-image-preview":"max-image-preview:large","max-video-preview":"max-video-preview:-1"},"canonical":"https:\/\/www.em.com.br\/emfoco\/2025\/10\/30\/governo-bate-martelo-sobre-prazo-para-emissao-da-nova-carteira-de-identidade-e-documentos-obrigatorios-para-emissao\/","og_locale":"pt_BR","og_type":"article","og_title":"Governo bate martelo sobre prazo para emiss\u00e3o da nova Carteira de Identidade e documentos obrigat\u00f3rios para emiss\u00e3o - Estado de Minas - Em foco","og_description":"O prazo para trocar a identidade \u00e9 at\u00e9 2032. Saiba onde agendar para emitir a nova CIN com seguran\u00e7a e sem fraudes.","og_url":"https:\/\/www.em.com.br\/emfoco\/2025\/10\/30\/governo-bate-martelo-sobre-prazo-para-emissao-da-nova-carteira-de-identidade-e-documentos-obrigatorios-para-emissao\/","og_site_name":"Estado de Minas - Em foco","article_published_time":"2025-10-30T17:15:00+00:00","article_modified_time":"2025-10-29T21:53:24+00:00","og_image":[{"width":1280,"height":720,"url":"https:\/\/www.em.com.br\/emfoco\/wp-content\/uploads\/2025\/10\/passaporte-brasil_1761042423092.jpg","type":"image\/jpeg"}],"author":"Ingrid Diniz","twitter_card":"summary_large_image","twitter_misc":{"Escrito por":"Ingrid Diniz","Est. tempo de leitura":"3 minutos"},"schema":{"@context":"https:\/\/schema.org","@graph":[{"@type":"WebPage","@id":"https:\/\/www.em.com.br\/emfoco\/2025\/10\/30\/governo-bate-martelo-sobre-prazo-para-emissao-da-nova-carteira-de-identidade-e-documentos-obrigatorios-para-emissao\/","url":"https:\/\/www.em.com.br\/emfoco\/2025\/10\/30\/governo-bate-martelo-sobre-prazo-para-emissao-da-nova-carteira-de-identidade-e-documentos-obrigatorios-para-emissao\/","name":"Governo bate martelo sobre prazo para emiss\u00e3o da nova Carteira de Identidade e documentos obrigat\u00f3rios para emiss\u00e3o - Estado de Minas - Em foco","isPartOf":{"@id":"https:\/\/www.em.com.br\/emfoco\/#website"},"primaryImageOfPage":{"@id":"https:\/\/www.em.com.br\/emfoco\/2025\/10\/30\/governo-bate-martelo-sobre-prazo-para-emissao-da-nova-carteira-de-identidade-e-documentos-obrigatorios-para-emissao\/#primaryimage"},"image":{"@id":"https:\/\/www.em.com.br\/emfoco\/2025\/10\/30\/governo-bate-martelo-sobre-prazo-para-emissao-da-nova-carteira-de-identidade-e-documentos-obrigatorios-para-emissao\/#primaryimage"},"thumbnailUrl":"https:\/\/www.em.com.br\/emfoco\/wp-content\/uploads\/2025\/10\/passaporte-brasil_1761042423092.jpg","datePublished":"2025-10-30T17:15:00+00:00","dateModified":"2025-10-29T21:53:24+00:00","author":{"@id":"https:\/\/www.em.com.br\/emfoco\/#\/schema\/person\/649e610b4eb8fff87ff394e54fe17b2b"},"description":"O prazo para trocar a identidade \u00e9 at\u00e9 2032. Saiba onde agendar para emitir a nova CIN com seguran\u00e7a e sem fraudes.","breadcrumb":{"@id":"https:\/\/www.em.com.br\/emfoco\/2025\/10\/30\/governo-bate-martelo-sobre-prazo-para-emissao-da-nova-carteira-de-identidade-e-documentos-obrigatorios-para-emissao\/#breadcrumb"},"inLanguage":"pt-BR","potentialAction":[{"@type":"ReadAction","target":["https:\/\/www.em.com.br\/emfoco\/2025\/10\/30\/governo-bate-martelo-sobre-prazo-para-emissao-da-nova-carteira-de-identidade-e-documentos-obrigatorios-para-emissao\/"]}]},{"@type":"ImageObject","inLanguage":"pt-BR","@id":"https:\/\/www.em.com.br\/emfoco\/2025\/10\/30\/governo-bate-martelo-sobre-prazo-para-emissao-da-nova-carteira-de-identidade-e-documentos-obrigatorios-para-emissao\/#primaryimage","url":"https:\/\/www.em.com.br\/emfoco\/wp-content\/uploads\/2025\/10\/passaporte-brasil_1761042423092.jpg","contentUrl":"https:\/\/www.em.com.br\/emfoco\/wp-content\/uploads\/2025\/10\/passaporte-brasil_1761042423092.jpg","width":1280,"height":720,"caption":"Passaporte brasileiro em cima de uma bandeira do Brasil - Cr\u00e9ditos: depositphotos.com \/ julioricco"},{"@type":"BreadcrumbList","@id":"https:\/\/www.em.com.br\/emfoco\/2025\/10\/30\/governo-bate-martelo-sobre-prazo-para-emissao-da-nova-carteira-de-identidade-e-documentos-obrigatorios-para-emissao\/#breadcrumb","itemListElement":[{"@type":"ListItem","position":1,"name":"In\u00edcio","item":"https:\/\/www.em.com.br\/emfoco\/"},{"@type":"ListItem","position":2,"name":"Governo bate martelo sobre prazo para emiss\u00e3o da nova Carteira de Identidade e documentos obrigat\u00f3rios para emiss\u00e3o"}]},{"@type":"WebSite","@id":"https:\/\/www.em.com.br\/emfoco\/#website","url":"https:\/\/www.em.com.br\/emfoco\/","name":"Estado de Minas - Em foco","description":"Acompanhe as \u00faltimas not\u00edcias e fique bem informado sobre tudo o que acontece em Minas Gerais, Brasil e no mundo.","potentialAction":[{"@type":"SearchAction","target":{"@type":"EntryPoint","urlTemplate":"https:\/\/www.em.com.br\/emfoco\/?s={search_term_string}"},"query-input":{"@type":"PropertyValueSpecification","valueRequired":true,"valueName":"search_term_string"}}],"inLanguage":"pt-BR"},{"@type":"Person","@id":"https:\/\/www.em.com.br\/emfoco\/#\/schema\/person\/649e610b4eb8fff87ff394e54fe17b2b","name":"Ingrid Diniz","image":{"@type":"ImageObject","inLanguage":"pt-BR","@id":"https:\/\/www.em.com.br\/emfoco\/#\/schema\/person\/image\/","url":"https:\/\/secure.gravatar.com\/avatar\/a3baa1449ec5c39b4c42babc9d4f3951?s=96&d=mm&r=g","contentUrl":"https:\/\/secure.gravatar.com\/avatar\/a3baa1449ec5c39b4c42babc9d4f3951?s=96&d=mm&r=g","caption":"Ingrid Diniz"},"sameAs":["https:\/\/www.em.com.br\/"],"url":"https:\/\/www.em.com.br\/emfoco\/author\/ingridmyth\/"}]}},"_links":{"self":[{"href":"https:\/\/www.em.com.br\/emfoco\/wp-json\/wp\/v2\/posts\/120833","targetHints":{"allow":["GET"]}}],"collection":[{"href":"https:\/\/www.em.com.br\/emfoco\/wp-json\/wp\/v2\/posts"}],"about":[{"href":"https:\/\/www.em.com.br\/emfoco\/wp-json\/wp\/v2\/types\/post"}],"author":[{"embeddable":true,"href":"https:\/\/www.em.com.br\/emfoco\/wp-json\/wp\/v2\/users\/20"}],"replies":[{"embeddable":true,"href":"https:\/\/www.em.com.br\/emfoco\/wp-json\/wp\/v2\/comments?post=120833"}],"version-history":[{"count":2,"href":"https:\/\/www.em.com.br\/emfoco\/wp-json\/wp\/v2\/posts\/120833\/revisions"}],"predecessor-version":[{"id":121014,"href":"https:\/\/www.em.com.br\/emfoco\/wp-json\/wp\/v2\/posts\/120833\/revisions\/121014"}],"wp:featuredmedia":[{"embeddable":true,"href":"https:\/\/www.em.com.br\/emfoco\/wp-json\/wp\/v2\/media\/120361"}],"wp:attachment":[{"href":"https:\/\/www.em.com.br\/emfoco\/wp-json\/wp\/v2\/media?parent=120833"}],"wp:term":[{"taxonomy":"category","embeddable":true,"href":"https:\/\/www.em.com.br\/emfoco\/wp-json\/wp\/v2\/categories?post=120833"},{"taxonomy":"post_tag","embeddable":true,"href":"https:\/\/www.em.com.br\/emfoco\/wp-json\/wp\/v2\/tags?post=120833"}],"curies":[{"name":"wp","href":"https:\/\/api.w.org\/{rel}","templated":true}]}}