{"id":120729,"date":"2025-10-30T14:25:18","date_gmt":"2025-10-30T17:25:18","guid":{"rendered":"https:\/\/www.em.com.br\/emfoco\/?p=120729"},"modified":"2025-10-29T19:09:21","modified_gmt":"2025-10-29T22:09:21","slug":"as-tendencias-de-unhas-mais-desejadas-para-brilhar-no-verao-de-2026","status":"publish","type":"post","link":"https:\/\/www.em.com.br\/emfoco\/2025\/10\/30\/as-tendencias-de-unhas-mais-desejadas-para-brilhar-no-verao-de-2026\/","title":{"rendered":"As tend\u00eancias de unhas mais desejadas para brilhar no ver\u00e3o de 2026"},"content":{"rendered":"\n<p>A moda das <b>unhas<\/b> sempre evolui, trazendo a cada temporada novas <b>tend\u00eancias<\/b> que inspiram quem adora experimentar e inovar. Para o <b>ver\u00e3o de 2026<\/b>, os estilos <b>coloridos<\/b> e <b>criativos<\/b> prometem ganhar protagonismo, refletindo <b>energia<\/b>, <b>frescor<\/b> e <b>alegria<\/b> nas m\u00e3os, tornando as unhas um verdadeiro acess\u00f3rio para complementar qualquer visual.<\/p>\n\n\n\n<h2 class=\"wp-block-heading\">Unhas de gel aliam praticidade a um efeito impec\u00e1vel<\/h2>\n\n\n\n<p>As <b>unhas de gel<\/b> seguem como queridinhas por sua <b>durabilidade<\/b> e <b>acabamento profissional<\/b>. Com alta resist\u00eancia, permitem ousar em <b>cores<\/b> e <b>desenhos<\/b>, mantendo o visual bonito por muito mais tempo, mesmo na rotina intensa dos dias quentes.<\/p>\n\n\n\n<p>Al\u00e9m disso, essa t\u00e9cnica serve de base para diversos estilos, do <b>minimalista<\/b> ao <b>art\u00edstico<\/b>. O gel possibilita brincar com diferentes formatos de unhas, como <b>stiletto<\/b> e <b>bailarina<\/b>, para quem deseja um toque extra de personalidade.<\/p>\n\n\n\n<h2 class=\"wp-block-heading\">Por que os tons pastel continuam como tend\u00eancia forte?<\/h2>\n\n\n\n<p><b>Tons <a href=\"https:\/\/br.pinterest.com\/search\/pins\/?q=unhas%20cor%20pastel&amp;rs=typed\" target=\"_blank\" rel=\"noopener\">pastel<\/a><\/b> seguem em alta por transmitirem <b>suavidade<\/b> e <b>modernidade<\/b> ao look de ver\u00e3o. Essas cores leves harmonizam com a esta\u00e7\u00e3o e s\u00e3o f\u00e1ceis de combinar tanto em ocasi\u00f5es casuais quanto em eventos formais.<\/p>\n\n\n\n<iframe loading=\"lazy\" src=\"https:\/\/assets.pinterest.com\/ext\/embed.html?id=5840674510808287\" height=\"618\" width=\"345\" frameborder=\"0\" scrolling=\"no\" ><\/iframe>\n\n\n\n<p>Entre as <b>nuances<\/b> mais queridas deste ano, destacam-se:<\/p>\n\n\n\n<ul class=\"wp-block-list\">\n<li><b>Lil\u00e1s delicado<\/b><\/li>\n\n\n\n<li><b>Verde menta<\/b><\/li>\n\n\n\n<li><b>P\u00eassego suave<\/b><\/li>\n\n\n\n<li><b>Azul beb\u00ea<\/b><\/li>\n\n\n\n<li><b>Rosa claro<\/b><\/li>\n<\/ul>\n\n\n\n<h2 class=\"wp-block-heading\">Tabela de tend\u00eancias para o ver\u00e3o 2026<\/h2>\n\n\n\n<figure class=\"wp-block-table\"><table class=\"has-fixed-layout\"><thead><tr><th><b>Tend\u00eancia<\/b><\/th><th><b>Cores em Alta<\/b><\/th><th><b>Dica Extra<\/b><\/th><\/tr><\/thead><tbody><tr><td><b>Unhas de Gel<\/b><\/td><td><b>Degrad\u00eas<\/b>, <b>francesinhas modernas<\/b>, <b>nail art met\u00e1lica<\/b><\/td><td>Abuse dos formatos <b>stiletto<\/b> e <b>bailarina<\/b> para ousadia<\/td><\/tr><tr><td><b>Tons Pastel<\/b><\/td><td><b>Lil\u00e1s<\/b>, <b>verde menta<\/b>, <b>p\u00eassego<\/b>, <b>azul beb\u00ea<\/b>, <b>rosa claro<\/b><\/td><td>Alterne entre acabamento <b>fosco<\/b> e <b>brilhante<\/b><\/td><\/tr><tr><td><b>Neon<\/b><\/td><td><b>Verde<\/b>, <b>rosa<\/b> e <b>amarelo neon<\/b><\/td><td>Combine o <b>neon<\/b> ao branco para efeito moderno<\/td><\/tr><tr><td><b>Texturas &amp; Aplica\u00e7\u00f5es<\/b><\/td><td><b>Glitter<\/b>, <b>metalizados<\/b>, <b>hologr\u00e1fico<\/b><\/td><td>Experimente <b>pedrarias<\/b> ou <b>desenhos em relevo<\/b> em apenas uma unha<\/td><\/tr><tr><td><b>Nail Art Gr\u00e1fica<\/b><\/td><td><b>Preto<\/b>, <b>branco<\/b> e <b>contrastes<\/b><\/td><td>\u00d3timo para <b>unhas curtas\/m\u00e9dias<\/b> e quem quer um <b>visual moderno<\/b><\/td><\/tr><\/tbody><\/table><\/figure>\n\n\n\n<h2 class=\"wp-block-heading\">Como escolher a nail art ideal para cada ocasi\u00e3o?<\/h2>\n\n\n\n<p>Escolher entre tantas op\u00e7\u00f5es de <b>nail art<\/b> pode parecer complicado, mas pensar no seu <b>estilo pessoal<\/b> e na <b>ocasi\u00e3o<\/b> de uso facilita o processo. Leve em considera\u00e7\u00e3o as <b>cores<\/b> que valorizam seu <b>tom de pele<\/b> e est\u00e3o em harmonia com seu <b>guarda-roupa<\/b>.<\/p>\n\n\n\n<p>Auferir equil\u00edbrio entre <b>ousadia<\/b> e <b>discri\u00e7\u00e3o<\/b> ajuda a garantir um resultado elegante. O importante \u00e9 se sentir <b>confort\u00e1vel<\/b> e confiante com a <b>escolha<\/b>, tornando as unhas um reflexo aut\u00eantico da personalidade.<\/p>\n\n\n\n<h2 class=\"wp-block-heading\">O que faz as texturas e aplica\u00e7\u00f5es ganharem destaque neste ver\u00e3o<\/h2>\n\n\n\n<p>Adotar <b>texturas<\/b> e <b>aplica\u00e7\u00f5es<\/b> \u00e9 o segredo para transformar <b>unhas simples<\/b> em uma produ\u00e7\u00e3o marcante. Esta temporada d\u00e1 prefer\u00eancia a <b>acabamentos tridimensionais<\/b>, que brilham \u00e0 luz do sol e ampliam as <b>possibilidades criativas<\/b>.<\/p>\n\n\n\n<p>Para quem deseja experimentar, veja abaixo algumas das <b>aplica\u00e7\u00f5es favoritas<\/b> deste ver\u00e3o:<\/p>\n\n\n\n<ul class=\"wp-block-list\">\n<li><b>Glitter<\/b> para um efeito luminoso<\/li>\n<\/ul>\n\n\n\n<iframe loading=\"lazy\" src=\"https:\/\/assets.pinterest.com\/ext\/embed.html?id=6614730698561367\" height=\"714\" width=\"345\" frameborder=\"0\" scrolling=\"no\" ><\/iframe>\n\n\n\n<ul class=\"wp-block-list\">\n<li><b>Pedrarias delicadas<\/b><\/li>\n<\/ul>\n\n\n\n<iframe loading=\"lazy\" src=\"https:\/\/assets.pinterest.com\/ext\/embed.html?id=703756188727226\" height=\"532\" width=\"345\" frameborder=\"0\" scrolling=\"no\" ><\/iframe>\n\n\n\n<ul class=\"wp-block-list\">\n<li><b>Desenhos em relevo<\/b><\/li>\n<\/ul>\n\n\n\n<iframe loading=\"lazy\" src=\"https:\/\/assets.pinterest.com\/ext\/embed.html?id=49047083437558178\" height=\"615\" width=\"345\" frameborder=\"0\" scrolling=\"no\" ><\/iframe>\n\n\n\n<ul class=\"wp-block-list\">\n<li><b>Apliques metalizados<\/b><\/li>\n<\/ul>\n\n\n\n<iframe loading=\"lazy\" src=\"https:\/\/assets.pinterest.com\/ext\/embed.html?id=211174978753892\" height=\"714\" width=\"345\" frameborder=\"0\" scrolling=\"no\" ><\/iframe>\n\n\n\n<h2 class=\"wp-block-heading\">As cores neon realmente s\u00e3o o destaque vibrante do ver\u00e3o?<\/h2>\n\n\n\n<p><b>Cores neon<\/b> conquistam espa\u00e7o por sua <b>energia<\/b> e alto <b>impacto visual<\/b>, ideais para animar <b>festas<\/b>, <b>festivais<\/b> e eventos ao ar livre. As nuances intensas elevam o astral e s\u00e3o perfeitas para quem deseja marcar presen\u00e7a sem esfor\u00e7o.<\/p>\n\n\n\n<iframe loading=\"lazy\" width=\"560\" height=\"315\" src=\"https:\/\/www.youtube.com\/embed\/wvy7S9sOLEc?si=8qMO0FLoK3nnsxwE\" title=\"YouTube video player\" frameborder=\"0\" allow=\"accelerometer; autoplay; clipboard-write; encrypted-media; gyroscope; picture-in-picture; web-share\" referrerpolicy=\"strict-origin-when-cross-origin\" allowfullscreen><\/iframe>\n\n\n\n<p><b>Verde el\u00e9trico<\/b>, <b>rosa neon<\/b> e <b>amarelo fluorescente<\/b> s\u00e3o apostas seguras. Incorporar pelo menos um tom <b>neon<\/b> nos detalhes transforma o look de modo instant\u00e2neo e moderno, celebrando a <b>autenticidade<\/b> da esta\u00e7\u00e3o.<\/p>\n\n\n\n<p>Leia tamb\u00e9m:&nbsp;<a href=\"https:\/\/www.em.com.br\/emfoco\/2025\/10\/26\/o-oleo-3-em-1-ele-hidratar-a-pele-combate-o-frizz-e-fortalece-unhas-por-menos-de-r30\/\" target=\"_blank\" rel=\"noopener\">O \u00f3leo 3 em 1! Ele hidratar a pele, combate o frizz e fortalece unhas por menos de R$30<\/a><\/p>\n\n\n\n<p><\/p>\n","protected":false},"excerpt":{"rendered":"<p>A moda das unhas sempre evolui, trazendo a cada temporada novas tend\u00eancias que inspiram quem adora experimentar e inovar. Para o ver\u00e3o de 2026, os estilos coloridos e criativos prometem ganhar protagonismo, refletindo energia, frescor e alegria nas m\u00e3os, tornando as unhas um verdadeiro acess\u00f3rio para complementar qualquer visual. Unhas de gel aliam praticidade a [&hellip;]<\/p>\n","protected":false},"author":9,"featured_media":120784,"comment_status":"open","ping_status":"open","sticky":false,"template":"","format":"standard","meta":{"jnews-multi-image_gallery":[],"jnews_single_post":{"format":"standard"},"jnews_primary_category":[],"jnews_social_meta":[],"jnews_override_counter":[],"footnotes":""},"categories":[8819,1],"tags":[13176,18071,5354],"class_list":["post-120729","post","type-post","status-publish","format-standard","has-post-thumbnail","hentry","category-curiosidades","category-noticias","tag-cores-de-unhas","tag-cuidados-com-unhas","tag-unhas"],"yoast_head":"<!-- This site is optimized with the Yoast SEO plugin v23.8 - https:\/\/yoast.com\/wordpress\/plugins\/seo\/ -->\n<title>As tend\u00eancias de unhas mais desejadas para brilhar no ver\u00e3o de 2026<\/title>\n<meta name=\"description\" content=\"O calor pede cor e criatividade nas m\u00e3os. Descubra as tend\u00eancias vibrantes, dos tons pastel \u00e0s texturas, que v\u00e3o dominar as unhas na esta\u00e7\u00e3o.\" \/>\n<meta name=\"robots\" content=\"index, follow, max-snippet:-1, max-image-preview:large, max-video-preview:-1\" \/>\n<link rel=\"canonical\" href=\"https:\/\/www.em.com.br\/emfoco\/2025\/10\/30\/as-tendencias-de-unhas-mais-desejadas-para-brilhar-no-verao-de-2026\/\" \/>\n<meta property=\"og:locale\" content=\"pt_BR\" \/>\n<meta property=\"og:type\" content=\"article\" \/>\n<meta property=\"og:title\" content=\"As tend\u00eancias de unhas mais desejadas para brilhar no ver\u00e3o de 2026\" \/>\n<meta property=\"og:description\" content=\"O calor pede cor e criatividade nas m\u00e3os. Descubra as tend\u00eancias vibrantes, dos tons pastel \u00e0s texturas, que v\u00e3o dominar as unhas na esta\u00e7\u00e3o.\" \/>\n<meta property=\"og:url\" content=\"https:\/\/www.em.com.br\/emfoco\/2025\/10\/30\/as-tendencias-de-unhas-mais-desejadas-para-brilhar-no-verao-de-2026\/\" \/>\n<meta property=\"og:site_name\" content=\"Estado de Minas - Em foco\" \/>\n<meta property=\"article:published_time\" content=\"2025-10-30T17:25:18+00:00\" \/>\n<meta property=\"article:modified_time\" content=\"2025-10-29T22:09:21+00:00\" \/>\n<meta property=\"og:image\" content=\"https:\/\/www.em.com.br\/emfoco\/wp-content\/uploads\/2025\/10\/unha-cor-pastel_1761747376251.jpg\" \/>\n\t<meta property=\"og:image:width\" content=\"1280\" \/>\n\t<meta property=\"og:image:height\" content=\"720\" \/>\n\t<meta property=\"og:image:type\" content=\"image\/jpeg\" \/>\n<meta name=\"author\" content=\"Daniely Cardoso\" \/>\n<meta name=\"twitter:card\" content=\"summary_large_image\" \/>\n<meta name=\"twitter:label1\" content=\"Escrito por\" \/>\n\t<meta name=\"twitter:data1\" content=\"Daniely Cardoso\" \/>\n\t<meta name=\"twitter:label2\" content=\"Est. tempo de leitura\" \/>\n\t<meta name=\"twitter:data2\" content=\"4 minutos\" \/>\n<!-- \/ Yoast SEO plugin. -->","yoast_head_json":{"title":"As tend\u00eancias de unhas mais desejadas para brilhar no ver\u00e3o de 2026","description":"O calor pede cor e criatividade nas m\u00e3os. Descubra as tend\u00eancias vibrantes, dos tons pastel \u00e0s texturas, que v\u00e3o dominar as unhas na esta\u00e7\u00e3o.","robots":{"index":"index","follow":"follow","max-snippet":"max-snippet:-1","max-image-preview":"max-image-preview:large","max-video-preview":"max-video-preview:-1"},"canonical":"https:\/\/www.em.com.br\/emfoco\/2025\/10\/30\/as-tendencias-de-unhas-mais-desejadas-para-brilhar-no-verao-de-2026\/","og_locale":"pt_BR","og_type":"article","og_title":"As tend\u00eancias de unhas mais desejadas para brilhar no ver\u00e3o de 2026","og_description":"O calor pede cor e criatividade nas m\u00e3os. Descubra as tend\u00eancias vibrantes, dos tons pastel \u00e0s texturas, que v\u00e3o dominar as unhas na esta\u00e7\u00e3o.","og_url":"https:\/\/www.em.com.br\/emfoco\/2025\/10\/30\/as-tendencias-de-unhas-mais-desejadas-para-brilhar-no-verao-de-2026\/","og_site_name":"Estado de Minas - Em foco","article_published_time":"2025-10-30T17:25:18+00:00","article_modified_time":"2025-10-29T22:09:21+00:00","og_image":[{"width":1280,"height":720,"url":"https:\/\/www.em.com.br\/emfoco\/wp-content\/uploads\/2025\/10\/unha-cor-pastel_1761747376251.jpg","type":"image\/jpeg"}],"author":"Daniely Cardoso","twitter_card":"summary_large_image","twitter_misc":{"Escrito por":"Daniely Cardoso","Est. tempo de leitura":"4 minutos"},"schema":{"@context":"https:\/\/schema.org","@graph":[{"@type":"WebPage","@id":"https:\/\/www.em.com.br\/emfoco\/2025\/10\/30\/as-tendencias-de-unhas-mais-desejadas-para-brilhar-no-verao-de-2026\/","url":"https:\/\/www.em.com.br\/emfoco\/2025\/10\/30\/as-tendencias-de-unhas-mais-desejadas-para-brilhar-no-verao-de-2026\/","name":"As tend\u00eancias de unhas mais desejadas para brilhar no ver\u00e3o de 2026","isPartOf":{"@id":"https:\/\/www.em.com.br\/emfoco\/#website"},"primaryImageOfPage":{"@id":"https:\/\/www.em.com.br\/emfoco\/2025\/10\/30\/as-tendencias-de-unhas-mais-desejadas-para-brilhar-no-verao-de-2026\/#primaryimage"},"image":{"@id":"https:\/\/www.em.com.br\/emfoco\/2025\/10\/30\/as-tendencias-de-unhas-mais-desejadas-para-brilhar-no-verao-de-2026\/#primaryimage"},"thumbnailUrl":"https:\/\/www.em.com.br\/emfoco\/wp-content\/uploads\/2025\/10\/unha-cor-pastel_1761747376251.jpg","datePublished":"2025-10-30T17:25:18+00:00","dateModified":"2025-10-29T22:09:21+00:00","author":{"@id":"https:\/\/www.em.com.br\/emfoco\/#\/schema\/person\/0a8186d72f2c3a5c6276d90b41f271a0"},"description":"O calor pede cor e criatividade nas m\u00e3os. Descubra as tend\u00eancias vibrantes, dos tons pastel \u00e0s texturas, que v\u00e3o dominar as unhas na esta\u00e7\u00e3o.","breadcrumb":{"@id":"https:\/\/www.em.com.br\/emfoco\/2025\/10\/30\/as-tendencias-de-unhas-mais-desejadas-para-brilhar-no-verao-de-2026\/#breadcrumb"},"inLanguage":"pt-BR","potentialAction":[{"@type":"ReadAction","target":["https:\/\/www.em.com.br\/emfoco\/2025\/10\/30\/as-tendencias-de-unhas-mais-desejadas-para-brilhar-no-verao-de-2026\/"]}]},{"@type":"ImageObject","inLanguage":"pt-BR","@id":"https:\/\/www.em.com.br\/emfoco\/2025\/10\/30\/as-tendencias-de-unhas-mais-desejadas-para-brilhar-no-verao-de-2026\/#primaryimage","url":"https:\/\/www.em.com.br\/emfoco\/wp-content\/uploads\/2025\/10\/unha-cor-pastel_1761747376251.jpg","contentUrl":"https:\/\/www.em.com.br\/emfoco\/wp-content\/uploads\/2025\/10\/unha-cor-pastel_1761747376251.jpg","width":1280,"height":720,"caption":"Tons pastel seguem em alta por transmitirem suavidade - Cr\u00e9ditos: depositphotos.com \/ Denisfilm"},{"@type":"BreadcrumbList","@id":"https:\/\/www.em.com.br\/emfoco\/2025\/10\/30\/as-tendencias-de-unhas-mais-desejadas-para-brilhar-no-verao-de-2026\/#breadcrumb","itemListElement":[{"@type":"ListItem","position":1,"name":"In\u00edcio","item":"https:\/\/www.em.com.br\/emfoco\/"},{"@type":"ListItem","position":2,"name":"As tend\u00eancias de unhas mais desejadas para brilhar no ver\u00e3o de 2026"}]},{"@type":"WebSite","@id":"https:\/\/www.em.com.br\/emfoco\/#website","url":"https:\/\/www.em.com.br\/emfoco\/","name":"Estado de Minas - Em foco","description":"Acompanhe as \u00faltimas not\u00edcias e fique bem informado sobre tudo o que acontece em Minas Gerais, Brasil e no mundo.","potentialAction":[{"@type":"SearchAction","target":{"@type":"EntryPoint","urlTemplate":"https:\/\/www.em.com.br\/emfoco\/?s={search_term_string}"},"query-input":{"@type":"PropertyValueSpecification","valueRequired":true,"valueName":"search_term_string"}}],"inLanguage":"pt-BR"},{"@type":"Person","@id":"https:\/\/www.em.com.br\/emfoco\/#\/schema\/person\/0a8186d72f2c3a5c6276d90b41f271a0","name":"Daniely Cardoso","image":{"@type":"ImageObject","inLanguage":"pt-BR","@id":"https:\/\/www.em.com.br\/emfoco\/#\/schema\/person\/image\/","url":"https:\/\/secure.gravatar.com\/avatar\/4b80ddbd124d1f071b626d52d62e5dff?s=96&d=mm&r=g","contentUrl":"https:\/\/secure.gravatar.com\/avatar\/4b80ddbd124d1f071b626d52d62e5dff?s=96&d=mm&r=g","caption":"Daniely Cardoso"},"url":"https:\/\/www.em.com.br\/emfoco\/author\/danielymyth\/"}]}},"_links":{"self":[{"href":"https:\/\/www.em.com.br\/emfoco\/wp-json\/wp\/v2\/posts\/120729","targetHints":{"allow":["GET"]}}],"collection":[{"href":"https:\/\/www.em.com.br\/emfoco\/wp-json\/wp\/v2\/posts"}],"about":[{"href":"https:\/\/www.em.com.br\/emfoco\/wp-json\/wp\/v2\/types\/post"}],"author":[{"embeddable":true,"href":"https:\/\/www.em.com.br\/emfoco\/wp-json\/wp\/v2\/users\/9"}],"replies":[{"embeddable":true,"href":"https:\/\/www.em.com.br\/emfoco\/wp-json\/wp\/v2\/comments?post=120729"}],"version-history":[{"count":4,"href":"https:\/\/www.em.com.br\/emfoco\/wp-json\/wp\/v2\/posts\/120729\/revisions"}],"predecessor-version":[{"id":121032,"href":"https:\/\/www.em.com.br\/emfoco\/wp-json\/wp\/v2\/posts\/120729\/revisions\/121032"}],"wp:featuredmedia":[{"embeddable":true,"href":"https:\/\/www.em.com.br\/emfoco\/wp-json\/wp\/v2\/media\/120784"}],"wp:attachment":[{"href":"https:\/\/www.em.com.br\/emfoco\/wp-json\/wp\/v2\/media?parent=120729"}],"wp:term":[{"taxonomy":"category","embeddable":true,"href":"https:\/\/www.em.com.br\/emfoco\/wp-json\/wp\/v2\/categories?post=120729"},{"taxonomy":"post_tag","embeddable":true,"href":"https:\/\/www.em.com.br\/emfoco\/wp-json\/wp\/v2\/tags?post=120729"}],"curies":[{"name":"wp","href":"https:\/\/api.w.org\/{rel}","templated":true}]}}