{"id":120726,"date":"2025-10-30T13:15:27","date_gmt":"2025-10-30T16:15:27","guid":{"rendered":"https:\/\/www.em.com.br\/emfoco\/?p=120726"},"modified":"2025-10-29T19:07:51","modified_gmt":"2025-10-29T22:07:51","slug":"cansada-de-cremes-caros-esses-oleos-naturais-deixam-a-pele-hidratada-e-luminosa","status":"publish","type":"post","link":"https:\/\/www.em.com.br\/emfoco\/2025\/10\/30\/cansada-de-cremes-caros-esses-oleos-naturais-deixam-a-pele-hidratada-e-luminosa\/","title":{"rendered":"Cansada de cremes caros? Esses \u00f3leos naturais deixam a pele hidratada e luminosa"},"content":{"rendered":"\n<p>A busca por uma <strong>pele saud\u00e1vel<\/strong> e radiante tem impulsionado o interesse em tratamentos de beleza naturais e caseiros, destacando-se o uso de <strong>\u00f3leos faciais<\/strong> como alternativa sustent\u00e1vel e flex\u00edvel aos <strong>cosm\u00e9ticos tradicionais<\/strong>, com a vantagem de permitir a <strong>personaliza\u00e7\u00e3o<\/strong> conforme as necessidades individuais da pele.<\/p>\n\n\n\n<h2 class=\"wp-block-heading\">Como escolher o melhor \u00f3leo facial para a sua pele<\/h2>\n\n\n\n<p>Selecionar os <strong>\u00f3leos adequados<\/strong> \u00e9 essencial para montar um <strong>\u00f3leo facial eficaz<\/strong> e seguro. Entre as principais op\u00e7\u00f5es est\u00e3o <strong>\u00f3leos vegetais<\/strong> com propriedades comprovadas, que promovem <strong>hidrata\u00e7\u00e3o<\/strong>, <strong>equil\u00edbrio da oleosidade<\/strong> e <strong>prote\u00e7\u00e3o antioxidante<\/strong>.<\/p>\n\n\n\n<p>Al\u00e9m dos cl\u00e1ssicos <strong>jojoba<\/strong>, <strong>rosa mosqueta<\/strong> e <strong>argan<\/strong>, h\u00e1 outros <strong>\u00f3leos vegetais<\/strong> que podem potencializar os cuidados, dependendo do seu tipo de pele e objetivo. <strong>\u00d3leos essenciais<\/strong>, como <strong>lavanda<\/strong>, tamb\u00e9m podem ser inclu\u00eddos, desde que devidamente dilu\u00eddos. Veja alguns dos \u00f3leos mais indicados:<\/p>\n\n\n\n<figure class=\"wp-block-table\"><table class=\"has-fixed-layout\"><thead><tr><th>\u00d3leo<\/th><th>Indica\u00e7\u00e3o Principal<\/th><th>Benef\u00edcios<\/th><th>Tipo de Pele<\/th><\/tr><\/thead><tbody><tr><td><strong>\u00d3leo de jojoba<\/strong><\/td><td>Controle da oleosidade<\/td><td>Equilibra a produ\u00e7\u00e3o de sebo, n\u00e3o obstrui os poros<\/td><td>Mista a oleosa<\/td><\/tr><tr><td><strong>\u00d3leo de rosa mosqueta<\/strong><\/td><td>Regenera\u00e7\u00e3o e manchas<\/td><td>Estimula a renova\u00e7\u00e3o celular e clareia manchas<\/td><td>Seca a normal<\/td><\/tr><tr><td><strong>\u00d3leo de argan<\/strong><\/td><td>Hidrata\u00e7\u00e3o intensa<\/td><td>Poder hidratante, antioxidante, combate linhas finas<\/td><td>Seca a normal<\/td><\/tr><tr><td><strong>\u00d3leo essencial de lavanda<\/strong><\/td><td>A\u00e7\u00e3o calmante<\/td><td>Reduz irrita\u00e7\u00f5es, proporciona aroma relaxante<\/td><td>Todos os tipos (com dilui\u00e7\u00e3o)<\/td><\/tr><tr><td><strong>\u00d3leo de semente de uva<\/strong><\/td><td>Nutri\u00e7\u00e3o leve<\/td><td>Rico em vitamina E, r\u00e1pida absor\u00e7\u00e3o<\/td><td>Mista a oleosa<\/td><\/tr><tr><td><strong>\u00d3leo de am\u00eandoas doces<\/strong><\/td><td>Maciez<\/td><td>Proporciona suavidade, ideal para peles sens\u00edveis<\/td><td>Seca, sens\u00edvel<\/td><\/tr><\/tbody><\/table><\/figure>\n\n\n\n<ul class=\"wp-block-list\">\n<li><strong>\u00d3leo de jojoba<\/strong>: controla a oleosidade sem obstruir os poros<\/li>\n<\/ul>\n\n\n\n<blockquote class=\"tiktok-embed\" cite=\"https:\/\/www.tiktok.com\/@talitarodriguesmonaco\/video\/7105856438521777414\" data-video-id=\"7105856438521777414\" style=\"max-width: 605px;min-width: 325px;\" > <section> <a target=\"_blank\" title=\"@talitarodriguesmonaco\" href=\"https:\/\/www.tiktok.com\/@talitarodriguesmonaco?refer=embed\">@talitarodriguesmonaco<\/a> Responder @clarassil \ud83e\udd70 um dos momentos favoritos do dia \u2665\ufe0f <a title=\"limpezacomoleo\" target=\"_blank\" href=\"https:\/\/www.tiktok.com\/tag\/limpezacomoleo?refer=embed\">#limpezacomoleo<\/a> <a title=\"rotinadepele\" target=\"_blank\" href=\"https:\/\/www.tiktok.com\/tag\/rotinadepele?refer=embed\">#rotinadepele<\/a> <a title=\"retirarcravos\" target=\"_blank\" href=\"https:\/\/www.tiktok.com\/tag\/retirarcravos?refer=embed\">#retirarcravos<\/a> <a title=\"cravoseespinhas\" target=\"_blank\" href=\"https:\/\/www.tiktok.com\/tag\/cravoseespinhas?refer=embed\">#cravoseespinhas<\/a> <a target=\"_blank\" title=\"\u266c Fairy Magic - Adam Saunders &#38; Mark Cousins\" href=\"https:\/\/www.tiktok.com\/music\/Fairy-Magic-6728216219217840129?refer=embed\">\u266c Fairy Magic &#8211; Adam Saunders &#38; Mark Cousins<\/a> <\/section> <\/blockquote> <script async src=\"https:\/\/www.tiktok.com\/embed.js\"><\/script>\n\n\n\n<ul class=\"wp-block-list\">\n<li><strong>\u00d3leo de rosa mosqueta<\/strong>: auxilia em manchas e regenera\u00e7\u00e3o da pele<\/li>\n<\/ul>\n\n\n\n<blockquote class=\"tiktok-embed\" cite=\"https:\/\/www.tiktok.com\/@joicetaborda1\/video\/7516660243208719622\" data-video-id=\"7516660243208719622\" style=\"max-width: 605px;min-width: 325px;\" > <section> <a target=\"_blank\" title=\"@joicetaborda1\" href=\"https:\/\/www.tiktok.com\/@joicetaborda1?refer=embed\">@joicetaborda1<\/a> Oq voc\u00eas n\u00e3o me pedem rindo q eu fa\u00e7o chorando n\u00e9 ? T\u00e1 a\u00ed a rosa mosqueta rubidinosa com efic\u00e1cia comprovada!! Da @BellaPhytus <a target=\"_blank\" title=\"\u266c som original - Joice Taborda\" href=\"https:\/\/www.tiktok.com\/music\/som-original-7516660297189624582?refer=embed\">\u266c som original &#8211; Joice Taborda<\/a> <\/section> <\/blockquote> <script async src=\"https:\/\/www.tiktok.com\/embed.js\"><\/script>\n\n\n\n<ul class=\"wp-block-list\">\n<li><strong>\u00d3leo de argan<\/strong>: profundo poder hidratante e antioxidante<\/li>\n<\/ul>\n\n\n\n<blockquote class=\"tiktok-embed\" cite=\"https:\/\/www.tiktok.com\/@elianeivaamaral\/video\/7331747048959528197\" data-video-id=\"7331747048959528197\" style=\"max-width: 605px;min-width: 325px;\" > <section> <a target=\"_blank\" title=\"@elianeivaamaral\" href=\"https:\/\/www.tiktok.com\/@elianeivaamaral?refer=embed\">@elianeivaamaral<\/a> \u00d3leo de Argan INOAR <a title=\"inoar\" target=\"_blank\" href=\"https:\/\/www.tiktok.com\/tag\/inoar?refer=embed\">#inoar<\/a> <a title=\"oleodeargan\" target=\"_blank\" href=\"https:\/\/www.tiktok.com\/tag\/oleodeargan?refer=embed\">#oleodeargan<\/a> <a title=\"oleodeargan\" target=\"_blank\" href=\"https:\/\/www.tiktok.com\/tag\/oleodeargan?refer=embed\">#oleodeargan<\/a> <a title=\"inoarbrasil\" target=\"_blank\" href=\"https:\/\/www.tiktok.com\/tag\/inoarbrasil?refer=embed\">#inoarbrasil<\/a> <a title=\"cabelo\" target=\"_blank\" href=\"https:\/\/www.tiktok.com\/tag\/cabelo?refer=embed\">#cabelo<\/a> <a title=\"cabelocacheado\" target=\"_blank\" href=\"https:\/\/www.tiktok.com\/tag\/cabelocacheado?refer=embed\">#cabelocacheado<\/a> <a title=\"dicas\" target=\"_blank\" href=\"https:\/\/www.tiktok.com\/tag\/dicas?refer=embed\">#dicas<\/a> <a title=\"hair\" target=\"_blank\" href=\"https:\/\/www.tiktok.com\/tag\/hair?refer=embed\">#hair<\/a> @InoarBrasil <a target=\"_blank\" title=\"\u266c Echos in My Mind (Lofi) - Muspace Lofi\" href=\"https:\/\/www.tiktok.com\/music\/Echos-in-My-Mind-Lofi-7197097971182209025?refer=embed\">\u266c Echos in My Mind (Lofi) &#8211; Muspace Lofi<\/a> <\/section> <\/blockquote> <script async src=\"https:\/\/www.tiktok.com\/embed.js\"><\/script>\n\n\n\n<ul class=\"wp-block-list\">\n<li><strong>\u00d3leo essencial de lavanda<\/strong>: proporciona aroma relaxante e a\u00e7\u00e3o calmante<\/li>\n<\/ul>\n\n\n\n<blockquote class=\"tiktok-embed\" cite=\"https:\/\/www.tiktok.com\/@le.ssential\/video\/7337829269357432070\" data-video-id=\"7337829269357432070\" style=\"max-width: 605px;min-width: 325px;\" > <section> <a target=\"_blank\" title=\"@le.ssential\" href=\"https:\/\/www.tiktok.com\/@le.ssential?refer=embed\">@le.ssential<\/a> <a title=\"lavanda\" target=\"_blank\" href=\"https:\/\/www.tiktok.com\/tag\/lavanda?refer=embed\">#lavanda<\/a> \u00e9 <a title=\"tudodebom\" target=\"_blank\" href=\"https:\/\/www.tiktok.com\/tag\/tudodebom?refer=embed\">#tudodebom<\/a> . <a title=\"relaxante\" target=\"_blank\" href=\"https:\/\/www.tiktok.com\/tag\/relaxante?refer=embed\">#relaxante<\/a> e <a title=\"sono\" target=\"_blank\" href=\"https:\/\/www.tiktok.com\/tag\/sono?refer=embed\">#sono<\/a> <a target=\"_blank\" title=\"\u266c som original - le.ssential\" href=\"https:\/\/www.tiktok.com\/music\/som-original-7337829335901932293?refer=embed\">\u266c som original &#8211; le.ssential<\/a> <\/section> <\/blockquote> <script async src=\"https:\/\/www.tiktok.com\/embed.js\"><\/script>\n\n\n\n<h2 class=\"wp-block-heading\">Como preparar um \u00f3leo facial caseiro facilmente<\/h2>\n\n\n\n<p>Fazer seu pr\u00f3prio <strong>\u00f3leo facial<\/strong> \u00e9 simples, pr\u00e1tico e pode ser adaptado ao perfil da sua pele. Escolha dois <strong>\u00f3leos base<\/strong> e um <strong>\u00f3leo essencial<\/strong> para come\u00e7ar, sempre utilizando um recipiente limpo e seco para evitar contamina\u00e7\u00f5es.<\/p>\n\n\n\n<p>Misture, por exemplo, meia colher de ch\u00e1 de <strong>\u00f3leo de jojoba<\/strong> com meia colher de ch\u00e1 de <strong>\u00f3leo de argan<\/strong> e adicione de duas a tr\u00eas gotas de <strong>\u00f3leo essencial de lavanda<\/strong>. Armazene em <strong>vidro escuro<\/strong>, agite antes de usar e aplique massageando o rosto suavemente. Sempre fa\u00e7a um <strong>teste de <a href=\"https:\/\/vidasaudavel.einstein.br\/alergia\/\" target=\"_blank\" rel=\"noopener\">alergia<\/a><\/strong> antes do uso.<\/p>\n\n\n\n<iframe loading=\"lazy\" width=\"560\" height=\"315\" src=\"https:\/\/www.youtube.com\/embed\/IjZ8Lvihjlw?si=ep30WvPGmxl0_pCz\" title=\"YouTube video player\" frameborder=\"0\" allow=\"accelerometer; autoplay; clipboard-write; encrypted-media; gyroscope; picture-in-picture; web-share\" referrerpolicy=\"strict-origin-when-cross-origin\" allowfullscreen><\/iframe>\n\n\n\n<h2 class=\"wp-block-heading\">Por que usar \u00f3leos faciais pode trazer benef\u00edcios a longo prazo<\/h2>\n\n\n\n<p>Manter o uso regular de <strong>\u00f3leos faciais<\/strong> na rotina contribui para a <strong>hidrata\u00e7\u00e3o profunda<\/strong>, <strong>luminosidade<\/strong> e <strong>elasticidade da pele<\/strong>. Os <strong>nutrientes<\/strong> e <strong>antioxidantes<\/strong> presentes ajudam a combater sinais de <strong>envelhecimento<\/strong>, como rugas e linhas finas.<\/p>\n\n\n\n<p>A <strong>prote\u00e7\u00e3o<\/strong> contra <strong>polui\u00e7\u00e3o<\/strong> e <strong>danos ambientais<\/strong> \u00e9 outro benef\u00edcio dos \u00f3leos vegetais. Para melhores resultados, recomenda-se associar o uso destes \u00f3leos com <strong>h\u00e1bitos de vida saud\u00e1veis<\/strong> e <strong>boa alimenta\u00e7\u00e3o<\/strong>, promovendo uma pele visivelmente radiante por mais tempo.<\/p>\n\n\n\n<p>Leia tamb\u00e9m:&nbsp;<a href=\"https:\/\/www.em.com.br\/emfoco\/2025\/10\/26\/como-usar-oleos-naturais-para-nutrir-profundamente-os-fios-e-acabar-com-as-pontas-duplas\/\" target=\"_blank\" rel=\"noopener\">Como usar \u00f3leos naturais para nutrir profundamente os fios e acabar com as pontas duplas<\/a><\/p>\n\n\n\n<p><\/p>\n","protected":false},"excerpt":{"rendered":"<p>A busca por uma pele saud\u00e1vel e radiante tem impulsionado o interesse em tratamentos de beleza naturais e caseiros, destacando-se o uso de \u00f3leos faciais como alternativa sustent\u00e1vel e flex\u00edvel aos cosm\u00e9ticos tradicionais, com a vantagem de permitir a personaliza\u00e7\u00e3o conforme as necessidades individuais da pele. Como escolher o melhor \u00f3leo facial para a sua [&hellip;]<\/p>\n","protected":false},"author":9,"featured_media":35550,"comment_status":"open","ping_status":"open","sticky":false,"template":"","format":"standard","meta":{"jnews-multi-image_gallery":[],"jnews_single_post":{"format":"standard"},"jnews_primary_category":[],"jnews_social_meta":[],"jnews_override_counter":[],"footnotes":""},"categories":[8819,1],"tags":[18069,11280,18070],"class_list":["post-120726","post","type-post","status-publish","format-standard","has-post-thumbnail","hentry","category-curiosidades","category-noticias","tag-glow-up","tag-mascara-facial","tag-oleo-facil"],"yoast_head":"<!-- This site is optimized with the Yoast SEO plugin v23.8 - https:\/\/yoast.com\/wordpress\/plugins\/seo\/ -->\n<title>Cansada de cremes caros? Esses \u00f3leos naturais deixam a pele hidratada e luminosa<\/title>\n<meta name=\"description\" content=\"Aprenda a escolher e preparar \u00f3leos faciais caseiros para hidratar, nutrir e proteger a pele, deixando-a radiante e saud\u00e1vel.\" \/>\n<meta name=\"robots\" content=\"index, follow, max-snippet:-1, max-image-preview:large, max-video-preview:-1\" \/>\n<link rel=\"canonical\" href=\"https:\/\/www.em.com.br\/emfoco\/2025\/10\/30\/cansada-de-cremes-caros-esses-oleos-naturais-deixam-a-pele-hidratada-e-luminosa\/\" \/>\n<meta property=\"og:locale\" content=\"pt_BR\" \/>\n<meta property=\"og:type\" content=\"article\" \/>\n<meta property=\"og:title\" content=\"Cansada de cremes caros? Esses \u00f3leos naturais deixam a pele hidratada e luminosa\" \/>\n<meta property=\"og:description\" content=\"Aprenda a escolher e preparar \u00f3leos faciais caseiros para hidratar, nutrir e proteger a pele, deixando-a radiante e saud\u00e1vel.\" \/>\n<meta property=\"og:url\" content=\"https:\/\/www.em.com.br\/emfoco\/2025\/10\/30\/cansada-de-cremes-caros-esses-oleos-naturais-deixam-a-pele-hidratada-e-luminosa\/\" \/>\n<meta property=\"og:site_name\" content=\"Estado de Minas - Em foco\" \/>\n<meta property=\"article:published_time\" content=\"2025-10-30T16:15:27+00:00\" \/>\n<meta property=\"article:modified_time\" content=\"2025-10-29T22:07:51+00:00\" \/>\n<meta property=\"og:image\" content=\"https:\/\/www.em.com.br\/emfoco\/wp-content\/uploads\/2025\/04\/colageno_1743866225412.jpg\" \/>\n\t<meta property=\"og:image:width\" content=\"1280\" \/>\n\t<meta property=\"og:image:height\" content=\"720\" \/>\n\t<meta property=\"og:image:type\" content=\"image\/jpeg\" \/>\n<meta name=\"author\" content=\"Daniely Cardoso\" \/>\n<meta name=\"twitter:card\" content=\"summary_large_image\" \/>\n<meta name=\"twitter:label1\" content=\"Escrito por\" \/>\n\t<meta name=\"twitter:data1\" content=\"Daniely Cardoso\" \/>\n\t<meta name=\"twitter:label2\" content=\"Est. tempo de leitura\" \/>\n\t<meta name=\"twitter:data2\" content=\"3 minutos\" \/>\n<!-- \/ Yoast SEO plugin. -->","yoast_head_json":{"title":"Cansada de cremes caros? Esses \u00f3leos naturais deixam a pele hidratada e luminosa","description":"Aprenda a escolher e preparar \u00f3leos faciais caseiros para hidratar, nutrir e proteger a pele, deixando-a radiante e saud\u00e1vel.","robots":{"index":"index","follow":"follow","max-snippet":"max-snippet:-1","max-image-preview":"max-image-preview:large","max-video-preview":"max-video-preview:-1"},"canonical":"https:\/\/www.em.com.br\/emfoco\/2025\/10\/30\/cansada-de-cremes-caros-esses-oleos-naturais-deixam-a-pele-hidratada-e-luminosa\/","og_locale":"pt_BR","og_type":"article","og_title":"Cansada de cremes caros? Esses \u00f3leos naturais deixam a pele hidratada e luminosa","og_description":"Aprenda a escolher e preparar \u00f3leos faciais caseiros para hidratar, nutrir e proteger a pele, deixando-a radiante e saud\u00e1vel.","og_url":"https:\/\/www.em.com.br\/emfoco\/2025\/10\/30\/cansada-de-cremes-caros-esses-oleos-naturais-deixam-a-pele-hidratada-e-luminosa\/","og_site_name":"Estado de Minas - Em foco","article_published_time":"2025-10-30T16:15:27+00:00","article_modified_time":"2025-10-29T22:07:51+00:00","og_image":[{"width":1280,"height":720,"url":"https:\/\/www.em.com.br\/emfoco\/wp-content\/uploads\/2025\/04\/colageno_1743866225412.jpg","type":"image\/jpeg"}],"author":"Daniely Cardoso","twitter_card":"summary_large_image","twitter_misc":{"Escrito por":"Daniely Cardoso","Est. tempo de leitura":"3 minutos"},"schema":{"@context":"https:\/\/schema.org","@graph":[{"@type":"WebPage","@id":"https:\/\/www.em.com.br\/emfoco\/2025\/10\/30\/cansada-de-cremes-caros-esses-oleos-naturais-deixam-a-pele-hidratada-e-luminosa\/","url":"https:\/\/www.em.com.br\/emfoco\/2025\/10\/30\/cansada-de-cremes-caros-esses-oleos-naturais-deixam-a-pele-hidratada-e-luminosa\/","name":"Cansada de cremes caros? Esses \u00f3leos naturais deixam a pele hidratada e luminosa","isPartOf":{"@id":"https:\/\/www.em.com.br\/emfoco\/#website"},"primaryImageOfPage":{"@id":"https:\/\/www.em.com.br\/emfoco\/2025\/10\/30\/cansada-de-cremes-caros-esses-oleos-naturais-deixam-a-pele-hidratada-e-luminosa\/#primaryimage"},"image":{"@id":"https:\/\/www.em.com.br\/emfoco\/2025\/10\/30\/cansada-de-cremes-caros-esses-oleos-naturais-deixam-a-pele-hidratada-e-luminosa\/#primaryimage"},"thumbnailUrl":"https:\/\/www.em.com.br\/emfoco\/wp-content\/uploads\/2025\/04\/colageno_1743866225412.jpg","datePublished":"2025-10-30T16:15:27+00:00","dateModified":"2025-10-29T22:07:51+00:00","author":{"@id":"https:\/\/www.em.com.br\/emfoco\/#\/schema\/person\/0a8186d72f2c3a5c6276d90b41f271a0"},"description":"Aprenda a escolher e preparar \u00f3leos faciais caseiros para hidratar, nutrir e proteger a pele, deixando-a radiante e saud\u00e1vel.","breadcrumb":{"@id":"https:\/\/www.em.com.br\/emfoco\/2025\/10\/30\/cansada-de-cremes-caros-esses-oleos-naturais-deixam-a-pele-hidratada-e-luminosa\/#breadcrumb"},"inLanguage":"pt-BR","potentialAction":[{"@type":"ReadAction","target":["https:\/\/www.em.com.br\/emfoco\/2025\/10\/30\/cansada-de-cremes-caros-esses-oleos-naturais-deixam-a-pele-hidratada-e-luminosa\/"]}]},{"@type":"ImageObject","inLanguage":"pt-BR","@id":"https:\/\/www.em.com.br\/emfoco\/2025\/10\/30\/cansada-de-cremes-caros-esses-oleos-naturais-deixam-a-pele-hidratada-e-luminosa\/#primaryimage","url":"https:\/\/www.em.com.br\/emfoco\/wp-content\/uploads\/2025\/04\/colageno_1743866225412.jpg","contentUrl":"https:\/\/www.em.com.br\/emfoco\/wp-content\/uploads\/2025\/04\/colageno_1743866225412.jpg","width":1280,"height":720,"caption":"\u00f3leo para pele - Cr\u00e9ditos: depositphotos.com \/ IgorVetushko"},{"@type":"BreadcrumbList","@id":"https:\/\/www.em.com.br\/emfoco\/2025\/10\/30\/cansada-de-cremes-caros-esses-oleos-naturais-deixam-a-pele-hidratada-e-luminosa\/#breadcrumb","itemListElement":[{"@type":"ListItem","position":1,"name":"In\u00edcio","item":"https:\/\/www.em.com.br\/emfoco\/"},{"@type":"ListItem","position":2,"name":"Cansada de cremes caros? Esses \u00f3leos naturais deixam a pele hidratada e luminosa"}]},{"@type":"WebSite","@id":"https:\/\/www.em.com.br\/emfoco\/#website","url":"https:\/\/www.em.com.br\/emfoco\/","name":"Estado de Minas - Em foco","description":"Acompanhe as \u00faltimas not\u00edcias e fique bem informado sobre tudo o que acontece em Minas Gerais, Brasil e no mundo.","potentialAction":[{"@type":"SearchAction","target":{"@type":"EntryPoint","urlTemplate":"https:\/\/www.em.com.br\/emfoco\/?s={search_term_string}"},"query-input":{"@type":"PropertyValueSpecification","valueRequired":true,"valueName":"search_term_string"}}],"inLanguage":"pt-BR"},{"@type":"Person","@id":"https:\/\/www.em.com.br\/emfoco\/#\/schema\/person\/0a8186d72f2c3a5c6276d90b41f271a0","name":"Daniely Cardoso","image":{"@type":"ImageObject","inLanguage":"pt-BR","@id":"https:\/\/www.em.com.br\/emfoco\/#\/schema\/person\/image\/","url":"https:\/\/secure.gravatar.com\/avatar\/4b80ddbd124d1f071b626d52d62e5dff?s=96&d=mm&r=g","contentUrl":"https:\/\/secure.gravatar.com\/avatar\/4b80ddbd124d1f071b626d52d62e5dff?s=96&d=mm&r=g","caption":"Daniely Cardoso"},"url":"https:\/\/www.em.com.br\/emfoco\/author\/danielymyth\/"}]}},"_links":{"self":[{"href":"https:\/\/www.em.com.br\/emfoco\/wp-json\/wp\/v2\/posts\/120726","targetHints":{"allow":["GET"]}}],"collection":[{"href":"https:\/\/www.em.com.br\/emfoco\/wp-json\/wp\/v2\/posts"}],"about":[{"href":"https:\/\/www.em.com.br\/emfoco\/wp-json\/wp\/v2\/types\/post"}],"author":[{"embeddable":true,"href":"https:\/\/www.em.com.br\/emfoco\/wp-json\/wp\/v2\/users\/9"}],"replies":[{"embeddable":true,"href":"https:\/\/www.em.com.br\/emfoco\/wp-json\/wp\/v2\/comments?post=120726"}],"version-history":[{"count":4,"href":"https:\/\/www.em.com.br\/emfoco\/wp-json\/wp\/v2\/posts\/120726\/revisions"}],"predecessor-version":[{"id":121030,"href":"https:\/\/www.em.com.br\/emfoco\/wp-json\/wp\/v2\/posts\/120726\/revisions\/121030"}],"wp:featuredmedia":[{"embeddable":true,"href":"https:\/\/www.em.com.br\/emfoco\/wp-json\/wp\/v2\/media\/35550"}],"wp:attachment":[{"href":"https:\/\/www.em.com.br\/emfoco\/wp-json\/wp\/v2\/media?parent=120726"}],"wp:term":[{"taxonomy":"category","embeddable":true,"href":"https:\/\/www.em.com.br\/emfoco\/wp-json\/wp\/v2\/categories?post=120726"},{"taxonomy":"post_tag","embeddable":true,"href":"https:\/\/www.em.com.br\/emfoco\/wp-json\/wp\/v2\/tags?post=120726"}],"curies":[{"name":"wp","href":"https:\/\/api.w.org\/{rel}","templated":true}]}}