{"id":120708,"date":"2025-11-02T11:00:00","date_gmt":"2025-11-02T14:00:00","guid":{"rendered":"https:\/\/www.em.com.br\/emfoco\/?p=120708"},"modified":"2025-11-02T09:21:53","modified_gmt":"2025-11-02T12:21:53","slug":"novo-imposto-sobre-aluguel-tem-causado-preocupacao-com-a-incerteza-de-quem-ira-sofrer-com-essas-mudancas","status":"publish","type":"post","link":"https:\/\/www.em.com.br\/emfoco\/2025\/11\/02\/novo-imposto-sobre-aluguel-tem-causado-preocupacao-com-a-incerteza-de-quem-ira-sofrer-com-essas-mudancas\/","title":{"rendered":"Novo imposto sobre aluguel tem causado preocupa\u00e7\u00e3o com a incerteza de quem ir\u00e1 sofrer com essas mudan\u00e7as"},"content":{"rendered":"\n<p>O&nbsp;<strong>novo imposto sobre aluguel<\/strong>&nbsp;tem causado d\u00favidas com a reforma tribut\u00e1ria que envolve a cria\u00e7\u00e3o do IBS e CBS. O imposto n\u00e3o atingir\u00e1 todos os propriet\u00e1rios, apenas quem tem mais de tr\u00eas im\u00f3veis alugados e receita anual acima de 240 mil reais. Ainda h\u00e1 incertezas sobre o impacto para inquilinos e propriet\u00e1rios e sobre o cronograma de implementa\u00e7\u00e3o.<\/p>\n\n\n\n<ul class=\"wp-block-list\">\n<li>Crit\u00e9rios espec\u00edficos para incid\u00eancia do novo imposto<\/li>\n\n\n\n<li>Funcionamento de IBS e CBS na loca\u00e7\u00e3o<\/li>\n\n\n\n<li>Impactos no mercado e no planejamento dos propriet\u00e1rios<\/li>\n<\/ul>\n\n\n\n<h2 class=\"wp-block-heading\">Quem ser\u00e1 afetado por esse imposto sobre aluguel?<\/h2>\n\n\n\n<p>Para quem tem d\u00favida, a incid\u00eancia de&nbsp;<strong>IBS e CBS<\/strong>&nbsp;s\u00f3 ocorre se o propriet\u00e1rio tiver mais de tr\u00eas im\u00f3veis para loca\u00e7\u00e3o e, ao mesmo tempo, obter receita anual superior a 240 mil reais. N\u00e3o basta cumprir apenas um dos requisitos.<\/p>\n\n\n\n<p>Essa regra \u00e9 voltada a quem j\u00e1 organiza uma atividade econ\u00f4mica. Quem n\u00e3o chega a esse limite segue pagando o Imposto de Renda como pessoa f\u00edsica.<\/p>\n\n\n\n<figure class=\"wp-block-image\"><img decoding=\"async\" src=\"https:\/\/www.em.com.br\/emfoco\/wp-content\/uploads\/2025\/10\/Gemini_Generated_Image_qz5uk6qz5uk6qz5u-1-1024x576.png\" alt=\"\"\/><figcaption class=\"wp-element-caption\">Impacto tribut\u00e1rio pode ser repassado aos locat\u00e1rios<\/figcaption><\/figure>\n\n\n\n<h2 class=\"wp-block-heading\">Como funciona a incid\u00eancia de IBS e CBS nas loca\u00e7\u00f5es?<\/h2>\n\n\n\n<p>No novo modelo,&nbsp;<strong>IBS e CBS<\/strong>&nbsp;substituem antigos tributos sobre consumo e servi\u00e7os. Para contratos de loca\u00e7\u00e3o, redutores podem ser aplicados na base de c\u00e1lculo, deixando a al\u00edquota efetiva menor.<\/p>\n\n\n\n<p>A cobran\u00e7a desses tributos \u00e9 feita antes do Imposto de Renda, e o efeito combinado depende da renda e do tipo de contrato firmado.<\/p>\n\n\n\n<h2 class=\"wp-block-heading\">Quais exemplos demonstram a aplica\u00e7\u00e3o pr\u00e1tica do imposto?<\/h2>\n\n\n\n<p>Entender exemplos reais ajuda a verificar em quais situa\u00e7\u00f5es haver\u00e1 incid\u00eancia ou n\u00e3o da tributa\u00e7\u00e3o. Veja um exemplo em que ambos os requisitos s\u00e3o cumpridos e outro em que apenas um deles aparece.<\/p>\n\n\n\n<ul class=\"wp-block-list\">\n<li>Propriet\u00e1rio com quatro im\u00f3veis e 250 mil reais anuais ser\u00e1 tributado.<\/li>\n\n\n\n<li>Propriet\u00e1rio com dois im\u00f3veis e 300 mil reais n\u00e3o sofre incid\u00eancia.<\/li>\n<\/ul>\n\n\n\n<h2 class=\"wp-block-heading\">Quando o novo imposto ser\u00e1 implementado e como ser\u00e1 a transi\u00e7\u00e3o?<\/h2>\n\n\n\n<p>A previs\u00e3o \u00e9 que o novo imposto comece a valer em 2027, com aplica\u00e7\u00e3o gradual das al\u00edquotas. O impacto no in\u00edcio ser\u00e1 limitado por taxas reduzidas neste per\u00edodo de transi\u00e7\u00e3o.<\/p>\n\n\n\n<p>Al\u00e9m disso, se a renda de alugu\u00e9is ultrapassar 288 mil reais durante o ano, o contribuinte poder\u00e1 ser enquadrado como pagador desses tributos.<\/p>\n\n\n\n<figure class=\"wp-block-image\"><img decoding=\"async\" src=\"https:\/\/www.em.com.br\/emfoco\/wp-content\/uploads\/2025\/05\/aluguel_1746797693798-1024x576.jpg\" alt=\"\"\/><figcaption class=\"wp-element-caption\">Restri\u00e7\u00e3o deve excluir a maior parte dos pequenos propriet\u00e1rios &#8211; Cr\u00e9ditos: depositphotos.com \/ AndrewLozovyi<\/figcaption><\/figure>\n\n\n\n<h2 class=\"wp-block-heading\">Como funciona o imposto para aluguel de temporada e plataformas digitais?<\/h2>\n\n\n\n<p>No caso dos contratos de temporada, a base de c\u00e1lculo \u00e9 reduzida em 40%. Isso resulta em al\u00edquota efetiva mais alta que a loca\u00e7\u00e3o tradicional, exigindo planejamento para evitar surpresas fiscais.<\/p>\n\n\n\n<p>Essa sistem\u00e1tica tamb\u00e9m valoriza a regulariza\u00e7\u00e3o dos alugu\u00e9is feitos por plataformas digitais em cidades tur\u00edsticas, equiparando com a hospedagem formal.<\/p>\n\n\n\n<h2 class=\"wp-block-heading\">O que muda para inquilinos com o novo imposto sobre aluguel?<\/h2>\n\n\n\n<p>No curto prazo, a al\u00edquota reduzida dificulta o repasse total do novo custo para os inquilinos. Mas, com o tempo, os contratos poder\u00e3o ser ajustados conforme o crescimento das al\u00edquotas.<\/p>\n\n\n\n<p>Vale lembrar que o desenvolvimento do&nbsp;<strong>Cadastro Imobili\u00e1rio Brasileiro<\/strong>&nbsp;pode motivar mudan\u00e7as tamb\u00e9m no IPTU, com efeito direto no valor pago pelo inquilino.<\/p>\n\n\n\n<h2 class=\"wp-block-heading\">Como o propriet\u00e1rio pode se adaptar \u00e0s novas regras?<\/h2>\n\n\n\n<p>Uma revis\u00e3o e organiza\u00e7\u00e3o do portf\u00f3lio de im\u00f3veis \u00e9 necess\u00e1ria para identificar se o propriet\u00e1rio se enquadra no novo imposto. Simula\u00e7\u00f5es de IBS e CBS e contratos padronizados ajudam a minimizar riscos fiscais.<\/p>\n\n\n\n<p>No aluguel de temporada, uma gest\u00e3o eficiente de calend\u00e1rio e pre\u00e7os tamb\u00e9m pode suavizar os efeitos da tributa\u00e7\u00e3o.<\/p>\n\n\n\n<h2 class=\"wp-block-heading\">Quais s\u00e3o as d\u00favidas mais comuns sobre o novo imposto?<\/h2>\n\n\n\n<p>Para facilitar o entendimento, reunimos abaixo respostas para perguntas frequentes sobre os impactos do novo imposto sobre aluguel:<\/p>\n\n\n\n<ul class=\"wp-block-list\">\n<li>Quem tem at\u00e9 tr\u00eas im\u00f3veis permanece fora do novo imposto, desde que n\u00e3o cumpra ambos os crit\u00e9rios.<\/li>\n\n\n\n<li>A al\u00edquota m\u00e1xima ser\u00e1 implantada de forma gradual, e n\u00e3o imediatamente.<\/li>\n\n\n\n<li>Aluguel de temporada geralmente paga uma al\u00edquota efetiva maior.<\/li>\n<\/ul>\n\n\n\n<h2 class=\"wp-block-heading\">Quais pontos propriet\u00e1rios e inquilinos devem considerar?<\/h2>\n\n\n\n<p>Para lidar com as novidades, o planejamento \u00e9 fundamental para ambos os lados. Propriet\u00e1rios devem buscar gest\u00e3o profissional e revis\u00f5es contratuais, enquanto inquilinos devem estar atentos a eventuais reajustes e mudan\u00e7as no valor do aluguel.<\/p>\n\n\n\n<ul class=\"wp-block-list\">\n<li>O novo&nbsp;<strong>imposto sobre aluguel<\/strong>&nbsp;n\u00e3o incide para quem tem at\u00e9 tr\u00eas im\u00f3veis.<\/li>\n\n\n\n<li>Planejamento tribut\u00e1rio ajuda a evitar surpresas com a mudan\u00e7a.<\/li>\n\n\n\n<li>Ajustes gradativos e boa gest\u00e3o dos contratos ser\u00e3o essenciais para uma adapta\u00e7\u00e3o tranquila.<\/li>\n<\/ul>\n","protected":false},"excerpt":{"rendered":"<p>O&nbsp;novo imposto sobre aluguel&nbsp;tem causado d\u00favidas com a reforma tribut\u00e1ria que envolve a cria\u00e7\u00e3o do IBS e CBS. O imposto n\u00e3o atingir\u00e1 todos os propriet\u00e1rios, apenas quem tem mais de tr\u00eas im\u00f3veis alugados e receita anual acima de 240 mil reais. Ainda h\u00e1 incertezas sobre o impacto para inquilinos e propriet\u00e1rios e sobre o cronograma [&hellip;]<\/p>\n","protected":false},"author":11,"featured_media":120838,"comment_status":"open","ping_status":"open","sticky":false,"template":"","format":"standard","meta":{"jnews-multi-image_gallery":[],"jnews_single_post":{"format":"standard"},"jnews_primary_category":[],"jnews_social_meta":[],"jnews_override_counter":[],"footnotes":""},"categories":[28,1],"tags":[1526,2699,941,1012],"class_list":["post-120708","post","type-post","status-publish","format-standard","has-post-thumbnail","hentry","category-economia","category-noticias","tag-aluguel","tag-aluguel-de-imovel","tag-imposto","tag-reforma"],"yoast_head":"<!-- This site is optimized with the Yoast SEO plugin v23.8 - https:\/\/yoast.com\/wordpress\/plugins\/seo\/ -->\n<title>Novo imposto sobre aluguel tem causado preocupa\u00e7\u00e3o com a incerteza de quem ir\u00e1 sofrer com essas mudan\u00e7as - Estado de Minas - Em foco<\/title>\n<meta name=\"description\" content=\"O novo imposto sobre aluguel preocupa propriet\u00e1rios e inquilinos. Entenda quem ser\u00e1 afetado e o que muda com a reforma tribut\u00e1ria.\" \/>\n<meta name=\"robots\" content=\"index, follow, max-snippet:-1, max-image-preview:large, max-video-preview:-1\" \/>\n<link rel=\"canonical\" href=\"https:\/\/www.em.com.br\/emfoco\/2025\/11\/02\/novo-imposto-sobre-aluguel-tem-causado-preocupacao-com-a-incerteza-de-quem-ira-sofrer-com-essas-mudancas\/\" \/>\n<meta property=\"og:locale\" content=\"pt_BR\" \/>\n<meta property=\"og:type\" content=\"article\" \/>\n<meta property=\"og:title\" content=\"Novo imposto sobre aluguel tem causado preocupa\u00e7\u00e3o com a incerteza de quem ir\u00e1 sofrer com essas mudan\u00e7as - Estado de Minas - Em foco\" \/>\n<meta property=\"og:description\" content=\"O novo imposto sobre aluguel preocupa propriet\u00e1rios e inquilinos. Entenda quem ser\u00e1 afetado e o que muda com a reforma tribut\u00e1ria.\" \/>\n<meta property=\"og:url\" content=\"https:\/\/www.em.com.br\/emfoco\/2025\/11\/02\/novo-imposto-sobre-aluguel-tem-causado-preocupacao-com-a-incerteza-de-quem-ira-sofrer-com-essas-mudancas\/\" \/>\n<meta property=\"og:site_name\" content=\"Estado de Minas - Em foco\" \/>\n<meta property=\"article:published_time\" content=\"2025-11-02T14:00:00+00:00\" \/>\n<meta property=\"article:modified_time\" content=\"2025-11-02T12:21:53+00:00\" \/>\n<meta property=\"og:image\" content=\"https:\/\/www.em.com.br\/emfoco\/wp-content\/uploads\/2025\/10\/Gemini_Generated_Image_fdrbnlfdrbnlfdrb-1.jpg\" \/>\n\t<meta property=\"og:image:width\" content=\"1280\" \/>\n\t<meta property=\"og:image:height\" content=\"720\" \/>\n\t<meta property=\"og:image:type\" content=\"image\/jpeg\" \/>\n<meta name=\"author\" content=\"Andre\u0301 Rangel\u00a0\" \/>\n<meta name=\"twitter:card\" content=\"summary_large_image\" \/>\n<meta name=\"twitter:label1\" content=\"Escrito por\" \/>\n\t<meta name=\"twitter:data1\" content=\"Andre\u0301 Rangel\u00a0\" \/>\n\t<meta name=\"twitter:label2\" content=\"Est. tempo de leitura\" \/>\n\t<meta name=\"twitter:data2\" content=\"5 minutos\" \/>\n<!-- \/ Yoast SEO plugin. -->","yoast_head_json":{"title":"Novo imposto sobre aluguel tem causado preocupa\u00e7\u00e3o com a incerteza de quem ir\u00e1 sofrer com essas mudan\u00e7as - Estado de Minas - Em foco","description":"O novo imposto sobre aluguel preocupa propriet\u00e1rios e inquilinos. Entenda quem ser\u00e1 afetado e o que muda com a reforma tribut\u00e1ria.","robots":{"index":"index","follow":"follow","max-snippet":"max-snippet:-1","max-image-preview":"max-image-preview:large","max-video-preview":"max-video-preview:-1"},"canonical":"https:\/\/www.em.com.br\/emfoco\/2025\/11\/02\/novo-imposto-sobre-aluguel-tem-causado-preocupacao-com-a-incerteza-de-quem-ira-sofrer-com-essas-mudancas\/","og_locale":"pt_BR","og_type":"article","og_title":"Novo imposto sobre aluguel tem causado preocupa\u00e7\u00e3o com a incerteza de quem ir\u00e1 sofrer com essas mudan\u00e7as - Estado de Minas - Em foco","og_description":"O novo imposto sobre aluguel preocupa propriet\u00e1rios e inquilinos. Entenda quem ser\u00e1 afetado e o que muda com a reforma tribut\u00e1ria.","og_url":"https:\/\/www.em.com.br\/emfoco\/2025\/11\/02\/novo-imposto-sobre-aluguel-tem-causado-preocupacao-com-a-incerteza-de-quem-ira-sofrer-com-essas-mudancas\/","og_site_name":"Estado de Minas - Em foco","article_published_time":"2025-11-02T14:00:00+00:00","article_modified_time":"2025-11-02T12:21:53+00:00","og_image":[{"width":1280,"height":720,"url":"https:\/\/www.em.com.br\/emfoco\/wp-content\/uploads\/2025\/10\/Gemini_Generated_Image_fdrbnlfdrbnlfdrb-1.jpg","type":"image\/jpeg"}],"author":"Andre\u0301 Rangel\u00a0","twitter_card":"summary_large_image","twitter_misc":{"Escrito por":"Andre\u0301 Rangel\u00a0","Est. tempo de leitura":"5 minutos"},"schema":{"@context":"https:\/\/schema.org","@graph":[{"@type":"WebPage","@id":"https:\/\/www.em.com.br\/emfoco\/2025\/11\/02\/novo-imposto-sobre-aluguel-tem-causado-preocupacao-com-a-incerteza-de-quem-ira-sofrer-com-essas-mudancas\/","url":"https:\/\/www.em.com.br\/emfoco\/2025\/11\/02\/novo-imposto-sobre-aluguel-tem-causado-preocupacao-com-a-incerteza-de-quem-ira-sofrer-com-essas-mudancas\/","name":"Novo imposto sobre aluguel tem causado preocupa\u00e7\u00e3o com a incerteza de quem ir\u00e1 sofrer com essas mudan\u00e7as - Estado de Minas - Em foco","isPartOf":{"@id":"https:\/\/www.em.com.br\/emfoco\/#website"},"primaryImageOfPage":{"@id":"https:\/\/www.em.com.br\/emfoco\/2025\/11\/02\/novo-imposto-sobre-aluguel-tem-causado-preocupacao-com-a-incerteza-de-quem-ira-sofrer-com-essas-mudancas\/#primaryimage"},"image":{"@id":"https:\/\/www.em.com.br\/emfoco\/2025\/11\/02\/novo-imposto-sobre-aluguel-tem-causado-preocupacao-com-a-incerteza-de-quem-ira-sofrer-com-essas-mudancas\/#primaryimage"},"thumbnailUrl":"https:\/\/www.em.com.br\/emfoco\/wp-content\/uploads\/2025\/10\/Gemini_Generated_Image_fdrbnlfdrbnlfdrb-1.jpg","datePublished":"2025-11-02T14:00:00+00:00","dateModified":"2025-11-02T12:21:53+00:00","author":{"@id":"https:\/\/www.em.com.br\/emfoco\/#\/schema\/person\/60eda09c1fedf0d6891f4cef4b60b8b8"},"description":"O novo imposto sobre aluguel preocupa propriet\u00e1rios e inquilinos. Entenda quem ser\u00e1 afetado e o que muda com a reforma tribut\u00e1ria.","breadcrumb":{"@id":"https:\/\/www.em.com.br\/emfoco\/2025\/11\/02\/novo-imposto-sobre-aluguel-tem-causado-preocupacao-com-a-incerteza-de-quem-ira-sofrer-com-essas-mudancas\/#breadcrumb"},"inLanguage":"pt-BR","potentialAction":[{"@type":"ReadAction","target":["https:\/\/www.em.com.br\/emfoco\/2025\/11\/02\/novo-imposto-sobre-aluguel-tem-causado-preocupacao-com-a-incerteza-de-quem-ira-sofrer-com-essas-mudancas\/"]}]},{"@type":"ImageObject","inLanguage":"pt-BR","@id":"https:\/\/www.em.com.br\/emfoco\/2025\/11\/02\/novo-imposto-sobre-aluguel-tem-causado-preocupacao-com-a-incerteza-de-quem-ira-sofrer-com-essas-mudancas\/#primaryimage","url":"https:\/\/www.em.com.br\/emfoco\/wp-content\/uploads\/2025\/10\/Gemini_Generated_Image_fdrbnlfdrbnlfdrb-1.jpg","contentUrl":"https:\/\/www.em.com.br\/emfoco\/wp-content\/uploads\/2025\/10\/Gemini_Generated_Image_fdrbnlfdrbnlfdrb-1.jpg","width":1280,"height":720,"caption":"Essa decis\u00e3o foi confirmada pelo Tribunal Superior"},{"@type":"BreadcrumbList","@id":"https:\/\/www.em.com.br\/emfoco\/2025\/11\/02\/novo-imposto-sobre-aluguel-tem-causado-preocupacao-com-a-incerteza-de-quem-ira-sofrer-com-essas-mudancas\/#breadcrumb","itemListElement":[{"@type":"ListItem","position":1,"name":"In\u00edcio","item":"https:\/\/www.em.com.br\/emfoco\/"},{"@type":"ListItem","position":2,"name":"Novo imposto sobre aluguel tem causado preocupa\u00e7\u00e3o com a incerteza de quem ir\u00e1 sofrer com essas mudan\u00e7as"}]},{"@type":"WebSite","@id":"https:\/\/www.em.com.br\/emfoco\/#website","url":"https:\/\/www.em.com.br\/emfoco\/","name":"Estado de Minas - Em foco","description":"Acompanhe as \u00faltimas not\u00edcias e fique bem informado sobre tudo o que acontece em Minas Gerais, Brasil e no mundo.","potentialAction":[{"@type":"SearchAction","target":{"@type":"EntryPoint","urlTemplate":"https:\/\/www.em.com.br\/emfoco\/?s={search_term_string}"},"query-input":{"@type":"PropertyValueSpecification","valueRequired":true,"valueName":"search_term_string"}}],"inLanguage":"pt-BR"},{"@type":"Person","@id":"https:\/\/www.em.com.br\/emfoco\/#\/schema\/person\/60eda09c1fedf0d6891f4cef4b60b8b8","name":"Andre\u0301 Rangel\u00a0","image":{"@type":"ImageObject","inLanguage":"pt-BR","@id":"https:\/\/www.em.com.br\/emfoco\/#\/schema\/person\/image\/","url":"https:\/\/secure.gravatar.com\/avatar\/6234dc814c77c8ef6d8bba622c787efc?s=96&d=mm&r=g","contentUrl":"https:\/\/secure.gravatar.com\/avatar\/6234dc814c77c8ef6d8bba622c787efc?s=96&d=mm&r=g","caption":"Andre\u0301 Rangel\u00a0"},"url":"https:\/\/www.em.com.br\/emfoco\/author\/luizmyth\/"}]}},"_links":{"self":[{"href":"https:\/\/www.em.com.br\/emfoco\/wp-json\/wp\/v2\/posts\/120708","targetHints":{"allow":["GET"]}}],"collection":[{"href":"https:\/\/www.em.com.br\/emfoco\/wp-json\/wp\/v2\/posts"}],"about":[{"href":"https:\/\/www.em.com.br\/emfoco\/wp-json\/wp\/v2\/types\/post"}],"author":[{"embeddable":true,"href":"https:\/\/www.em.com.br\/emfoco\/wp-json\/wp\/v2\/users\/11"}],"replies":[{"embeddable":true,"href":"https:\/\/www.em.com.br\/emfoco\/wp-json\/wp\/v2\/comments?post=120708"}],"version-history":[{"count":2,"href":"https:\/\/www.em.com.br\/emfoco\/wp-json\/wp\/v2\/posts\/120708\/revisions"}],"predecessor-version":[{"id":122172,"href":"https:\/\/www.em.com.br\/emfoco\/wp-json\/wp\/v2\/posts\/120708\/revisions\/122172"}],"wp:featuredmedia":[{"embeddable":true,"href":"https:\/\/www.em.com.br\/emfoco\/wp-json\/wp\/v2\/media\/120838"}],"wp:attachment":[{"href":"https:\/\/www.em.com.br\/emfoco\/wp-json\/wp\/v2\/media?parent=120708"}],"wp:term":[{"taxonomy":"category","embeddable":true,"href":"https:\/\/www.em.com.br\/emfoco\/wp-json\/wp\/v2\/categories?post=120708"},{"taxonomy":"post_tag","embeddable":true,"href":"https:\/\/www.em.com.br\/emfoco\/wp-json\/wp\/v2\/tags?post=120708"}],"curies":[{"name":"wp","href":"https:\/\/api.w.org\/{rel}","templated":true}]}}