{"id":120676,"date":"2025-10-30T17:55:00","date_gmt":"2025-10-30T20:55:00","guid":{"rendered":"https:\/\/www.em.com.br\/emfoco\/?p=120676"},"modified":"2025-10-28T21:17:48","modified_gmt":"2025-10-29T00:17:48","slug":"a-maioria-dos-incendios-domesticos-comeca-assim-e-voce-talvez-esteja-fazendo-igual","status":"publish","type":"post","link":"https:\/\/www.em.com.br\/emfoco\/2025\/10\/30\/a-maioria-dos-incendios-domesticos-comeca-assim-e-voce-talvez-esteja-fazendo-igual\/","title":{"rendered":"A maioria dos inc\u00eandios dom\u00e9sticos come\u00e7a assim e voc\u00ea talvez esteja fazendo igual"},"content":{"rendered":"\n<p>Inc\u00eandios dom\u00e9sticos podem come\u00e7ar de forma silenciosa por falhas em eletrodom\u00e9sticos comuns. Entender os riscos, identificar sinais de alerta e adotar cuidados preventivos \u00e9 essencial para proteger sua casa e fam\u00edlia.<\/p>\n\n\n\n<h2 class=\"wp-block-heading\">Quais eletrodom\u00e9sticos mais causam inc\u00eandios dom\u00e9sticos?<\/h2>\n\n\n\n<p><strong>Fog\u00f5es, geladeiras, aquecedores e secadoras est\u00e3o entre os principais causadores de inc\u00eandios dom\u00e9sticos.<\/strong> O ac\u00famulo de gordura, sobrecarga el\u00e9trica e cabos ressecados s\u00e3o as falhas mais frequentes que podem gerar curtos e chamas.<\/p>\n\n\n\n<p>Outros vil\u00f5es incluem micro-ondas e ferros de passar esquecidos ligados. Al\u00e9m disso, o uso de benjamins em cascata e extens\u00f5es antigas eleva o risco, especialmente em ambientes sem ventila\u00e7\u00e3o ou com instala\u00e7\u00e3o el\u00e9trica antiga.<\/p>\n\n\n\n<figure class=\"wp-block-image size-large\"><img loading=\"lazy\" decoding=\"async\" width=\"1024\" height=\"576\" src=\"https:\/\/www.em.com.br\/emfoco\/wp-content\/uploads\/2025\/10\/Fogao-_1760721843178-1024x576.jpg\" alt=\"Como escolher o fog\u00e3o ideal e evitar arrependimentos na compra\" class=\"wp-image-116585\" srcset=\"https:\/\/www.em.com.br\/emfoco\/wp-content\/uploads\/2025\/10\/Fogao-_1760721843178-1024x576.jpg 1024w, https:\/\/www.em.com.br\/emfoco\/wp-content\/uploads\/2025\/10\/Fogao-_1760721843178-300x169.jpg 300w, https:\/\/www.em.com.br\/emfoco\/wp-content\/uploads\/2025\/10\/Fogao-_1760721843178-768x432.jpg 768w, https:\/\/www.em.com.br\/emfoco\/wp-content\/uploads\/2025\/10\/Fogao-_1760721843178-750x422.jpg 750w, https:\/\/www.em.com.br\/emfoco\/wp-content\/uploads\/2025\/10\/Fogao-_1760721843178-1140x641.jpg 1140w, https:\/\/www.em.com.br\/emfoco\/wp-content\/uploads\/2025\/10\/Fogao-_1760721843178.jpg 1280w\" sizes=\"auto, (max-width: 1024px) 100vw, 1024px\" \/><figcaption class=\"wp-element-caption\">Fog\u00f5es com bloqueio de g\u00e1s e queimadores eficientes trazem mais seguran\u00e7a e economia &#8211; Cr\u00e9ditos: depositphotos.com \/ Sonyachny<\/figcaption><\/figure>\n\n\n\n<h2 class=\"wp-block-heading\">Quais cuidados adotar na cozinha para evitar acidentes?<\/h2>\n\n\n\n<p>O ambiente mais vulner\u00e1vel da casa exige aten\u00e7\u00e3o redobrada com limpeza e manuten\u00e7\u00e3o. Pequenos descuidos, como panos pr\u00f3ximos ao fogo ou gordura acumulada, podem causar chamas em segundos.<\/p>\n\n\n\n<ul class=\"wp-block-list\">\n<li>Limpe o fog\u00e3o, forno e coifa regularmente para eliminar gordura e res\u00edduos inflam\u00e1veis.<\/li>\n\n\n\n<li>Cheque o prazo de validade da mangueira de g\u00e1s e mantenha-a longe de fontes de calor.<\/li>\n\n\n\n<li>Evite panos e cortinas pr\u00f3ximas \u00e0s bocas do fog\u00e3o e sempre desligue o g\u00e1s ao sair.<\/li>\n<\/ul>\n\n\n\n<p><strong>A preven\u00e7\u00e3o na cozinha depende da limpeza constante e do cuidado com conex\u00f5es de g\u00e1s e fontes de calor.<\/strong><\/p>\n\n\n\n<p><em>Leia mais: <a href=\"https:\/\/www.em.com.br\/emfoco\/2025\/10\/27\/o-eletrodomestico-que-e-um-luxo-e-esta-aumentando-o-valor-da-sua-conta-de-luz\/\" target=\"_blank\" rel=\"noreferrer noopener\">O eletrodom\u00e9stico\u00a0que \u00e9 um luxo e est\u00e1 aumentando o valor da sua conta de luz<\/a><\/em><\/p>\n\n\n\n<h2 class=\"wp-block-heading\">Como reduzir o risco em lavanderias, salas e quartos?<\/h2>\n\n\n\n<p><strong>Manter a ventila\u00e7\u00e3o e inspecionar cabos e tomadas regularmente evita <a href=\"https:\/\/digicabos.com.br\/2025\/01\/16\/energia-e-seguranca-no-verao-cuidado-com-aparelhos-ligados-por-muito-tempo\/\" target=\"_blank\" rel=\"noreferrer noopener\">superaquecimentos<\/a>.<\/strong> Em lavanderias, o filtro da secadora deve ser limpo ap\u00f3s cada uso, e o equipamento precisa de espa\u00e7o para dissipar o calor.<\/p>\n\n\n\n<p>Em salas e quartos, afaste aquecedores e abajures de cortinas, colch\u00f5es e tapetes. Cabos ressecados ou trincados devem ser substitu\u00eddos de imediato, evitando o uso de emendas improvisadas e adaptadores m\u00faltiplos.<\/p>\n\n\n\n<figure class=\"wp-block-image size-large\"><img loading=\"lazy\" decoding=\"async\" width=\"1024\" height=\"576\" src=\"https:\/\/www.em.com.br\/emfoco\/wp-content\/uploads\/2025\/10\/Maquina-de-lavar_1761696795998-1024x576.jpg\" alt=\"A maioria dos inc\u00eandios dom\u00e9sticos come\u00e7a assim e voc\u00ea talvez esteja fazendo igual\" class=\"wp-image-120686\" srcset=\"https:\/\/www.em.com.br\/emfoco\/wp-content\/uploads\/2025\/10\/Maquina-de-lavar_1761696795998-1024x576.jpg 1024w, https:\/\/www.em.com.br\/emfoco\/wp-content\/uploads\/2025\/10\/Maquina-de-lavar_1761696795998-300x169.jpg 300w, https:\/\/www.em.com.br\/emfoco\/wp-content\/uploads\/2025\/10\/Maquina-de-lavar_1761696795998-768x432.jpg 768w, https:\/\/www.em.com.br\/emfoco\/wp-content\/uploads\/2025\/10\/Maquina-de-lavar_1761696795998-750x422.jpg 750w, https:\/\/www.em.com.br\/emfoco\/wp-content\/uploads\/2025\/10\/Maquina-de-lavar_1761696795998-1140x641.jpg 1140w, https:\/\/www.em.com.br\/emfoco\/wp-content\/uploads\/2025\/10\/Maquina-de-lavar_1761696795998.jpg 1280w\" sizes=\"auto, (max-width: 1024px) 100vw, 1024px\" \/><figcaption class=\"wp-element-caption\">Secadoras sem limpeza geram superaquecimento e risco de fa\u00edsca &#8211; Cr\u00e9ditos: depositphotos.com \/ EdZbarzhyvetsky<\/figcaption><\/figure>\n\n\n\n<h2 class=\"wp-block-heading\">O que fazer em caso de inc\u00eandio e como se preparar antes?<\/h2>\n\n\n\n<p>Mesmo com cuidados, acidentes podem ocorrer. Ter um plano de a\u00e7\u00e3o salva vidas e reduz danos. A prontid\u00e3o \u00e9 o principal fator de seguran\u00e7a.<\/p>\n\n\n\n<ul class=\"wp-block-list\">\n<li>Desligue o disjuntor principal e saia imediatamente do ambiente afetado.<\/li>\n\n\n\n<li>Nunca use \u00e1gua em fogo el\u00e9trico; utilize extintor Classe C, pr\u00f3prio para eletricidade.<\/li>\n\n\n\n<li>Mantenha rotas de fuga desobstru\u00eddas e combine pontos de encontro com a fam\u00edlia.<\/li>\n<\/ul>\n\n\n\n<p><strong>Revis\u00f5es el\u00e9tricas anuais, extintores acess\u00edveis e aten\u00e7\u00e3o a odores de queimado s\u00e3o sinais que n\u00e3o devem ser ignorados.<\/strong><\/p>\n","protected":false},"excerpt":{"rendered":"<p>Inc\u00eandios dom\u00e9sticos podem come\u00e7ar de forma silenciosa por falhas em eletrodom\u00e9sticos comuns. Entender os riscos, identificar sinais de alerta e adotar cuidados preventivos \u00e9 essencial para proteger sua casa e fam\u00edlia. Quais eletrodom\u00e9sticos mais causam inc\u00eandios dom\u00e9sticos? Fog\u00f5es, geladeiras, aquecedores e secadoras est\u00e3o entre os principais causadores de inc\u00eandios dom\u00e9sticos. O ac\u00famulo de gordura, sobrecarga [&hellip;]<\/p>\n","protected":false},"author":13,"featured_media":113622,"comment_status":"open","ping_status":"open","sticky":false,"template":"","format":"standard","meta":{"jnews-multi-image_gallery":[],"jnews_single_post":{"format":"standard"},"jnews_primary_category":[],"jnews_social_meta":[],"jnews_override_counter":[],"footnotes":""},"categories":[8819],"tags":[16012,5675,10418],"class_list":["post-120676","post","type-post","status-publish","format-standard","has-post-thumbnail","hentry","category-curiosidades","tag-cuidados-em-casa","tag-eletrodomesticos","tag-incendios"],"yoast_head":"<!-- This site is optimized with the Yoast SEO plugin v23.8 - https:\/\/yoast.com\/wordpress\/plugins\/seo\/ -->\n<title>A maioria dos inc\u00eandios dom\u00e9sticos come\u00e7a assim e voc\u00ea talvez esteja fazendo igual - Estado de Minas - Em foco<\/title>\n<meta name=\"description\" content=\"Conhe\u00e7a os eletrodom\u00e9sticos mais perigosos e aprenda o que fazer para evitar curtos, fa\u00edscas e inc\u00eandios dentro de casa.\" \/>\n<meta name=\"robots\" content=\"index, follow, max-snippet:-1, max-image-preview:large, max-video-preview:-1\" \/>\n<link rel=\"canonical\" href=\"https:\/\/www.em.com.br\/emfoco\/2025\/10\/30\/a-maioria-dos-incendios-domesticos-comeca-assim-e-voce-talvez-esteja-fazendo-igual\/\" \/>\n<meta property=\"og:locale\" content=\"pt_BR\" \/>\n<meta property=\"og:type\" content=\"article\" \/>\n<meta property=\"og:title\" content=\"A maioria dos inc\u00eandios dom\u00e9sticos come\u00e7a assim e voc\u00ea talvez esteja fazendo igual - Estado de Minas - Em foco\" \/>\n<meta property=\"og:description\" content=\"Conhe\u00e7a os eletrodom\u00e9sticos mais perigosos e aprenda o que fazer para evitar curtos, fa\u00edscas e inc\u00eandios dentro de casa.\" \/>\n<meta property=\"og:url\" content=\"https:\/\/www.em.com.br\/emfoco\/2025\/10\/30\/a-maioria-dos-incendios-domesticos-comeca-assim-e-voce-talvez-esteja-fazendo-igual\/\" \/>\n<meta property=\"og:site_name\" content=\"Estado de Minas - Em foco\" \/>\n<meta property=\"article:published_time\" content=\"2025-10-30T20:55:00+00:00\" \/>\n<meta property=\"article:modified_time\" content=\"2025-10-29T00:17:48+00:00\" \/>\n<meta property=\"og:image\" content=\"https:\/\/www.em.com.br\/emfoco\/wp-content\/uploads\/2025\/10\/Tomada-fogo_1760062059513.jpg\" \/>\n\t<meta property=\"og:image:width\" content=\"1280\" \/>\n\t<meta property=\"og:image:height\" content=\"720\" \/>\n\t<meta property=\"og:image:type\" content=\"image\/jpeg\" \/>\n<meta name=\"author\" content=\"Gabriel Martins\" \/>\n<meta name=\"twitter:card\" content=\"summary_large_image\" \/>\n<meta name=\"twitter:label1\" content=\"Escrito por\" \/>\n\t<meta name=\"twitter:data1\" content=\"Gabriel Martins\" \/>\n\t<meta name=\"twitter:label2\" content=\"Est. tempo de leitura\" \/>\n\t<meta name=\"twitter:data2\" content=\"3 minutos\" \/>\n<!-- \/ Yoast SEO plugin. -->","yoast_head_json":{"title":"A maioria dos inc\u00eandios dom\u00e9sticos come\u00e7a assim e voc\u00ea talvez esteja fazendo igual - Estado de Minas - Em foco","description":"Conhe\u00e7a os eletrodom\u00e9sticos mais perigosos e aprenda o que fazer para evitar curtos, fa\u00edscas e inc\u00eandios dentro de casa.","robots":{"index":"index","follow":"follow","max-snippet":"max-snippet:-1","max-image-preview":"max-image-preview:large","max-video-preview":"max-video-preview:-1"},"canonical":"https:\/\/www.em.com.br\/emfoco\/2025\/10\/30\/a-maioria-dos-incendios-domesticos-comeca-assim-e-voce-talvez-esteja-fazendo-igual\/","og_locale":"pt_BR","og_type":"article","og_title":"A maioria dos inc\u00eandios dom\u00e9sticos come\u00e7a assim e voc\u00ea talvez esteja fazendo igual - Estado de Minas - Em foco","og_description":"Conhe\u00e7a os eletrodom\u00e9sticos mais perigosos e aprenda o que fazer para evitar curtos, fa\u00edscas e inc\u00eandios dentro de casa.","og_url":"https:\/\/www.em.com.br\/emfoco\/2025\/10\/30\/a-maioria-dos-incendios-domesticos-comeca-assim-e-voce-talvez-esteja-fazendo-igual\/","og_site_name":"Estado de Minas - Em foco","article_published_time":"2025-10-30T20:55:00+00:00","article_modified_time":"2025-10-29T00:17:48+00:00","og_image":[{"width":1280,"height":720,"url":"https:\/\/www.em.com.br\/emfoco\/wp-content\/uploads\/2025\/10\/Tomada-fogo_1760062059513.jpg","type":"image\/jpeg"}],"author":"Gabriel Martins","twitter_card":"summary_large_image","twitter_misc":{"Escrito por":"Gabriel Martins","Est. tempo de leitura":"3 minutos"},"schema":{"@context":"https:\/\/schema.org","@graph":[{"@type":"WebPage","@id":"https:\/\/www.em.com.br\/emfoco\/2025\/10\/30\/a-maioria-dos-incendios-domesticos-comeca-assim-e-voce-talvez-esteja-fazendo-igual\/","url":"https:\/\/www.em.com.br\/emfoco\/2025\/10\/30\/a-maioria-dos-incendios-domesticos-comeca-assim-e-voce-talvez-esteja-fazendo-igual\/","name":"A maioria dos inc\u00eandios dom\u00e9sticos come\u00e7a assim e voc\u00ea talvez esteja fazendo igual - Estado de Minas - Em foco","isPartOf":{"@id":"https:\/\/www.em.com.br\/emfoco\/#website"},"primaryImageOfPage":{"@id":"https:\/\/www.em.com.br\/emfoco\/2025\/10\/30\/a-maioria-dos-incendios-domesticos-comeca-assim-e-voce-talvez-esteja-fazendo-igual\/#primaryimage"},"image":{"@id":"https:\/\/www.em.com.br\/emfoco\/2025\/10\/30\/a-maioria-dos-incendios-domesticos-comeca-assim-e-voce-talvez-esteja-fazendo-igual\/#primaryimage"},"thumbnailUrl":"https:\/\/www.em.com.br\/emfoco\/wp-content\/uploads\/2025\/10\/Tomada-fogo_1760062059513.jpg","datePublished":"2025-10-30T20:55:00+00:00","dateModified":"2025-10-29T00:17:48+00:00","author":{"@id":"https:\/\/www.em.com.br\/emfoco\/#\/schema\/person\/1c9ddeab18b98abeffef834667bcf08a"},"description":"Conhe\u00e7a os eletrodom\u00e9sticos mais perigosos e aprenda o que fazer para evitar curtos, fa\u00edscas e inc\u00eandios dentro de casa.","breadcrumb":{"@id":"https:\/\/www.em.com.br\/emfoco\/2025\/10\/30\/a-maioria-dos-incendios-domesticos-comeca-assim-e-voce-talvez-esteja-fazendo-igual\/#breadcrumb"},"inLanguage":"pt-BR","potentialAction":[{"@type":"ReadAction","target":["https:\/\/www.em.com.br\/emfoco\/2025\/10\/30\/a-maioria-dos-incendios-domesticos-comeca-assim-e-voce-talvez-esteja-fazendo-igual\/"]}]},{"@type":"ImageObject","inLanguage":"pt-BR","@id":"https:\/\/www.em.com.br\/emfoco\/2025\/10\/30\/a-maioria-dos-incendios-domesticos-comeca-assim-e-voce-talvez-esteja-fazendo-igual\/#primaryimage","url":"https:\/\/www.em.com.br\/emfoco\/wp-content\/uploads\/2025\/10\/Tomada-fogo_1760062059513.jpg","contentUrl":"https:\/\/www.em.com.br\/emfoco\/wp-content\/uploads\/2025\/10\/Tomada-fogo_1760062059513.jpg","width":1280,"height":720,"caption":"Ac\u00famulo de gordura na coifa pode causar inc\u00eandio em segundos - Cr\u00e9ditos: depositphotos.com \/ Chonthicha"},{"@type":"BreadcrumbList","@id":"https:\/\/www.em.com.br\/emfoco\/2025\/10\/30\/a-maioria-dos-incendios-domesticos-comeca-assim-e-voce-talvez-esteja-fazendo-igual\/#breadcrumb","itemListElement":[{"@type":"ListItem","position":1,"name":"In\u00edcio","item":"https:\/\/www.em.com.br\/emfoco\/"},{"@type":"ListItem","position":2,"name":"A maioria dos inc\u00eandios dom\u00e9sticos come\u00e7a assim e voc\u00ea talvez esteja fazendo igual"}]},{"@type":"WebSite","@id":"https:\/\/www.em.com.br\/emfoco\/#website","url":"https:\/\/www.em.com.br\/emfoco\/","name":"Estado de Minas - Em foco","description":"Acompanhe as \u00faltimas not\u00edcias e fique bem informado sobre tudo o que acontece em Minas Gerais, Brasil e no mundo.","potentialAction":[{"@type":"SearchAction","target":{"@type":"EntryPoint","urlTemplate":"https:\/\/www.em.com.br\/emfoco\/?s={search_term_string}"},"query-input":{"@type":"PropertyValueSpecification","valueRequired":true,"valueName":"search_term_string"}}],"inLanguage":"pt-BR"},{"@type":"Person","@id":"https:\/\/www.em.com.br\/emfoco\/#\/schema\/person\/1c9ddeab18b98abeffef834667bcf08a","name":"Gabriel Martins","image":{"@type":"ImageObject","inLanguage":"pt-BR","@id":"https:\/\/www.em.com.br\/emfoco\/#\/schema\/person\/image\/","url":"https:\/\/secure.gravatar.com\/avatar\/f0f1e2efdfd88f1ad2cb08c5c2731e50?s=96&d=mm&r=g","contentUrl":"https:\/\/secure.gravatar.com\/avatar\/f0f1e2efdfd88f1ad2cb08c5c2731e50?s=96&d=mm&r=g","caption":"Gabriel Martins"},"sameAs":["https:\/\/www.em.com.br\/emfoco\/"],"url":"https:\/\/www.em.com.br\/emfoco\/author\/gabrielmartinsmyth\/"}]}},"_links":{"self":[{"href":"https:\/\/www.em.com.br\/emfoco\/wp-json\/wp\/v2\/posts\/120676","targetHints":{"allow":["GET"]}}],"collection":[{"href":"https:\/\/www.em.com.br\/emfoco\/wp-json\/wp\/v2\/posts"}],"about":[{"href":"https:\/\/www.em.com.br\/emfoco\/wp-json\/wp\/v2\/types\/post"}],"author":[{"embeddable":true,"href":"https:\/\/www.em.com.br\/emfoco\/wp-json\/wp\/v2\/users\/13"}],"replies":[{"embeddable":true,"href":"https:\/\/www.em.com.br\/emfoco\/wp-json\/wp\/v2\/comments?post=120676"}],"version-history":[{"count":1,"href":"https:\/\/www.em.com.br\/emfoco\/wp-json\/wp\/v2\/posts\/120676\/revisions"}],"predecessor-version":[{"id":120687,"href":"https:\/\/www.em.com.br\/emfoco\/wp-json\/wp\/v2\/posts\/120676\/revisions\/120687"}],"wp:featuredmedia":[{"embeddable":true,"href":"https:\/\/www.em.com.br\/emfoco\/wp-json\/wp\/v2\/media\/113622"}],"wp:attachment":[{"href":"https:\/\/www.em.com.br\/emfoco\/wp-json\/wp\/v2\/media?parent=120676"}],"wp:term":[{"taxonomy":"category","embeddable":true,"href":"https:\/\/www.em.com.br\/emfoco\/wp-json\/wp\/v2\/categories?post=120676"},{"taxonomy":"post_tag","embeddable":true,"href":"https:\/\/www.em.com.br\/emfoco\/wp-json\/wp\/v2\/tags?post=120676"}],"curies":[{"name":"wp","href":"https:\/\/api.w.org\/{rel}","templated":true}]}}