{"id":120515,"date":"2025-10-29T20:05:00","date_gmt":"2025-10-29T23:05:00","guid":{"rendered":"https:\/\/www.em.com.br\/emfoco\/?p=120515"},"modified":"2025-10-28T21:37:55","modified_gmt":"2025-10-29T00:37:55","slug":"o-cha-mais-indicado-para-quem-quer-cuidar-da-glicose-de-forma-natural","status":"publish","type":"post","link":"https:\/\/www.em.com.br\/emfoco\/2025\/10\/29\/o-cha-mais-indicado-para-quem-quer-cuidar-da-glicose-de-forma-natural\/","title":{"rendered":"O ch\u00e1 mais indicado para quem quer cuidar da glicose de forma natural"},"content":{"rendered":"\n<p>O <strong>ch\u00e1 de louro<\/strong>, al\u00e9m de seu uso tradicional na culin\u00e1ria, tem despertado interesse por poss\u00edveis propriedades medicinais, principalmente no combate \u00e0 <strong>diabetes<\/strong>, gra\u00e7as aos seus compostos bioativos como <strong>polifen\u00f3is<\/strong> e <strong>antioxidantes<\/strong> presentes nas folhas da planta.<\/p>\n\n\n\n<h2 class=\"wp-block-heading\">Como o ch\u00e1 de louro pode ajudar no controle da diabetes?<\/h2>\n\n\n\n<p><a href=\"https:\/\/compareplanodesaude.com.br\/blog-saude\/dicas-de-saude\/beneficios-folha-louro-diabetes\/#:~:text=Estudos%20mostram%20que%20o%20consumo,especialmente%20no%20controle%20do%20diabetes.\" target=\"_blank\" rel=\"noreferrer noopener\">Estudos recentes<\/a> sugerem que o consumo regular do <strong>ch\u00e1 de louro<\/strong> auxilia na regula\u00e7\u00e3o dos n\u00edveis de <strong>glicose<\/strong> no sangue. Os <strong>antioxidantes<\/strong> presentes na folha de louro podem ajudar a melhorar a <strong>sensibilidade \u00e0 insulina<\/strong> e contribuir para um melhor aproveitamento da glicose pelo organismo.<\/p>\n\n\n\n<p>Al\u00e9m disso, os compostos <strong>anti-inflamat\u00f3rios<\/strong> do louro podem reduzir a <strong>resist\u00eancia \u00e0 insulina<\/strong>, um dos principais fatores relacionados ao desenvolvimento da <strong>diabetes tipo 2<\/strong>. Seu uso complementar \u00e9 frequentemente associado ao conhecimento tradicional combinado com achados da <strong>ci\u00eancia moderna<\/strong>. Pesquisas tamb\u00e9m mostram que o ch\u00e1 de louro pode ter papel preventivo na evolu\u00e7\u00e3o de quadros de pr\u00e9-diabetes, sendo um aliado interessante em estrat\u00e9gias integrativas de sa\u00fade.<\/p>\n\n\n<div class=\"wp-block-image\">\n<figure class=\"aligncenter size-large\"><img loading=\"lazy\" decoding=\"async\" width=\"1024\" height=\"576\" src=\"https:\/\/www.em.com.br\/emfoco\/wp-content\/uploads\/2025\/05\/louro-planta_1747311807931-1024x576.jpg\" alt=\"Aprenda a plantar louro em casa e aproveite seus benef\u00edcios na culin\u00e1ria e na sa\u00fade\" class=\"wp-image-47450\" srcset=\"https:\/\/www.em.com.br\/emfoco\/wp-content\/uploads\/2025\/05\/louro-planta_1747311807931-1024x576.jpg 1024w, https:\/\/www.em.com.br\/emfoco\/wp-content\/uploads\/2025\/05\/louro-planta_1747311807931-300x169.jpg 300w, https:\/\/www.em.com.br\/emfoco\/wp-content\/uploads\/2025\/05\/louro-planta_1747311807931-768x432.jpg 768w, https:\/\/www.em.com.br\/emfoco\/wp-content\/uploads\/2025\/05\/louro-planta_1747311807931-750x422.jpg 750w, https:\/\/www.em.com.br\/emfoco\/wp-content\/uploads\/2025\/05\/louro-planta_1747311807931-1140x641.jpg 1140w, https:\/\/www.em.com.br\/emfoco\/wp-content\/uploads\/2025\/05\/louro-planta_1747311807931.jpg 1280w\" sizes=\"auto, (max-width: 1024px) 100vw, 1024px\" \/><figcaption class=\"wp-element-caption\">O louro \u00e9 uma planta emblem\u00e1tica da culin\u00e1ria mediterr\u00e2nea &#8211; Cr\u00e9ditos: depositphotos.com \/ sharafmaksumov<\/figcaption><\/figure><\/div>\n\n\n<h2 class=\"wp-block-heading\">Por que incluir o ch\u00e1 de louro na rotina pode ser seguro para a sa\u00fade?<\/h2>\n\n\n\n<p>O <strong>ch\u00e1 de louro<\/strong> \u00e9 considerado seguro para a maioria das pessoas quando consumido com <strong>modera\u00e7\u00e3o<\/strong>, sem ultrapassar as quantidades recomendadas. \u00c9 fundamental lavar bem as folhas e evitar o consumo exagerado, pois altas doses podem causar <strong>desconfortos digestivos<\/strong>.<\/p>\n\n\n\n<p>Para garantir o uso correto do ch\u00e1 e obter melhores resultados, \u00e9 importante seguir algumas orienta\u00e7\u00f5es b\u00e1sicas:<\/p>\n\n\n\n<ul class=\"wp-block-list\">\n<li><strong>Consulte sempre um profissional de sa\u00fade<\/strong> antes de iniciar o consumo regular, principalmente se voc\u00ea possui <strong>diabetes<\/strong> ou outras condi\u00e7\u00f5es cr\u00f4nicas.<\/li>\n\n\n\n<li>Observe eventuais <strong>rea\u00e7\u00f5es adversas<\/strong> e suspenda o uso em caso de desconforto.<\/li>\n\n\n\n<li>Lembre-se de que o <strong>ch\u00e1 de louro<\/strong> \u00e9 um <strong>complemento<\/strong> e n\u00e3o deve substituir os tratamentos convencionais prescritos.<\/li>\n<\/ul>\n\n\n\n<blockquote class=\"tiktok-embed\" cite=\"https:\/\/www.tiktok.com\/@dr.renatosilveira\/video\/7536167813677845766\" data-video-id=\"7536167813677845766\" style=\"max-width: 605px;min-width: 325px;\" > <section> <a target=\"_blank\" title=\"@dr.renatosilveira\" href=\"https:\/\/www.tiktok.com\/@dr.renatosilveira?refer=embed\">@dr.renatosilveira<\/a> <p>\ud83c\udf3f Beba ch\u00e1 de louro todo dia e veja seu corpo desinchar, relaxar e at\u00e9 a dor ir embora! \ud83d\udc68\u200d\u2695\ufe0f Dr. Renato Silveira explica os 5 benef\u00edcios imediatos: \u2714 Diminui dores no corpo e nas articula\u00e7\u00f5es \u2714 Relaxa a musculatura e melhora o sono \u2714 Desincha o est\u00f4mago alto e ativa a digest\u00e3o \u2714 Fortalece a imunidade com vitaminas \u2714 Acalma a mente e combate a ansiedade \ud83c\udf75 Receita: \u2714 5 folhas de louro secas \u2714 200 ml de \u00e1gua Ferva por 5 min, desligue e deixe descansar +5 min. Tome em jejum, pela manh\u00e3. \ud83d\udce9 Quer receitas exclusivas direto no e-mail? Acesse o site, cadastre-se e confira sua caixa de entrada! \ud83d\udcac Comenta: \u201cEu aceito o desafio do ch\u00e1 de louro!\u201d \ud83d\udd14 Segue o Dr. Renato Silveira \ud83d\udce4 Compartilha com quem precisa cuidar da sa\u00fade de forma natural!<\/p> <a target=\"_blank\" title=\"\u266c som original - H9 Pharma\" href=\"https:\/\/www.tiktok.com\/music\/som-original-7536167802811190022?refer=embed\">\u266c som original &#8211; H9 Pharma<\/a> <\/section> <\/blockquote> <script async src=\"https:\/\/www.tiktok.com\/embed.js\"><\/script>\n\n\n\n<h2 class=\"wp-block-heading\">Como preparar corretamente o ch\u00e1 de louro em casa?<\/h2>\n\n\n\n<p>Preparar o <strong>ch\u00e1 de louro<\/strong> \u00e9 simples e n\u00e3o requer experi\u00eancia pr\u00e9via. Para obter uma <strong>bebida saborosa e ben\u00e9fica<\/strong>, basta respeitar a propor\u00e7\u00e3o correta de folhas e \u00e1gua, al\u00e9m dos tempos de infus\u00e3o recomendados pelos especialistas.<\/p>\n\n\n\n<ol class=\"wp-block-list\">\n<li>Adicione <strong>3 a 4 folhas de louro secas<\/strong> em uma panela com \u00e1gua fervente.<\/li>\n\n\n\n<li>Deixe a <strong>infus\u00e3o cozinhar<\/strong> por cerca de 10 minutos.<\/li>\n\n\n\n<li>Coe o ch\u00e1 para remover as folhas e adicione <strong>mel<\/strong> ou <strong>lim\u00e3o<\/strong>, se desejar, para melhorar o sabor.<\/li>\n\n\n\n<li>Consuma ainda morno, preferencialmente <strong>ap\u00f3s as refei\u00e7\u00f5es<\/strong>.<\/li>\n<\/ol>\n\n\n\n<h2 class=\"wp-block-heading\">Quais s\u00e3o os outros benef\u00edcios que o ch\u00e1 de louro pode oferecer?<\/h2>\n\n\n\n<p>Al\u00e9m de auxiliar no <strong>controle da diabetes<\/strong>, o <strong>ch\u00e1 de louro<\/strong> \u00e9 conhecido por suas propriedades <strong>digestivas<\/strong> e por favorecer o fortalecimento do <strong>sistema imunol\u00f3gico<\/strong>. Alguns estudos tamb\u00e9m apontam benef\u00edcios potenciais para a <strong>sa\u00fade cardiovascular<\/strong>.<\/p>\n\n\n\n<iframe loading=\"lazy\" width=\"560\" height=\"315\" src=\"https:\/\/www.youtube.com\/embed\/9khpN_d6DcA?si=NSaZG5xf01A7D1Zq\" title=\"YouTube video player\" frameborder=\"0\" allow=\"accelerometer; autoplay; clipboard-write; encrypted-media; gyroscope; picture-in-picture; web-share\" referrerpolicy=\"strict-origin-when-cross-origin\" allowfullscreen><\/iframe>\n\n\n\n<p>Entre as vantagens destacadas por quem consome regularmente o <strong>ch\u00e1 de louro<\/strong> est\u00e3o:<\/p>\n\n\n\n<ul class=\"wp-block-list\">\n<li><strong>Melhoria da digest\u00e3o<\/strong> e redu\u00e7\u00e3o de gases;<\/li>\n\n\n\n<li><strong>Atividade antimicrobiana<\/strong> que ajuda a prevenir infec\u00e7\u00f5es;<\/li>\n\n\n\n<li>Contribui\u00e7\u00e3o para a redu\u00e7\u00e3o do <strong>colesterol LDL<\/strong>;<\/li>\n\n\n\n<li><strong>Apoio \u00e0 circula\u00e7\u00e3o sangu\u00ednea<\/strong>.<\/li>\n<\/ul>\n\n\n\n<p>O uso do <strong>ch\u00e1 de louro<\/strong> deve ser integrado a uma rotina saud\u00e1vel, com <strong>alimenta\u00e7\u00e3o equilibrada<\/strong> e <strong>atividade f\u00edsica regular<\/strong>. Sempre mantenha o <strong>acompanhamento m\u00e9dico<\/strong> para otimizar os benef\u00edcios \u00e0 sa\u00fade.<\/p>\n\n\n\n<p>Leia tamb\u00e9m:&nbsp;<a href=\"https:\/\/www.em.com.br\/emfoco\/2025\/10\/28\/a-alternativa-natural-que-pode-reduzir-a-necessidade-de-remedios-para-diabetes\/\" target=\"_blank\" rel=\"noopener\">A alternativa natural que pode reduzir a necessidade de rem\u00e9dios para diabetes<\/a><\/p>\n","protected":false},"excerpt":{"rendered":"<p>O ch\u00e1 de louro, al\u00e9m de seu uso tradicional na culin\u00e1ria, tem despertado interesse por poss\u00edveis propriedades medicinais, principalmente no combate \u00e0 diabetes, gra\u00e7as aos seus compostos bioativos como polifen\u00f3is e antioxidantes presentes nas folhas da planta. Como o ch\u00e1 de louro pode ajudar no controle da diabetes? Estudos recentes sugerem que o consumo regular [&hellip;]<\/p>\n","protected":false},"author":9,"featured_media":120555,"comment_status":"open","ping_status":"open","sticky":false,"template":"","format":"standard","meta":{"jnews-multi-image_gallery":[],"jnews_single_post":{"format":"standard"},"jnews_primary_category":[],"jnews_social_meta":[],"jnews_override_counter":[],"footnotes":""},"categories":[8819,1],"tags":[15248,18050,4577],"class_list":["post-120515","post","type-post","status-publish","format-standard","has-post-thumbnail","hentry","category-curiosidades","category-noticias","tag-cha-de-louro","tag-cha-para-a-saude","tag-chas"],"yoast_head":"<!-- This site is optimized with the Yoast SEO plugin v23.8 - https:\/\/yoast.com\/wordpress\/plugins\/seo\/ -->\n<title>O ch\u00e1 mais indicado para quem quer cuidar da glicose de forma natural<\/title>\n<meta name=\"description\" content=\"Natural, arom\u00e1tico e cheio de benef\u00edcios, o ch\u00e1 de louro pode apoiar o controle da diabetes e melhorar o bem-estar di\u00e1rio.\" \/>\n<meta name=\"robots\" content=\"index, follow, max-snippet:-1, max-image-preview:large, max-video-preview:-1\" \/>\n<link rel=\"canonical\" href=\"https:\/\/www.em.com.br\/emfoco\/2025\/10\/29\/o-cha-mais-indicado-para-quem-quer-cuidar-da-glicose-de-forma-natural\/\" \/>\n<meta property=\"og:locale\" content=\"pt_BR\" \/>\n<meta property=\"og:type\" content=\"article\" \/>\n<meta property=\"og:title\" content=\"O ch\u00e1 mais indicado para quem quer cuidar da glicose de forma natural\" \/>\n<meta property=\"og:description\" content=\"Natural, arom\u00e1tico e cheio de benef\u00edcios, o ch\u00e1 de louro pode apoiar o controle da diabetes e melhorar o bem-estar di\u00e1rio.\" \/>\n<meta property=\"og:url\" content=\"https:\/\/www.em.com.br\/emfoco\/2025\/10\/29\/o-cha-mais-indicado-para-quem-quer-cuidar-da-glicose-de-forma-natural\/\" \/>\n<meta property=\"og:site_name\" content=\"Estado de Minas - Em foco\" \/>\n<meta property=\"article:published_time\" content=\"2025-10-29T23:05:00+00:00\" \/>\n<meta property=\"article:modified_time\" content=\"2025-10-29T00:37:55+00:00\" \/>\n<meta property=\"og:image\" content=\"https:\/\/www.em.com.br\/emfoco\/wp-content\/uploads\/2025\/10\/cha_1761677860323.jpg\" \/>\n\t<meta property=\"og:image:width\" content=\"1280\" \/>\n\t<meta property=\"og:image:height\" content=\"720\" \/>\n\t<meta property=\"og:image:type\" content=\"image\/jpeg\" \/>\n<meta name=\"author\" content=\"Daniely Cardoso\" \/>\n<meta name=\"twitter:card\" content=\"summary_large_image\" \/>\n<meta name=\"twitter:label1\" content=\"Escrito por\" \/>\n\t<meta name=\"twitter:data1\" content=\"Daniely Cardoso\" \/>\n\t<meta name=\"twitter:label2\" content=\"Est. tempo de leitura\" \/>\n\t<meta name=\"twitter:data2\" content=\"4 minutos\" \/>\n<!-- \/ Yoast SEO plugin. -->","yoast_head_json":{"title":"O ch\u00e1 mais indicado para quem quer cuidar da glicose de forma natural","description":"Natural, arom\u00e1tico e cheio de benef\u00edcios, o ch\u00e1 de louro pode apoiar o controle da diabetes e melhorar o bem-estar di\u00e1rio.","robots":{"index":"index","follow":"follow","max-snippet":"max-snippet:-1","max-image-preview":"max-image-preview:large","max-video-preview":"max-video-preview:-1"},"canonical":"https:\/\/www.em.com.br\/emfoco\/2025\/10\/29\/o-cha-mais-indicado-para-quem-quer-cuidar-da-glicose-de-forma-natural\/","og_locale":"pt_BR","og_type":"article","og_title":"O ch\u00e1 mais indicado para quem quer cuidar da glicose de forma natural","og_description":"Natural, arom\u00e1tico e cheio de benef\u00edcios, o ch\u00e1 de louro pode apoiar o controle da diabetes e melhorar o bem-estar di\u00e1rio.","og_url":"https:\/\/www.em.com.br\/emfoco\/2025\/10\/29\/o-cha-mais-indicado-para-quem-quer-cuidar-da-glicose-de-forma-natural\/","og_site_name":"Estado de Minas - Em foco","article_published_time":"2025-10-29T23:05:00+00:00","article_modified_time":"2025-10-29T00:37:55+00:00","og_image":[{"width":1280,"height":720,"url":"https:\/\/www.em.com.br\/emfoco\/wp-content\/uploads\/2025\/10\/cha_1761677860323.jpg","type":"image\/jpeg"}],"author":"Daniely Cardoso","twitter_card":"summary_large_image","twitter_misc":{"Escrito por":"Daniely Cardoso","Est. tempo de leitura":"4 minutos"},"schema":{"@context":"https:\/\/schema.org","@graph":[{"@type":"WebPage","@id":"https:\/\/www.em.com.br\/emfoco\/2025\/10\/29\/o-cha-mais-indicado-para-quem-quer-cuidar-da-glicose-de-forma-natural\/","url":"https:\/\/www.em.com.br\/emfoco\/2025\/10\/29\/o-cha-mais-indicado-para-quem-quer-cuidar-da-glicose-de-forma-natural\/","name":"O ch\u00e1 mais indicado para quem quer cuidar da glicose de forma natural","isPartOf":{"@id":"https:\/\/www.em.com.br\/emfoco\/#website"},"primaryImageOfPage":{"@id":"https:\/\/www.em.com.br\/emfoco\/2025\/10\/29\/o-cha-mais-indicado-para-quem-quer-cuidar-da-glicose-de-forma-natural\/#primaryimage"},"image":{"@id":"https:\/\/www.em.com.br\/emfoco\/2025\/10\/29\/o-cha-mais-indicado-para-quem-quer-cuidar-da-glicose-de-forma-natural\/#primaryimage"},"thumbnailUrl":"https:\/\/www.em.com.br\/emfoco\/wp-content\/uploads\/2025\/10\/cha_1761677860323.jpg","datePublished":"2025-10-29T23:05:00+00:00","dateModified":"2025-10-29T00:37:55+00:00","author":{"@id":"https:\/\/www.em.com.br\/emfoco\/#\/schema\/person\/0a8186d72f2c3a5c6276d90b41f271a0"},"description":"Natural, arom\u00e1tico e cheio de benef\u00edcios, o ch\u00e1 de louro pode apoiar o controle da diabetes e melhorar o bem-estar di\u00e1rio.","breadcrumb":{"@id":"https:\/\/www.em.com.br\/emfoco\/2025\/10\/29\/o-cha-mais-indicado-para-quem-quer-cuidar-da-glicose-de-forma-natural\/#breadcrumb"},"inLanguage":"pt-BR","potentialAction":[{"@type":"ReadAction","target":["https:\/\/www.em.com.br\/emfoco\/2025\/10\/29\/o-cha-mais-indicado-para-quem-quer-cuidar-da-glicose-de-forma-natural\/"]}]},{"@type":"ImageObject","inLanguage":"pt-BR","@id":"https:\/\/www.em.com.br\/emfoco\/2025\/10\/29\/o-cha-mais-indicado-para-quem-quer-cuidar-da-glicose-de-forma-natural\/#primaryimage","url":"https:\/\/www.em.com.br\/emfoco\/wp-content\/uploads\/2025\/10\/cha_1761677860323.jpg","contentUrl":"https:\/\/www.em.com.br\/emfoco\/wp-content\/uploads\/2025\/10\/cha_1761677860323.jpg","width":1280,"height":720,"caption":"O ch\u00e1 de louro \u00e9 considerado seguro para a maioria das pessoas quando consumido com modera\u00e7\u00e3o - Cr\u00e9ditos: depositphotos.com \/ HayDmitriy"},{"@type":"BreadcrumbList","@id":"https:\/\/www.em.com.br\/emfoco\/2025\/10\/29\/o-cha-mais-indicado-para-quem-quer-cuidar-da-glicose-de-forma-natural\/#breadcrumb","itemListElement":[{"@type":"ListItem","position":1,"name":"In\u00edcio","item":"https:\/\/www.em.com.br\/emfoco\/"},{"@type":"ListItem","position":2,"name":"O ch\u00e1 mais indicado para quem quer cuidar da glicose de forma natural"}]},{"@type":"WebSite","@id":"https:\/\/www.em.com.br\/emfoco\/#website","url":"https:\/\/www.em.com.br\/emfoco\/","name":"Estado de Minas - Em foco","description":"Acompanhe as \u00faltimas not\u00edcias e fique bem informado sobre tudo o que acontece em Minas Gerais, Brasil e no mundo.","potentialAction":[{"@type":"SearchAction","target":{"@type":"EntryPoint","urlTemplate":"https:\/\/www.em.com.br\/emfoco\/?s={search_term_string}"},"query-input":{"@type":"PropertyValueSpecification","valueRequired":true,"valueName":"search_term_string"}}],"inLanguage":"pt-BR"},{"@type":"Person","@id":"https:\/\/www.em.com.br\/emfoco\/#\/schema\/person\/0a8186d72f2c3a5c6276d90b41f271a0","name":"Daniely Cardoso","image":{"@type":"ImageObject","inLanguage":"pt-BR","@id":"https:\/\/www.em.com.br\/emfoco\/#\/schema\/person\/image\/","url":"https:\/\/secure.gravatar.com\/avatar\/4b80ddbd124d1f071b626d52d62e5dff?s=96&d=mm&r=g","contentUrl":"https:\/\/secure.gravatar.com\/avatar\/4b80ddbd124d1f071b626d52d62e5dff?s=96&d=mm&r=g","caption":"Daniely Cardoso"},"url":"https:\/\/www.em.com.br\/emfoco\/author\/danielymyth\/"}]}},"_links":{"self":[{"href":"https:\/\/www.em.com.br\/emfoco\/wp-json\/wp\/v2\/posts\/120515","targetHints":{"allow":["GET"]}}],"collection":[{"href":"https:\/\/www.em.com.br\/emfoco\/wp-json\/wp\/v2\/posts"}],"about":[{"href":"https:\/\/www.em.com.br\/emfoco\/wp-json\/wp\/v2\/types\/post"}],"author":[{"embeddable":true,"href":"https:\/\/www.em.com.br\/emfoco\/wp-json\/wp\/v2\/users\/9"}],"replies":[{"embeddable":true,"href":"https:\/\/www.em.com.br\/emfoco\/wp-json\/wp\/v2\/comments?post=120515"}],"version-history":[{"count":4,"href":"https:\/\/www.em.com.br\/emfoco\/wp-json\/wp\/v2\/posts\/120515\/revisions"}],"predecessor-version":[{"id":120557,"href":"https:\/\/www.em.com.br\/emfoco\/wp-json\/wp\/v2\/posts\/120515\/revisions\/120557"}],"wp:featuredmedia":[{"embeddable":true,"href":"https:\/\/www.em.com.br\/emfoco\/wp-json\/wp\/v2\/media\/120555"}],"wp:attachment":[{"href":"https:\/\/www.em.com.br\/emfoco\/wp-json\/wp\/v2\/media?parent=120515"}],"wp:term":[{"taxonomy":"category","embeddable":true,"href":"https:\/\/www.em.com.br\/emfoco\/wp-json\/wp\/v2\/categories?post=120515"},{"taxonomy":"post_tag","embeddable":true,"href":"https:\/\/www.em.com.br\/emfoco\/wp-json\/wp\/v2\/tags?post=120515"}],"curies":[{"name":"wp","href":"https:\/\/api.w.org\/{rel}","templated":true}]}}