{"id":120365,"date":"2025-10-29T16:45:00","date_gmt":"2025-10-29T19:45:00","guid":{"rendered":"https:\/\/www.em.com.br\/emfoco\/?p=120365"},"modified":"2025-10-28T19:17:14","modified_gmt":"2025-10-28T22:17:14","slug":"essa-e-a-melhor-cor-que-voce-deve-pintar-seu-quarto-segundo-a-psicologia","status":"publish","type":"post","link":"https:\/\/www.em.com.br\/emfoco\/2025\/10\/29\/essa-e-a-melhor-cor-que-voce-deve-pintar-seu-quarto-segundo-a-psicologia\/","title":{"rendered":"Essa \u00e9 a melhor cor que voc\u00ea deve pintar seu quarto, segundo a psicologia"},"content":{"rendered":"\n<p>Escolher a cor adequada para as paredes do&nbsp;<strong>dormit\u00f3rio<\/strong>&nbsp;\u00e9 fundamental, pois a psicologia das cores demonstra que cada tonalidade pode interferir diretamente no ambiente e no estado de \u00e2nimo das pessoas.<\/p>\n\n\n\n<h2 class=\"wp-block-heading\">Por que as cores afetam o dormit\u00f3rio?<\/h2>\n\n\n\n<p>A cor\u00a0est\u00e1 relacionada a diversos significados emocionais e psicol\u00f3gicos. A psicologia das cores investiga de que forma as tonalidades influenciam nossa mente e o <a href=\"https:\/\/www.psicanaliseclinica.com\/comportamento-humano\/\" target=\"_blank\" rel=\"noreferrer noopener\">comportamento humano<\/a>.<\/p>\n\n\n\n<p>No caso do&nbsp;<strong>dormit\u00f3rio<\/strong>, tons suaves e neutros se destacam como a melhor escolha para promover equil\u00edbrio emocional e criar um ambiente relaxante e convidativo ao descanso.<\/p>\n\n\n\n<h2 class=\"wp-block-heading\">Quais s\u00e3o as melhores cores para o quarto?<\/h2>\n\n\n\n<p>Psic\u00f3logos recomendam algumas cores espec\u00edficas no&nbsp;<strong>dormit\u00f3rio<\/strong>&nbsp;para proporcionar mais conforto. Essas tonalidades promovem tranquilidade e tornam o espa\u00e7o mais acolhedor, contribuindo para um sono de qualidade.<\/p>\n\n\n\n<p>Confira abaixo algumas indica\u00e7\u00f5es pr\u00e1ticas de cores que costumam funcionar muito bem neste ambiente:<\/p>\n\n\n\n<ul class=\"wp-block-list\">\n<li><strong>Bege, creme e tons de areia<\/strong>: Transformam o&nbsp;<strong>ambiente<\/strong>&nbsp;em um espa\u00e7o acolhedor e leve, trazendo luminosidade na medida certa.<\/li>\n\n\n\n<li><strong>Lavanda, lil\u00e1s, verde e azul suave<\/strong>: Tonalidades associadas \u00e0 serenidade que ajudam a acalmar, relaxar e reduzir o estresse. Estudos mostram que o azul claro, por exemplo, pode diminuir a frequ\u00eancia card\u00edaca.<\/li>\n<\/ul>\n\n\n\n<figure class=\"wp-block-image size-large\"><img loading=\"lazy\" decoding=\"async\" width=\"1024\" height=\"576\" src=\"https:\/\/www.em.com.br\/emfoco\/wp-content\/uploads\/2025\/10\/pintar-o-quarto_1761691892788-1024x576.jpg\" alt=\"\" class=\"wp-image-120593\" srcset=\"https:\/\/www.em.com.br\/emfoco\/wp-content\/uploads\/2025\/10\/pintar-o-quarto_1761691892788-1024x576.jpg 1024w, https:\/\/www.em.com.br\/emfoco\/wp-content\/uploads\/2025\/10\/pintar-o-quarto_1761691892788-300x169.jpg 300w, https:\/\/www.em.com.br\/emfoco\/wp-content\/uploads\/2025\/10\/pintar-o-quarto_1761691892788-768x432.jpg 768w, https:\/\/www.em.com.br\/emfoco\/wp-content\/uploads\/2025\/10\/pintar-o-quarto_1761691892788-750x422.jpg 750w, https:\/\/www.em.com.br\/emfoco\/wp-content\/uploads\/2025\/10\/pintar-o-quarto_1761691892788-1140x641.jpg 1140w, https:\/\/www.em.com.br\/emfoco\/wp-content\/uploads\/2025\/10\/pintar-o-quarto_1761691892788.jpg 1280w\" sizes=\"auto, (max-width: 1024px) 100vw, 1024px\" \/><figcaption class=\"wp-element-caption\">Psicologia das cores revela tons ideais para um quarto calmo &#8211; Cr\u00e9ditos: depositphotos.com \/ poznyakov<\/figcaption><\/figure>\n\n\n\n<h2 class=\"wp-block-heading\">Quais cores evitar no dormit\u00f3rio?<\/h2>\n\n\n\n<p>Cores mais vibrantes, como&nbsp;<strong>vermelho<\/strong>&nbsp;e&nbsp;<strong>laranja<\/strong>, geralmente n\u00e3o s\u00e3o recomendadas para o&nbsp;<strong>dormit\u00f3rio<\/strong>, pois tendem a estimular em excesso, atrapalhando o relaxamento e dificultando o in\u00edcio do sono.<\/p>\n\n\n\n<p>Nesses casos, \u00e9 melhor deixar essas cores para ambientes onde \u00e9 necess\u00e1ria mais energia, como \u00e1reas sociais, cozinhas ou espa\u00e7os de trabalho.<\/p>\n\n\n\n<h2 class=\"wp-block-heading\">Como escolher o tom ideal para seu quarto?<\/h2>\n\n\n\n<p>Selecionar o tom adequado no&nbsp;<strong>dormit\u00f3rio<\/strong>&nbsp;pode transformar o c\u00f4modo em um verdadeiro ref\u00fagio de tranquilidade e bem-estar. Analise as suas prefer\u00eancias e necessidades pessoais para criar um espa\u00e7o equilibrado e confort\u00e1vel.<\/p>\n\n\n\n<p>Confira os principais benef\u00edcios que uma escolha acertada de cores pode trazer ao seu ambiente:<\/p>\n\n\n\n<ul class=\"wp-block-list\">\n<li>Cores corretas melhoram a&nbsp;<strong>qualidade do sono<\/strong>&nbsp;e favorecem o descanso profundo.<\/li>\n\n\n\n<li>Tons neutros aumentam o\u00a0<strong><a href=\"https:\/\/www.em.com.br\/emfoco\/2025\/10\/25\/quem-dorme-apos-as-22-horas-esta-perdendo-uma-parte-importante-para-o-bem-estar\/\" target=\"_blank\" rel=\"noreferrer noopener\">bem-estar<\/a><\/strong>\u00a0geral e deixam o ambiente mais agrad\u00e1vel.<\/li>\n\n\n\n<li>Evitar cores vibrantes ajuda a criar um espa\u00e7o mais relaxante, prop\u00edcio para o relaxamento e a recupera\u00e7\u00e3o das energias.<\/li>\n<\/ul>\n","protected":false},"excerpt":{"rendered":"<p>Escolher a cor adequada para as paredes do&nbsp;dormit\u00f3rio&nbsp;\u00e9 fundamental, pois a psicologia das cores demonstra que cada tonalidade pode interferir diretamente no ambiente e no estado de \u00e2nimo das pessoas. Por que as cores afetam o dormit\u00f3rio? A cor\u00a0est\u00e1 relacionada a diversos significados emocionais e psicol\u00f3gicos. A psicologia das cores investiga de que forma as [&hellip;]<\/p>\n","protected":false},"author":11,"featured_media":64092,"comment_status":"open","ping_status":"open","sticky":false,"template":"","format":"standard","meta":{"jnews-multi-image_gallery":[],"jnews_single_post":{"format":"standard"},"jnews_primary_category":[],"jnews_social_meta":[],"jnews_override_counter":[],"footnotes":""},"categories":[8819,1],"tags":[1110,4687,5155,13874],"class_list":["post-120365","post","type-post","status-publish","format-standard","has-post-thumbnail","hentry","category-curiosidades","category-noticias","tag-cores","tag-decoracao","tag-psicologia","tag-quarto"],"yoast_head":"<!-- This site is optimized with the Yoast SEO plugin v23.8 - https:\/\/yoast.com\/wordpress\/plugins\/seo\/ -->\n<title>Essa \u00e9 a melhor cor que voc\u00ea deve pintar seu quarto, segundo a psicologia - Estado de Minas - Em foco<\/title>\n<meta name=\"description\" content=\"Psicologia das cores mostra quais tonalidades trazem calma e conforto ao dormit\u00f3rio. Confira as recomenda\u00e7\u00f5es.\" \/>\n<meta name=\"robots\" content=\"index, follow, max-snippet:-1, max-image-preview:large, max-video-preview:-1\" \/>\n<link rel=\"canonical\" href=\"https:\/\/www.em.com.br\/emfoco\/2025\/10\/29\/essa-e-a-melhor-cor-que-voce-deve-pintar-seu-quarto-segundo-a-psicologia\/\" \/>\n<meta property=\"og:locale\" content=\"pt_BR\" \/>\n<meta property=\"og:type\" content=\"article\" \/>\n<meta property=\"og:title\" content=\"Essa \u00e9 a melhor cor que voc\u00ea deve pintar seu quarto, segundo a psicologia - Estado de Minas - Em foco\" \/>\n<meta property=\"og:description\" content=\"Psicologia das cores mostra quais tonalidades trazem calma e conforto ao dormit\u00f3rio. Confira as recomenda\u00e7\u00f5es.\" \/>\n<meta property=\"og:url\" content=\"https:\/\/www.em.com.br\/emfoco\/2025\/10\/29\/essa-e-a-melhor-cor-que-voce-deve-pintar-seu-quarto-segundo-a-psicologia\/\" \/>\n<meta property=\"og:site_name\" content=\"Estado de Minas - Em foco\" \/>\n<meta property=\"article:published_time\" content=\"2025-10-29T19:45:00+00:00\" \/>\n<meta property=\"article:modified_time\" content=\"2025-10-28T22:17:14+00:00\" \/>\n<meta property=\"og:image\" content=\"https:\/\/www.em.com.br\/emfoco\/wp-content\/uploads\/2025\/06\/pintura-de-interiores-_1750363318346.jpg\" \/>\n\t<meta property=\"og:image:width\" content=\"1280\" \/>\n\t<meta property=\"og:image:height\" content=\"720\" \/>\n\t<meta property=\"og:image:type\" content=\"image\/jpeg\" \/>\n<meta name=\"author\" content=\"Andre\u0301 Rangel\u00a0\" \/>\n<meta name=\"twitter:card\" content=\"summary_large_image\" \/>\n<meta name=\"twitter:label1\" content=\"Escrito por\" \/>\n\t<meta name=\"twitter:data1\" content=\"Andre\u0301 Rangel\u00a0\" \/>\n\t<meta name=\"twitter:label2\" content=\"Est. tempo de leitura\" \/>\n\t<meta name=\"twitter:data2\" content=\"3 minutos\" \/>\n<!-- \/ Yoast SEO plugin. -->","yoast_head_json":{"title":"Essa \u00e9 a melhor cor que voc\u00ea deve pintar seu quarto, segundo a psicologia - Estado de Minas - Em foco","description":"Psicologia das cores mostra quais tonalidades trazem calma e conforto ao dormit\u00f3rio. Confira as recomenda\u00e7\u00f5es.","robots":{"index":"index","follow":"follow","max-snippet":"max-snippet:-1","max-image-preview":"max-image-preview:large","max-video-preview":"max-video-preview:-1"},"canonical":"https:\/\/www.em.com.br\/emfoco\/2025\/10\/29\/essa-e-a-melhor-cor-que-voce-deve-pintar-seu-quarto-segundo-a-psicologia\/","og_locale":"pt_BR","og_type":"article","og_title":"Essa \u00e9 a melhor cor que voc\u00ea deve pintar seu quarto, segundo a psicologia - Estado de Minas - Em foco","og_description":"Psicologia das cores mostra quais tonalidades trazem calma e conforto ao dormit\u00f3rio. Confira as recomenda\u00e7\u00f5es.","og_url":"https:\/\/www.em.com.br\/emfoco\/2025\/10\/29\/essa-e-a-melhor-cor-que-voce-deve-pintar-seu-quarto-segundo-a-psicologia\/","og_site_name":"Estado de Minas - Em foco","article_published_time":"2025-10-29T19:45:00+00:00","article_modified_time":"2025-10-28T22:17:14+00:00","og_image":[{"width":1280,"height":720,"url":"https:\/\/www.em.com.br\/emfoco\/wp-content\/uploads\/2025\/06\/pintura-de-interiores-_1750363318346.jpg","type":"image\/jpeg"}],"author":"Andre\u0301 Rangel\u00a0","twitter_card":"summary_large_image","twitter_misc":{"Escrito por":"Andre\u0301 Rangel\u00a0","Est. tempo de leitura":"3 minutos"},"schema":{"@context":"https:\/\/schema.org","@graph":[{"@type":"WebPage","@id":"https:\/\/www.em.com.br\/emfoco\/2025\/10\/29\/essa-e-a-melhor-cor-que-voce-deve-pintar-seu-quarto-segundo-a-psicologia\/","url":"https:\/\/www.em.com.br\/emfoco\/2025\/10\/29\/essa-e-a-melhor-cor-que-voce-deve-pintar-seu-quarto-segundo-a-psicologia\/","name":"Essa \u00e9 a melhor cor que voc\u00ea deve pintar seu quarto, segundo a psicologia - Estado de Minas - Em foco","isPartOf":{"@id":"https:\/\/www.em.com.br\/emfoco\/#website"},"primaryImageOfPage":{"@id":"https:\/\/www.em.com.br\/emfoco\/2025\/10\/29\/essa-e-a-melhor-cor-que-voce-deve-pintar-seu-quarto-segundo-a-psicologia\/#primaryimage"},"image":{"@id":"https:\/\/www.em.com.br\/emfoco\/2025\/10\/29\/essa-e-a-melhor-cor-que-voce-deve-pintar-seu-quarto-segundo-a-psicologia\/#primaryimage"},"thumbnailUrl":"https:\/\/www.em.com.br\/emfoco\/wp-content\/uploads\/2025\/06\/pintura-de-interiores-_1750363318346.jpg","datePublished":"2025-10-29T19:45:00+00:00","dateModified":"2025-10-28T22:17:14+00:00","author":{"@id":"https:\/\/www.em.com.br\/emfoco\/#\/schema\/person\/60eda09c1fedf0d6891f4cef4b60b8b8"},"description":"Psicologia das cores mostra quais tonalidades trazem calma e conforto ao dormit\u00f3rio. Confira as recomenda\u00e7\u00f5es.","breadcrumb":{"@id":"https:\/\/www.em.com.br\/emfoco\/2025\/10\/29\/essa-e-a-melhor-cor-que-voce-deve-pintar-seu-quarto-segundo-a-psicologia\/#breadcrumb"},"inLanguage":"pt-BR","potentialAction":[{"@type":"ReadAction","target":["https:\/\/www.em.com.br\/emfoco\/2025\/10\/29\/essa-e-a-melhor-cor-que-voce-deve-pintar-seu-quarto-segundo-a-psicologia\/"]}]},{"@type":"ImageObject","inLanguage":"pt-BR","@id":"https:\/\/www.em.com.br\/emfoco\/2025\/10\/29\/essa-e-a-melhor-cor-que-voce-deve-pintar-seu-quarto-segundo-a-psicologia\/#primaryimage","url":"https:\/\/www.em.com.br\/emfoco\/wp-content\/uploads\/2025\/06\/pintura-de-interiores-_1750363318346.jpg","contentUrl":"https:\/\/www.em.com.br\/emfoco\/wp-content\/uploads\/2025\/06\/pintura-de-interiores-_1750363318346.jpg","width":1280,"height":720,"caption":"O branco saiu de cena - Cr\u00e9ditos: depositphotos.com \/ stockasso"},{"@type":"BreadcrumbList","@id":"https:\/\/www.em.com.br\/emfoco\/2025\/10\/29\/essa-e-a-melhor-cor-que-voce-deve-pintar-seu-quarto-segundo-a-psicologia\/#breadcrumb","itemListElement":[{"@type":"ListItem","position":1,"name":"In\u00edcio","item":"https:\/\/www.em.com.br\/emfoco\/"},{"@type":"ListItem","position":2,"name":"Essa \u00e9 a melhor cor que voc\u00ea deve pintar seu quarto, segundo a psicologia"}]},{"@type":"WebSite","@id":"https:\/\/www.em.com.br\/emfoco\/#website","url":"https:\/\/www.em.com.br\/emfoco\/","name":"Estado de Minas - Em foco","description":"Acompanhe as \u00faltimas not\u00edcias e fique bem informado sobre tudo o que acontece em Minas Gerais, Brasil e no mundo.","potentialAction":[{"@type":"SearchAction","target":{"@type":"EntryPoint","urlTemplate":"https:\/\/www.em.com.br\/emfoco\/?s={search_term_string}"},"query-input":{"@type":"PropertyValueSpecification","valueRequired":true,"valueName":"search_term_string"}}],"inLanguage":"pt-BR"},{"@type":"Person","@id":"https:\/\/www.em.com.br\/emfoco\/#\/schema\/person\/60eda09c1fedf0d6891f4cef4b60b8b8","name":"Andre\u0301 Rangel\u00a0","image":{"@type":"ImageObject","inLanguage":"pt-BR","@id":"https:\/\/www.em.com.br\/emfoco\/#\/schema\/person\/image\/","url":"https:\/\/secure.gravatar.com\/avatar\/6234dc814c77c8ef6d8bba622c787efc?s=96&d=mm&r=g","contentUrl":"https:\/\/secure.gravatar.com\/avatar\/6234dc814c77c8ef6d8bba622c787efc?s=96&d=mm&r=g","caption":"Andre\u0301 Rangel\u00a0"},"url":"https:\/\/www.em.com.br\/emfoco\/author\/luizmyth\/"}]}},"_links":{"self":[{"href":"https:\/\/www.em.com.br\/emfoco\/wp-json\/wp\/v2\/posts\/120365","targetHints":{"allow":["GET"]}}],"collection":[{"href":"https:\/\/www.em.com.br\/emfoco\/wp-json\/wp\/v2\/posts"}],"about":[{"href":"https:\/\/www.em.com.br\/emfoco\/wp-json\/wp\/v2\/types\/post"}],"author":[{"embeddable":true,"href":"https:\/\/www.em.com.br\/emfoco\/wp-json\/wp\/v2\/users\/11"}],"replies":[{"embeddable":true,"href":"https:\/\/www.em.com.br\/emfoco\/wp-json\/wp\/v2\/comments?post=120365"}],"version-history":[{"count":3,"href":"https:\/\/www.em.com.br\/emfoco\/wp-json\/wp\/v2\/posts\/120365\/revisions"}],"predecessor-version":[{"id":120604,"href":"https:\/\/www.em.com.br\/emfoco\/wp-json\/wp\/v2\/posts\/120365\/revisions\/120604"}],"wp:featuredmedia":[{"embeddable":true,"href":"https:\/\/www.em.com.br\/emfoco\/wp-json\/wp\/v2\/media\/64092"}],"wp:attachment":[{"href":"https:\/\/www.em.com.br\/emfoco\/wp-json\/wp\/v2\/media?parent=120365"}],"wp:term":[{"taxonomy":"category","embeddable":true,"href":"https:\/\/www.em.com.br\/emfoco\/wp-json\/wp\/v2\/categories?post=120365"},{"taxonomy":"post_tag","embeddable":true,"href":"https:\/\/www.em.com.br\/emfoco\/wp-json\/wp\/v2\/tags?post=120365"}],"curies":[{"name":"wp","href":"https:\/\/api.w.org\/{rel}","templated":true}]}}