{"id":120316,"date":"2025-10-29T09:35:00","date_gmt":"2025-10-29T12:35:00","guid":{"rendered":"https:\/\/www.em.com.br\/emfoco\/?p=120316"},"modified":"2025-10-28T19:25:29","modified_gmt":"2025-10-28T22:25:29","slug":"inmet-alerta-para-temporais-e-possiveis-alagamentos-no-pais","status":"publish","type":"post","link":"https:\/\/www.em.com.br\/emfoco\/2025\/10\/29\/inmet-alerta-para-temporais-e-possiveis-alagamentos-no-pais\/","title":{"rendered":"Chuvas intensas pode atingir 4 estados nos pr\u00f3ximos dias"},"content":{"rendered":"\n<p>A previs\u00e3o meteorol\u00f3gica dos pr\u00f3ximos dias est\u00e1 gerando preocupa\u00e7\u00e3o em v\u00e1rias regi\u00f5es do pa\u00eds, com a chegada de fortes tempestades que podem causar chuvas intensas, ventos fortes e potenciais alagamentos, exigindo aten\u00e7\u00e3o especial nas \u00e1reas j\u00e1 afetadas por enchentes recentes e em processo de recupera\u00e7\u00e3o.<\/p>\n\n\n\n<h2 class=\"wp-block-heading\">Quais estados apresentam maior risco de chuva e alagamentos?<\/h2>\n\n\n\n<p>O <strong>Instituto Nacional de Meteorologia<\/strong> (<a href=\"https:\/\/portal.inmet.gov.br\/\" target=\"_blank\" rel=\"noreferrer noopener\">Inmet<\/a>) destacou que a circula\u00e7\u00e3o de uma frente fria vinda do sul do <strong>Brasil <\/strong>e o aumento da umidade nas regi\u00f5es Cento-Oeste e Sul s\u00e3o fatores cr\u00edticos para a previs\u00e3o de chuvas intensas. As condi\u00e7\u00f5es clim\u00e1ticas podem provocar maiores danos justamente onde a infraestrutura permanece fragilizada devido a eventos anteriores.<\/p>\n\n\n\n<p>De acordo com o alerta laranja, est\u00e3o sob maior risco de chuvas extremas, com acumulados expressivos e potencial de transtornos em diversas localidades, os seguintes estados:<\/p>\n\n\n\n<ul class=\"wp-block-list\">\n<li><strong>Mato Grosso do Sul<\/strong> \u2013 47 cidades sob alerta;<\/li>\n\n\n\n<li><strong>Paran\u00e1<\/strong> \u2013 261 munic\u00edpios monitorados;<\/li>\n\n\n\n<li><strong>Santa Catarina<\/strong> \u2013 198 \u00e1reas em observa\u00e7\u00e3o;<\/li>\n\n\n\n<li><strong>Rio Grande do Sul<\/strong> \u2013 91 localidades em estado de aten\u00e7\u00e3o.<\/li>\n<\/ul>\n\n\n<div class=\"wp-block-image\">\n<figure class=\"aligncenter size-large\"><img loading=\"lazy\" decoding=\"async\" width=\"1024\" height=\"576\" src=\"https:\/\/www.em.com.br\/emfoco\/wp-content\/uploads\/2025\/10\/clima-chuva_1757112349143-1024x576.jpg\" alt=\"Frente fria e alta umidade elevam riscos de desastres naturais no pa\u00eds\" class=\"wp-image-113807\" srcset=\"https:\/\/www.em.com.br\/emfoco\/wp-content\/uploads\/2025\/10\/clima-chuva_1757112349143-1024x576.jpg 1024w, https:\/\/www.em.com.br\/emfoco\/wp-content\/uploads\/2025\/10\/clima-chuva_1757112349143-300x169.jpg 300w, https:\/\/www.em.com.br\/emfoco\/wp-content\/uploads\/2025\/10\/clima-chuva_1757112349143-768x432.jpg 768w, https:\/\/www.em.com.br\/emfoco\/wp-content\/uploads\/2025\/10\/clima-chuva_1757112349143-750x422.jpg 750w, https:\/\/www.em.com.br\/emfoco\/wp-content\/uploads\/2025\/10\/clima-chuva_1757112349143-1140x641.jpg 1140w, https:\/\/www.em.com.br\/emfoco\/wp-content\/uploads\/2025\/10\/clima-chuva_1757112349143.jpg 1280w\" sizes=\"auto, (max-width: 1024px) 100vw, 1024px\" \/><figcaption class=\"wp-element-caption\">Chuva caindo no guarda-chuva &#8211; Cr\u00e9ditos: depositphotos.com \/ rfphoto<\/figcaption><\/figure><\/div>\n\n\n<h2 class=\"wp-block-heading\">Quais s\u00e3o as \u00e1reas e cidades mais suscet\u00edveis a impactos nas pr\u00f3ximas horas?<\/h2>\n\n\n\n<p>O Oeste <strong>Catarinense<\/strong>, o <strong>Vale do Itaja\u00ed<\/strong> e a <strong>Grande Florian\u00f3polis<\/strong>, al\u00e9m do Noroeste do<strong> Rio Grande do Sul<\/strong> e as regi\u00f5es do Centro-Sul, Noroeste e Sudoeste do <strong>Paran\u00e1<\/strong>, est\u00e3o entre as \u00e1reas com maior possibilidade de impactos devido ao volume pluviom\u00e9trico previsto. Pantanais Sul-Mato-Grossenses tamb\u00e9m est\u00e3o em alerta, com chances de extravasamento de rios e alagamentos localizados.<\/p>\n\n\n\n<p>Nessas regi\u00f5es, autoridades refor\u00e7am a orienta\u00e7\u00e3o para que a popula\u00e7\u00e3o acompanhe boletins meteorol\u00f3gicos e siga os alertas das autoridades locais, j\u00e1 que mudan\u00e7as r\u00e1pidas de cen\u00e1rio podem ocorrer ao longo do dia.<\/p>\n\n\n\n<h2 class=\"wp-block-heading\">O que a popula\u00e7\u00e3o deve fazer para se proteger durante tempestades fortes?<\/h2>\n\n\n\n<p>Em ambientes sujeitos a chuvas e ventos intensos, \u00e9 fundamental adotar medidas preventivas para reduzir riscos pessoais e materiais. A aten\u00e7\u00e3o deve ser redobrada em situa\u00e7\u00f5es de encostas inst\u00e1veis e regi\u00f5es pr\u00f3ximas a rios ou c\u00f3rregos.<\/p>\n\n\n\n<p>Entre as principais recomenda\u00e7\u00f5es de seguran\u00e7a para a popula\u00e7\u00e3o em \u00e1reas afetadas est\u00e3o:<\/p>\n\n\n\n<ul class=\"wp-block-list\">\n<li>Evite sair de casa durante tempestades e inunda\u00e7\u00f5es;<\/li>\n\n\n\n<li>Desligue aparelhos el\u00e9tricos e o quadro de energia durante raios e trovoadas;<\/li>\n\n\n\n<li>Proteja documentos e itens importantes em sacos pl\u00e1sticos imperme\u00e1veis;<\/li>\n\n\n\n<li>Busque abrigo em locais seguros e afastados de \u00e1reas de risco;<\/li>\n\n\n\n<li>Em caso de emerg\u00eancia, acione <strong>Defesa Civil<\/strong> (199) ou <strong>Corpo de Bombeiros<\/strong> (193).<\/li>\n<\/ul>\n\n\n\n<p>Leia mais: <a href=\"https:\/\/www.em.com.br\/emfoco\/2025\/10\/25\/novo-climatizador-da-xiaomi-promete-reduzir-consumo-de-energia\/\" target=\"_blank\" rel=\"noreferrer noopener\">Novo climatizador da Xiaomi promete reduzir consumo de energia<\/a><\/p>\n\n\n\n<h2 class=\"wp-block-heading\">\u00c9 poss\u00edvel minimizar os danos causados por estes eventos clim\u00e1ticos?<\/h2>\n\n\n\n<p>Embora tais condi\u00e7\u00f5es sejam comuns em determinadas \u00e9pocas do ano, investir em infraestrutura adequada e manter comunidades informadas s\u00e3o estrat\u00e9gias chave para mitigar riscos. A atua\u00e7\u00e3o preventiva e o monitoramento cont\u00ednuo s\u00e3o essenciais para a redu\u00e7\u00e3o dos preju\u00edzos e para a prote\u00e7\u00e3o da popula\u00e7\u00e3o.<\/p>\n\n\n\n<p>As autoridades meteorol\u00f3gicas continuam a acompanhar os sistemas meteorol\u00f3gicos que se formam sobre o pa\u00eds e destacam que novas atualiza\u00e7\u00f5es ser\u00e3o fornecidas assim que as previs\u00f5es indicarem mudan\u00e7as relevantes no cen\u00e1rio.<\/p>\n","protected":false},"excerpt":{"rendered":"<p>A previs\u00e3o meteorol\u00f3gica dos pr\u00f3ximos dias est\u00e1 gerando preocupa\u00e7\u00e3o em v\u00e1rias regi\u00f5es do pa\u00eds, com a chegada de fortes tempestades que podem causar chuvas intensas, ventos fortes e potenciais alagamentos, exigindo aten\u00e7\u00e3o especial nas \u00e1reas j\u00e1 afetadas por enchentes recentes e em processo de recupera\u00e7\u00e3o. Quais estados apresentam maior risco de chuva e alagamentos? O [&hellip;]<\/p>\n","protected":false},"author":20,"featured_media":116890,"comment_status":"open","ping_status":"open","sticky":false,"template":"","format":"standard","meta":{"jnews-multi-image_gallery":[],"jnews_single_post":{"format":"standard"},"jnews_primary_category":[],"jnews_social_meta":[],"jnews_override_counter":[],"footnotes":""},"categories":[30,1],"tags":[442,14999,1009],"class_list":["post-120316","post","type-post","status-publish","format-standard","has-post-thumbnail","hentry","category-clima","category-noticias","tag-chuvas","tag-climas","tag-tempestades"],"yoast_head":"<!-- This site is optimized with the Yoast SEO plugin v23.8 - https:\/\/yoast.com\/wordpress\/plugins\/seo\/ -->\n<title>Chuvas intensas pode atingir 4 estados nos pr\u00f3ximos dias - Estado de Minas - Em foco<\/title>\n<meta name=\"description\" content=\"Previs\u00e3o indica chuvas intensas e ventos fortes nos pr\u00f3ximos dias. Defesa Civil orienta popula\u00e7\u00e3o a evitar \u00e1reas de risco e inunda\u00e7\u00f5es.\" \/>\n<meta name=\"robots\" content=\"index, follow, max-snippet:-1, max-image-preview:large, max-video-preview:-1\" \/>\n<link rel=\"canonical\" href=\"https:\/\/www.em.com.br\/emfoco\/2025\/10\/29\/inmet-alerta-para-temporais-e-possiveis-alagamentos-no-pais\/\" \/>\n<meta property=\"og:locale\" content=\"pt_BR\" \/>\n<meta property=\"og:type\" content=\"article\" \/>\n<meta property=\"og:title\" content=\"Chuvas intensas pode atingir 4 estados nos pr\u00f3ximos dias - Estado de Minas - Em foco\" \/>\n<meta property=\"og:description\" content=\"Previs\u00e3o indica chuvas intensas e ventos fortes nos pr\u00f3ximos dias. Defesa Civil orienta popula\u00e7\u00e3o a evitar \u00e1reas de risco e inunda\u00e7\u00f5es.\" \/>\n<meta property=\"og:url\" content=\"https:\/\/www.em.com.br\/emfoco\/2025\/10\/29\/inmet-alerta-para-temporais-e-possiveis-alagamentos-no-pais\/\" \/>\n<meta property=\"og:site_name\" content=\"Estado de Minas - Em foco\" \/>\n<meta property=\"article:published_time\" content=\"2025-10-29T12:35:00+00:00\" \/>\n<meta property=\"article:modified_time\" content=\"2025-10-28T22:25:29+00:00\" \/>\n<meta property=\"og:image\" content=\"https:\/\/www.em.com.br\/emfoco\/wp-content\/uploads\/2025\/10\/chuva-de-granizo_1757274354496.jpg\" \/>\n\t<meta property=\"og:image:width\" content=\"1280\" \/>\n\t<meta property=\"og:image:height\" content=\"720\" \/>\n\t<meta property=\"og:image:type\" content=\"image\/jpeg\" \/>\n<meta name=\"author\" content=\"Ingrid Diniz\" \/>\n<meta name=\"twitter:card\" content=\"summary_large_image\" \/>\n<meta name=\"twitter:label1\" content=\"Escrito por\" \/>\n\t<meta name=\"twitter:data1\" content=\"Ingrid Diniz\" \/>\n\t<meta name=\"twitter:label2\" content=\"Est. tempo de leitura\" \/>\n\t<meta name=\"twitter:data2\" content=\"4 minutos\" \/>\n<!-- \/ Yoast SEO plugin. -->","yoast_head_json":{"title":"Chuvas intensas pode atingir 4 estados nos pr\u00f3ximos dias - Estado de Minas - Em foco","description":"Previs\u00e3o indica chuvas intensas e ventos fortes nos pr\u00f3ximos dias. Defesa Civil orienta popula\u00e7\u00e3o a evitar \u00e1reas de risco e inunda\u00e7\u00f5es.","robots":{"index":"index","follow":"follow","max-snippet":"max-snippet:-1","max-image-preview":"max-image-preview:large","max-video-preview":"max-video-preview:-1"},"canonical":"https:\/\/www.em.com.br\/emfoco\/2025\/10\/29\/inmet-alerta-para-temporais-e-possiveis-alagamentos-no-pais\/","og_locale":"pt_BR","og_type":"article","og_title":"Chuvas intensas pode atingir 4 estados nos pr\u00f3ximos dias - Estado de Minas - Em foco","og_description":"Previs\u00e3o indica chuvas intensas e ventos fortes nos pr\u00f3ximos dias. Defesa Civil orienta popula\u00e7\u00e3o a evitar \u00e1reas de risco e inunda\u00e7\u00f5es.","og_url":"https:\/\/www.em.com.br\/emfoco\/2025\/10\/29\/inmet-alerta-para-temporais-e-possiveis-alagamentos-no-pais\/","og_site_name":"Estado de Minas - Em foco","article_published_time":"2025-10-29T12:35:00+00:00","article_modified_time":"2025-10-28T22:25:29+00:00","og_image":[{"width":1280,"height":720,"url":"https:\/\/www.em.com.br\/emfoco\/wp-content\/uploads\/2025\/10\/chuva-de-granizo_1757274354496.jpg","type":"image\/jpeg"}],"author":"Ingrid Diniz","twitter_card":"summary_large_image","twitter_misc":{"Escrito por":"Ingrid Diniz","Est. tempo de leitura":"4 minutos"},"schema":{"@context":"https:\/\/schema.org","@graph":[{"@type":"WebPage","@id":"https:\/\/www.em.com.br\/emfoco\/2025\/10\/29\/inmet-alerta-para-temporais-e-possiveis-alagamentos-no-pais\/","url":"https:\/\/www.em.com.br\/emfoco\/2025\/10\/29\/inmet-alerta-para-temporais-e-possiveis-alagamentos-no-pais\/","name":"Chuvas intensas pode atingir 4 estados nos pr\u00f3ximos dias - Estado de Minas - Em foco","isPartOf":{"@id":"https:\/\/www.em.com.br\/emfoco\/#website"},"primaryImageOfPage":{"@id":"https:\/\/www.em.com.br\/emfoco\/2025\/10\/29\/inmet-alerta-para-temporais-e-possiveis-alagamentos-no-pais\/#primaryimage"},"image":{"@id":"https:\/\/www.em.com.br\/emfoco\/2025\/10\/29\/inmet-alerta-para-temporais-e-possiveis-alagamentos-no-pais\/#primaryimage"},"thumbnailUrl":"https:\/\/www.em.com.br\/emfoco\/wp-content\/uploads\/2025\/10\/chuva-de-granizo_1757274354496.jpg","datePublished":"2025-10-29T12:35:00+00:00","dateModified":"2025-10-28T22:25:29+00:00","author":{"@id":"https:\/\/www.em.com.br\/emfoco\/#\/schema\/person\/649e610b4eb8fff87ff394e54fe17b2b"},"description":"Previs\u00e3o indica chuvas intensas e ventos fortes nos pr\u00f3ximos dias. Defesa Civil orienta popula\u00e7\u00e3o a evitar \u00e1reas de risco e inunda\u00e7\u00f5es.","breadcrumb":{"@id":"https:\/\/www.em.com.br\/emfoco\/2025\/10\/29\/inmet-alerta-para-temporais-e-possiveis-alagamentos-no-pais\/#breadcrumb"},"inLanguage":"pt-BR","potentialAction":[{"@type":"ReadAction","target":["https:\/\/www.em.com.br\/emfoco\/2025\/10\/29\/inmet-alerta-para-temporais-e-possiveis-alagamentos-no-pais\/"]}]},{"@type":"ImageObject","inLanguage":"pt-BR","@id":"https:\/\/www.em.com.br\/emfoco\/2025\/10\/29\/inmet-alerta-para-temporais-e-possiveis-alagamentos-no-pais\/#primaryimage","url":"https:\/\/www.em.com.br\/emfoco\/wp-content\/uploads\/2025\/10\/chuva-de-granizo_1757274354496.jpg","contentUrl":"https:\/\/www.em.com.br\/emfoco\/wp-content\/uploads\/2025\/10\/chuva-de-granizo_1757274354496.jpg","width":1280,"height":720,"caption":"Evite gastos altos com ar-condicionado no hor\u00e1rio de pico - Cr\u00e9ditos: depositphotos.com \/ alho007"},{"@type":"BreadcrumbList","@id":"https:\/\/www.em.com.br\/emfoco\/2025\/10\/29\/inmet-alerta-para-temporais-e-possiveis-alagamentos-no-pais\/#breadcrumb","itemListElement":[{"@type":"ListItem","position":1,"name":"In\u00edcio","item":"https:\/\/www.em.com.br\/emfoco\/"},{"@type":"ListItem","position":2,"name":"Chuvas intensas pode atingir 4 estados nos pr\u00f3ximos dias"}]},{"@type":"WebSite","@id":"https:\/\/www.em.com.br\/emfoco\/#website","url":"https:\/\/www.em.com.br\/emfoco\/","name":"Estado de Minas - Em foco","description":"Acompanhe as \u00faltimas not\u00edcias e fique bem informado sobre tudo o que acontece em Minas Gerais, Brasil e no mundo.","potentialAction":[{"@type":"SearchAction","target":{"@type":"EntryPoint","urlTemplate":"https:\/\/www.em.com.br\/emfoco\/?s={search_term_string}"},"query-input":{"@type":"PropertyValueSpecification","valueRequired":true,"valueName":"search_term_string"}}],"inLanguage":"pt-BR"},{"@type":"Person","@id":"https:\/\/www.em.com.br\/emfoco\/#\/schema\/person\/649e610b4eb8fff87ff394e54fe17b2b","name":"Ingrid Diniz","image":{"@type":"ImageObject","inLanguage":"pt-BR","@id":"https:\/\/www.em.com.br\/emfoco\/#\/schema\/person\/image\/","url":"https:\/\/secure.gravatar.com\/avatar\/a3baa1449ec5c39b4c42babc9d4f3951?s=96&d=mm&r=g","contentUrl":"https:\/\/secure.gravatar.com\/avatar\/a3baa1449ec5c39b4c42babc9d4f3951?s=96&d=mm&r=g","caption":"Ingrid Diniz"},"sameAs":["https:\/\/www.em.com.br\/"],"url":"https:\/\/www.em.com.br\/emfoco\/author\/ingridmyth\/"}]}},"_links":{"self":[{"href":"https:\/\/www.em.com.br\/emfoco\/wp-json\/wp\/v2\/posts\/120316","targetHints":{"allow":["GET"]}}],"collection":[{"href":"https:\/\/www.em.com.br\/emfoco\/wp-json\/wp\/v2\/posts"}],"about":[{"href":"https:\/\/www.em.com.br\/emfoco\/wp-json\/wp\/v2\/types\/post"}],"author":[{"embeddable":true,"href":"https:\/\/www.em.com.br\/emfoco\/wp-json\/wp\/v2\/users\/20"}],"replies":[{"embeddable":true,"href":"https:\/\/www.em.com.br\/emfoco\/wp-json\/wp\/v2\/comments?post=120316"}],"version-history":[{"count":2,"href":"https:\/\/www.em.com.br\/emfoco\/wp-json\/wp\/v2\/posts\/120316\/revisions"}],"predecessor-version":[{"id":120619,"href":"https:\/\/www.em.com.br\/emfoco\/wp-json\/wp\/v2\/posts\/120316\/revisions\/120619"}],"wp:featuredmedia":[{"embeddable":true,"href":"https:\/\/www.em.com.br\/emfoco\/wp-json\/wp\/v2\/media\/116890"}],"wp:attachment":[{"href":"https:\/\/www.em.com.br\/emfoco\/wp-json\/wp\/v2\/media?parent=120316"}],"wp:term":[{"taxonomy":"category","embeddable":true,"href":"https:\/\/www.em.com.br\/emfoco\/wp-json\/wp\/v2\/categories?post=120316"},{"taxonomy":"post_tag","embeddable":true,"href":"https:\/\/www.em.com.br\/emfoco\/wp-json\/wp\/v2\/tags?post=120316"}],"curies":[{"name":"wp","href":"https:\/\/api.w.org\/{rel}","templated":true}]}}