{"id":120250,"date":"2025-10-29T12:35:00","date_gmt":"2025-10-29T15:35:00","guid":{"rendered":"https:\/\/www.em.com.br\/emfoco\/?p=120250"},"modified":"2025-10-27T21:24:39","modified_gmt":"2025-10-28T00:24:39","slug":"cortes-que-afinam-o-rosto-estao-dominando-os-saloes-e-transformando-visuais","status":"publish","type":"post","link":"https:\/\/www.em.com.br\/emfoco\/2025\/10\/29\/cortes-que-afinam-o-rosto-estao-dominando-os-saloes-e-transformando-visuais\/","title":{"rendered":"Cortes que afinam o rosto est\u00e3o dominando os sal\u00f5es e transformando visuais"},"content":{"rendered":"\n<p>O segredo para valorizar rostos redondos est\u00e1 em <strong>criar equil\u00edbrio e propor\u00e7\u00f5es harm\u00f4nicas<\/strong>. Certos cortes ajudam a alongar a face e destacar os tra\u00e7os, oferecendo um visual moderno e leve sem exigir grandes manuten\u00e7\u00f5es.<\/p>\n\n\n\n<h2 class=\"wp-block-heading\">Como o corte certo pode afinar um rosto redondo?<\/h2>\n\n\n\n<p>Quando o cabelo \u00e9 estrategicamente moldado, ele pode <strong>criar linhas diagonais e verticais<\/strong> que d\u00e3o a impress\u00e3o de um rosto mais alongado. O objetivo \u00e9 afastar o foco das laterais e destacar o comprimento, equilibrando o formato facial.<\/p>\n\n\n\n<p>Os melhores estilos apostam em camadas sutis, franjas direcionadas e linhas de base que n\u00e3o terminam na altura das bochechas. Assim, o corte <strong>atua como uma moldura natural<\/strong>, definindo e afinando a silhueta do rosto.<\/p>\n\n\n\n<blockquote class=\"tiktok-embed\" cite=\"https:\/\/www.tiktok.com\/@jujuwiththegoodhair\/video\/7367093440384912683\" data-video-id=\"7367093440384912683\" style=\"max-width: 605px;min-width: 325px;\" > <section> <a target=\"_blank\" title=\"@jujuwiththegoodhair\" href=\"https:\/\/www.tiktok.com\/@jujuwiththegoodhair?refer=embed\">@jujuwiththegoodhair<\/a> Corrective cute are so fun \ud83d\ude01 | have a vision or a haircut that just isn\u2019t sitting right? Come see me! | \ud83d\udccdwest hollywood, ca | book with me LINK IN BIO. <a title=\"westhollywood\" target=\"_blank\" href=\"https:\/\/www.tiktok.com\/tag\/westhollywood?refer=embed\">#westhollywood<\/a> <a title=\"lahair\" target=\"_blank\" href=\"https:\/\/www.tiktok.com\/tag\/lahair?refer=embed\">#lahair<\/a> <a title=\"lahairstylist\" target=\"_blank\" href=\"https:\/\/www.tiktok.com\/tag\/lahairstylist?refer=embed\">#lahairstylist<\/a> <a title=\"bobhaircut\" target=\"_blank\" href=\"https:\/\/www.tiktok.com\/tag\/bobhaircut?refer=embed\">#bobhaircut<\/a> <a title=\"frenchbob\" target=\"_blank\" href=\"https:\/\/www.tiktok.com\/tag\/frenchbob?refer=embed\">#frenchbob<\/a> <a title=\"bobhaircut\" target=\"_blank\" href=\"https:\/\/www.tiktok.com\/tag\/bobhaircut?refer=embed\">#bobhaircut<\/a> <a title=\"bobtransformation\" target=\"_blank\" href=\"https:\/\/www.tiktok.com\/tag\/bobtransformation?refer=embed\">#bobtransformation<\/a> <a title=\"hairtransformation\" target=\"_blank\" href=\"https:\/\/www.tiktok.com\/tag\/hairtransformation?refer=embed\">#hairtransformation<\/a> <a title=\"correctivecut\" target=\"_blank\" href=\"https:\/\/www.tiktok.com\/tag\/correctivecut?refer=embed\">#correctivecut<\/a> <a title=\"hairfixing\" target=\"_blank\" href=\"https:\/\/www.tiktok.com\/tag\/hairfixing?refer=embed\">#hairfixing<\/a> @Aveda <a target=\"_blank\" title=\"\u266c original sound - Julia Clayton\" href=\"https:\/\/www.tiktok.com\/music\/original-sound-7367093463973628714?refer=embed\">\u266c original sound &#8211; Julia Clayton<\/a> <\/section> <\/blockquote> <script async src=\"https:\/\/www.tiktok.com\/embed.js\"><\/script>\n\n\n\n<h2 class=\"wp-block-heading\">Quais cortes funcionam melhor para esse formato?<\/h2>\n\n\n\n<p>Alguns cortes criam propor\u00e7\u00f5es perfeitas e ajudam a alongar o rosto sem perder leveza ou movimento. Veja tr\u00eas op\u00e7\u00f5es certeiras que valorizam rostos redondos:<\/p>\n\n\n\n<ul class=\"wp-block-list\">\n<li><strong>Bob angulado abaixo do queixo:<\/strong> cria linhas diagonais sutis; pe\u00e7a para manter a base levemente alongada na frente e o topo suave para n\u00e3o ampliar as laterais.<\/li>\n\n\n\n<li><strong>Pixie com topo alto e laterais leves:<\/strong> a altura no topo adiciona verticalidade; oriente o cabeleireiro a desfiar de forma gradual para suavizar o contorno.<\/li>\n\n\n\n<li><strong>Camadas longas com franja cortininha:<\/strong> traz diagonais naturais; o ideal \u00e9 cortar em \u00e2ngulo e repicar levemente as pontas para mais movimento.<\/li>\n<\/ul>\n\n\n\n<h2 class=\"wp-block-heading\">Por que esses cortes afinam e equilibram as fei\u00e7\u00f5es?<\/h2>\n\n\n\n<p>Esses estilos funcionam porque <strong>redirecionam o olhar para o comprimento<\/strong> e criam volume em \u00e1reas estrat\u00e9gicas. O bob angulado <a href=\"https:\/\/claudia.abril.com.br\/coluna\/rodrigo-cintra\/9-cortes-de-cabelo-que-alongam-e-afinam-o-rosto-redondo\/\" target=\"_blank\" rel=\"noreferrer noopener\">alonga o maxilar<\/a>, o pixie adiciona altura no topo e as camadas longas suavizam a largura do rosto.<\/p>\n\n\n\n<p>O contraste entre linhas diagonais e textura leve ajuda a criar uma sensa\u00e7\u00e3o de alongamento. Dessa forma, o cabelo se torna <strong>parte do equil\u00edbrio visual<\/strong>, afinando naturalmente o conjunto sem esfor\u00e7o extra no dia a dia.<\/p>\n\n\n\n<blockquote class=\"tiktok-embed\" cite=\"https:\/\/www.tiktok.com\/@victorvitorinoss\/video\/7509264805081943352\" data-video-id=\"7509264805081943352\" style=\"max-width: 605px;min-width: 325px;\" > <section> <a target=\"_blank\" title=\"@victorvitorinoss\" href=\"https:\/\/www.tiktok.com\/@victorvitorinoss?refer=embed\">@victorvitorinoss<\/a> Afinando o rosto e trazendo movimento para o rosto com uma franja na altura do maxilar\ud83d\ude2e\u200d\ud83d\udca8\ud83d\udd25!  Essa foi a primeira vez que ela Repicou o cabelo, escolhemos trabalhar com camadas mais leves e uma franja para afinar as bochechas.  !Corte n\u00e3o indicado para cabelos alisados\ud83e\udee1 <a title=\"franja\" target=\"_blank\" href=\"https:\/\/www.tiktok.com\/tag\/franja?refer=embed\">#franja<\/a> <a title=\"curtainbangs\" target=\"_blank\" href=\"https:\/\/www.tiktok.com\/tag\/curtainbangs?refer=embed\">#curtainbangs<\/a> <a title=\"corterepicado\" target=\"_blank\" href=\"https:\/\/www.tiktok.com\/tag\/corterepicado?refer=embed\">#corterepicado<\/a> <a title=\"cabelosaudavel\" target=\"_blank\" href=\"https:\/\/www.tiktok.com\/tag\/cabelosaudavel?refer=embed\">#cabelosaudavel<\/a> <a title=\"mechasbh\" target=\"_blank\" href=\"https:\/\/www.tiktok.com\/tag\/mechasbh?refer=embed\">#mechasbh<\/a> <a title=\"morenailuminada\" target=\"_blank\" href=\"https:\/\/www.tiktok.com\/tag\/morenailuminada?refer=embed\">#morenailuminada<\/a> <a title=\"repicado\" target=\"_blank\" href=\"https:\/\/www.tiktok.com\/tag\/repicado?refer=embed\">#repicado<\/a> <a target=\"_blank\" title=\"\u266c LOS VOLTAJE - Sayfalse &#38; Yb Wasg&#39;ood &#38; Ariis\" href=\"https:\/\/www.tiktok.com\/music\/LOS-VOLTAJE-7492085967088994320?refer=embed\">\u266c LOS VOLTAJE &#8211; Sayfalse &#38; Yb Wasg&#39;ood &#38; Ariis<\/a> <\/section> <\/blockquote> <script async src=\"https:\/\/www.tiktok.com\/embed.js\"><\/script>\n\n\n\n<p><em>Leia mais: <a href=\"https:\/\/www.em.com.br\/emfoco\/2025\/10\/26\/o-oleo-3-em-1-ele-hidratar-a-pele-combate-o-frizz-e-fortalece-unhas-por-menos-de-r30\/\" target=\"_blank\" rel=\"noreferrer noopener\">O \u00f3leo 3 em 1! Ele hidratar a pele, combate o frizz e fortalece unhas por menos de R$30<\/a><\/em><\/p>\n\n\n\n<h2 class=\"wp-block-heading\">Como pedir o corte ideal ao cabeleireiro?<\/h2>\n\n\n\n<p>Antes de mudar o visual, leve refer\u00eancias e explique seu objetivo: <strong>alongar o rosto e criar leveza<\/strong>. Detalhe o tipo de gradua\u00e7\u00e3o, a linha de base e o desfiado desejado para cada corte.<\/p>\n\n\n\n<ul class=\"wp-block-list\">\n<li><strong>Bob angulado:<\/strong> pe\u00e7a a base abaixo do queixo, com leve gradua\u00e7\u00e3o na nuca e acabamento polido nas pontas frontais.<\/li>\n\n\n\n<li><strong>Pixie moderno:<\/strong> solicite topo alto com textura e laterais desfiadas, evitando cortes retos nas t\u00eamporas.<\/li>\n\n\n\n<li><strong>Camadas longas:<\/strong> mantenha a base reta, mas desbaste as pontas e crie franja cortininha para um efeito de moldura suave.<\/li>\n<\/ul>\n\n\n\n<p>Pequenos ajustes na <strong>altura da linha de base<\/strong> e na densidade das camadas fazem toda a diferen\u00e7a. Sempre pe\u00e7a para o profissional avaliar seu tipo de fio antes de definir o corte final.<\/p>\n","protected":false},"excerpt":{"rendered":"<p>O segredo para valorizar rostos redondos est\u00e1 em criar equil\u00edbrio e propor\u00e7\u00f5es harm\u00f4nicas. Certos cortes ajudam a alongar a face e destacar os tra\u00e7os, oferecendo um visual moderno e leve sem exigir grandes manuten\u00e7\u00f5es. Como o corte certo pode afinar um rosto redondo? Quando o cabelo \u00e9 estrategicamente moldado, ele pode criar linhas diagonais e [&hellip;]<\/p>\n","protected":false},"author":13,"featured_media":120257,"comment_status":"open","ping_status":"open","sticky":false,"template":"","format":"standard","meta":{"jnews-multi-image_gallery":[],"jnews_single_post":{"format":"standard"},"jnews_primary_category":[],"jnews_social_meta":[],"jnews_override_counter":[],"footnotes":""},"categories":[8819],"tags":[7212,17565],"class_list":["post-120250","post","type-post","status-publish","format-standard","has-post-thumbnail","hentry","category-curiosidades","tag-cortes-de-cabelo","tag-cortes-que-afinam-o-rosto"],"yoast_head":"<!-- This site is optimized with the Yoast SEO plugin v23.8 - https:\/\/yoast.com\/wordpress\/plugins\/seo\/ -->\n<title>Cortes que afinam o rosto est\u00e3o dominando os sal\u00f5es e transformando visuais - Estado de Minas - Em foco<\/title>\n<meta name=\"description\" content=\"Esses cortes de cabelo afinam o rosto e criam equil\u00edbrio visual com leveza e movimento. Saiba quais estilos est\u00e3o em alta nos sal\u00f5es.\" \/>\n<meta name=\"robots\" content=\"index, follow, max-snippet:-1, max-image-preview:large, max-video-preview:-1\" \/>\n<link rel=\"canonical\" href=\"https:\/\/www.em.com.br\/emfoco\/2025\/10\/29\/cortes-que-afinam-o-rosto-estao-dominando-os-saloes-e-transformando-visuais\/\" \/>\n<meta property=\"og:locale\" content=\"pt_BR\" \/>\n<meta property=\"og:type\" content=\"article\" \/>\n<meta property=\"og:title\" content=\"Cortes que afinam o rosto est\u00e3o dominando os sal\u00f5es e transformando visuais - Estado de Minas - Em foco\" \/>\n<meta property=\"og:description\" content=\"Esses cortes de cabelo afinam o rosto e criam equil\u00edbrio visual com leveza e movimento. Saiba quais estilos est\u00e3o em alta nos sal\u00f5es.\" \/>\n<meta property=\"og:url\" content=\"https:\/\/www.em.com.br\/emfoco\/2025\/10\/29\/cortes-que-afinam-o-rosto-estao-dominando-os-saloes-e-transformando-visuais\/\" \/>\n<meta property=\"og:site_name\" content=\"Estado de Minas - Em foco\" \/>\n<meta property=\"article:published_time\" content=\"2025-10-29T15:35:00+00:00\" \/>\n<meta property=\"article:modified_time\" content=\"2025-10-28T00:24:39+00:00\" \/>\n<meta property=\"og:image\" content=\"https:\/\/www.em.com.br\/emfoco\/wp-content\/uploads\/2025\/10\/Corte-de-cabelo-mulher_1761610753334.jpg\" \/>\n\t<meta property=\"og:image:width\" content=\"1280\" \/>\n\t<meta property=\"og:image:height\" content=\"720\" \/>\n\t<meta property=\"og:image:type\" content=\"image\/jpeg\" \/>\n<meta name=\"author\" content=\"Gabriel Martins\" \/>\n<meta name=\"twitter:card\" content=\"summary_large_image\" \/>\n<meta name=\"twitter:label1\" content=\"Escrito por\" \/>\n\t<meta name=\"twitter:data1\" content=\"Gabriel Martins\" \/>\n\t<meta name=\"twitter:label2\" content=\"Est. tempo de leitura\" \/>\n\t<meta name=\"twitter:data2\" content=\"3 minutos\" \/>\n<!-- \/ Yoast SEO plugin. -->","yoast_head_json":{"title":"Cortes que afinam o rosto est\u00e3o dominando os sal\u00f5es e transformando visuais - Estado de Minas - Em foco","description":"Esses cortes de cabelo afinam o rosto e criam equil\u00edbrio visual com leveza e movimento. Saiba quais estilos est\u00e3o em alta nos sal\u00f5es.","robots":{"index":"index","follow":"follow","max-snippet":"max-snippet:-1","max-image-preview":"max-image-preview:large","max-video-preview":"max-video-preview:-1"},"canonical":"https:\/\/www.em.com.br\/emfoco\/2025\/10\/29\/cortes-que-afinam-o-rosto-estao-dominando-os-saloes-e-transformando-visuais\/","og_locale":"pt_BR","og_type":"article","og_title":"Cortes que afinam o rosto est\u00e3o dominando os sal\u00f5es e transformando visuais - Estado de Minas - Em foco","og_description":"Esses cortes de cabelo afinam o rosto e criam equil\u00edbrio visual com leveza e movimento. Saiba quais estilos est\u00e3o em alta nos sal\u00f5es.","og_url":"https:\/\/www.em.com.br\/emfoco\/2025\/10\/29\/cortes-que-afinam-o-rosto-estao-dominando-os-saloes-e-transformando-visuais\/","og_site_name":"Estado de Minas - Em foco","article_published_time":"2025-10-29T15:35:00+00:00","article_modified_time":"2025-10-28T00:24:39+00:00","og_image":[{"width":1280,"height":720,"url":"https:\/\/www.em.com.br\/emfoco\/wp-content\/uploads\/2025\/10\/Corte-de-cabelo-mulher_1761610753334.jpg","type":"image\/jpeg"}],"author":"Gabriel Martins","twitter_card":"summary_large_image","twitter_misc":{"Escrito por":"Gabriel Martins","Est. tempo de leitura":"3 minutos"},"schema":{"@context":"https:\/\/schema.org","@graph":[{"@type":"WebPage","@id":"https:\/\/www.em.com.br\/emfoco\/2025\/10\/29\/cortes-que-afinam-o-rosto-estao-dominando-os-saloes-e-transformando-visuais\/","url":"https:\/\/www.em.com.br\/emfoco\/2025\/10\/29\/cortes-que-afinam-o-rosto-estao-dominando-os-saloes-e-transformando-visuais\/","name":"Cortes que afinam o rosto est\u00e3o dominando os sal\u00f5es e transformando visuais - Estado de Minas - Em foco","isPartOf":{"@id":"https:\/\/www.em.com.br\/emfoco\/#website"},"primaryImageOfPage":{"@id":"https:\/\/www.em.com.br\/emfoco\/2025\/10\/29\/cortes-que-afinam-o-rosto-estao-dominando-os-saloes-e-transformando-visuais\/#primaryimage"},"image":{"@id":"https:\/\/www.em.com.br\/emfoco\/2025\/10\/29\/cortes-que-afinam-o-rosto-estao-dominando-os-saloes-e-transformando-visuais\/#primaryimage"},"thumbnailUrl":"https:\/\/www.em.com.br\/emfoco\/wp-content\/uploads\/2025\/10\/Corte-de-cabelo-mulher_1761610753334.jpg","datePublished":"2025-10-29T15:35:00+00:00","dateModified":"2025-10-28T00:24:39+00:00","author":{"@id":"https:\/\/www.em.com.br\/emfoco\/#\/schema\/person\/1c9ddeab18b98abeffef834667bcf08a"},"description":"Esses cortes de cabelo afinam o rosto e criam equil\u00edbrio visual com leveza e movimento. Saiba quais estilos est\u00e3o em alta nos sal\u00f5es.","breadcrumb":{"@id":"https:\/\/www.em.com.br\/emfoco\/2025\/10\/29\/cortes-que-afinam-o-rosto-estao-dominando-os-saloes-e-transformando-visuais\/#breadcrumb"},"inLanguage":"pt-BR","potentialAction":[{"@type":"ReadAction","target":["https:\/\/www.em.com.br\/emfoco\/2025\/10\/29\/cortes-que-afinam-o-rosto-estao-dominando-os-saloes-e-transformando-visuais\/"]}]},{"@type":"ImageObject","inLanguage":"pt-BR","@id":"https:\/\/www.em.com.br\/emfoco\/2025\/10\/29\/cortes-que-afinam-o-rosto-estao-dominando-os-saloes-e-transformando-visuais\/#primaryimage","url":"https:\/\/www.em.com.br\/emfoco\/wp-content\/uploads\/2025\/10\/Corte-de-cabelo-mulher_1761610753334.jpg","contentUrl":"https:\/\/www.em.com.br\/emfoco\/wp-content\/uploads\/2025\/10\/Corte-de-cabelo-mulher_1761610753334.jpg","width":1280,"height":720,"caption":"Bob angulado cria linhas diagonais que afinam o maxilar e alongam o rosto - Cr\u00e9ditos: depositphotos.com \/ AndrewLozovyi"},{"@type":"BreadcrumbList","@id":"https:\/\/www.em.com.br\/emfoco\/2025\/10\/29\/cortes-que-afinam-o-rosto-estao-dominando-os-saloes-e-transformando-visuais\/#breadcrumb","itemListElement":[{"@type":"ListItem","position":1,"name":"In\u00edcio","item":"https:\/\/www.em.com.br\/emfoco\/"},{"@type":"ListItem","position":2,"name":"Cortes que afinam o rosto est\u00e3o dominando os sal\u00f5es e transformando visuais"}]},{"@type":"WebSite","@id":"https:\/\/www.em.com.br\/emfoco\/#website","url":"https:\/\/www.em.com.br\/emfoco\/","name":"Estado de Minas - Em foco","description":"Acompanhe as \u00faltimas not\u00edcias e fique bem informado sobre tudo o que acontece em Minas Gerais, Brasil e no mundo.","potentialAction":[{"@type":"SearchAction","target":{"@type":"EntryPoint","urlTemplate":"https:\/\/www.em.com.br\/emfoco\/?s={search_term_string}"},"query-input":{"@type":"PropertyValueSpecification","valueRequired":true,"valueName":"search_term_string"}}],"inLanguage":"pt-BR"},{"@type":"Person","@id":"https:\/\/www.em.com.br\/emfoco\/#\/schema\/person\/1c9ddeab18b98abeffef834667bcf08a","name":"Gabriel Martins","image":{"@type":"ImageObject","inLanguage":"pt-BR","@id":"https:\/\/www.em.com.br\/emfoco\/#\/schema\/person\/image\/","url":"https:\/\/secure.gravatar.com\/avatar\/f0f1e2efdfd88f1ad2cb08c5c2731e50?s=96&d=mm&r=g","contentUrl":"https:\/\/secure.gravatar.com\/avatar\/f0f1e2efdfd88f1ad2cb08c5c2731e50?s=96&d=mm&r=g","caption":"Gabriel Martins"},"sameAs":["https:\/\/www.em.com.br\/emfoco\/"],"url":"https:\/\/www.em.com.br\/emfoco\/author\/gabrielmartinsmyth\/"}]}},"_links":{"self":[{"href":"https:\/\/www.em.com.br\/emfoco\/wp-json\/wp\/v2\/posts\/120250","targetHints":{"allow":["GET"]}}],"collection":[{"href":"https:\/\/www.em.com.br\/emfoco\/wp-json\/wp\/v2\/posts"}],"about":[{"href":"https:\/\/www.em.com.br\/emfoco\/wp-json\/wp\/v2\/types\/post"}],"author":[{"embeddable":true,"href":"https:\/\/www.em.com.br\/emfoco\/wp-json\/wp\/v2\/users\/13"}],"replies":[{"embeddable":true,"href":"https:\/\/www.em.com.br\/emfoco\/wp-json\/wp\/v2\/comments?post=120250"}],"version-history":[{"count":1,"href":"https:\/\/www.em.com.br\/emfoco\/wp-json\/wp\/v2\/posts\/120250\/revisions"}],"predecessor-version":[{"id":120258,"href":"https:\/\/www.em.com.br\/emfoco\/wp-json\/wp\/v2\/posts\/120250\/revisions\/120258"}],"wp:featuredmedia":[{"embeddable":true,"href":"https:\/\/www.em.com.br\/emfoco\/wp-json\/wp\/v2\/media\/120257"}],"wp:attachment":[{"href":"https:\/\/www.em.com.br\/emfoco\/wp-json\/wp\/v2\/media?parent=120250"}],"wp:term":[{"taxonomy":"category","embeddable":true,"href":"https:\/\/www.em.com.br\/emfoco\/wp-json\/wp\/v2\/categories?post=120250"},{"taxonomy":"post_tag","embeddable":true,"href":"https:\/\/www.em.com.br\/emfoco\/wp-json\/wp\/v2\/tags?post=120250"}],"curies":[{"name":"wp","href":"https:\/\/api.w.org\/{rel}","templated":true}]}}