{"id":120221,"date":"2025-10-29T13:15:15","date_gmt":"2025-10-29T16:15:15","guid":{"rendered":"https:\/\/www.em.com.br\/emfoco\/?p=120221"},"modified":"2025-10-28T19:53:54","modified_gmt":"2025-10-28T22:53:54","slug":"experimente-esta-receita-caseira-e-recupere-o-brilho-natural-da-sua-pele","status":"publish","type":"post","link":"https:\/\/www.em.com.br\/emfoco\/2025\/10\/29\/experimente-esta-receita-caseira-e-recupere-o-brilho-natural-da-sua-pele\/","title":{"rendered":"Experimente esta receita caseira e recupere o brilho natural da sua pele"},"content":{"rendered":"\n<p>A crescente busca por alternativas <strong>naturais<\/strong> e <strong>sustent\u00e1veis<\/strong> tem impulsionado a popularidade do <strong>cuidado com a pele em casa<\/strong>, incentivando pr\u00e1ticas que combinam <strong>economia<\/strong>, <strong>sa\u00fade<\/strong> e respeito ao <strong>meio ambiente<\/strong>, com o uso de ingredientes facilmente encontrados na despensa.<\/p>\n\n\n\n<h2 class=\"wp-block-heading\">Quais s\u00e3o os ingredientes naturais mais eficazes para garantir hidrata\u00e7\u00e3o da pele?<\/h2>\n\n\n\n<p>Ingredientes naturais, como <strong>mel<\/strong>, <strong>aveia<\/strong> e <strong>\u00f3leos essenciais<\/strong>, destacam-se pela efic\u00e1cia na <strong>hidrata\u00e7\u00e3o<\/strong>. O <strong>mel<\/strong> funciona como um <strong>umectante<\/strong> poderoso, atraindo e retendo <strong>umidade<\/strong> na pele, enquanto auxilia na <strong>cicatriza\u00e7\u00e3o<\/strong> de pequenas irrita\u00e7\u00f5es devido a seus <strong>antioxidantes<\/strong>.<\/p>\n\n\n\n<blockquote class=\"tiktok-embed\" cite=\"https:\/\/www.tiktok.com\/@edsonjunior1122\/video\/7491429107650039045\" data-video-id=\"7491429107650039045\" style=\"max-width: 605px;min-width: 325px;\" > <section> <a target=\"_blank\" title=\"@edsonjunior1122\" href=\"https:\/\/www.tiktok.com\/@edsonjunior1122?refer=embed\">@edsonjunior1122<\/a> Esfolia\u00e7\u00e3o caseira com mel e a\u00e7\u00facar, voc\u00ea j\u00e1 conhecia os benef\u00edcios? <a title=\"skincare\" target=\"_blank\" href=\"https:\/\/www.tiktok.com\/tag\/skincare?refer=embed\">#skincare<\/a> <a title=\"cuidadoscomapele\" target=\"_blank\" href=\"https:\/\/www.tiktok.com\/tag\/cuidadoscomapele?refer=embed\">#cuidadoscomapele<\/a> <a title=\"pelesaudavel\" target=\"_blank\" href=\"https:\/\/www.tiktok.com\/tag\/pelesaudavel?refer=embed\">#pelesaudavel<\/a> <a target=\"_blank\" title=\"\u266c som original - Edsonjunior\" href=\"https:\/\/www.tiktok.com\/music\/som-original-7491429119851711287?refer=embed\">\u266c som original &#8211; Edsonjunior<\/a> <\/section> <\/blockquote> <script async src=\"https:\/\/www.tiktok.com\/embed.js\"><\/script>\n\n\n\n<p>A <strong>aveia<\/strong> \u00e9 valorizada por seu efeito <strong>calmante<\/strong> e <strong>esfoliante suave<\/strong>, removendo delicadamente as c\u00e9lulas mortas e evitando irrita\u00e7\u00f5es. Os <strong>\u00f3leos essenciais<\/strong>, como o de <strong>coco<\/strong> e de <strong>am\u00eandoas<\/strong>, s\u00e3o rapidamente absorvidos, proporcionando hidrata\u00e7\u00e3o profunda, <strong>nutri\u00e7\u00e3o<\/strong> e prote\u00e7\u00e3o contra o <strong>envelhecimento precoce<\/strong>. Outros ingredientes, como o<a href=\"https:\/\/www.tuasaude.com\/beneficios-do-aloe-vera\/\" target=\"_blank\" rel=\"noopener\"> <strong>aloe vera<\/strong><\/a> (babosa), tamb\u00e9m s\u00e3o amplamente utilizados por suas propriedades <strong>regeneradoras<\/strong> e sua capacidade de acalmar peles sens\u00edveis.<\/p>\n\n\n\n<h2 class=\"wp-block-heading\">Como fazer uma m\u00e1scara hidratante caseira de maneira simples e eficiente?<\/h2>\n\n\n\n<p>Preparar uma <strong>m\u00e1scara hidratante caseira<\/strong> \u00e9 simples e requer poucos ingredientes. Al\u00e9m de ser pr\u00e1tica, essa prepara\u00e7\u00e3o oferece uma alternativa <strong>natural<\/strong> e personalizada para diferentes tipos de pele.<\/p>\n\n\n<div class=\"wp-block-image\">\n<figure class=\"aligncenter size-large\"><img loading=\"lazy\" decoding=\"async\" width=\"1024\" height=\"576\" src=\"https:\/\/www.em.com.br\/emfoco\/wp-content\/uploads\/2025\/05\/Mascaras-Faciais-_1747071147587-1024x576.jpg\" alt=\"M\u00e1scaras faciais caseiras que deixam sua rotina de skincare mais leve\" class=\"wp-image-46662\" srcset=\"https:\/\/www.em.com.br\/emfoco\/wp-content\/uploads\/2025\/05\/Mascaras-Faciais-_1747071147587-1024x576.jpg 1024w, https:\/\/www.em.com.br\/emfoco\/wp-content\/uploads\/2025\/05\/Mascaras-Faciais-_1747071147587-300x169.jpg 300w, https:\/\/www.em.com.br\/emfoco\/wp-content\/uploads\/2025\/05\/Mascaras-Faciais-_1747071147587-768x432.jpg 768w, https:\/\/www.em.com.br\/emfoco\/wp-content\/uploads\/2025\/05\/Mascaras-Faciais-_1747071147587-750x422.jpg 750w, https:\/\/www.em.com.br\/emfoco\/wp-content\/uploads\/2025\/05\/Mascaras-Faciais-_1747071147587-1140x641.jpg 1140w, https:\/\/www.em.com.br\/emfoco\/wp-content\/uploads\/2025\/05\/Mascaras-Faciais-_1747071147587.jpg 1280w\" sizes=\"auto, (max-width: 1024px) 100vw, 1024px\" \/><figcaption class=\"wp-element-caption\">Uma m\u00e1scara hidratante caseira \u00e9 simples &#8211; Cr\u00e9ditos: depositphotos.com \/ IgorVetushko<\/figcaption><\/figure><\/div>\n\n\n<p>Basta seguir a receita abaixo, que utiliza ingredientes naturais facilmente encontrados:<\/p>\n\n\n\n<ul class=\"wp-block-list\">\n<li>Misture duas colheres de <em><strong>mel<\/strong><\/em> com uma colher de <em><strong>aveia<\/strong><\/em> em p\u00f3.<\/li>\n\n\n\n<li>Adicione uma colher de ch\u00e1 de <strong>\u00f3leo de am\u00eandoas<\/strong>.<\/li>\n\n\n\n<li>Mexa at\u00e9 formar uma <strong>pasta homog\u00eanea<\/strong>.<\/li>\n\n\n\n<li>Aplicar no <strong>rosto limpo e seco<\/strong>, evitando a \u00e1rea dos olhos.<\/li>\n\n\n\n<li>Deixe agir por 15 a 20 minutos e enx\u00e1gue com <strong>\u00e1gua morna<\/strong> em movimentos circulares.<\/li>\n<\/ul>\n\n\n\n<p>Recomenda-se o uso dessa <strong>m\u00e1scara<\/strong> de uma a duas vezes por semana, adaptando-se conforme a <strong>necessidade de cada pele<\/strong>. Outros ingredientes, como algumas gotas de <strong>\u00f3leo essencial de lavanda<\/strong> ou <strong>vitamina E<\/strong>, podem ser adicionados para potencializar os efeitos de regenera\u00e7\u00e3o e relaxamento.<\/p>\n\n\n\n<blockquote class=\"tiktok-embed\" cite=\"https:\/\/www.tiktok.com\/@malizialu\/video\/6919882592867159301\" data-video-id=\"6919882592867159301\" style=\"max-width: 605px;min-width: 325px;\" > <section> <a target=\"_blank\" title=\"@malizialu\" href=\"https:\/\/www.tiktok.com\/@malizialu?refer=embed\">@malizialu<\/a> Esfoliante caseiro \ud83d\udc85\ud83c\udffb siga o 1n$t4 @malizialu <a title=\"foryou\" target=\"_blank\" href=\"https:\/\/www.tiktok.com\/tag\/foryou?refer=embed\">#foryou<\/a> <a title=\"cronomalizialu\" target=\"_blank\" href=\"https:\/\/www.tiktok.com\/tag\/cronomalizialu?refer=embed\">#cronomalizialu<\/a> <a title=\"unhas\" target=\"_blank\" href=\"https:\/\/www.tiktok.com\/tag\/unhas?refer=embed\">#unhas<\/a> <a title=\"maos\" target=\"_blank\" href=\"https:\/\/www.tiktok.com\/tag\/maos?refer=embed\">#maos<\/a> <a target=\"_blank\" title=\"\u266c All Star (Karaoke-Version) As Made Famous By: Smash Mouth - License and Registration Players\" href=\"https:\/\/www.tiktok.com\/music\/All-Star-Karaoke-Version-6717100728566958081?refer=embed\">\u266c All Star (Karaoke-Version) As Made Famous By: Smash Mouth &#8211; License and Registration Players<\/a> <\/section> <\/blockquote> <script async src=\"https:\/\/www.tiktok.com\/embed.js\"><\/script>\n\n\n\n<h2 class=\"wp-block-heading\">Quais s\u00e3o as vantagens da hidrata\u00e7\u00e3o caseira regular para a sa\u00fade da pele?<\/h2>\n\n\n\n<p>A <strong>hidrata\u00e7\u00e3o caseira regular<\/strong> vai al\u00e9m da <strong>economia<\/strong>, pois permite controle total sobre os <strong>ingredientes<\/strong>, evitando <strong>aditivos sint\u00e9ticos<\/strong>. Esse cuidado fortalece a <strong>conex\u00e3o com o pr\u00f3prio corpo<\/strong> e estimula o <strong>autocuidado<\/strong>.<\/p>\n\n\n\n<p>A ado\u00e7\u00e3o de m\u00e9todos naturais cria uma <strong>rotina de beleza consciente<\/strong> e sustent\u00e1vel, resultando em benef\u00edcios para a <strong>sa\u00fade mental<\/strong> e para a <strong>qualidade da pele<\/strong>. Ao optar por pr\u00e1ticas caseiras, \u00e9 poss\u00edvel colher vantagens como:<\/p>\n\n\n\n<ul class=\"wp-block-list\">\n<li><strong>Maior seguran\u00e7a<\/strong> em rela\u00e7\u00e3o \u00e0 exposi\u00e7\u00e3o qu\u00edmica<\/li>\n\n\n\n<li><strong>Economia<\/strong> e <strong>praticidade<\/strong> no dia a dia<\/li>\n\n\n\n<li>Est\u00edmulo \u00e0 <strong>aten\u00e7\u00e3o plena<\/strong> e ao <strong>bem-estar<\/strong><\/li>\n\n\n\n<li>Resultados <strong>eficazes<\/strong> e <strong>personalizados<\/strong><\/li>\n<\/ul>\n\n\n\n<iframe loading=\"lazy\" width=\"560\" height=\"315\" src=\"https:\/\/www.youtube.com\/embed\/Yjcm6G7n3yU?si=NqGBOKEzYCKMhwWY\" title=\"YouTube video player\" frameborder=\"0\" allow=\"accelerometer; autoplay; clipboard-write; encrypted-media; gyroscope; picture-in-picture; web-share\" referrerpolicy=\"strict-origin-when-cross-origin\" allowfullscreen><\/iframe>\n\n\n\n<p>Al\u00e9m disso, a regularidade com a hidrata\u00e7\u00e3o caseira promove uma <strong>barreira protetora<\/strong> mais forte contra agress\u00f5es externas, melhorando a resist\u00eancia e vitalidade da pele ao longo do tempo.<\/p>\n\n\n\n<p>Leia tamb\u00e9m:&nbsp;<a href=\"https:\/\/www.em.com.br\/emfoco\/2025\/10\/26\/o-oleo-3-em-1-ele-hidratar-a-pele-combate-o-frizz-e-fortalece-unhas-por-menos-de-r30\/\" target=\"_blank\" rel=\"noopener\">O \u00f3leo 3 em 1! Ele hidratar a pele, combate o frizz e fortalece unhas por menos de R$30<\/a><\/p>\n\n\n\n<p><\/p>\n","protected":false},"excerpt":{"rendered":"<p>A crescente busca por alternativas naturais e sustent\u00e1veis tem impulsionado a popularidade do cuidado com a pele em casa, incentivando pr\u00e1ticas que combinam economia, sa\u00fade e respeito ao meio ambiente, com o uso de ingredientes facilmente encontrados na despensa. Quais s\u00e3o os ingredientes naturais mais eficazes para garantir hidrata\u00e7\u00e3o da pele? Ingredientes naturais, como mel, [&hellip;]<\/p>\n","protected":false},"author":9,"featured_media":37739,"comment_status":"open","ping_status":"open","sticky":false,"template":"","format":"standard","meta":{"jnews-multi-image_gallery":[],"jnews_single_post":{"format":"standard"},"jnews_primary_category":[],"jnews_social_meta":[],"jnews_override_counter":[],"footnotes":""},"categories":[8819,1],"tags":[2616,18018,17439],"class_list":["post-120221","post","type-post","status-publish","format-standard","has-post-thumbnail","hentry","category-curiosidades","category-noticias","tag-beleza","tag-hidratacao-caseira","tag-rotina-de-beleza"],"yoast_head":"<!-- This site is optimized with the Yoast SEO plugin v23.8 - https:\/\/yoast.com\/wordpress\/plugins\/seo\/ -->\n<title>Experimente esta receita caseira e recupere o brilho natural da sua pele - Estado de Minas - Em foco<\/title>\n<meta name=\"description\" content=\"Pele ressecada? Ingredientes simples da sua cozinha se transformam em poderosos hidratantes naturais para um rosto macio e luminoso.\" \/>\n<meta name=\"robots\" content=\"index, follow, max-snippet:-1, max-image-preview:large, max-video-preview:-1\" \/>\n<link rel=\"canonical\" href=\"https:\/\/www.em.com.br\/emfoco\/2025\/10\/29\/experimente-esta-receita-caseira-e-recupere-o-brilho-natural-da-sua-pele\/\" \/>\n<meta property=\"og:locale\" content=\"pt_BR\" \/>\n<meta property=\"og:type\" content=\"article\" \/>\n<meta property=\"og:title\" content=\"Experimente esta receita caseira e recupere o brilho natural da sua pele - Estado de Minas - Em foco\" \/>\n<meta property=\"og:description\" content=\"Pele ressecada? Ingredientes simples da sua cozinha se transformam em poderosos hidratantes naturais para um rosto macio e luminoso.\" \/>\n<meta property=\"og:url\" content=\"https:\/\/www.em.com.br\/emfoco\/2025\/10\/29\/experimente-esta-receita-caseira-e-recupere-o-brilho-natural-da-sua-pele\/\" \/>\n<meta property=\"og:site_name\" content=\"Estado de Minas - Em foco\" \/>\n<meta property=\"article:published_time\" content=\"2025-10-29T16:15:15+00:00\" \/>\n<meta property=\"article:modified_time\" content=\"2025-10-28T22:53:54+00:00\" \/>\n<meta property=\"og:image\" content=\"https:\/\/www.em.com.br\/emfoco\/wp-content\/uploads\/2025\/04\/pele_1744462004439.jpg\" \/>\n\t<meta property=\"og:image:width\" content=\"1280\" \/>\n\t<meta property=\"og:image:height\" content=\"720\" \/>\n\t<meta property=\"og:image:type\" content=\"image\/jpeg\" \/>\n<meta name=\"author\" content=\"Daniely Cardoso\" \/>\n<meta name=\"twitter:card\" content=\"summary_large_image\" \/>\n<meta name=\"twitter:label1\" content=\"Escrito por\" \/>\n\t<meta name=\"twitter:data1\" content=\"Daniely Cardoso\" \/>\n\t<meta name=\"twitter:label2\" content=\"Est. tempo de leitura\" \/>\n\t<meta name=\"twitter:data2\" content=\"3 minutos\" \/>\n<!-- \/ Yoast SEO plugin. -->","yoast_head_json":{"title":"Experimente esta receita caseira e recupere o brilho natural da sua pele - Estado de Minas - Em foco","description":"Pele ressecada? Ingredientes simples da sua cozinha se transformam em poderosos hidratantes naturais para um rosto macio e luminoso.","robots":{"index":"index","follow":"follow","max-snippet":"max-snippet:-1","max-image-preview":"max-image-preview:large","max-video-preview":"max-video-preview:-1"},"canonical":"https:\/\/www.em.com.br\/emfoco\/2025\/10\/29\/experimente-esta-receita-caseira-e-recupere-o-brilho-natural-da-sua-pele\/","og_locale":"pt_BR","og_type":"article","og_title":"Experimente esta receita caseira e recupere o brilho natural da sua pele - Estado de Minas - Em foco","og_description":"Pele ressecada? Ingredientes simples da sua cozinha se transformam em poderosos hidratantes naturais para um rosto macio e luminoso.","og_url":"https:\/\/www.em.com.br\/emfoco\/2025\/10\/29\/experimente-esta-receita-caseira-e-recupere-o-brilho-natural-da-sua-pele\/","og_site_name":"Estado de Minas - Em foco","article_published_time":"2025-10-29T16:15:15+00:00","article_modified_time":"2025-10-28T22:53:54+00:00","og_image":[{"width":1280,"height":720,"url":"https:\/\/www.em.com.br\/emfoco\/wp-content\/uploads\/2025\/04\/pele_1744462004439.jpg","type":"image\/jpeg"}],"author":"Daniely Cardoso","twitter_card":"summary_large_image","twitter_misc":{"Escrito por":"Daniely Cardoso","Est. tempo de leitura":"3 minutos"},"schema":{"@context":"https:\/\/schema.org","@graph":[{"@type":"WebPage","@id":"https:\/\/www.em.com.br\/emfoco\/2025\/10\/29\/experimente-esta-receita-caseira-e-recupere-o-brilho-natural-da-sua-pele\/","url":"https:\/\/www.em.com.br\/emfoco\/2025\/10\/29\/experimente-esta-receita-caseira-e-recupere-o-brilho-natural-da-sua-pele\/","name":"Experimente esta receita caseira e recupere o brilho natural da sua pele - Estado de Minas - Em foco","isPartOf":{"@id":"https:\/\/www.em.com.br\/emfoco\/#website"},"primaryImageOfPage":{"@id":"https:\/\/www.em.com.br\/emfoco\/2025\/10\/29\/experimente-esta-receita-caseira-e-recupere-o-brilho-natural-da-sua-pele\/#primaryimage"},"image":{"@id":"https:\/\/www.em.com.br\/emfoco\/2025\/10\/29\/experimente-esta-receita-caseira-e-recupere-o-brilho-natural-da-sua-pele\/#primaryimage"},"thumbnailUrl":"https:\/\/www.em.com.br\/emfoco\/wp-content\/uploads\/2025\/04\/pele_1744462004439.jpg","datePublished":"2025-10-29T16:15:15+00:00","dateModified":"2025-10-28T22:53:54+00:00","author":{"@id":"https:\/\/www.em.com.br\/emfoco\/#\/schema\/person\/0a8186d72f2c3a5c6276d90b41f271a0"},"description":"Pele ressecada? Ingredientes simples da sua cozinha se transformam em poderosos hidratantes naturais para um rosto macio e luminoso.","breadcrumb":{"@id":"https:\/\/www.em.com.br\/emfoco\/2025\/10\/29\/experimente-esta-receita-caseira-e-recupere-o-brilho-natural-da-sua-pele\/#breadcrumb"},"inLanguage":"pt-BR","potentialAction":[{"@type":"ReadAction","target":["https:\/\/www.em.com.br\/emfoco\/2025\/10\/29\/experimente-esta-receita-caseira-e-recupere-o-brilho-natural-da-sua-pele\/"]}]},{"@type":"ImageObject","inLanguage":"pt-BR","@id":"https:\/\/www.em.com.br\/emfoco\/2025\/10\/29\/experimente-esta-receita-caseira-e-recupere-o-brilho-natural-da-sua-pele\/#primaryimage","url":"https:\/\/www.em.com.br\/emfoco\/wp-content\/uploads\/2025\/04\/pele_1744462004439.jpg","contentUrl":"https:\/\/www.em.com.br\/emfoco\/wp-content\/uploads\/2025\/04\/pele_1744462004439.jpg","width":1280,"height":720,"caption":"Pele - Cr\u00e9ditos: depositphotos.com \/ bartekwardziak"},{"@type":"BreadcrumbList","@id":"https:\/\/www.em.com.br\/emfoco\/2025\/10\/29\/experimente-esta-receita-caseira-e-recupere-o-brilho-natural-da-sua-pele\/#breadcrumb","itemListElement":[{"@type":"ListItem","position":1,"name":"In\u00edcio","item":"https:\/\/www.em.com.br\/emfoco\/"},{"@type":"ListItem","position":2,"name":"Experimente esta receita caseira e recupere o brilho natural da sua pele"}]},{"@type":"WebSite","@id":"https:\/\/www.em.com.br\/emfoco\/#website","url":"https:\/\/www.em.com.br\/emfoco\/","name":"Estado de Minas - Em foco","description":"Acompanhe as \u00faltimas not\u00edcias e fique bem informado sobre tudo o que acontece em Minas Gerais, Brasil e no mundo.","potentialAction":[{"@type":"SearchAction","target":{"@type":"EntryPoint","urlTemplate":"https:\/\/www.em.com.br\/emfoco\/?s={search_term_string}"},"query-input":{"@type":"PropertyValueSpecification","valueRequired":true,"valueName":"search_term_string"}}],"inLanguage":"pt-BR"},{"@type":"Person","@id":"https:\/\/www.em.com.br\/emfoco\/#\/schema\/person\/0a8186d72f2c3a5c6276d90b41f271a0","name":"Daniely Cardoso","image":{"@type":"ImageObject","inLanguage":"pt-BR","@id":"https:\/\/www.em.com.br\/emfoco\/#\/schema\/person\/image\/","url":"https:\/\/secure.gravatar.com\/avatar\/4b80ddbd124d1f071b626d52d62e5dff?s=96&d=mm&r=g","contentUrl":"https:\/\/secure.gravatar.com\/avatar\/4b80ddbd124d1f071b626d52d62e5dff?s=96&d=mm&r=g","caption":"Daniely Cardoso"},"url":"https:\/\/www.em.com.br\/emfoco\/author\/danielymyth\/"}]}},"_links":{"self":[{"href":"https:\/\/www.em.com.br\/emfoco\/wp-json\/wp\/v2\/posts\/120221","targetHints":{"allow":["GET"]}}],"collection":[{"href":"https:\/\/www.em.com.br\/emfoco\/wp-json\/wp\/v2\/posts"}],"about":[{"href":"https:\/\/www.em.com.br\/emfoco\/wp-json\/wp\/v2\/types\/post"}],"author":[{"embeddable":true,"href":"https:\/\/www.em.com.br\/emfoco\/wp-json\/wp\/v2\/users\/9"}],"replies":[{"embeddable":true,"href":"https:\/\/www.em.com.br\/emfoco\/wp-json\/wp\/v2\/comments?post=120221"}],"version-history":[{"count":4,"href":"https:\/\/www.em.com.br\/emfoco\/wp-json\/wp\/v2\/posts\/120221\/revisions"}],"predecessor-version":[{"id":120642,"href":"https:\/\/www.em.com.br\/emfoco\/wp-json\/wp\/v2\/posts\/120221\/revisions\/120642"}],"wp:featuredmedia":[{"embeddable":true,"href":"https:\/\/www.em.com.br\/emfoco\/wp-json\/wp\/v2\/media\/37739"}],"wp:attachment":[{"href":"https:\/\/www.em.com.br\/emfoco\/wp-json\/wp\/v2\/media?parent=120221"}],"wp:term":[{"taxonomy":"category","embeddable":true,"href":"https:\/\/www.em.com.br\/emfoco\/wp-json\/wp\/v2\/categories?post=120221"},{"taxonomy":"post_tag","embeddable":true,"href":"https:\/\/www.em.com.br\/emfoco\/wp-json\/wp\/v2\/tags?post=120221"}],"curies":[{"name":"wp","href":"https:\/\/api.w.org\/{rel}","templated":true}]}}