{"id":12003,"date":"2025-01-21T12:00:00","date_gmt":"2025-01-21T15:00:00","guid":{"rendered":"https:\/\/www.em.com.br\/emfoco\/?p=12003"},"modified":"2025-01-20T20:15:17","modified_gmt":"2025-01-20T23:15:17","slug":"galaxy-s25-e-s25-plus-o-que-a-samsung-preparou-para-2025","status":"publish","type":"post","link":"https:\/\/www.em.com.br\/emfoco\/2025\/01\/21\/galaxy-s25-e-s25-plus-o-que-a-samsung-preparou-para-2025\/","title":{"rendered":"Galaxy S25 e S25 Plus: O que a Samsung preparou para 2025"},"content":{"rendered":"\n<p>A Samsung vai anunciar os modelos <strong><a href=\"https:\/\/www.googleadservices.com\/pagead\/aclk?sa=L&amp;ai=DChcSEwjJrbbutoWLAxXHXEgAHf2OBpsYABAAGgJjZQ&amp;ae=2&amp;aspm=1&amp;co=1&amp;ase=5&amp;gclid=Cj0KCQiAhbi8BhDIARIsAJLOluddpGA0yMYBta_TuOyCtdW7Wt8FEH71V--lvbfWbEtAOYbTPjD-WqAaAi0PEALw_wcB&amp;ohost=www.google.com&amp;cid=CAESV-D2quJJdnAH3HsdKRyGuFiSosWtM_I-lQogCdcbesTbCh536uiLeYCzFI00AiLkmTHeYq99uHBZa8fQHeE979Nk97hf7lUI1xo81FK8BeXGmfdtZvqrvg&amp;sig=AOD64_1SB7ZZXuLvYpBHqwAEkapPGV05WQ&amp;q&amp;adurl&amp;ved=2ahUKEwi967HutoWLAxU5JLkGHf6GLvYQ0Qx6BAgUEAM\" target=\"_blank\" rel=\"noreferrer noopener\">Galaxy S25<\/a> e S25 Plus<\/strong> no dia 22 de janeiro, trazendo inova\u00e7\u00f5es e melhorias tecnol\u00f3gicas. Entre os principais destaques, temos o chipset <strong>Snapdragon 8 Elite<\/strong>, o aumento da mem\u00f3ria RAM, a nova interface<strong> One UI 7<\/strong> e um design reformulado. Essas atualiza\u00e7\u00f5es, sem d\u00favida, melhorar\u00e3o o desempenho, especialmente no que diz respeito \u00e0 intelig\u00eancia artificial e \u00e0 efici\u00eancia energ\u00e9tica.<\/p>\n\n\n\n<h2 class=\"wp-block-heading\">Por que o Snapdragon 8 Elite \u00e9 t\u00e3o esperado?<\/h2>\n\n\n\n<p>A grande expectativa entre os entusiastas da tecnologia se deve \u00e0 inclus\u00e3o do novo chipset Snapdragon 8 Elite. Este componente promete trazer avan\u00e7os significativos no desempenho e nas funcionalidades de intelig\u00eancia artificial, uma \u00e1rea que tem atra\u00eddo crescente interesse dos consumidores. Portanto, ele n\u00e3o s\u00f3 aumentar\u00e1 a velocidade de processamento, como tamb\u00e9m otimizar\u00e1 a utiliza\u00e7\u00e3o de energia.<\/p>\n\n\n\n<h2 class=\"wp-block-heading\">Avan\u00e7os no desempenho e intelig\u00eancia artificial<\/h2>\n\n\n\n<p>Com o novo Snapdragon 8 Elite, o Galaxy S25 poder\u00e1 processar tarefas relacionadas \u00e0 intelig\u00eancia artificial com muito mais efici\u00eancia. Segundo a <a href=\"https:\/\/www.em.com.br\/emfoco\/2025\/01\/10\/one-ui-7-a-nova-interface-da-samsung-chega-com-o-android-15-o-que-muda\/\" target=\"_blank\" rel=\"noreferrer noopener\"><strong>Samsung<\/strong><\/a>, o chipset oferece um aumento de 45% na efici\u00eancia de IA, em compara\u00e7\u00e3o com a gera\u00e7\u00e3o anterior, o Snapdragon 8 Gen 3. Al\u00e9m disso, a Qualcomm afirma que o novo chip \u00e9 25% mais eficiente, o que resulta em menor consumo de bateria, uma vantagem importante para os usu\u00e1rios.<\/p>\n\n\n\n<p>O Galaxy S25 tamb\u00e9m \u00e9 equipado com uma bateria de 4.855 mAh, garantindo que o dispositivo tenha autonomia suficiente para lidar com as exig\u00eancias do hardware avan\u00e7ado. Como resultado, os usu\u00e1rios poder\u00e3o desfrutar de uma maior durabilidade entre as recargas.<\/p>\n\n\n<div class=\"wp-block-image\">\n<figure class=\"aligncenter size-large\"><img loading=\"lazy\" decoding=\"async\" width=\"1024\" height=\"576\" src=\"https:\/\/www.em.com.br\/emfoco\/wp-content\/uploads\/2025\/01\/samsung_1737403891448-2-1024x576.jpg\" alt=\"\" class=\"wp-image-12024\" srcset=\"https:\/\/www.em.com.br\/emfoco\/wp-content\/uploads\/2025\/01\/samsung_1737403891448-2-1024x576.jpg 1024w, https:\/\/www.em.com.br\/emfoco\/wp-content\/uploads\/2025\/01\/samsung_1737403891448-2-300x169.jpg 300w, https:\/\/www.em.com.br\/emfoco\/wp-content\/uploads\/2025\/01\/samsung_1737403891448-2-768x432.jpg 768w, https:\/\/www.em.com.br\/emfoco\/wp-content\/uploads\/2025\/01\/samsung_1737403891448-2-750x422.jpg 750w, https:\/\/www.em.com.br\/emfoco\/wp-content\/uploads\/2025\/01\/samsung_1737403891448-2-1140x641.jpg 1140w, https:\/\/www.em.com.br\/emfoco\/wp-content\/uploads\/2025\/01\/samsung_1737403891448-2.jpg 1280w\" sizes=\"auto, (max-width: 1024px) 100vw, 1024px\" \/><figcaption class=\"wp-element-caption\">Imagem Ilustrativa da Samsung \u2013 Cr\u00e9ditos: depositphotos.com \/ Mirroni<\/figcaption><\/figure><\/div>\n\n\n<h2 class=\"wp-block-heading\">O que a maior mem\u00f3ria RAM traz para os usu\u00e1rios?<\/h2>\n\n\n\n<p>Outro ponto importante dos novos modelos \u00e9 o aumento da mem\u00f3ria RAM de 8 GB para 12 GB. Essa melhoria facilita o desempenho de aplicativos pesados, jogos e fun\u00e7\u00f5es de intelig\u00eancia artificial, como tradu\u00e7\u00e3o simult\u00e2nea e pesquisa visual inteligente. Assim, a mem\u00f3ria adicional garante uma experi\u00eancia mais fluida, mesmo com v\u00e1rios processos em execu\u00e7\u00e3o.<\/p>\n\n\n\n<p>\u00c0 medida que a intelig\u00eancia artificial avan\u00e7a, os smartphones precisam de mais mem\u00f3ria RAM para lidar com tarefas multitarefas. Dessa forma, o Galaxy S25 e S25 Plus oferecem uma solu\u00e7\u00e3o eficiente para esse desafio, atendendo \u00e0s crescentes demandas tecnol\u00f3gicas.<\/p>\n\n\n\n<h2 class=\"wp-block-heading\">O que h\u00e1 de novo na One UI 7?<\/h2>\n\n\n\n<p>Em rela\u00e7\u00e3o ao software, a Samsung lan\u00e7ar\u00e1 a One UI 7 junto com o Galaxy S25. Essa vers\u00e3o da interface promete tornar a experi\u00eancia do usu\u00e1rio ainda mais otimizada e responsiva, gra\u00e7as \u00e0 implementa\u00e7\u00e3o de controles intuitivos e recursos aprimorados pela intelig\u00eancia artificial. Por exemplo, a navega\u00e7\u00e3o se tornar\u00e1 mais f\u00e1cil, respondendo diretamente \u00e0s necessidades dos consumidores.<\/p>\n\n\n\n<p>Al\u00e9m disso, a One UI 7 deve incluir melhorias na personaliza\u00e7\u00e3o, seguran\u00e7a e acessibilidade. Com isso, o sistema se tornar\u00e1 mais adapt\u00e1vel \u00e0s prefer\u00eancias individuais dos usu\u00e1rios, oferecendo uma experi\u00eancia de uso mais envolvente.<\/p>\n\n\n\n<h2 class=\"wp-block-heading\">Design repaginado: o que esperar?<\/h2>\n\n\n\n<p>O design do Galaxy S25 foi repensado para proporcionar mais conforto e ergonomia. Espera-se que os novos modelos tragam cantos arredondados e uma paleta de cores mais harm\u00f4nica, inclusive nas molduras das c\u00e2meras traseiras. Isso resultar\u00e1 em uma experi\u00eancia visual mais coesa e sofisticada.<\/p>\n\n\n\n<p>Essas mudan\u00e7as indicam que a Samsung est\u00e1 atenta ao feedback dos usu\u00e1rios. Assim, a empresa ajustou seus produtos n\u00e3o apenas para melhorar a funcionalidade, mas tamb\u00e9m para oferecer uma est\u00e9tica mais atraente e uma melhor usabilidade.<\/p>\n","protected":false},"excerpt":{"rendered":"<p>A Samsung vai anunciar os modelos Galaxy S25 e S25 Plus no dia 22 de janeiro, trazendo inova\u00e7\u00f5es e melhorias tecnol\u00f3gicas. Entre os principais destaques, temos o chipset Snapdragon 8 Elite, o aumento da mem\u00f3ria RAM, a nova interface One UI 7 e um design reformulado. Essas atualiza\u00e7\u00f5es, sem d\u00favida, melhorar\u00e3o o desempenho, especialmente no [&hellip;]<\/p>\n","protected":false},"author":9,"featured_media":12008,"comment_status":"open","ping_status":"open","sticky":false,"template":"","format":"standard","meta":{"jnews-multi-image_gallery":[],"jnews_single_post":{"format":"standard"},"jnews_primary_category":[],"jnews_social_meta":[],"jnews_override_counter":[],"footnotes":""},"categories":[1],"tags":[2598,3266,161],"class_list":["post-12003","post","type-post","status-publish","format-standard","has-post-thumbnail","hentry","category-noticias","tag-samsung","tag-samsung-galaxy-s25","tag-tecnologia"],"yoast_head":"<!-- This site is optimized with the Yoast SEO plugin v23.8 - https:\/\/yoast.com\/wordpress\/plugins\/seo\/ -->\n<title>Galaxy S25 e S25 Plus: O que a Samsung preparou para 2025<\/title>\n<meta name=\"description\" content=\"Saiba tudo sobre os Galaxy S25 e S25 Plus e como esses novos modelos podem redefinir a experi\u00eancia de smartphone.\" \/>\n<meta name=\"robots\" content=\"index, follow, max-snippet:-1, max-image-preview:large, max-video-preview:-1\" \/>\n<link rel=\"canonical\" href=\"https:\/\/www.em.com.br\/emfoco\/2025\/01\/21\/galaxy-s25-e-s25-plus-o-que-a-samsung-preparou-para-2025\/\" \/>\n<meta property=\"og:locale\" content=\"pt_BR\" \/>\n<meta property=\"og:type\" content=\"article\" \/>\n<meta property=\"og:title\" content=\"Galaxy S25 e S25 Plus: O que a Samsung preparou para 2025\" \/>\n<meta property=\"og:description\" content=\"Saiba tudo sobre os Galaxy S25 e S25 Plus e como esses novos modelos podem redefinir a experi\u00eancia de smartphone.\" \/>\n<meta property=\"og:url\" content=\"https:\/\/www.em.com.br\/emfoco\/2025\/01\/21\/galaxy-s25-e-s25-plus-o-que-a-samsung-preparou-para-2025\/\" \/>\n<meta property=\"og:site_name\" content=\"Estado de Minas - Em foco\" \/>\n<meta property=\"article:published_time\" content=\"2025-01-21T15:00:00+00:00\" \/>\n<meta property=\"article:modified_time\" content=\"2025-01-20T23:15:17+00:00\" \/>\n<meta property=\"og:image\" content=\"https:\/\/www.em.com.br\/emfoco\/wp-content\/uploads\/2025\/01\/samsung_1737403655755.jpg\" \/>\n\t<meta property=\"og:image:width\" content=\"1280\" \/>\n\t<meta property=\"og:image:height\" content=\"720\" \/>\n\t<meta property=\"og:image:type\" content=\"image\/jpeg\" \/>\n<meta name=\"author\" content=\"Daniely Cardoso\" \/>\n<meta name=\"twitter:card\" content=\"summary_large_image\" \/>\n<meta name=\"twitter:label1\" content=\"Escrito por\" \/>\n\t<meta name=\"twitter:data1\" content=\"Daniely Cardoso\" \/>\n\t<meta name=\"twitter:label2\" content=\"Est. tempo de leitura\" \/>\n\t<meta name=\"twitter:data2\" content=\"4 minutos\" \/>\n<!-- \/ Yoast SEO plugin. -->","yoast_head_json":{"title":"Galaxy S25 e S25 Plus: O que a Samsung preparou para 2025","description":"Saiba tudo sobre os Galaxy S25 e S25 Plus e como esses novos modelos podem redefinir a experi\u00eancia de smartphone.","robots":{"index":"index","follow":"follow","max-snippet":"max-snippet:-1","max-image-preview":"max-image-preview:large","max-video-preview":"max-video-preview:-1"},"canonical":"https:\/\/www.em.com.br\/emfoco\/2025\/01\/21\/galaxy-s25-e-s25-plus-o-que-a-samsung-preparou-para-2025\/","og_locale":"pt_BR","og_type":"article","og_title":"Galaxy S25 e S25 Plus: O que a Samsung preparou para 2025","og_description":"Saiba tudo sobre os Galaxy S25 e S25 Plus e como esses novos modelos podem redefinir a experi\u00eancia de smartphone.","og_url":"https:\/\/www.em.com.br\/emfoco\/2025\/01\/21\/galaxy-s25-e-s25-plus-o-que-a-samsung-preparou-para-2025\/","og_site_name":"Estado de Minas - Em foco","article_published_time":"2025-01-21T15:00:00+00:00","article_modified_time":"2025-01-20T23:15:17+00:00","og_image":[{"width":1280,"height":720,"url":"https:\/\/www.em.com.br\/emfoco\/wp-content\/uploads\/2025\/01\/samsung_1737403655755.jpg","type":"image\/jpeg"}],"author":"Daniely Cardoso","twitter_card":"summary_large_image","twitter_misc":{"Escrito por":"Daniely Cardoso","Est. tempo de leitura":"4 minutos"},"schema":{"@context":"https:\/\/schema.org","@graph":[{"@type":"WebPage","@id":"https:\/\/www.em.com.br\/emfoco\/2025\/01\/21\/galaxy-s25-e-s25-plus-o-que-a-samsung-preparou-para-2025\/","url":"https:\/\/www.em.com.br\/emfoco\/2025\/01\/21\/galaxy-s25-e-s25-plus-o-que-a-samsung-preparou-para-2025\/","name":"Galaxy S25 e S25 Plus: O que a Samsung preparou para 2025","isPartOf":{"@id":"https:\/\/www.em.com.br\/emfoco\/#website"},"primaryImageOfPage":{"@id":"https:\/\/www.em.com.br\/emfoco\/2025\/01\/21\/galaxy-s25-e-s25-plus-o-que-a-samsung-preparou-para-2025\/#primaryimage"},"image":{"@id":"https:\/\/www.em.com.br\/emfoco\/2025\/01\/21\/galaxy-s25-e-s25-plus-o-que-a-samsung-preparou-para-2025\/#primaryimage"},"thumbnailUrl":"https:\/\/www.em.com.br\/emfoco\/wp-content\/uploads\/2025\/01\/samsung_1737403655755.jpg","datePublished":"2025-01-21T15:00:00+00:00","dateModified":"2025-01-20T23:15:17+00:00","author":{"@id":"https:\/\/www.em.com.br\/emfoco\/#\/schema\/person\/0a8186d72f2c3a5c6276d90b41f271a0"},"description":"Saiba tudo sobre os Galaxy S25 e S25 Plus e como esses novos modelos podem redefinir a experi\u00eancia de smartphone.","breadcrumb":{"@id":"https:\/\/www.em.com.br\/emfoco\/2025\/01\/21\/galaxy-s25-e-s25-plus-o-que-a-samsung-preparou-para-2025\/#breadcrumb"},"inLanguage":"pt-BR","potentialAction":[{"@type":"ReadAction","target":["https:\/\/www.em.com.br\/emfoco\/2025\/01\/21\/galaxy-s25-e-s25-plus-o-que-a-samsung-preparou-para-2025\/"]}]},{"@type":"ImageObject","inLanguage":"pt-BR","@id":"https:\/\/www.em.com.br\/emfoco\/2025\/01\/21\/galaxy-s25-e-s25-plus-o-que-a-samsung-preparou-para-2025\/#primaryimage","url":"https:\/\/www.em.com.br\/emfoco\/wp-content\/uploads\/2025\/01\/samsung_1737403655755.jpg","contentUrl":"https:\/\/www.em.com.br\/emfoco\/wp-content\/uploads\/2025\/01\/samsung_1737403655755.jpg","width":1280,"height":720,"caption":"Imagem ilustrativa de um Samsung - Galaxy S25 e S25 Plus"},{"@type":"BreadcrumbList","@id":"https:\/\/www.em.com.br\/emfoco\/2025\/01\/21\/galaxy-s25-e-s25-plus-o-que-a-samsung-preparou-para-2025\/#breadcrumb","itemListElement":[{"@type":"ListItem","position":1,"name":"In\u00edcio","item":"https:\/\/www.em.com.br\/emfoco\/"},{"@type":"ListItem","position":2,"name":"Galaxy S25 e S25 Plus: O que a Samsung preparou para 2025"}]},{"@type":"WebSite","@id":"https:\/\/www.em.com.br\/emfoco\/#website","url":"https:\/\/www.em.com.br\/emfoco\/","name":"Estado de Minas - Em foco","description":"Acompanhe as \u00faltimas not\u00edcias e fique bem informado sobre tudo o que acontece em Minas Gerais, Brasil e no mundo.","potentialAction":[{"@type":"SearchAction","target":{"@type":"EntryPoint","urlTemplate":"https:\/\/www.em.com.br\/emfoco\/?s={search_term_string}"},"query-input":{"@type":"PropertyValueSpecification","valueRequired":true,"valueName":"search_term_string"}}],"inLanguage":"pt-BR"},{"@type":"Person","@id":"https:\/\/www.em.com.br\/emfoco\/#\/schema\/person\/0a8186d72f2c3a5c6276d90b41f271a0","name":"Daniely Cardoso","image":{"@type":"ImageObject","inLanguage":"pt-BR","@id":"https:\/\/www.em.com.br\/emfoco\/#\/schema\/person\/image\/","url":"https:\/\/secure.gravatar.com\/avatar\/4b80ddbd124d1f071b626d52d62e5dff?s=96&d=mm&r=g","contentUrl":"https:\/\/secure.gravatar.com\/avatar\/4b80ddbd124d1f071b626d52d62e5dff?s=96&d=mm&r=g","caption":"Daniely Cardoso"},"url":"https:\/\/www.em.com.br\/emfoco\/author\/danielymyth\/"}]}},"_links":{"self":[{"href":"https:\/\/www.em.com.br\/emfoco\/wp-json\/wp\/v2\/posts\/12003","targetHints":{"allow":["GET"]}}],"collection":[{"href":"https:\/\/www.em.com.br\/emfoco\/wp-json\/wp\/v2\/posts"}],"about":[{"href":"https:\/\/www.em.com.br\/emfoco\/wp-json\/wp\/v2\/types\/post"}],"author":[{"embeddable":true,"href":"https:\/\/www.em.com.br\/emfoco\/wp-json\/wp\/v2\/users\/9"}],"replies":[{"embeddable":true,"href":"https:\/\/www.em.com.br\/emfoco\/wp-json\/wp\/v2\/comments?post=12003"}],"version-history":[{"count":5,"href":"https:\/\/www.em.com.br\/emfoco\/wp-json\/wp\/v2\/posts\/12003\/revisions"}],"predecessor-version":[{"id":12118,"href":"https:\/\/www.em.com.br\/emfoco\/wp-json\/wp\/v2\/posts\/12003\/revisions\/12118"}],"wp:featuredmedia":[{"embeddable":true,"href":"https:\/\/www.em.com.br\/emfoco\/wp-json\/wp\/v2\/media\/12008"}],"wp:attachment":[{"href":"https:\/\/www.em.com.br\/emfoco\/wp-json\/wp\/v2\/media?parent=12003"}],"wp:term":[{"taxonomy":"category","embeddable":true,"href":"https:\/\/www.em.com.br\/emfoco\/wp-json\/wp\/v2\/categories?post=12003"},{"taxonomy":"post_tag","embeddable":true,"href":"https:\/\/www.em.com.br\/emfoco\/wp-json\/wp\/v2\/tags?post=12003"}],"curies":[{"name":"wp","href":"https:\/\/api.w.org\/{rel}","templated":true}]}}