{"id":119944,"date":"2025-10-28T14:05:00","date_gmt":"2025-10-28T17:05:00","guid":{"rendered":"https:\/\/www.em.com.br\/emfoco\/?p=119944"},"modified":"2025-10-27T22:31:24","modified_gmt":"2025-10-28T01:31:24","slug":"os-rituais-energeticos-mais-eficazes-para-renovar-sua-casa-e-seu-humor","status":"publish","type":"post","link":"https:\/\/www.em.com.br\/emfoco\/2025\/10\/28\/os-rituais-energeticos-mais-eficazes-para-renovar-sua-casa-e-seu-humor\/","title":{"rendered":"Os rituais energ\u00e9ticos mais eficazes para renovar sua casa e seu humor"},"content":{"rendered":"\n<p>Transforme sua rotina com rituais caseiros simples que elevam o astral do lar e fortalecem suas emo\u00e7\u00f5es. Inspire-se em receitas DIY seguras, pr\u00e1ticas e cheias de significado para purificar ambientes e atrair boas energias.<\/p>\n\n\n\n<h2 class=\"wp-block-heading\">Por que rituais energ\u00e9ticos caseiros fazem tanta diferen\u00e7a?<\/h2>\n\n\n\n<p>Os <strong>rituais energ\u00e9ticos DIY<\/strong> ajudam a criar uma conex\u00e3o emocional com o ambiente, transformando tarefas simples em momentos de <strong>equil\u00edbrio e ancoragem<\/strong>. Eles funcionam como pausas conscientes, aliviando tens\u00f5es e estimulando o foco mental no presente.<\/p>\n\n\n\n<p>Quando realizados com inten\u00e7\u00e3o e frequ\u00eancia, esses rituais fortalecem o campo vibracional do lar. O ato de preparar um espa\u00e7o, acender uma vela ou misturar ervas cria uma atmosfera de <a href=\"https:\/\/www.santacasamaringa.com.br\/noticia\/374\/autocuidado-10-coisas-para-aproveitar-o-tempo-em-casa\" target=\"_blank\" rel=\"noreferrer noopener\"><strong>autocuidado<\/strong> <\/a>e reorganiza as emo\u00e7\u00f5es de forma natural e sutil.<\/p>\n\n\n\n<figure class=\"wp-block-image size-large\"><img loading=\"lazy\" decoding=\"async\" width=\"1024\" height=\"576\" src=\"https:\/\/www.em.com.br\/emfoco\/wp-content\/uploads\/2025\/10\/Protecao-espiritual_1761587740186-1024x576.jpg\" alt=\"Os rituais energ\u00e9ticos mais eficazes para renovar sua casa e seu humor\" class=\"wp-image-120021\" srcset=\"https:\/\/www.em.com.br\/emfoco\/wp-content\/uploads\/2025\/10\/Protecao-espiritual_1761587740186-1024x576.jpg 1024w, https:\/\/www.em.com.br\/emfoco\/wp-content\/uploads\/2025\/10\/Protecao-espiritual_1761587740186-300x169.jpg 300w, https:\/\/www.em.com.br\/emfoco\/wp-content\/uploads\/2025\/10\/Protecao-espiritual_1761587740186-768x432.jpg 768w, https:\/\/www.em.com.br\/emfoco\/wp-content\/uploads\/2025\/10\/Protecao-espiritual_1761587740186-750x422.jpg 750w, https:\/\/www.em.com.br\/emfoco\/wp-content\/uploads\/2025\/10\/Protecao-espiritual_1761587740186-1140x641.jpg 1140w, https:\/\/www.em.com.br\/emfoco\/wp-content\/uploads\/2025\/10\/Protecao-espiritual_1761587740186.jpg 1280w\" sizes=\"auto, (max-width: 1024px) 100vw, 1024px\" \/><figcaption class=\"wp-element-caption\">Ritual com vela e cristal ajuda na organiza\u00e7\u00e3o emocional e foco di\u00e1rio &#8211; Cr\u00e9ditos: depositphotos.com \/ dasha11<\/figcaption><\/figure>\n\n\n\n<h2 class=\"wp-block-heading\">Quais receitas simples elevam a energia e trazem harmonia?<\/h2>\n\n\n\n<p>Essas pr\u00e1ticas combinam elementos simb\u00f3licos e sensoriais. Veja 6 rituais seguros, r\u00e1pidos e eficazes para transformar o clima da casa e promover bem-estar emocional.<\/p>\n\n\n\n<ul class=\"wp-block-list\">\n<li><strong>Spray c\u00edtrico de limpeza:<\/strong> misture \u00e1gua filtrada, gotas de \u00f3leo essencial de laranja e ramos de alecrim. Use ap\u00f3s faxinas para renovar o ar e trazer leveza.<\/li>\n\n\n\n<li><strong>Defuma\u00e7\u00e3o leve com louro e alecrim:<\/strong> queime folhas secas sobre carv\u00e3o vegetal em local ventilado. Ideal para descarregar tens\u00f5es acumuladas.<\/li>\n\n\n\n<li><strong>Pote da gratid\u00e3o:<\/strong> guarde bilhetes com momentos felizes. Revise mensalmente para refor\u00e7ar emo\u00e7\u00f5es positivas e foco no que prospera.<\/li>\n\n\n\n<li><strong>\u00c1gua solarizada:<\/strong> deixe uma jarra de vidro azul sob o sol por 1h. Beba ou use para regar plantas e equilibrar vibra\u00e7\u00f5es internas.<\/li>\n\n\n\n<li><strong>Altar minimalista:<\/strong> organize objetos simb\u00f3licos \u2014 vela, cristal, flor \u2014 para servir como ponto de inten\u00e7\u00e3o e contempla\u00e7\u00e3o di\u00e1ria.<\/li>\n\n\n\n<li><strong>Trilha sonora de limpeza:<\/strong> crie uma playlist suave e use durante faxinas para elevar o humor e ritmar o movimento corporal.<\/li>\n<\/ul>\n\n\n\n<p><em>Leia mais: <a href=\"https:\/\/www.em.com.br\/emfoco\/2025\/04\/07\/aprenda-a-plantar-baunilha-em-vaso-e-tenha-seu-proprio-aroma-natural\/\" target=\"_blank\" rel=\"noreferrer noopener\">Aprenda a plantar baunilha em vaso e tenha seu pr\u00f3prio aroma natural<\/a><\/em><\/p>\n\n\n\n<h2 class=\"wp-block-heading\">Como incorporar esses rituais \u00e0 rotina semanal?<\/h2>\n\n\n\n<p>Reserve pequenos intervalos ao longo da semana para aplicar cada pr\u00e1tica conforme sua necessidade emocional. Um <strong>spray arom\u00e1tico<\/strong> pode ser usado pela manh\u00e3, enquanto o <strong>pote da gratid\u00e3o<\/strong> se renova ao final do dia, criando ciclos de renova\u00e7\u00e3o.<\/p>\n\n\n\n<p>O importante \u00e9 agir com presen\u00e7a e inten\u00e7\u00e3o. Mesmo, cinco minutos di\u00e1rios bastam para fortalecer seu campo energ\u00e9tico e o da casa. A const\u00e2ncia transforma o ambiente num ref\u00fagio de <strong>paz e vitalidade<\/strong>.<\/p>\n\n\n\n<figure class=\"wp-block-image size-large\"><img loading=\"lazy\" decoding=\"async\" width=\"1024\" height=\"576\" src=\"https:\/\/www.em.com.br\/emfoco\/wp-content\/uploads\/2025\/10\/Rituais-em-casa_1761587787986-1024x576.jpg\" alt=\"Os rituais energ\u00e9ticos mais eficazes para renovar sua casa e seu humor\" class=\"wp-image-120022\" srcset=\"https:\/\/www.em.com.br\/emfoco\/wp-content\/uploads\/2025\/10\/Rituais-em-casa_1761587787986-1024x576.jpg 1024w, https:\/\/www.em.com.br\/emfoco\/wp-content\/uploads\/2025\/10\/Rituais-em-casa_1761587787986-300x169.jpg 300w, https:\/\/www.em.com.br\/emfoco\/wp-content\/uploads\/2025\/10\/Rituais-em-casa_1761587787986-768x432.jpg 768w, https:\/\/www.em.com.br\/emfoco\/wp-content\/uploads\/2025\/10\/Rituais-em-casa_1761587787986-750x422.jpg 750w, https:\/\/www.em.com.br\/emfoco\/wp-content\/uploads\/2025\/10\/Rituais-em-casa_1761587787986-1140x641.jpg 1140w, https:\/\/www.em.com.br\/emfoco\/wp-content\/uploads\/2025\/10\/Rituais-em-casa_1761587787986.jpg 1280w\" sizes=\"auto, (max-width: 1024px) 100vw, 1024px\" \/><figcaption class=\"wp-element-caption\">O aroma do alecrim traz clareza mental e sensa\u00e7\u00e3o de frescor &#8211; Cr\u00e9ditos: depositphotos.com \/ NishaDutta<\/figcaption><\/figure>\n\n\n\n<h2 class=\"wp-block-heading\">Como manter a energia do lar equilibrada o m\u00eas inteiro?<\/h2>\n\n\n\n<p>Monte um calend\u00e1rio energ\u00e9tico simples e repita as pr\u00e1ticas conforme o ciclo lunar. Assim, voc\u00ea mant\u00e9m o fluxo vital em movimento e evita ac\u00famulo de energias densas no lar.<\/p>\n\n\n\n<ul class=\"wp-block-list\">\n<li><strong>Semanas 1 e 2:<\/strong> purifica\u00e7\u00e3o e limpeza com sprays e defuma\u00e7\u00f5es leves.<\/li>\n\n\n\n<li><strong>Semanas 3 e 4:<\/strong> pr\u00e1ticas de gratid\u00e3o e reposi\u00e7\u00e3o com altar e \u00e1gua solarizada.<\/li>\n\n\n\n<li><strong>Dica extra:<\/strong> anote percep\u00e7\u00f5es semanais sobre seu humor e energia \u2014 isso ajuda a identificar quais rituais mais funcionam para voc\u00ea.<\/li>\n<\/ul>\n","protected":false},"excerpt":{"rendered":"<p>Transforme sua rotina com rituais caseiros simples que elevam o astral do lar e fortalecem suas emo\u00e7\u00f5es. Inspire-se em receitas DIY seguras, pr\u00e1ticas e cheias de significado para purificar ambientes e atrair boas energias. Por que rituais energ\u00e9ticos caseiros fazem tanta diferen\u00e7a? Os rituais energ\u00e9ticos DIY ajudam a criar uma conex\u00e3o emocional com o ambiente, [&hellip;]<\/p>\n","protected":false},"author":13,"featured_media":120017,"comment_status":"open","ping_status":"open","sticky":false,"template":"","format":"standard","meta":{"jnews-multi-image_gallery":[],"jnews_single_post":{"format":"standard"},"jnews_primary_category":[],"jnews_social_meta":[],"jnews_override_counter":[],"footnotes":""},"categories":[8819],"tags":[5115,17324,17948,17949],"class_list":["post-119944","post","type-post","status-publish","format-standard","has-post-thumbnail","hentry","category-curiosidades","tag-diy","tag-do-it-yourself","tag-rituais-caseiros","tag-rituais-energeticos"],"yoast_head":"<!-- This site is optimized with the Yoast SEO plugin v23.8 - https:\/\/yoast.com\/wordpress\/plugins\/seo\/ -->\n<title>Os rituais energ\u00e9ticos mais eficazes para renovar sua casa e seu humor - Estado de Minas - Em foco<\/title>\n<meta name=\"description\" content=\"Transforme o clima da sua casa com rituais energ\u00e9ticos que purificam, acolhem e equilibram o seu bem-estar emocional com seguran\u00e7a.\" \/>\n<meta name=\"robots\" content=\"index, follow, max-snippet:-1, max-image-preview:large, max-video-preview:-1\" \/>\n<link rel=\"canonical\" href=\"https:\/\/www.em.com.br\/emfoco\/2025\/10\/28\/os-rituais-energeticos-mais-eficazes-para-renovar-sua-casa-e-seu-humor\/\" \/>\n<meta property=\"og:locale\" content=\"pt_BR\" \/>\n<meta property=\"og:type\" content=\"article\" \/>\n<meta property=\"og:title\" content=\"Os rituais energ\u00e9ticos mais eficazes para renovar sua casa e seu humor - Estado de Minas - Em foco\" \/>\n<meta property=\"og:description\" content=\"Transforme o clima da sua casa com rituais energ\u00e9ticos que purificam, acolhem e equilibram o seu bem-estar emocional com seguran\u00e7a.\" \/>\n<meta property=\"og:url\" content=\"https:\/\/www.em.com.br\/emfoco\/2025\/10\/28\/os-rituais-energeticos-mais-eficazes-para-renovar-sua-casa-e-seu-humor\/\" \/>\n<meta property=\"og:site_name\" content=\"Estado de Minas - Em foco\" \/>\n<meta property=\"article:published_time\" content=\"2025-10-28T17:05:00+00:00\" \/>\n<meta property=\"article:modified_time\" content=\"2025-10-28T01:31:24+00:00\" \/>\n<meta property=\"og:image\" content=\"https:\/\/www.em.com.br\/emfoco\/wp-content\/uploads\/2025\/10\/Rituais-energeticos_1761587659891.jpg\" \/>\n\t<meta property=\"og:image:width\" content=\"1280\" \/>\n\t<meta property=\"og:image:height\" content=\"720\" \/>\n\t<meta property=\"og:image:type\" content=\"image\/jpeg\" \/>\n<meta name=\"author\" content=\"Gabriel Martins\" \/>\n<meta name=\"twitter:card\" content=\"summary_large_image\" \/>\n<meta name=\"twitter:label1\" content=\"Escrito por\" \/>\n\t<meta name=\"twitter:data1\" content=\"Gabriel Martins\" \/>\n\t<meta name=\"twitter:label2\" content=\"Est. tempo de leitura\" \/>\n\t<meta name=\"twitter:data2\" content=\"4 minutos\" \/>\n<!-- \/ Yoast SEO plugin. -->","yoast_head_json":{"title":"Os rituais energ\u00e9ticos mais eficazes para renovar sua casa e seu humor - Estado de Minas - Em foco","description":"Transforme o clima da sua casa com rituais energ\u00e9ticos que purificam, acolhem e equilibram o seu bem-estar emocional com seguran\u00e7a.","robots":{"index":"index","follow":"follow","max-snippet":"max-snippet:-1","max-image-preview":"max-image-preview:large","max-video-preview":"max-video-preview:-1"},"canonical":"https:\/\/www.em.com.br\/emfoco\/2025\/10\/28\/os-rituais-energeticos-mais-eficazes-para-renovar-sua-casa-e-seu-humor\/","og_locale":"pt_BR","og_type":"article","og_title":"Os rituais energ\u00e9ticos mais eficazes para renovar sua casa e seu humor - Estado de Minas - Em foco","og_description":"Transforme o clima da sua casa com rituais energ\u00e9ticos que purificam, acolhem e equilibram o seu bem-estar emocional com seguran\u00e7a.","og_url":"https:\/\/www.em.com.br\/emfoco\/2025\/10\/28\/os-rituais-energeticos-mais-eficazes-para-renovar-sua-casa-e-seu-humor\/","og_site_name":"Estado de Minas - Em foco","article_published_time":"2025-10-28T17:05:00+00:00","article_modified_time":"2025-10-28T01:31:24+00:00","og_image":[{"width":1280,"height":720,"url":"https:\/\/www.em.com.br\/emfoco\/wp-content\/uploads\/2025\/10\/Rituais-energeticos_1761587659891.jpg","type":"image\/jpeg"}],"author":"Gabriel Martins","twitter_card":"summary_large_image","twitter_misc":{"Escrito por":"Gabriel Martins","Est. tempo de leitura":"4 minutos"},"schema":{"@context":"https:\/\/schema.org","@graph":[{"@type":"WebPage","@id":"https:\/\/www.em.com.br\/emfoco\/2025\/10\/28\/os-rituais-energeticos-mais-eficazes-para-renovar-sua-casa-e-seu-humor\/","url":"https:\/\/www.em.com.br\/emfoco\/2025\/10\/28\/os-rituais-energeticos-mais-eficazes-para-renovar-sua-casa-e-seu-humor\/","name":"Os rituais energ\u00e9ticos mais eficazes para renovar sua casa e seu humor - Estado de Minas - Em foco","isPartOf":{"@id":"https:\/\/www.em.com.br\/emfoco\/#website"},"primaryImageOfPage":{"@id":"https:\/\/www.em.com.br\/emfoco\/2025\/10\/28\/os-rituais-energeticos-mais-eficazes-para-renovar-sua-casa-e-seu-humor\/#primaryimage"},"image":{"@id":"https:\/\/www.em.com.br\/emfoco\/2025\/10\/28\/os-rituais-energeticos-mais-eficazes-para-renovar-sua-casa-e-seu-humor\/#primaryimage"},"thumbnailUrl":"https:\/\/www.em.com.br\/emfoco\/wp-content\/uploads\/2025\/10\/Rituais-energeticos_1761587659891.jpg","datePublished":"2025-10-28T17:05:00+00:00","dateModified":"2025-10-28T01:31:24+00:00","author":{"@id":"https:\/\/www.em.com.br\/emfoco\/#\/schema\/person\/1c9ddeab18b98abeffef834667bcf08a"},"description":"Transforme o clima da sua casa com rituais energ\u00e9ticos que purificam, acolhem e equilibram o seu bem-estar emocional com seguran\u00e7a.","breadcrumb":{"@id":"https:\/\/www.em.com.br\/emfoco\/2025\/10\/28\/os-rituais-energeticos-mais-eficazes-para-renovar-sua-casa-e-seu-humor\/#breadcrumb"},"inLanguage":"pt-BR","potentialAction":[{"@type":"ReadAction","target":["https:\/\/www.em.com.br\/emfoco\/2025\/10\/28\/os-rituais-energeticos-mais-eficazes-para-renovar-sua-casa-e-seu-humor\/"]}]},{"@type":"ImageObject","inLanguage":"pt-BR","@id":"https:\/\/www.em.com.br\/emfoco\/2025\/10\/28\/os-rituais-energeticos-mais-eficazes-para-renovar-sua-casa-e-seu-humor\/#primaryimage","url":"https:\/\/www.em.com.br\/emfoco\/wp-content\/uploads\/2025\/10\/Rituais-energeticos_1761587659891.jpg","contentUrl":"https:\/\/www.em.com.br\/emfoco\/wp-content\/uploads\/2025\/10\/Rituais-energeticos_1761587659891.jpg","width":1280,"height":720,"caption":"Bilhetes de gratid\u00e3o refor\u00e7am emo\u00e7\u00f5es positivas e reduzem tens\u00f5es acumuladas - Cr\u00e9ditos: depositphotos.com \/ Netrun78"},{"@type":"BreadcrumbList","@id":"https:\/\/www.em.com.br\/emfoco\/2025\/10\/28\/os-rituais-energeticos-mais-eficazes-para-renovar-sua-casa-e-seu-humor\/#breadcrumb","itemListElement":[{"@type":"ListItem","position":1,"name":"In\u00edcio","item":"https:\/\/www.em.com.br\/emfoco\/"},{"@type":"ListItem","position":2,"name":"Os rituais energ\u00e9ticos mais eficazes para renovar sua casa e seu humor"}]},{"@type":"WebSite","@id":"https:\/\/www.em.com.br\/emfoco\/#website","url":"https:\/\/www.em.com.br\/emfoco\/","name":"Estado de Minas - Em foco","description":"Acompanhe as \u00faltimas not\u00edcias e fique bem informado sobre tudo o que acontece em Minas Gerais, Brasil e no mundo.","potentialAction":[{"@type":"SearchAction","target":{"@type":"EntryPoint","urlTemplate":"https:\/\/www.em.com.br\/emfoco\/?s={search_term_string}"},"query-input":{"@type":"PropertyValueSpecification","valueRequired":true,"valueName":"search_term_string"}}],"inLanguage":"pt-BR"},{"@type":"Person","@id":"https:\/\/www.em.com.br\/emfoco\/#\/schema\/person\/1c9ddeab18b98abeffef834667bcf08a","name":"Gabriel Martins","image":{"@type":"ImageObject","inLanguage":"pt-BR","@id":"https:\/\/www.em.com.br\/emfoco\/#\/schema\/person\/image\/","url":"https:\/\/secure.gravatar.com\/avatar\/f0f1e2efdfd88f1ad2cb08c5c2731e50?s=96&d=mm&r=g","contentUrl":"https:\/\/secure.gravatar.com\/avatar\/f0f1e2efdfd88f1ad2cb08c5c2731e50?s=96&d=mm&r=g","caption":"Gabriel Martins"},"sameAs":["https:\/\/www.em.com.br\/emfoco\/"],"url":"https:\/\/www.em.com.br\/emfoco\/author\/gabrielmartinsmyth\/"}]}},"_links":{"self":[{"href":"https:\/\/www.em.com.br\/emfoco\/wp-json\/wp\/v2\/posts\/119944","targetHints":{"allow":["GET"]}}],"collection":[{"href":"https:\/\/www.em.com.br\/emfoco\/wp-json\/wp\/v2\/posts"}],"about":[{"href":"https:\/\/www.em.com.br\/emfoco\/wp-json\/wp\/v2\/types\/post"}],"author":[{"embeddable":true,"href":"https:\/\/www.em.com.br\/emfoco\/wp-json\/wp\/v2\/users\/13"}],"replies":[{"embeddable":true,"href":"https:\/\/www.em.com.br\/emfoco\/wp-json\/wp\/v2\/comments?post=119944"}],"version-history":[{"count":2,"href":"https:\/\/www.em.com.br\/emfoco\/wp-json\/wp\/v2\/posts\/119944\/revisions"}],"predecessor-version":[{"id":120271,"href":"https:\/\/www.em.com.br\/emfoco\/wp-json\/wp\/v2\/posts\/119944\/revisions\/120271"}],"wp:featuredmedia":[{"embeddable":true,"href":"https:\/\/www.em.com.br\/emfoco\/wp-json\/wp\/v2\/media\/120017"}],"wp:attachment":[{"href":"https:\/\/www.em.com.br\/emfoco\/wp-json\/wp\/v2\/media?parent=119944"}],"wp:term":[{"taxonomy":"category","embeddable":true,"href":"https:\/\/www.em.com.br\/emfoco\/wp-json\/wp\/v2\/categories?post=119944"},{"taxonomy":"post_tag","embeddable":true,"href":"https:\/\/www.em.com.br\/emfoco\/wp-json\/wp\/v2\/tags?post=119944"}],"curies":[{"name":"wp","href":"https:\/\/api.w.org\/{rel}","templated":true}]}}