{"id":119921,"date":"2025-10-28T14:25:35","date_gmt":"2025-10-28T17:25:35","guid":{"rendered":"https:\/\/www.em.com.br\/emfoco\/?p=119921"},"modified":"2025-10-27T16:14:22","modified_gmt":"2025-10-27T19:14:22","slug":"o-corte-queridinho-dos-saloes-que-promete-rejuvenescer-o-visual-em-minutos","status":"publish","type":"post","link":"https:\/\/www.em.com.br\/emfoco\/2025\/10\/28\/o-corte-queridinho-dos-saloes-que-promete-rejuvenescer-o-visual-em-minutos\/","title":{"rendered":"O corte queridinho dos sal\u00f5es que promete rejuvenescer o visual em minutos"},"content":{"rendered":"\n<p>Com a chegada da <strong>primavera<\/strong>, os <strong>cortes de cabelo<\/strong> ganham destaque ao privilegiarem a <strong>leveza<\/strong> da esta\u00e7\u00e3o e um efeito <strong>rejuvenescedor<\/strong> ao rosto, apostando em estilos que adicionam <strong>movimento<\/strong>, <strong>suavidade<\/strong> e <strong>praticidade<\/strong>, o que harmoniza as fei\u00e7\u00f5es e revitaliza a apar\u00eancia de forma <strong>moderna<\/strong>, acompanhando as novidades e <strong>tend\u00eancias<\/strong> do mundo da beleza.<\/p>\n\n\n\n<h2 class=\"wp-block-heading\">Quais cortes de cabelo rejuvenescem o rosto nesta primavera<\/h2>\n\n\n\n<p>Os <strong>cortes em camadas<\/strong> continuam como os queridinhos por proporcionarem <strong>volume<\/strong> e movimento, suavizando linhas e destacando tra\u00e7os positivos. Eles s\u00e3o ideais para quem deseja um <strong>visual mais jovem<\/strong> e atualizado nesta temporada.<\/p>\n\n\n\n<p>Outra aposta \u00e9 o <strong>bob curto<\/strong> e desfiado, conhecido por seu toque moderno, f\u00e1cil manuten\u00e7\u00e3o e capacidade de <strong>real\u00e7ar os contornos faciais<\/strong>. Complementando as tend\u00eancias, cortes <strong>longos e fluidos com franjas<\/strong> adapt\u00e1veis tamb\u00e9m conquistam espa\u00e7o por oferecerem <strong>versatilidade<\/strong>.<\/p>\n\n\n\n<iframe loading=\"lazy\" src=\"https:\/\/assets.pinterest.com\/ext\/embed.html?id=703756188673451\" height=\"530\" width=\"345\" frameborder=\"0\" scrolling=\"no\" ><\/iframe>\n\n\n\n\n\n<h2 class=\"wp-block-heading\">Descubra por que cortes espec\u00edficos podem rejuvenescer o visual<\/h2>\n\n\n\n<p>A configura\u00e7\u00e3o dos cortes \u00e9 fundamental para direcionar a aten\u00e7\u00e3o ao <strong>equil\u00edbrio dos fios<\/strong>, suavizando imperfei\u00e7\u00f5es e <strong>linhas de express\u00e3o<\/strong>. Explorar diferentes <strong>camadas<\/strong> e <strong>franjas<\/strong> ajuda a valorizar cada <strong>formato de rosto<\/strong> e tipo de cabelo.<\/p>\n\n\n\n<p>Para deixar clara a <strong>variedade<\/strong> e os efeitos desses cortes, veja alguns dos benef\u00edcios mais buscados nesta primavera:<\/p>\n\n\n\n<ul class=\"wp-block-list\">\n<li>Camufla <strong>linhas<\/strong> e <strong>rugas<\/strong> ao redor do rosto<\/li>\n\n\n\n<li>D\u00e1 mais <strong>leveza<\/strong> e <strong>balan\u00e7o<\/strong> aos fios<\/li>\n\n\n\n<li>Facilita o <strong>cuidado<\/strong> e o <strong>styling di\u00e1rio<\/strong><\/li>\n\n\n\n<li>Potencializa os <strong>tra\u00e7os faciais<\/strong> de maneira natural<\/li>\n<\/ul>\n\n\n<div class=\"wp-block-image\">\n<figure class=\"aligncenter size-large\"><img loading=\"lazy\" decoding=\"async\" width=\"1024\" height=\"576\" src=\"https:\/\/www.em.com.br\/emfoco\/wp-content\/uploads\/2025\/08\/corte-de-cabelo_1755094600590-1024x576.jpg\" alt=\"\" class=\"wp-image-90891\" srcset=\"https:\/\/www.em.com.br\/emfoco\/wp-content\/uploads\/2025\/08\/corte-de-cabelo_1755094600590-1024x576.jpg 1024w, https:\/\/www.em.com.br\/emfoco\/wp-content\/uploads\/2025\/08\/corte-de-cabelo_1755094600590-300x169.jpg 300w, https:\/\/www.em.com.br\/emfoco\/wp-content\/uploads\/2025\/08\/corte-de-cabelo_1755094600590-768x432.jpg 768w, https:\/\/www.em.com.br\/emfoco\/wp-content\/uploads\/2025\/08\/corte-de-cabelo_1755094600590-750x422.jpg 750w, https:\/\/www.em.com.br\/emfoco\/wp-content\/uploads\/2025\/08\/corte-de-cabelo_1755094600590-1140x641.jpg 1140w, https:\/\/www.em.com.br\/emfoco\/wp-content\/uploads\/2025\/08\/corte-de-cabelo_1755094600590.jpg 1280w\" sizes=\"auto, (max-width: 1024px) 100vw, 1024px\" \/><figcaption class=\"wp-element-caption\">Corte de cabelo &#8211; Cr\u00e9ditos: depositphotos.com \/ MilanMarkovic<\/figcaption><\/figure><\/div>\n\n\n<h2 class=\"wp-block-heading\">Como encontrar o melhor corte de cabelo para cada formato de rosto<\/h2>\n\n\n\n<p>Considerar o <strong>formato do rosto<\/strong>, <strong>textura dos fios<\/strong> e <strong>personalidade<\/strong> na escolha do corte \u00e9 essencial para destacar a beleza de cada pessoa. Para rostos <strong>ovais<\/strong>, as <strong>camadas amplas<\/strong> s\u00e3o indicadas, enquanto o <a href=\"https:\/\/br.pinterest.com\/search\/pins\/?q=long%20bob&amp;rs=typed\" target=\"_blank\" rel=\"noopener\"><strong>long bob<\/strong><\/a> favorece os formatos arredondados, criando linhas verticais que <strong>alongam<\/strong>.<\/p>\n\n\n\n<p><strong>Franja longa e desfiada<\/strong> pode suavizar rostos quadrados, al\u00e9m de proporcionar mais suavidade. Consultar um <strong>profissional<\/strong> \u00e9 indispens\u00e1vel para personalizar tend\u00eancias conforme suas necessidades e <strong>estilo pr\u00f3prio<\/strong>.<\/p>\n\n\n\n<p>Portanto, a <strong>primavera de 2025<\/strong> se desenha como uma esta\u00e7\u00e3o de <strong>inova\u00e7\u00e3o<\/strong>, em que <strong>cortes modernos<\/strong> traduzem o <strong>frescor<\/strong> e promovem <strong>rejuvenescimento<\/strong>, real\u00e7ando a <strong>individualidade<\/strong> e despertando confian\u00e7a para viver um novo ciclo com mais <strong>beleza<\/strong> e <strong>vitalidade<\/strong>.<\/p>\n\n\n\n<p>Leia tamb\u00e9m:&nbsp;<a href=\"https:\/\/www.em.com.br\/emfoco\/2025\/10\/27\/cortes-e-finalizacoes-que-salvam-seu-cabelo-do-frizz-diario\/\" target=\"_blank\" rel=\"noopener\">Cortes e finaliza\u00e7\u00f5es que salvam seu cabelo do frizz di\u00e1rio<\/a><\/p>\n","protected":false},"excerpt":{"rendered":"<p>Com a chegada da primavera, os cortes de cabelo ganham destaque ao privilegiarem a leveza da esta\u00e7\u00e3o e um efeito rejuvenescedor ao rosto, apostando em estilos que adicionam movimento, suavidade e praticidade, o que harmoniza as fei\u00e7\u00f5es e revitaliza a apar\u00eancia de forma moderna, acompanhando as novidades e tend\u00eancias do mundo da beleza. Quais cortes [&hellip;]<\/p>\n","protected":false},"author":9,"featured_media":119980,"comment_status":"open","ping_status":"open","sticky":false,"template":"","format":"standard","meta":{"jnews-multi-image_gallery":[],"jnews_single_post":{"format":"standard"},"jnews_primary_category":[],"jnews_social_meta":[],"jnews_override_counter":[],"footnotes":""},"categories":[8819,1],"tags":[5143,4906,17910],"class_list":["post-119921","post","type-post","status-publish","format-standard","has-post-thumbnail","hentry","category-curiosidades","category-noticias","tag-cabelos","tag-corte-de-cabelo","tag-tendencia-de-cortes"],"yoast_head":"<!-- This site is optimized with the Yoast SEO plugin v23.8 - https:\/\/yoast.com\/wordpress\/plugins\/seo\/ -->\n<title>O corte queridinho dos sal\u00f5es que promete rejuvenescer o visual em minutos<\/title>\n<meta name=\"description\" content=\"A nova esta\u00e7\u00e3o pede leveza e renova\u00e7\u00e3o. Descubra os cortes que suavizam os tra\u00e7os, trazem movimento e rejuvenescem o visual.\" \/>\n<meta name=\"robots\" content=\"index, follow, max-snippet:-1, max-image-preview:large, max-video-preview:-1\" \/>\n<link rel=\"canonical\" href=\"https:\/\/www.em.com.br\/emfoco\/2025\/10\/28\/o-corte-queridinho-dos-saloes-que-promete-rejuvenescer-o-visual-em-minutos\/\" \/>\n<meta property=\"og:locale\" content=\"pt_BR\" \/>\n<meta property=\"og:type\" content=\"article\" \/>\n<meta property=\"og:title\" content=\"O corte queridinho dos sal\u00f5es que promete rejuvenescer o visual em minutos\" \/>\n<meta property=\"og:description\" content=\"A nova esta\u00e7\u00e3o pede leveza e renova\u00e7\u00e3o. Descubra os cortes que suavizam os tra\u00e7os, trazem movimento e rejuvenescem o visual.\" \/>\n<meta property=\"og:url\" content=\"https:\/\/www.em.com.br\/emfoco\/2025\/10\/28\/o-corte-queridinho-dos-saloes-que-promete-rejuvenescer-o-visual-em-minutos\/\" \/>\n<meta property=\"og:site_name\" content=\"Estado de Minas - Em foco\" \/>\n<meta property=\"article:published_time\" content=\"2025-10-28T17:25:35+00:00\" \/>\n<meta property=\"article:modified_time\" content=\"2025-10-27T19:14:22+00:00\" \/>\n<meta property=\"og:image\" content=\"https:\/\/www.em.com.br\/emfoco\/wp-content\/uploads\/2025\/10\/cabelo-franja_1761585775550.jpg\" \/>\n\t<meta property=\"og:image:width\" content=\"1280\" \/>\n\t<meta property=\"og:image:height\" content=\"720\" \/>\n\t<meta property=\"og:image:type\" content=\"image\/jpeg\" \/>\n<meta name=\"author\" content=\"Daniely Cardoso\" \/>\n<meta name=\"twitter:card\" content=\"summary_large_image\" \/>\n<meta name=\"twitter:label1\" content=\"Escrito por\" \/>\n\t<meta name=\"twitter:data1\" content=\"Daniely Cardoso\" \/>\n\t<meta name=\"twitter:label2\" content=\"Est. tempo de leitura\" \/>\n\t<meta name=\"twitter:data2\" content=\"3 minutos\" \/>\n<!-- \/ Yoast SEO plugin. -->","yoast_head_json":{"title":"O corte queridinho dos sal\u00f5es que promete rejuvenescer o visual em minutos","description":"A nova esta\u00e7\u00e3o pede leveza e renova\u00e7\u00e3o. Descubra os cortes que suavizam os tra\u00e7os, trazem movimento e rejuvenescem o visual.","robots":{"index":"index","follow":"follow","max-snippet":"max-snippet:-1","max-image-preview":"max-image-preview:large","max-video-preview":"max-video-preview:-1"},"canonical":"https:\/\/www.em.com.br\/emfoco\/2025\/10\/28\/o-corte-queridinho-dos-saloes-que-promete-rejuvenescer-o-visual-em-minutos\/","og_locale":"pt_BR","og_type":"article","og_title":"O corte queridinho dos sal\u00f5es que promete rejuvenescer o visual em minutos","og_description":"A nova esta\u00e7\u00e3o pede leveza e renova\u00e7\u00e3o. Descubra os cortes que suavizam os tra\u00e7os, trazem movimento e rejuvenescem o visual.","og_url":"https:\/\/www.em.com.br\/emfoco\/2025\/10\/28\/o-corte-queridinho-dos-saloes-que-promete-rejuvenescer-o-visual-em-minutos\/","og_site_name":"Estado de Minas - Em foco","article_published_time":"2025-10-28T17:25:35+00:00","article_modified_time":"2025-10-27T19:14:22+00:00","og_image":[{"width":1280,"height":720,"url":"https:\/\/www.em.com.br\/emfoco\/wp-content\/uploads\/2025\/10\/cabelo-franja_1761585775550.jpg","type":"image\/jpeg"}],"author":"Daniely Cardoso","twitter_card":"summary_large_image","twitter_misc":{"Escrito por":"Daniely Cardoso","Est. tempo de leitura":"3 minutos"},"schema":{"@context":"https:\/\/schema.org","@graph":[{"@type":"WebPage","@id":"https:\/\/www.em.com.br\/emfoco\/2025\/10\/28\/o-corte-queridinho-dos-saloes-que-promete-rejuvenescer-o-visual-em-minutos\/","url":"https:\/\/www.em.com.br\/emfoco\/2025\/10\/28\/o-corte-queridinho-dos-saloes-que-promete-rejuvenescer-o-visual-em-minutos\/","name":"O corte queridinho dos sal\u00f5es que promete rejuvenescer o visual em minutos","isPartOf":{"@id":"https:\/\/www.em.com.br\/emfoco\/#website"},"primaryImageOfPage":{"@id":"https:\/\/www.em.com.br\/emfoco\/2025\/10\/28\/o-corte-queridinho-dos-saloes-que-promete-rejuvenescer-o-visual-em-minutos\/#primaryimage"},"image":{"@id":"https:\/\/www.em.com.br\/emfoco\/2025\/10\/28\/o-corte-queridinho-dos-saloes-que-promete-rejuvenescer-o-visual-em-minutos\/#primaryimage"},"thumbnailUrl":"https:\/\/www.em.com.br\/emfoco\/wp-content\/uploads\/2025\/10\/cabelo-franja_1761585775550.jpg","datePublished":"2025-10-28T17:25:35+00:00","dateModified":"2025-10-27T19:14:22+00:00","author":{"@id":"https:\/\/www.em.com.br\/emfoco\/#\/schema\/person\/0a8186d72f2c3a5c6276d90b41f271a0"},"description":"A nova esta\u00e7\u00e3o pede leveza e renova\u00e7\u00e3o. Descubra os cortes que suavizam os tra\u00e7os, trazem movimento e rejuvenescem o visual.","breadcrumb":{"@id":"https:\/\/www.em.com.br\/emfoco\/2025\/10\/28\/o-corte-queridinho-dos-saloes-que-promete-rejuvenescer-o-visual-em-minutos\/#breadcrumb"},"inLanguage":"pt-BR","potentialAction":[{"@type":"ReadAction","target":["https:\/\/www.em.com.br\/emfoco\/2025\/10\/28\/o-corte-queridinho-dos-saloes-que-promete-rejuvenescer-o-visual-em-minutos\/"]}]},{"@type":"ImageObject","inLanguage":"pt-BR","@id":"https:\/\/www.em.com.br\/emfoco\/2025\/10\/28\/o-corte-queridinho-dos-saloes-que-promete-rejuvenescer-o-visual-em-minutos\/#primaryimage","url":"https:\/\/www.em.com.br\/emfoco\/wp-content\/uploads\/2025\/10\/cabelo-franja_1761585775550.jpg","contentUrl":"https:\/\/www.em.com.br\/emfoco\/wp-content\/uploads\/2025\/10\/cabelo-franja_1761585775550.jpg","width":1280,"height":720,"caption":"franja - Cr\u00e9ditos: depositphotos.com \/ konstantynov"},{"@type":"BreadcrumbList","@id":"https:\/\/www.em.com.br\/emfoco\/2025\/10\/28\/o-corte-queridinho-dos-saloes-que-promete-rejuvenescer-o-visual-em-minutos\/#breadcrumb","itemListElement":[{"@type":"ListItem","position":1,"name":"In\u00edcio","item":"https:\/\/www.em.com.br\/emfoco\/"},{"@type":"ListItem","position":2,"name":"O corte queridinho dos sal\u00f5es que promete rejuvenescer o visual em minutos"}]},{"@type":"WebSite","@id":"https:\/\/www.em.com.br\/emfoco\/#website","url":"https:\/\/www.em.com.br\/emfoco\/","name":"Estado de Minas - Em foco","description":"Acompanhe as \u00faltimas not\u00edcias e fique bem informado sobre tudo o que acontece em Minas Gerais, Brasil e no mundo.","potentialAction":[{"@type":"SearchAction","target":{"@type":"EntryPoint","urlTemplate":"https:\/\/www.em.com.br\/emfoco\/?s={search_term_string}"},"query-input":{"@type":"PropertyValueSpecification","valueRequired":true,"valueName":"search_term_string"}}],"inLanguage":"pt-BR"},{"@type":"Person","@id":"https:\/\/www.em.com.br\/emfoco\/#\/schema\/person\/0a8186d72f2c3a5c6276d90b41f271a0","name":"Daniely Cardoso","image":{"@type":"ImageObject","inLanguage":"pt-BR","@id":"https:\/\/www.em.com.br\/emfoco\/#\/schema\/person\/image\/","url":"https:\/\/secure.gravatar.com\/avatar\/4b80ddbd124d1f071b626d52d62e5dff?s=96&d=mm&r=g","contentUrl":"https:\/\/secure.gravatar.com\/avatar\/4b80ddbd124d1f071b626d52d62e5dff?s=96&d=mm&r=g","caption":"Daniely Cardoso"},"url":"https:\/\/www.em.com.br\/emfoco\/author\/danielymyth\/"}]}},"_links":{"self":[{"href":"https:\/\/www.em.com.br\/emfoco\/wp-json\/wp\/v2\/posts\/119921","targetHints":{"allow":["GET"]}}],"collection":[{"href":"https:\/\/www.em.com.br\/emfoco\/wp-json\/wp\/v2\/posts"}],"about":[{"href":"https:\/\/www.em.com.br\/emfoco\/wp-json\/wp\/v2\/types\/post"}],"author":[{"embeddable":true,"href":"https:\/\/www.em.com.br\/emfoco\/wp-json\/wp\/v2\/users\/9"}],"replies":[{"embeddable":true,"href":"https:\/\/www.em.com.br\/emfoco\/wp-json\/wp\/v2\/comments?post=119921"}],"version-history":[{"count":3,"href":"https:\/\/www.em.com.br\/emfoco\/wp-json\/wp\/v2\/posts\/119921\/revisions"}],"predecessor-version":[{"id":120107,"href":"https:\/\/www.em.com.br\/emfoco\/wp-json\/wp\/v2\/posts\/119921\/revisions\/120107"}],"wp:featuredmedia":[{"embeddable":true,"href":"https:\/\/www.em.com.br\/emfoco\/wp-json\/wp\/v2\/media\/119980"}],"wp:attachment":[{"href":"https:\/\/www.em.com.br\/emfoco\/wp-json\/wp\/v2\/media?parent=119921"}],"wp:term":[{"taxonomy":"category","embeddable":true,"href":"https:\/\/www.em.com.br\/emfoco\/wp-json\/wp\/v2\/categories?post=119921"},{"taxonomy":"post_tag","embeddable":true,"href":"https:\/\/www.em.com.br\/emfoco\/wp-json\/wp\/v2\/tags?post=119921"}],"curies":[{"name":"wp","href":"https:\/\/api.w.org\/{rel}","templated":true}]}}