{"id":119874,"date":"2025-10-28T14:15:00","date_gmt":"2025-10-28T17:15:00","guid":{"rendered":"https:\/\/www.em.com.br\/emfoco\/?p=119874"},"modified":"2025-10-27T12:31:11","modified_gmt":"2025-10-27T15:31:11","slug":"novas-regras-tributarias-elevam-impostos-para-quem-aluga-imoveis","status":"publish","type":"post","link":"https:\/\/www.em.com.br\/emfoco\/2025\/10\/28\/novas-regras-tributarias-elevam-impostos-para-quem-aluga-imoveis\/","title":{"rendered":"Novas regras tribut\u00e1rias elevam impostos para quem aluga im\u00f3veis"},"content":{"rendered":"\n<p>O complexo universo tribut\u00e1rio brasileiro est\u00e1 prestes a passar por transforma\u00e7\u00f5es significativas com a introdu\u00e7\u00e3o de novos impostos, o <strong>Imposto sobre Bens e Servi\u00e7os<\/strong> (IBS) e a <strong>Contribui\u00e7\u00e3o sobre Bens e Servi\u00e7os<\/strong> (CBS). Previstas para come\u00e7ar gradualmente em 2026, essas mudan\u00e7as afetam diretamente propriet\u00e1rios e locat\u00e1rios de im\u00f3veis, exigindo aten\u00e7\u00e3o para uma adapta\u00e7\u00e3o segura e planejada \u00e0s novas regras fiscais.<\/p>\n\n\n\n<p>Atualmente, a tributa\u00e7\u00e3o dos rendimentos de aluguel varia entre pessoas f\u00edsicas, tributadas pelo <strong>IRPF <\/strong>de 15% a 27,5%, e pessoas jur\u00eddicas, que enfrentam uma carga composta de <strong>IRPJ, CSLL, PIS e COFINS<\/strong> que resulta em m\u00e9dia de 15%. No cen\u00e1rio da reforma, a aplica\u00e7\u00e3o do <strong>IBS <\/strong>e da <strong>CBS <\/strong>ser\u00e1 direcionada principalmente aos que det\u00eam mais de tr\u00eas im\u00f3veis alugados e faturamento superior a R$ 240 mil anuais.<\/p>\n\n\n\n<h2 class=\"wp-block-heading\">Quais mudan\u00e7as esperam os propriet\u00e1rios de im\u00f3veis?<\/h2>\n\n\n<div class=\"wp-block-image\">\n<figure class=\"aligncenter size-large\"><img loading=\"lazy\" decoding=\"async\" width=\"1024\" height=\"576\" src=\"https:\/\/www.em.com.br\/emfoco\/wp-content\/uploads\/2025\/08\/Reais-dinheiro_1754978554419-1024x576.jpg\" alt=\"Nota Fiscal Mineira vai sortear R$ 50 mil para quem vai aos postos de combust\u00edveis\" class=\"wp-image-90630\" srcset=\"https:\/\/www.em.com.br\/emfoco\/wp-content\/uploads\/2025\/08\/Reais-dinheiro_1754978554419-1024x576.jpg 1024w, https:\/\/www.em.com.br\/emfoco\/wp-content\/uploads\/2025\/08\/Reais-dinheiro_1754978554419-300x169.jpg 300w, https:\/\/www.em.com.br\/emfoco\/wp-content\/uploads\/2025\/08\/Reais-dinheiro_1754978554419-768x432.jpg 768w, https:\/\/www.em.com.br\/emfoco\/wp-content\/uploads\/2025\/08\/Reais-dinheiro_1754978554419-750x422.jpg 750w, https:\/\/www.em.com.br\/emfoco\/wp-content\/uploads\/2025\/08\/Reais-dinheiro_1754978554419-1140x642.jpg 1140w, https:\/\/www.em.com.br\/emfoco\/wp-content\/uploads\/2025\/08\/Reais-dinheiro_1754978554419.jpg 1279w\" sizes=\"auto, (max-width: 1024px) 100vw, 1024px\" \/><figcaption class=\"wp-element-caption\">Muitas notas de R$100 &#8211;  Cr\u00e9ditos: depositphotos.com \/ dacasdo<\/figcaption><\/figure><\/div>\n\n\n<p>Com a implementa\u00e7\u00e3o do <strong>IBS <\/strong>e <strong>CBS<\/strong>, a tributa\u00e7\u00e3o sobre alugu\u00e9is ser\u00e1 amplamente modificada. Propriedades destinadas \u00e0 loca\u00e7\u00e3o poder\u00e3o sofrer incid\u00eancia tribut\u00e1ria de at\u00e9<strong> 27%<\/strong>, por\u00e9m com um redutor de base aplicado para amenizar o impacto fiscal, resultando numa carga efetiva inferior.<\/p>\n\n\n\n<p>Loca\u00e7\u00f5es residenciais contar\u00e3o com uma redu\u00e7\u00e3o extra, com desconto de R$ 600 por m\u00eas na base de c\u00e1lculo, tornando o impacto do imposto mais suave para esses casos. O objetivo \u00e9 garantir um ambiente tribut\u00e1rio mais justo para quem oferta moradia, preservando o incentivo ao investimento imobili\u00e1rio.<\/p>\n\n\n\n<h2 class=\"wp-block-heading\">Como as novas taxas impactar\u00e3o as pessoas jur\u00eddicas?<\/h2>\n\n\n\n<p>Empresas que atualmente pagam <a href=\"https:\/\/www.crc-ce.org.br\/crcnovo\/files\/CRC_Curso_PIS_COFINS.pdf\" target=\"_blank\" rel=\"noreferrer noopener\"><strong>PIS <\/strong>e <strong>COFINS<\/strong><\/a><strong> <\/strong>sobre alugu\u00e9is notar\u00e3o altera\u00e7\u00f5es importantes. Mesmo com al\u00edquotas nominais mais altas, os benef\u00edcios na base de c\u00e1lculo permitir\u00e3o que a carga tribut\u00e1ria efetiva seja mantida <strong>entre 8% a 10%<\/strong>, o que pode representar um ajuste leve ou moderado dependendo do regime atual.<\/p>\n\n\n\n<p>Apesar disso, entidades imobili\u00e1rias devem se preparar para ajustar sua gest\u00e3o fiscal e renegociar contratos caso necess\u00e1rio, visto que eventuais custos extras tender\u00e3o a ser repassados. O setor monitora debates e propostas para mitigar poss\u00edveis efeitos adversos, buscando seguran\u00e7a jur\u00eddica e previsibilidade.<\/p>\n\n\n\n<h2 class=\"wp-block-heading\">Como os locat\u00e1rios ser\u00e3o afetados pelas novas diretrizes tribut\u00e1rias?<\/h2>\n\n\n\n<p>Locat\u00e1rios podem sentir aumento nos valores dos alugu\u00e9is, j\u00e1 que o novo sistema permite expl\u00edcita inclus\u00e3o dos impostos no pre\u00e7o final. Essa transpar\u00eancia possibilita que inquilinos saibam exatamente a composi\u00e7\u00e3o do valor pago, mas tamb\u00e9m exige maior planejamento financeiro.<\/p>\n\n\n\n<p>Al\u00e9m disso, os inquilinos devem acompanhar atentamente a implementa\u00e7\u00e3o das mudan\u00e7as tribut\u00e1rias at\u00e9 2033, considerando poss\u00edvel reajuste progressivo nos contratos. O acompanhamento de informa\u00e7\u00f5es oficiais se faz fundamental para evitar surpresas e manter o equil\u00edbrio de seus compromissos residenciais.<\/p>\n\n\n\n<p>Leia mais: <a href=\"https:\/\/www.em.com.br\/emfoco\/2025\/10\/27\/essa-tecnica-deixou-minha-sala-pequena-com-cara-de-casa-de-revista\/\" target=\"_blank\" rel=\"noreferrer noopener\">Essa t\u00e9cnica deixou minha sala pequena com cara de casa de revista<\/a><\/p>\n\n\n\n<h2 class=\"wp-block-heading\">Quando tudo isso entra em vigor?<\/h2>\n\n\n\n<p>As novas regras tribut\u00e1rias come\u00e7am a ser aplicadas de forma gradual a partir de 2026, alcan\u00e7ando <strong>implementa\u00e7\u00e3o total em 2033<\/strong>. Esse per\u00edodo de transi\u00e7\u00e3o permite que contribuintes e empresas se ajustem gradualmente \u00e0 nova realidade fiscal.<\/p>\n\n\n\n<p>Para propriet\u00e1rios, locat\u00e1rios e empresas, \u00e9 vital acompanhar o processo, buscar orienta\u00e7\u00f5es especializadas e reorganizar os planejamentos financeiros conforme o cronograma e detalhes regulamentares forem definidos. O di\u00e1logo com profissionais e sindicatos do segmento \u00e9 recomendado para correta adapta\u00e7\u00e3o \u00e0s reformas.<\/p>\n","protected":false},"excerpt":{"rendered":"<p>O complexo universo tribut\u00e1rio brasileiro est\u00e1 prestes a passar por transforma\u00e7\u00f5es significativas com a introdu\u00e7\u00e3o de novos impostos, o Imposto sobre Bens e Servi\u00e7os (IBS) e a Contribui\u00e7\u00e3o sobre Bens e Servi\u00e7os (CBS). Previstas para come\u00e7ar gradualmente em 2026, essas mudan\u00e7as afetam diretamente propriet\u00e1rios e locat\u00e1rios de im\u00f3veis, exigindo aten\u00e7\u00e3o para uma adapta\u00e7\u00e3o segura e [&hellip;]<\/p>\n","protected":false},"author":20,"featured_media":113847,"comment_status":"open","ping_status":"open","sticky":false,"template":"","format":"standard","meta":{"jnews-multi-image_gallery":[],"jnews_single_post":{"format":"standard"},"jnews_primary_category":[],"jnews_social_meta":[],"jnews_override_counter":[],"footnotes":""},"categories":[28,1],"tags":[2876,12415,17927,3543],"class_list":["post-119874","post","type-post","status-publish","format-standard","has-post-thumbnail","hentry","category-economia","category-noticias","tag-impostos","tag-lucro","tag-pis-cofins","tag-reforma-tributaria"],"yoast_head":"<!-- This site is optimized with the Yoast SEO plugin v23.8 - https:\/\/yoast.com\/wordpress\/plugins\/seo\/ -->\n<title>Novas regras tribut\u00e1rias elevam impostos para quem aluga im\u00f3veis - Estado de Minas - Em foco<\/title>\n<meta name=\"description\" content=\"Entenda como os novos impostos podem mudar o valor dos alugu\u00e9is e o que propriet\u00e1rios e inquilinos devem observar.\" \/>\n<meta name=\"robots\" content=\"index, follow, max-snippet:-1, max-image-preview:large, max-video-preview:-1\" \/>\n<link rel=\"canonical\" href=\"https:\/\/www.em.com.br\/emfoco\/2025\/10\/28\/novas-regras-tributarias-elevam-impostos-para-quem-aluga-imoveis\/\" \/>\n<meta property=\"og:locale\" content=\"pt_BR\" \/>\n<meta property=\"og:type\" content=\"article\" \/>\n<meta property=\"og:title\" content=\"Novas regras tribut\u00e1rias elevam impostos para quem aluga im\u00f3veis - Estado de Minas - Em foco\" \/>\n<meta property=\"og:description\" content=\"Entenda como os novos impostos podem mudar o valor dos alugu\u00e9is e o que propriet\u00e1rios e inquilinos devem observar.\" \/>\n<meta property=\"og:url\" content=\"https:\/\/www.em.com.br\/emfoco\/2025\/10\/28\/novas-regras-tributarias-elevam-impostos-para-quem-aluga-imoveis\/\" \/>\n<meta property=\"og:site_name\" content=\"Estado de Minas - Em foco\" \/>\n<meta property=\"article:published_time\" content=\"2025-10-28T17:15:00+00:00\" \/>\n<meta property=\"article:modified_time\" content=\"2025-10-27T15:31:11+00:00\" \/>\n<meta property=\"og:image\" content=\"https:\/\/www.em.com.br\/emfoco\/wp-content\/uploads\/2025\/10\/conta_1757114425341.jpg\" \/>\n\t<meta property=\"og:image:width\" content=\"1280\" \/>\n\t<meta property=\"og:image:height\" content=\"720\" \/>\n\t<meta property=\"og:image:type\" content=\"image\/jpeg\" \/>\n<meta name=\"author\" content=\"Ingrid Diniz\" \/>\n<meta name=\"twitter:card\" content=\"summary_large_image\" \/>\n<meta name=\"twitter:label1\" content=\"Escrito por\" \/>\n\t<meta name=\"twitter:data1\" content=\"Ingrid Diniz\" \/>\n\t<meta name=\"twitter:label2\" content=\"Est. tempo de leitura\" \/>\n\t<meta name=\"twitter:data2\" content=\"4 minutos\" \/>\n<!-- \/ Yoast SEO plugin. -->","yoast_head_json":{"title":"Novas regras tribut\u00e1rias elevam impostos para quem aluga im\u00f3veis - Estado de Minas - Em foco","description":"Entenda como os novos impostos podem mudar o valor dos alugu\u00e9is e o que propriet\u00e1rios e inquilinos devem observar.","robots":{"index":"index","follow":"follow","max-snippet":"max-snippet:-1","max-image-preview":"max-image-preview:large","max-video-preview":"max-video-preview:-1"},"canonical":"https:\/\/www.em.com.br\/emfoco\/2025\/10\/28\/novas-regras-tributarias-elevam-impostos-para-quem-aluga-imoveis\/","og_locale":"pt_BR","og_type":"article","og_title":"Novas regras tribut\u00e1rias elevam impostos para quem aluga im\u00f3veis - Estado de Minas - Em foco","og_description":"Entenda como os novos impostos podem mudar o valor dos alugu\u00e9is e o que propriet\u00e1rios e inquilinos devem observar.","og_url":"https:\/\/www.em.com.br\/emfoco\/2025\/10\/28\/novas-regras-tributarias-elevam-impostos-para-quem-aluga-imoveis\/","og_site_name":"Estado de Minas - Em foco","article_published_time":"2025-10-28T17:15:00+00:00","article_modified_time":"2025-10-27T15:31:11+00:00","og_image":[{"width":1280,"height":720,"url":"https:\/\/www.em.com.br\/emfoco\/wp-content\/uploads\/2025\/10\/conta_1757114425341.jpg","type":"image\/jpeg"}],"author":"Ingrid Diniz","twitter_card":"summary_large_image","twitter_misc":{"Escrito por":"Ingrid Diniz","Est. tempo de leitura":"4 minutos"},"schema":{"@context":"https:\/\/schema.org","@graph":[{"@type":"WebPage","@id":"https:\/\/www.em.com.br\/emfoco\/2025\/10\/28\/novas-regras-tributarias-elevam-impostos-para-quem-aluga-imoveis\/","url":"https:\/\/www.em.com.br\/emfoco\/2025\/10\/28\/novas-regras-tributarias-elevam-impostos-para-quem-aluga-imoveis\/","name":"Novas regras tribut\u00e1rias elevam impostos para quem aluga im\u00f3veis - Estado de Minas - Em foco","isPartOf":{"@id":"https:\/\/www.em.com.br\/emfoco\/#website"},"primaryImageOfPage":{"@id":"https:\/\/www.em.com.br\/emfoco\/2025\/10\/28\/novas-regras-tributarias-elevam-impostos-para-quem-aluga-imoveis\/#primaryimage"},"image":{"@id":"https:\/\/www.em.com.br\/emfoco\/2025\/10\/28\/novas-regras-tributarias-elevam-impostos-para-quem-aluga-imoveis\/#primaryimage"},"thumbnailUrl":"https:\/\/www.em.com.br\/emfoco\/wp-content\/uploads\/2025\/10\/conta_1757114425341.jpg","datePublished":"2025-10-28T17:15:00+00:00","dateModified":"2025-10-27T15:31:11+00:00","author":{"@id":"https:\/\/www.em.com.br\/emfoco\/#\/schema\/person\/649e610b4eb8fff87ff394e54fe17b2b"},"description":"Entenda como os novos impostos podem mudar o valor dos alugu\u00e9is e o que propriet\u00e1rios e inquilinos devem observar.","breadcrumb":{"@id":"https:\/\/www.em.com.br\/emfoco\/2025\/10\/28\/novas-regras-tributarias-elevam-impostos-para-quem-aluga-imoveis\/#breadcrumb"},"inLanguage":"pt-BR","potentialAction":[{"@type":"ReadAction","target":["https:\/\/www.em.com.br\/emfoco\/2025\/10\/28\/novas-regras-tributarias-elevam-impostos-para-quem-aluga-imoveis\/"]}]},{"@type":"ImageObject","inLanguage":"pt-BR","@id":"https:\/\/www.em.com.br\/emfoco\/2025\/10\/28\/novas-regras-tributarias-elevam-impostos-para-quem-aluga-imoveis\/#primaryimage","url":"https:\/\/www.em.com.br\/emfoco\/wp-content\/uploads\/2025\/10\/conta_1757114425341.jpg","contentUrl":"https:\/\/www.em.com.br\/emfoco\/wp-content\/uploads\/2025\/10\/conta_1757114425341.jpg","width":1280,"height":720,"caption":"Como organizar o or\u00e7amento e aumentar a economia dom\u00e9stica com praticidade - Cr\u00e9ditos: depositphotos.com \/ rossandhelen"},{"@type":"BreadcrumbList","@id":"https:\/\/www.em.com.br\/emfoco\/2025\/10\/28\/novas-regras-tributarias-elevam-impostos-para-quem-aluga-imoveis\/#breadcrumb","itemListElement":[{"@type":"ListItem","position":1,"name":"In\u00edcio","item":"https:\/\/www.em.com.br\/emfoco\/"},{"@type":"ListItem","position":2,"name":"Novas regras tribut\u00e1rias elevam impostos para quem aluga im\u00f3veis"}]},{"@type":"WebSite","@id":"https:\/\/www.em.com.br\/emfoco\/#website","url":"https:\/\/www.em.com.br\/emfoco\/","name":"Estado de Minas - Em foco","description":"Acompanhe as \u00faltimas not\u00edcias e fique bem informado sobre tudo o que acontece em Minas Gerais, Brasil e no mundo.","potentialAction":[{"@type":"SearchAction","target":{"@type":"EntryPoint","urlTemplate":"https:\/\/www.em.com.br\/emfoco\/?s={search_term_string}"},"query-input":{"@type":"PropertyValueSpecification","valueRequired":true,"valueName":"search_term_string"}}],"inLanguage":"pt-BR"},{"@type":"Person","@id":"https:\/\/www.em.com.br\/emfoco\/#\/schema\/person\/649e610b4eb8fff87ff394e54fe17b2b","name":"Ingrid Diniz","image":{"@type":"ImageObject","inLanguage":"pt-BR","@id":"https:\/\/www.em.com.br\/emfoco\/#\/schema\/person\/image\/","url":"https:\/\/secure.gravatar.com\/avatar\/a3baa1449ec5c39b4c42babc9d4f3951?s=96&d=mm&r=g","contentUrl":"https:\/\/secure.gravatar.com\/avatar\/a3baa1449ec5c39b4c42babc9d4f3951?s=96&d=mm&r=g","caption":"Ingrid Diniz"},"sameAs":["https:\/\/www.em.com.br\/"],"url":"https:\/\/www.em.com.br\/emfoco\/author\/ingridmyth\/"}]}},"_links":{"self":[{"href":"https:\/\/www.em.com.br\/emfoco\/wp-json\/wp\/v2\/posts\/119874","targetHints":{"allow":["GET"]}}],"collection":[{"href":"https:\/\/www.em.com.br\/emfoco\/wp-json\/wp\/v2\/posts"}],"about":[{"href":"https:\/\/www.em.com.br\/emfoco\/wp-json\/wp\/v2\/types\/post"}],"author":[{"embeddable":true,"href":"https:\/\/www.em.com.br\/emfoco\/wp-json\/wp\/v2\/users\/20"}],"replies":[{"embeddable":true,"href":"https:\/\/www.em.com.br\/emfoco\/wp-json\/wp\/v2\/comments?post=119874"}],"version-history":[{"count":1,"href":"https:\/\/www.em.com.br\/emfoco\/wp-json\/wp\/v2\/posts\/119874\/revisions"}],"predecessor-version":[{"id":119890,"href":"https:\/\/www.em.com.br\/emfoco\/wp-json\/wp\/v2\/posts\/119874\/revisions\/119890"}],"wp:featuredmedia":[{"embeddable":true,"href":"https:\/\/www.em.com.br\/emfoco\/wp-json\/wp\/v2\/media\/113847"}],"wp:attachment":[{"href":"https:\/\/www.em.com.br\/emfoco\/wp-json\/wp\/v2\/media?parent=119874"}],"wp:term":[{"taxonomy":"category","embeddable":true,"href":"https:\/\/www.em.com.br\/emfoco\/wp-json\/wp\/v2\/categories?post=119874"},{"taxonomy":"post_tag","embeddable":true,"href":"https:\/\/www.em.com.br\/emfoco\/wp-json\/wp\/v2\/tags?post=119874"}],"curies":[{"name":"wp","href":"https:\/\/api.w.org\/{rel}","templated":true}]}}