{"id":119705,"date":"2025-10-27T16:45:00","date_gmt":"2025-10-27T19:45:00","guid":{"rendered":"https:\/\/www.em.com.br\/emfoco\/?p=119705"},"modified":"2025-10-25T16:46:26","modified_gmt":"2025-10-25T19:46:26","slug":"o-detalhe-que-fez-essa-cozinha-minuscula-parecer-duas-vezes-maior","status":"publish","type":"post","link":"https:\/\/www.em.com.br\/emfoco\/2025\/10\/27\/o-detalhe-que-fez-essa-cozinha-minuscula-parecer-duas-vezes-maior\/","title":{"rendered":"O detalhe que fez essa cozinha min\u00fascula parecer duas vezes maior"},"content":{"rendered":"\n<p>Transformar ambientes compactos em \u00e1reas elegantes e pr\u00e1ticas \u00e9 poss\u00edvel com uma <strong>cozinha integrada com ilha funcional<\/strong>. Essa tend\u00eancia une marcenaria inteligente, conforto visual e recursos modernos que ampliam o aproveitamento do espa\u00e7o sem abrir m\u00e3o do estilo.<\/p>\n\n\n\n<ul class=\"wp-block-list\">\n<li>Ilhas compactas com cooktop ou apoio multifuncional<\/li>\n\n\n\n<li>Marcenaria inteligente com gavet\u00f5es e solu\u00e7\u00f5es de canto<\/li>\n\n\n\n<li>Integra\u00e7\u00e3o visual com sala por pain\u00e9is e ilumina\u00e7\u00e3o pendente<\/li>\n<\/ul>\n\n\n\n<h2 class=\"wp-block-heading\">Como uma ilha funcional otimiza o espa\u00e7o da cozinha?<\/h2>\n\n\n\n<p>Uma <strong>ilha compacta<\/strong> pode ser o centro de opera\u00e7\u00f5es da cozinha, servindo tanto para preparo quanto para apoio de refei\u00e7\u00f5es r\u00e1pidas. Modelos com <strong>cooktop embutido<\/strong> e \u00e1rea lateral livre proporcionam fluidez, mantendo o ambiente pr\u00e1tico e visualmente leve.<\/p>\n\n\n\n<p>Al\u00e9m da est\u00e9tica, a funcionalidade \u00e9 essencial. Ilhas com <strong>tomadas embutidas<\/strong> facilitam o uso de eletroport\u00e1teis, enquanto uma <strong>coifa eficiente<\/strong> garante ventila\u00e7\u00e3o adequada sem comprometer o design. Tudo isso cria uma cozinha moderna e f\u00e1cil de manter.<\/p>\n\n\n\n<figure class=\"wp-block-image size-large\"><img loading=\"lazy\" decoding=\"async\" width=\"1024\" height=\"576\" src=\"https:\/\/www.em.com.br\/emfoco\/wp-content\/uploads\/2025\/10\/Ilha-central-cozinha_1761421265136-1024x576.jpg\" alt=\"O detalhe que fez essa cozinha min\u00fascula parecer duas vezes maior\" class=\"wp-image-119720\" srcset=\"https:\/\/www.em.com.br\/emfoco\/wp-content\/uploads\/2025\/10\/Ilha-central-cozinha_1761421265136-1024x576.jpg 1024w, https:\/\/www.em.com.br\/emfoco\/wp-content\/uploads\/2025\/10\/Ilha-central-cozinha_1761421265136-300x169.jpg 300w, https:\/\/www.em.com.br\/emfoco\/wp-content\/uploads\/2025\/10\/Ilha-central-cozinha_1761421265136-768x432.jpg 768w, https:\/\/www.em.com.br\/emfoco\/wp-content\/uploads\/2025\/10\/Ilha-central-cozinha_1761421265136-750x422.jpg 750w, https:\/\/www.em.com.br\/emfoco\/wp-content\/uploads\/2025\/10\/Ilha-central-cozinha_1761421265136-1140x641.jpg 1140w, https:\/\/www.em.com.br\/emfoco\/wp-content\/uploads\/2025\/10\/Ilha-central-cozinha_1761421265136.jpg 1280w\" sizes=\"auto, (max-width: 1024px) 100vw, 1024px\" \/><figcaption class=\"wp-element-caption\">Gavet\u00f5es profundos facilitam o acesso e organizam utens\u00edlios com efici\u00eancia &#8211; Cr\u00e9ditos: depositphotos.com \/ kuprin33<\/figcaption><\/figure>\n\n\n\n<h2 class=\"wp-block-heading\">Quais solu\u00e7\u00f5es de marcenaria tornam o ambiente mais inteligente?<\/h2>\n\n\n\n<p>A <strong>marcenaria sob medida<\/strong> \u00e9 o segredo para aproveitar cada cent\u00edmetro. Com ela, \u00e9 poss\u00edvel incluir <strong>gavetas profundas para panelas<\/strong> e sistemas de canto girat\u00f3rio, que eliminam espa\u00e7os perdidos e otimizam o uso dos arm\u00e1rios inferiores.<\/p>\n\n\n\n<ul class=\"wp-block-list\">\n<li><strong>Gavet\u00f5es amplos<\/strong> para utens\u00edlios e panelas de uso di\u00e1rio<\/li>\n\n\n\n<li><strong>Prateleiras internas ajust\u00e1veis<\/strong> para melhor organiza\u00e7\u00e3o<\/li>\n\n\n\n<li><strong>Ferragens com amortecimento<\/strong> para abrir e fechar suavemente<\/li>\n<\/ul>\n\n\n\n<p><em>Leia mais: <a href=\"https:\/\/www.em.com.br\/emfoco\/2025\/10\/20\/a-decoracao-mais-charmosa-e-acessivel-para-quem-busca-paz-no-lar\/\" target=\"_blank\" rel=\"noreferrer noopener\">A decora\u00e7\u00e3o mais charmosa e acess\u00edvel para quem busca paz no lar<\/a><\/em><\/p>\n\n\n\n<h2 class=\"wp-block-heading\">De que forma integrar a cozinha com a sala de estar?<\/h2>\n\n\n\n<p>Integrar a cozinha \u00e0 sala exige harmonia entre materiais e cores. Pain\u00e9is de <strong>ripado de madeira<\/strong> ajudam a delimitar os espa\u00e7os sem fechar o ambiente, enquanto revestimentos neutros criam unidade visual entre os dois ambientes de conviv\u00eancia.<\/p>\n\n\n\n<p>Outro ponto importante \u00e9 manter a <strong><a href=\"https:\/\/cozinhaestilo.com.br\/circulacao-na-cozinha\/\" target=\"_blank\" rel=\"noreferrer noopener\">circula\u00e7\u00e3o fluida<\/a><\/strong>. Posicionar a ilha em uma \u00e1rea central, alinhada com o sof\u00e1 ou mesa, ajuda a conectar visualmente os c\u00f4modos, refor\u00e7ando a sensa\u00e7\u00e3o de amplitude e conforto.<\/p>\n\n\n\n<figure class=\"wp-block-image size-large\"><img loading=\"lazy\" decoding=\"async\" width=\"1024\" height=\"576\" src=\"https:\/\/www.em.com.br\/emfoco\/wp-content\/uploads\/2025\/10\/Balcao-cozinha_1761421319844-1024x576.jpg\" alt=\"O detalhe que fez essa cozinha min\u00fascula parecer duas vezes maior\" class=\"wp-image-119721\" srcset=\"https:\/\/www.em.com.br\/emfoco\/wp-content\/uploads\/2025\/10\/Balcao-cozinha_1761421319844-1024x576.jpg 1024w, https:\/\/www.em.com.br\/emfoco\/wp-content\/uploads\/2025\/10\/Balcao-cozinha_1761421319844-300x169.jpg 300w, https:\/\/www.em.com.br\/emfoco\/wp-content\/uploads\/2025\/10\/Balcao-cozinha_1761421319844-768x432.jpg 768w, https:\/\/www.em.com.br\/emfoco\/wp-content\/uploads\/2025\/10\/Balcao-cozinha_1761421319844-750x422.jpg 750w, https:\/\/www.em.com.br\/emfoco\/wp-content\/uploads\/2025\/10\/Balcao-cozinha_1761421319844-1140x641.jpg 1140w, https:\/\/www.em.com.br\/emfoco\/wp-content\/uploads\/2025\/10\/Balcao-cozinha_1761421319844.jpg 1280w\" sizes=\"auto, (max-width: 1024px) 100vw, 1024px\" \/><figcaption class=\"wp-element-caption\">Pain\u00e9is ripados integram ambientes mantendo a sensa\u00e7\u00e3o de amplitude e aconchego &#8211; Cr\u00e9ditos: depositphotos.com \/ VitalikRadko<\/figcaption><\/figure>\n\n\n\n<h2 class=\"wp-block-heading\">Quais detalhes fazem a diferen\u00e7a na decora\u00e7\u00e3o integrada?<\/h2>\n\n\n\n<p>Pequenos elementos elevam o design e o conforto. A escolha de <strong>banquetas ergon\u00f4micas<\/strong> e a presen\u00e7a de <strong>lumin\u00e1rias pendentes alinhadas<\/strong> sobre a ilha trazem sofistica\u00e7\u00e3o e funcionalidade, garantindo equil\u00edbrio entre est\u00e9tica e usabilidade.<\/p>\n\n\n\n<ul class=\"wp-block-list\">\n<li>Prefira <strong>lumin\u00e1rias ajust\u00e1veis<\/strong> para diferentes intensidades de luz<\/li>\n\n\n\n<li>Use <strong>materiais f\u00e1ceis de limpar<\/strong> nas superf\u00edcies da ilha<\/li>\n\n\n\n<li>Combine <strong>cores e texturas<\/strong> entre cozinha e sala para unidade visual<\/li>\n<\/ul>\n","protected":false},"excerpt":{"rendered":"<p>Transformar ambientes compactos em \u00e1reas elegantes e pr\u00e1ticas \u00e9 poss\u00edvel com uma cozinha integrada com ilha funcional. Essa tend\u00eancia une marcenaria inteligente, conforto visual e recursos modernos que ampliam o aproveitamento do espa\u00e7o sem abrir m\u00e3o do estilo. Como uma ilha funcional otimiza o espa\u00e7o da cozinha? Uma ilha compacta pode ser o centro de [&hellip;]<\/p>\n","protected":false},"author":13,"featured_media":119719,"comment_status":"open","ping_status":"open","sticky":false,"template":"","format":"standard","meta":{"jnews-multi-image_gallery":[],"jnews_single_post":{"format":"standard"},"jnews_primary_category":[],"jnews_social_meta":[],"jnews_override_counter":[],"footnotes":""},"categories":[8819],"tags":[17916,17915,4687,17917],"class_list":["post-119705","post","type-post","status-publish","format-standard","has-post-thumbnail","hentry","category-curiosidades","tag-cozinha-funcional","tag-cozinha-integrada","tag-decoracao","tag-ilha-central"],"yoast_head":"<!-- This site is optimized with the Yoast SEO plugin v23.8 - https:\/\/yoast.com\/wordpress\/plugins\/seo\/ -->\n<title>O detalhe que fez essa cozinha min\u00fascula parecer duas vezes maior - Estado de Minas - Em foco<\/title>\n<meta name=\"description\" content=\"Transforme sua cozinha compacta com solu\u00e7\u00f5es de marcenaria, ilha com cooktop e ilumina\u00e7\u00e3o. Integra\u00e7\u00e3o perfeita com beleza e funcionalidade.\" \/>\n<meta name=\"robots\" content=\"index, follow, max-snippet:-1, max-image-preview:large, max-video-preview:-1\" \/>\n<link rel=\"canonical\" href=\"https:\/\/www.em.com.br\/emfoco\/2025\/10\/27\/o-detalhe-que-fez-essa-cozinha-minuscula-parecer-duas-vezes-maior\/\" \/>\n<meta property=\"og:locale\" content=\"pt_BR\" \/>\n<meta property=\"og:type\" content=\"article\" \/>\n<meta property=\"og:title\" content=\"O detalhe que fez essa cozinha min\u00fascula parecer duas vezes maior - Estado de Minas - Em foco\" \/>\n<meta property=\"og:description\" content=\"Transforme sua cozinha compacta com solu\u00e7\u00f5es de marcenaria, ilha com cooktop e ilumina\u00e7\u00e3o. Integra\u00e7\u00e3o perfeita com beleza e funcionalidade.\" \/>\n<meta property=\"og:url\" content=\"https:\/\/www.em.com.br\/emfoco\/2025\/10\/27\/o-detalhe-que-fez-essa-cozinha-minuscula-parecer-duas-vezes-maior\/\" \/>\n<meta property=\"og:site_name\" content=\"Estado de Minas - Em foco\" \/>\n<meta property=\"article:published_time\" content=\"2025-10-27T19:45:00+00:00\" \/>\n<meta property=\"article:modified_time\" content=\"2025-10-25T19:46:26+00:00\" \/>\n<meta property=\"og:image\" content=\"https:\/\/www.em.com.br\/emfoco\/wp-content\/uploads\/2025\/10\/Ilha-central-cozinha_1761421227481.jpg\" \/>\n\t<meta property=\"og:image:width\" content=\"1280\" \/>\n\t<meta property=\"og:image:height\" content=\"720\" \/>\n\t<meta property=\"og:image:type\" content=\"image\/jpeg\" \/>\n<meta name=\"author\" content=\"Gabriel Martins\" \/>\n<meta name=\"twitter:card\" content=\"summary_large_image\" \/>\n<meta name=\"twitter:label1\" content=\"Escrito por\" \/>\n\t<meta name=\"twitter:data1\" content=\"Gabriel Martins\" \/>\n\t<meta name=\"twitter:label2\" content=\"Est. tempo de leitura\" \/>\n\t<meta name=\"twitter:data2\" content=\"3 minutos\" \/>\n<!-- \/ Yoast SEO plugin. -->","yoast_head_json":{"title":"O detalhe que fez essa cozinha min\u00fascula parecer duas vezes maior - Estado de Minas - Em foco","description":"Transforme sua cozinha compacta com solu\u00e7\u00f5es de marcenaria, ilha com cooktop e ilumina\u00e7\u00e3o. Integra\u00e7\u00e3o perfeita com beleza e funcionalidade.","robots":{"index":"index","follow":"follow","max-snippet":"max-snippet:-1","max-image-preview":"max-image-preview:large","max-video-preview":"max-video-preview:-1"},"canonical":"https:\/\/www.em.com.br\/emfoco\/2025\/10\/27\/o-detalhe-que-fez-essa-cozinha-minuscula-parecer-duas-vezes-maior\/","og_locale":"pt_BR","og_type":"article","og_title":"O detalhe que fez essa cozinha min\u00fascula parecer duas vezes maior - Estado de Minas - Em foco","og_description":"Transforme sua cozinha compacta com solu\u00e7\u00f5es de marcenaria, ilha com cooktop e ilumina\u00e7\u00e3o. Integra\u00e7\u00e3o perfeita com beleza e funcionalidade.","og_url":"https:\/\/www.em.com.br\/emfoco\/2025\/10\/27\/o-detalhe-que-fez-essa-cozinha-minuscula-parecer-duas-vezes-maior\/","og_site_name":"Estado de Minas - Em foco","article_published_time":"2025-10-27T19:45:00+00:00","article_modified_time":"2025-10-25T19:46:26+00:00","og_image":[{"width":1280,"height":720,"url":"https:\/\/www.em.com.br\/emfoco\/wp-content\/uploads\/2025\/10\/Ilha-central-cozinha_1761421227481.jpg","type":"image\/jpeg"}],"author":"Gabriel Martins","twitter_card":"summary_large_image","twitter_misc":{"Escrito por":"Gabriel Martins","Est. tempo de leitura":"3 minutos"},"schema":{"@context":"https:\/\/schema.org","@graph":[{"@type":"WebPage","@id":"https:\/\/www.em.com.br\/emfoco\/2025\/10\/27\/o-detalhe-que-fez-essa-cozinha-minuscula-parecer-duas-vezes-maior\/","url":"https:\/\/www.em.com.br\/emfoco\/2025\/10\/27\/o-detalhe-que-fez-essa-cozinha-minuscula-parecer-duas-vezes-maior\/","name":"O detalhe que fez essa cozinha min\u00fascula parecer duas vezes maior - Estado de Minas - Em foco","isPartOf":{"@id":"https:\/\/www.em.com.br\/emfoco\/#website"},"primaryImageOfPage":{"@id":"https:\/\/www.em.com.br\/emfoco\/2025\/10\/27\/o-detalhe-que-fez-essa-cozinha-minuscula-parecer-duas-vezes-maior\/#primaryimage"},"image":{"@id":"https:\/\/www.em.com.br\/emfoco\/2025\/10\/27\/o-detalhe-que-fez-essa-cozinha-minuscula-parecer-duas-vezes-maior\/#primaryimage"},"thumbnailUrl":"https:\/\/www.em.com.br\/emfoco\/wp-content\/uploads\/2025\/10\/Ilha-central-cozinha_1761421227481.jpg","datePublished":"2025-10-27T19:45:00+00:00","dateModified":"2025-10-25T19:46:26+00:00","author":{"@id":"https:\/\/www.em.com.br\/emfoco\/#\/schema\/person\/1c9ddeab18b98abeffef834667bcf08a"},"description":"Transforme sua cozinha compacta com solu\u00e7\u00f5es de marcenaria, ilha com cooktop e ilumina\u00e7\u00e3o. Integra\u00e7\u00e3o perfeita com beleza e funcionalidade.","breadcrumb":{"@id":"https:\/\/www.em.com.br\/emfoco\/2025\/10\/27\/o-detalhe-que-fez-essa-cozinha-minuscula-parecer-duas-vezes-maior\/#breadcrumb"},"inLanguage":"pt-BR","potentialAction":[{"@type":"ReadAction","target":["https:\/\/www.em.com.br\/emfoco\/2025\/10\/27\/o-detalhe-que-fez-essa-cozinha-minuscula-parecer-duas-vezes-maior\/"]}]},{"@type":"ImageObject","inLanguage":"pt-BR","@id":"https:\/\/www.em.com.br\/emfoco\/2025\/10\/27\/o-detalhe-que-fez-essa-cozinha-minuscula-parecer-duas-vezes-maior\/#primaryimage","url":"https:\/\/www.em.com.br\/emfoco\/wp-content\/uploads\/2025\/10\/Ilha-central-cozinha_1761421227481.jpg","contentUrl":"https:\/\/www.em.com.br\/emfoco\/wp-content\/uploads\/2025\/10\/Ilha-central-cozinha_1761421227481.jpg","width":1280,"height":720,"caption":"Ilhas com cooktop embutido otimizam o espa\u00e7o sem perder leveza visual - Cr\u00e9ditos: depositphotos.com \/ russbucks"},{"@type":"BreadcrumbList","@id":"https:\/\/www.em.com.br\/emfoco\/2025\/10\/27\/o-detalhe-que-fez-essa-cozinha-minuscula-parecer-duas-vezes-maior\/#breadcrumb","itemListElement":[{"@type":"ListItem","position":1,"name":"In\u00edcio","item":"https:\/\/www.em.com.br\/emfoco\/"},{"@type":"ListItem","position":2,"name":"O detalhe que fez essa cozinha min\u00fascula parecer duas vezes maior"}]},{"@type":"WebSite","@id":"https:\/\/www.em.com.br\/emfoco\/#website","url":"https:\/\/www.em.com.br\/emfoco\/","name":"Estado de Minas - Em foco","description":"Acompanhe as \u00faltimas not\u00edcias e fique bem informado sobre tudo o que acontece em Minas Gerais, Brasil e no mundo.","potentialAction":[{"@type":"SearchAction","target":{"@type":"EntryPoint","urlTemplate":"https:\/\/www.em.com.br\/emfoco\/?s={search_term_string}"},"query-input":{"@type":"PropertyValueSpecification","valueRequired":true,"valueName":"search_term_string"}}],"inLanguage":"pt-BR"},{"@type":"Person","@id":"https:\/\/www.em.com.br\/emfoco\/#\/schema\/person\/1c9ddeab18b98abeffef834667bcf08a","name":"Gabriel Martins","image":{"@type":"ImageObject","inLanguage":"pt-BR","@id":"https:\/\/www.em.com.br\/emfoco\/#\/schema\/person\/image\/","url":"https:\/\/secure.gravatar.com\/avatar\/f0f1e2efdfd88f1ad2cb08c5c2731e50?s=96&d=mm&r=g","contentUrl":"https:\/\/secure.gravatar.com\/avatar\/f0f1e2efdfd88f1ad2cb08c5c2731e50?s=96&d=mm&r=g","caption":"Gabriel Martins"},"sameAs":["https:\/\/www.em.com.br\/emfoco\/"],"url":"https:\/\/www.em.com.br\/emfoco\/author\/gabrielmartinsmyth\/"}]}},"_links":{"self":[{"href":"https:\/\/www.em.com.br\/emfoco\/wp-json\/wp\/v2\/posts\/119705","targetHints":{"allow":["GET"]}}],"collection":[{"href":"https:\/\/www.em.com.br\/emfoco\/wp-json\/wp\/v2\/posts"}],"about":[{"href":"https:\/\/www.em.com.br\/emfoco\/wp-json\/wp\/v2\/types\/post"}],"author":[{"embeddable":true,"href":"https:\/\/www.em.com.br\/emfoco\/wp-json\/wp\/v2\/users\/13"}],"replies":[{"embeddable":true,"href":"https:\/\/www.em.com.br\/emfoco\/wp-json\/wp\/v2\/comments?post=119705"}],"version-history":[{"count":1,"href":"https:\/\/www.em.com.br\/emfoco\/wp-json\/wp\/v2\/posts\/119705\/revisions"}],"predecessor-version":[{"id":119722,"href":"https:\/\/www.em.com.br\/emfoco\/wp-json\/wp\/v2\/posts\/119705\/revisions\/119722"}],"wp:featuredmedia":[{"embeddable":true,"href":"https:\/\/www.em.com.br\/emfoco\/wp-json\/wp\/v2\/media\/119719"}],"wp:attachment":[{"href":"https:\/\/www.em.com.br\/emfoco\/wp-json\/wp\/v2\/media?parent=119705"}],"wp:term":[{"taxonomy":"category","embeddable":true,"href":"https:\/\/www.em.com.br\/emfoco\/wp-json\/wp\/v2\/categories?post=119705"},{"taxonomy":"post_tag","embeddable":true,"href":"https:\/\/www.em.com.br\/emfoco\/wp-json\/wp\/v2\/tags?post=119705"}],"curies":[{"name":"wp","href":"https:\/\/api.w.org\/{rel}","templated":true}]}}