{"id":119659,"date":"2025-10-27T08:55:00","date_gmt":"2025-10-27T11:55:00","guid":{"rendered":"https:\/\/www.em.com.br\/emfoco\/?p=119659"},"modified":"2025-10-25T18:18:43","modified_gmt":"2025-10-25T21:18:43","slug":"como-criar-um-jardim-vertical-com-pouco-espaco-e-muito-estilo","status":"publish","type":"post","link":"https:\/\/www.em.com.br\/emfoco\/2025\/10\/27\/como-criar-um-jardim-vertical-com-pouco-espaco-e-muito-estilo\/","title":{"rendered":"Como criar um jardim vertical com pouco espa\u00e7o e muito estilo"},"content":{"rendered":"\n<p>Transformar espa\u00e7os pequenos em \u00e1reas verdes \u00e9 poss\u00edvel com um <strong>jardim vertical sustent\u00e1vel<\/strong>. Usando garrafas PET, pallets ou latas, voc\u00ea pode criar um ambiente natural, bonito e ecol\u00f3gico, aproveitando materiais que iriam para o lixo e dando um novo toque \u00e0 decora\u00e7\u00e3o.<\/p>\n\n\n\n<ul class=\"wp-block-list\">\n<li>Ideias pr\u00e1ticas com garrafas PET, pallets e latas<\/li>\n\n\n\n<li>Plantas ideais para jardins verticais internos e externos<\/li>\n\n\n\n<li>Dicas de rega, luz e organiza\u00e7\u00e3o na parede<\/li>\n<\/ul>\n\n\n\n<h2 class=\"wp-block-heading\">Como escolher os melhores materiais para o jardim vertical?<\/h2>\n\n\n\n<p>Para um <strong>jardim vertical com materiais reaproveitados<\/strong>, prefira garrafas PET cortadas na horizontal, pallets tratados e latas limpas e sem ferrugem. Todos esses itens garantem boa drenagem e sustenta\u00e7\u00e3o, al\u00e9m de reduzirem o impacto ambiental ao reaproveitar res\u00edduos dom\u00e9sticos.<\/p>\n\n\n\n<p>Ao montar, fixe os recipientes de forma segura na parede usando ganchos ou suportes met\u00e1licos. A organiza\u00e7\u00e3o deve permitir o <strong>escoamento da \u00e1gua<\/strong> e o f\u00e1cil acesso para regas e podas, mantendo a est\u00e9tica e a praticidade no cuidado di\u00e1rio das plantas.<\/p>\n\n\n\n<figure class=\"wp-block-image size-large\"><img loading=\"lazy\" decoding=\"async\" width=\"1024\" height=\"576\" src=\"https:\/\/www.em.com.br\/emfoco\/wp-content\/uploads\/2025\/10\/Jardim-vertical-com-garrafas_1761418140212-1024x576.jpg\" alt=\"Como criar um jardim vertical com pouco espa\u00e7o e muito estilo\" class=\"wp-image-119691\" srcset=\"https:\/\/www.em.com.br\/emfoco\/wp-content\/uploads\/2025\/10\/Jardim-vertical-com-garrafas_1761418140212-1024x576.jpg 1024w, https:\/\/www.em.com.br\/emfoco\/wp-content\/uploads\/2025\/10\/Jardim-vertical-com-garrafas_1761418140212-300x169.jpg 300w, https:\/\/www.em.com.br\/emfoco\/wp-content\/uploads\/2025\/10\/Jardim-vertical-com-garrafas_1761418140212-768x432.jpg 768w, https:\/\/www.em.com.br\/emfoco\/wp-content\/uploads\/2025\/10\/Jardim-vertical-com-garrafas_1761418140212-750x422.jpg 750w, https:\/\/www.em.com.br\/emfoco\/wp-content\/uploads\/2025\/10\/Jardim-vertical-com-garrafas_1761418140212-1140x641.jpg 1140w, https:\/\/www.em.com.br\/emfoco\/wp-content\/uploads\/2025\/10\/Jardim-vertical-com-garrafas_1761418140212.jpg 1280w\" sizes=\"auto, (max-width: 1024px) 100vw, 1024px\" \/><figcaption class=\"wp-element-caption\">Garrafas PET cortadas oferecem boa drenagem e fixa\u00e7\u00e3o na parede &#8211; Cr\u00e9ditos: depositphotos.com \/ seaonweb<\/figcaption><\/figure>\n\n\n\n<h2 class=\"wp-block-heading\">Quais plantas se adaptam melhor a esse tipo de estrutura?<\/h2>\n\n\n\n<p>Nem todas as esp\u00e9cies prosperam em espa\u00e7os verticais, por isso \u00e9 essencial escolher <strong><a href=\"https:\/\/www.quintoandar.com.br\/guias\/decoracao\/plantas-para-jardim\/\" target=\"_blank\" rel=\"noreferrer noopener\">plantas resistentes<\/a><\/strong> e de ra\u00edzes curtas. Opte por samambaias, jiboias, suculentas e ervas arom\u00e1ticas como manjeric\u00e3o e hortel\u00e3, que se adaptam bem e exigem pouca manuten\u00e7\u00e3o.<\/p>\n\n\n\n<ul class=\"wp-block-list\">\n<li><strong>Samambaias<\/strong>: ideais para sombra e alta umidade<\/li>\n\n\n\n<li><strong>Suculentas<\/strong>: suportam bem locais ensolarados<\/li>\n\n\n\n<li><strong>Ervas<\/strong>: \u00fateis e perfumadas, \u00f3timas para varandas e cozinhas<\/li>\n<\/ul>\n\n\n\n<p><em>Leia mais:<a href=\"https:\/\/www.em.com.br\/emfoco\/2025\/10\/25\/jardineiros-estao-usando-isso-nas-plantas-e-os-resultados-sao-surpreendentes\/\" target=\"_blank\" rel=\"noreferrer noopener\"> Jardineiros est\u00e3o usando isso nas plantas e os resultados s\u00e3o surpreendentes<\/a><\/em><\/p>\n\n\n\n<h2 class=\"wp-block-heading\">Como organizar o espa\u00e7o e manter a rega adequada?<\/h2>\n\n\n\n<p>O segredo de um bom <strong>jardim vertical urbano<\/strong> est\u00e1 no equil\u00edbrio entre est\u00e9tica e funcionalidade. Plante esp\u00e9cies com necessidades semelhantes lado a lado, para facilitar o controle da \u00e1gua e da luz. Assim, evita-se o excesso de umidade em algumas \u00e1reas e o ressecamento em outras.<\/p>\n\n\n\n<p>A <strong>rega ideal<\/strong> deve ser feita de cima para baixo, permitindo que o excedente escorra e umede\u00e7a os n\u00edveis inferiores. Em locais muito ensolarados, vale instalar um sistema de irriga\u00e7\u00e3o simples com garrafas gotejantes para manter o solo sempre \u00famido.<\/p>\n\n\n\n<figure class=\"wp-block-image size-large\"><img loading=\"lazy\" decoding=\"async\" width=\"1024\" height=\"576\" src=\"https:\/\/www.em.com.br\/emfoco\/wp-content\/uploads\/2025\/10\/Jardim-vertical_1761418106790-1024x576.jpg\" alt=\"Como criar um jardim vertical com pouco espa\u00e7o e muito estilo\" class=\"wp-image-119689\" srcset=\"https:\/\/www.em.com.br\/emfoco\/wp-content\/uploads\/2025\/10\/Jardim-vertical_1761418106790-1024x576.jpg 1024w, https:\/\/www.em.com.br\/emfoco\/wp-content\/uploads\/2025\/10\/Jardim-vertical_1761418106790-300x169.jpg 300w, https:\/\/www.em.com.br\/emfoco\/wp-content\/uploads\/2025\/10\/Jardim-vertical_1761418106790-768x432.jpg 768w, https:\/\/www.em.com.br\/emfoco\/wp-content\/uploads\/2025\/10\/Jardim-vertical_1761418106790-750x422.jpg 750w, https:\/\/www.em.com.br\/emfoco\/wp-content\/uploads\/2025\/10\/Jardim-vertical_1761418106790-1140x641.jpg 1140w, https:\/\/www.em.com.br\/emfoco\/wp-content\/uploads\/2025\/10\/Jardim-vertical_1761418106790.jpg 1280w\" sizes=\"auto, (max-width: 1024px) 100vw, 1024px\" \/><figcaption class=\"wp-element-caption\">Regar de cima para baixo ajuda a manter a umidade nos n\u00edveis inferiores &#8211; Cr\u00e9ditos: depositphotos.com \/ Piyachok<\/figcaption><\/figure>\n\n\n\n<h2 class=\"wp-block-heading\">Quais cuidados extras garantem a durabilidade do seu jardim?<\/h2>\n\n\n\n<p>Al\u00e9m da rega e ilumina\u00e7\u00e3o, a manuten\u00e7\u00e3o \u00e9 fundamental para a longevidade do <strong>jardim vertical sustent\u00e1vel<\/strong>. Remova folhas secas e revise os suportes mensalmente para evitar quedas ou infiltra\u00e7\u00f5es nas paredes.<\/p>\n\n\n\n<ul class=\"wp-block-list\">\n<li>Evite expor latas \u00e0 chuva constante para n\u00e3o enferrujar<\/li>\n\n\n\n<li>Pinte pallets com verniz ecol\u00f3gico para proteg\u00ea-los<\/li>\n\n\n\n<li>Fa\u00e7a a troca de substrato a cada seis meses<\/li>\n<\/ul>\n","protected":false},"excerpt":{"rendered":"<p>Transformar espa\u00e7os pequenos em \u00e1reas verdes \u00e9 poss\u00edvel com um jardim vertical sustent\u00e1vel. Usando garrafas PET, pallets ou latas, voc\u00ea pode criar um ambiente natural, bonito e ecol\u00f3gico, aproveitando materiais que iriam para o lixo e dando um novo toque \u00e0 decora\u00e7\u00e3o. Como escolher os melhores materiais para o jardim vertical? Para um jardim vertical [&hellip;]<\/p>\n","protected":false},"author":13,"featured_media":119687,"comment_status":"open","ping_status":"open","sticky":false,"template":"","format":"standard","meta":{"jnews-multi-image_gallery":[],"jnews_single_post":{"format":"standard"},"jnews_primary_category":[],"jnews_social_meta":[],"jnews_override_counter":[],"footnotes":""},"categories":[8819],"tags":[5115,17324,6538,17905],"class_list":["post-119659","post","type-post","status-publish","format-standard","has-post-thumbnail","hentry","category-curiosidades","tag-diy","tag-do-it-yourself","tag-jardim-vertical","tag-material-reaproveitado"],"yoast_head":"<!-- This site is optimized with the Yoast SEO plugin v23.8 - https:\/\/yoast.com\/wordpress\/plugins\/seo\/ -->\n<title>Como criar um jardim vertical com pouco espa\u00e7o e muito estilo - Estado de Minas - Em foco<\/title>\n<meta name=\"description\" content=\"Aprenda a montar um jardim vertical sustent\u00e1vel com materiais reciclados e descubra as plantas perfeitas para ambientes internos ou externos.\" \/>\n<meta name=\"robots\" content=\"index, follow, max-snippet:-1, max-image-preview:large, max-video-preview:-1\" \/>\n<link rel=\"canonical\" href=\"https:\/\/www.em.com.br\/emfoco\/2025\/10\/27\/como-criar-um-jardim-vertical-com-pouco-espaco-e-muito-estilo\/\" \/>\n<meta property=\"og:locale\" content=\"pt_BR\" \/>\n<meta property=\"og:type\" content=\"article\" \/>\n<meta property=\"og:title\" content=\"Como criar um jardim vertical com pouco espa\u00e7o e muito estilo - Estado de Minas - Em foco\" \/>\n<meta property=\"og:description\" content=\"Aprenda a montar um jardim vertical sustent\u00e1vel com materiais reciclados e descubra as plantas perfeitas para ambientes internos ou externos.\" \/>\n<meta property=\"og:url\" content=\"https:\/\/www.em.com.br\/emfoco\/2025\/10\/27\/como-criar-um-jardim-vertical-com-pouco-espaco-e-muito-estilo\/\" \/>\n<meta property=\"og:site_name\" content=\"Estado de Minas - Em foco\" \/>\n<meta property=\"article:published_time\" content=\"2025-10-27T11:55:00+00:00\" \/>\n<meta property=\"article:modified_time\" content=\"2025-10-25T21:18:43+00:00\" \/>\n<meta property=\"og:image\" content=\"https:\/\/www.em.com.br\/emfoco\/wp-content\/uploads\/2025\/10\/Jardim-vertical_1761418083377.jpg\" \/>\n\t<meta property=\"og:image:width\" content=\"1280\" \/>\n\t<meta property=\"og:image:height\" content=\"720\" \/>\n\t<meta property=\"og:image:type\" content=\"image\/jpeg\" \/>\n<meta name=\"author\" content=\"Gabriel Martins\" \/>\n<meta name=\"twitter:card\" content=\"summary_large_image\" \/>\n<meta name=\"twitter:label1\" content=\"Escrito por\" \/>\n\t<meta name=\"twitter:data1\" content=\"Gabriel Martins\" \/>\n\t<meta name=\"twitter:label2\" content=\"Est. tempo de leitura\" \/>\n\t<meta name=\"twitter:data2\" content=\"3 minutos\" \/>\n<!-- \/ Yoast SEO plugin. -->","yoast_head_json":{"title":"Como criar um jardim vertical com pouco espa\u00e7o e muito estilo - Estado de Minas - Em foco","description":"Aprenda a montar um jardim vertical sustent\u00e1vel com materiais reciclados e descubra as plantas perfeitas para ambientes internos ou externos.","robots":{"index":"index","follow":"follow","max-snippet":"max-snippet:-1","max-image-preview":"max-image-preview:large","max-video-preview":"max-video-preview:-1"},"canonical":"https:\/\/www.em.com.br\/emfoco\/2025\/10\/27\/como-criar-um-jardim-vertical-com-pouco-espaco-e-muito-estilo\/","og_locale":"pt_BR","og_type":"article","og_title":"Como criar um jardim vertical com pouco espa\u00e7o e muito estilo - Estado de Minas - Em foco","og_description":"Aprenda a montar um jardim vertical sustent\u00e1vel com materiais reciclados e descubra as plantas perfeitas para ambientes internos ou externos.","og_url":"https:\/\/www.em.com.br\/emfoco\/2025\/10\/27\/como-criar-um-jardim-vertical-com-pouco-espaco-e-muito-estilo\/","og_site_name":"Estado de Minas - Em foco","article_published_time":"2025-10-27T11:55:00+00:00","article_modified_time":"2025-10-25T21:18:43+00:00","og_image":[{"width":1280,"height":720,"url":"https:\/\/www.em.com.br\/emfoco\/wp-content\/uploads\/2025\/10\/Jardim-vertical_1761418083377.jpg","type":"image\/jpeg"}],"author":"Gabriel Martins","twitter_card":"summary_large_image","twitter_misc":{"Escrito por":"Gabriel Martins","Est. tempo de leitura":"3 minutos"},"schema":{"@context":"https:\/\/schema.org","@graph":[{"@type":"WebPage","@id":"https:\/\/www.em.com.br\/emfoco\/2025\/10\/27\/como-criar-um-jardim-vertical-com-pouco-espaco-e-muito-estilo\/","url":"https:\/\/www.em.com.br\/emfoco\/2025\/10\/27\/como-criar-um-jardim-vertical-com-pouco-espaco-e-muito-estilo\/","name":"Como criar um jardim vertical com pouco espa\u00e7o e muito estilo - Estado de Minas - Em foco","isPartOf":{"@id":"https:\/\/www.em.com.br\/emfoco\/#website"},"primaryImageOfPage":{"@id":"https:\/\/www.em.com.br\/emfoco\/2025\/10\/27\/como-criar-um-jardim-vertical-com-pouco-espaco-e-muito-estilo\/#primaryimage"},"image":{"@id":"https:\/\/www.em.com.br\/emfoco\/2025\/10\/27\/como-criar-um-jardim-vertical-com-pouco-espaco-e-muito-estilo\/#primaryimage"},"thumbnailUrl":"https:\/\/www.em.com.br\/emfoco\/wp-content\/uploads\/2025\/10\/Jardim-vertical_1761418083377.jpg","datePublished":"2025-10-27T11:55:00+00:00","dateModified":"2025-10-25T21:18:43+00:00","author":{"@id":"https:\/\/www.em.com.br\/emfoco\/#\/schema\/person\/1c9ddeab18b98abeffef834667bcf08a"},"description":"Aprenda a montar um jardim vertical sustent\u00e1vel com materiais reciclados e descubra as plantas perfeitas para ambientes internos ou externos.","breadcrumb":{"@id":"https:\/\/www.em.com.br\/emfoco\/2025\/10\/27\/como-criar-um-jardim-vertical-com-pouco-espaco-e-muito-estilo\/#breadcrumb"},"inLanguage":"pt-BR","potentialAction":[{"@type":"ReadAction","target":["https:\/\/www.em.com.br\/emfoco\/2025\/10\/27\/como-criar-um-jardim-vertical-com-pouco-espaco-e-muito-estilo\/"]}]},{"@type":"ImageObject","inLanguage":"pt-BR","@id":"https:\/\/www.em.com.br\/emfoco\/2025\/10\/27\/como-criar-um-jardim-vertical-com-pouco-espaco-e-muito-estilo\/#primaryimage","url":"https:\/\/www.em.com.br\/emfoco\/wp-content\/uploads\/2025\/10\/Jardim-vertical_1761418083377.jpg","contentUrl":"https:\/\/www.em.com.br\/emfoco\/wp-content\/uploads\/2025\/10\/Jardim-vertical_1761418083377.jpg","width":1280,"height":720,"caption":"Plantas de ra\u00edzes curtas s\u00e3o ideais para jardins verticais sustent\u00e1veis - Cr\u00e9ditos: depositphotos.com \/ smuayc"},{"@type":"BreadcrumbList","@id":"https:\/\/www.em.com.br\/emfoco\/2025\/10\/27\/como-criar-um-jardim-vertical-com-pouco-espaco-e-muito-estilo\/#breadcrumb","itemListElement":[{"@type":"ListItem","position":1,"name":"In\u00edcio","item":"https:\/\/www.em.com.br\/emfoco\/"},{"@type":"ListItem","position":2,"name":"Como criar um jardim vertical com pouco espa\u00e7o e muito estilo"}]},{"@type":"WebSite","@id":"https:\/\/www.em.com.br\/emfoco\/#website","url":"https:\/\/www.em.com.br\/emfoco\/","name":"Estado de Minas - Em foco","description":"Acompanhe as \u00faltimas not\u00edcias e fique bem informado sobre tudo o que acontece em Minas Gerais, Brasil e no mundo.","potentialAction":[{"@type":"SearchAction","target":{"@type":"EntryPoint","urlTemplate":"https:\/\/www.em.com.br\/emfoco\/?s={search_term_string}"},"query-input":{"@type":"PropertyValueSpecification","valueRequired":true,"valueName":"search_term_string"}}],"inLanguage":"pt-BR"},{"@type":"Person","@id":"https:\/\/www.em.com.br\/emfoco\/#\/schema\/person\/1c9ddeab18b98abeffef834667bcf08a","name":"Gabriel Martins","image":{"@type":"ImageObject","inLanguage":"pt-BR","@id":"https:\/\/www.em.com.br\/emfoco\/#\/schema\/person\/image\/","url":"https:\/\/secure.gravatar.com\/avatar\/f0f1e2efdfd88f1ad2cb08c5c2731e50?s=96&d=mm&r=g","contentUrl":"https:\/\/secure.gravatar.com\/avatar\/f0f1e2efdfd88f1ad2cb08c5c2731e50?s=96&d=mm&r=g","caption":"Gabriel Martins"},"sameAs":["https:\/\/www.em.com.br\/emfoco\/"],"url":"https:\/\/www.em.com.br\/emfoco\/author\/gabrielmartinsmyth\/"}]}},"_links":{"self":[{"href":"https:\/\/www.em.com.br\/emfoco\/wp-json\/wp\/v2\/posts\/119659","targetHints":{"allow":["GET"]}}],"collection":[{"href":"https:\/\/www.em.com.br\/emfoco\/wp-json\/wp\/v2\/posts"}],"about":[{"href":"https:\/\/www.em.com.br\/emfoco\/wp-json\/wp\/v2\/types\/post"}],"author":[{"embeddable":true,"href":"https:\/\/www.em.com.br\/emfoco\/wp-json\/wp\/v2\/users\/13"}],"replies":[{"embeddable":true,"href":"https:\/\/www.em.com.br\/emfoco\/wp-json\/wp\/v2\/comments?post=119659"}],"version-history":[{"count":2,"href":"https:\/\/www.em.com.br\/emfoco\/wp-json\/wp\/v2\/posts\/119659\/revisions"}],"predecessor-version":[{"id":119771,"href":"https:\/\/www.em.com.br\/emfoco\/wp-json\/wp\/v2\/posts\/119659\/revisions\/119771"}],"wp:featuredmedia":[{"embeddable":true,"href":"https:\/\/www.em.com.br\/emfoco\/wp-json\/wp\/v2\/media\/119687"}],"wp:attachment":[{"href":"https:\/\/www.em.com.br\/emfoco\/wp-json\/wp\/v2\/media?parent=119659"}],"wp:term":[{"taxonomy":"category","embeddable":true,"href":"https:\/\/www.em.com.br\/emfoco\/wp-json\/wp\/v2\/categories?post=119659"},{"taxonomy":"post_tag","embeddable":true,"href":"https:\/\/www.em.com.br\/emfoco\/wp-json\/wp\/v2\/tags?post=119659"}],"curies":[{"name":"wp","href":"https:\/\/api.w.org\/{rel}","templated":true}]}}