{"id":119553,"date":"2025-10-26T09:55:57","date_gmt":"2025-10-26T12:55:57","guid":{"rendered":"https:\/\/www.em.com.br\/emfoco\/?p=119553"},"modified":"2025-10-25T15:26:18","modified_gmt":"2025-10-25T18:26:18","slug":"o-segredo-para-cultivar-a-planta-que-perfuma-a-casa-e-espanta-insetos-ao-mesmo-tempo","status":"publish","type":"post","link":"https:\/\/www.em.com.br\/emfoco\/2025\/10\/26\/o-segredo-para-cultivar-a-planta-que-perfuma-a-casa-e-espanta-insetos-ao-mesmo-tempo\/","title":{"rendered":"O segredo para cultivar a planta que perfuma a casa e espanta insetos ao mesmo tempo"},"content":{"rendered":"\n<p>A <strong>hortel\u00e3<\/strong> \u00e9 uma <strong>planta vers\u00e1til<\/strong> e extremamente f\u00e1cil de cultivar, tornando-se uma excelente op\u00e7\u00e3o para quem busca praticidade e efici\u00eancia no cultivo dom\u00e9stico. Al\u00e9m disso, trata-se de uma aliada poderosa no <strong>combate a insetos indesejados<\/strong> devido ao seu aroma intenso. Neste artigo, voc\u00ea encontrar\u00e1 um <strong>passo a passo detalhado<\/strong> para cultivar hortel\u00e3, com dicas sobre suas propriedades repelentes e sobre os principais cuidados necess\u00e1rios.<\/p>\n\n\n\n<ul class=\"wp-block-list\">\n<li><strong>Escolha do local<\/strong>: descubra onde plantar hortel\u00e3 para um crescimento saud\u00e1vel e vigoroso.<\/li>\n\n\n\n<li><strong>Cuidados essenciais<\/strong>: saiba como regar e fertilizar a planta adequadamente, garantindo sua longevidade.<\/li>\n\n\n\n<li><strong>Vantagens repelentes<\/strong>: entenda como a hortel\u00e3 pode ajudar a manter os insetos afastados de forma natural e eficiente.<\/li>\n<\/ul>\n\n\n\n<h2 class=\"wp-block-heading\">Como escolher o local ideal para plantar hortel\u00e3?<\/h2>\n\n\n\n<p>A <strong>escolha do local<\/strong> \u00e9 fundamental para assegurar o desenvolvimento saud\u00e1vel da hortel\u00e3. Prefira \u00e1reas com <strong>boa ilumina\u00e7\u00e3o<\/strong>, mas evite exposi\u00e7\u00e3o prolongada \u00e0 luz solar direta, pois o excesso pode prejudicar as folhas.<\/p>\n\n\n\n<p>Plantar a hortel\u00e3 em <strong>vasos<\/strong> \u00e9 uma excelente estrat\u00e9gia para controlar seu crescimento expansivo e facilitar a manuten\u00e7\u00e3o. Em apartamentos ou casas de grandes cidades, como <strong>Rio de Janeiro<\/strong> e Porto Alegre, utilizar vasos torna o cultivo mais pr\u00e1tico, sendo uma alternativa inteligente para quem disp\u00f5e de <strong>pouco espa\u00e7o<\/strong> ou quer criar pequenas hortas urbanas.<\/p>\n\n\n<div class=\"wp-block-image\">\n<figure class=\"aligncenter size-large\"><img loading=\"lazy\" decoding=\"async\" width=\"1024\" height=\"576\" src=\"https:\/\/www.em.com.br\/emfoco\/wp-content\/uploads\/2025\/03\/hortela_1742953775020-1024x576.jpg\" alt=\"Aprenda como plantar hortel\u00e3 em casa, cuidar corretamente, evitar pragas e garantir uma colheita fresca o ano todo!\" class=\"wp-image-32361\" srcset=\"https:\/\/www.em.com.br\/emfoco\/wp-content\/uploads\/2025\/03\/hortela_1742953775020-1024x576.jpg 1024w, https:\/\/www.em.com.br\/emfoco\/wp-content\/uploads\/2025\/03\/hortela_1742953775020-300x169.jpg 300w, https:\/\/www.em.com.br\/emfoco\/wp-content\/uploads\/2025\/03\/hortela_1742953775020-768x432.jpg 768w, https:\/\/www.em.com.br\/emfoco\/wp-content\/uploads\/2025\/03\/hortela_1742953775020-750x422.jpg 750w, https:\/\/www.em.com.br\/emfoco\/wp-content\/uploads\/2025\/03\/hortela_1742953775020-1140x641.jpg 1140w, https:\/\/www.em.com.br\/emfoco\/wp-content\/uploads\/2025\/03\/hortela_1742953775020.jpg 1280w\" sizes=\"auto, (max-width: 1024px) 100vw, 1024px\" \/><figcaption class=\"wp-element-caption\">Hortel\u00e3 &#8211; Cr\u00e9ditos: depositphotos.com \/ Niko-2<\/figcaption><\/figure><\/div>\n\n\n<h2 class=\"wp-block-heading\">Qual \u00e9 a forma correta de cuidar da hortel\u00e3?<\/h2>\n\n\n\n<p>Para garantir o <strong>vigor<\/strong> e crescimento pleno da sua hortel\u00e3, mantenha o <a href=\"https:\/\/rehagro.com.br\/blog\/materia-organica-no-solo\/\" target=\"_blank\" rel=\"noopener\">solo<\/a> sempre <strong>\u00famido<\/strong> &#8211; mas nunca encharcado &#8211; realizando regas frequentes e moderadas.<\/p>\n\n\n\n<p>O uso de <strong>adubos org\u00e2nicos<\/strong> a cada dois meses \u00e9 fundamental para assegurar que a planta receba todos os <strong>nutrientes necess\u00e1rios<\/strong>. Algumas lojas especializadas, oferecem adubos espec\u00edficos para hortel\u00e3, tornando o processo ainda mais simples e eficiente para quem deseja um cultivo saud\u00e1vel.<\/p>\n\n\n\n<h2 class=\"wp-block-heading\">Hortel\u00e3 realmente ajuda a espantar insetos?<\/h2>\n\n\n\n<p>Sim, a <strong>hortel\u00e3<\/strong> \u00e9 altamente eficaz no combate a diversos insetos devido ao seu <strong>aroma forte e caracter\u00edstico<\/strong>, que atua como um <strong>repelente natural<\/strong>. Esse efeito \u00e9 potencializado quando a planta est\u00e1 bem cuidada e saud\u00e1vel.<\/p>\n\n\n\n<p><strong>Dica r\u00e1pida<\/strong>: em \u00e1reas com maior presen\u00e7a de pragas, espalhe folhas frescas de hortel\u00e3 nos ambientes para fortalecer o efeito repelente. Em regi\u00f5es de clima quente, como o estado de <strong>Pernambuco<\/strong>, o uso da hortel\u00e3 como repelente natural se mostra ainda mais eficaz devido \u00e0 maior incid\u00eancia de insetos, tornando essa pr\u00e1tica especialmente recomendada.<\/p>\n\n\n\n<h2 class=\"wp-block-heading\">Os principais benef\u00edcios de cultivar sua pr\u00f3pria hortel\u00e3<\/h2>\n\n\n\n<p>Al\u00e9m de seu poder repelente, a <strong>hortel\u00e3<\/strong> pode ser utilizada em bebidas, diversos <strong>pratos culin\u00e1rios<\/strong> e at\u00e9 na produ\u00e7\u00e3o de \u00f3leos essenciais naturais, que apresentam m\u00faltiplas utilidades. Em eventos gastron\u00f4micos, como o <strong>Festival da Culin\u00e1ria Saud\u00e1vel<\/strong> realizado anualmente em Curitiba, a hortel\u00e3 tem grande destaque entre chefs renomados, valorizando seu sabor marcante e propriedades arom\u00e1ticas.<\/p>\n\n\n\n<iframe loading=\"lazy\" width=\"560\" height=\"315\" src=\"https:\/\/www.youtube.com\/embed\/o3izScVc2Pg?si=JuYZq2eh3Fbz6nxW\" title=\"YouTube video player\" frameborder=\"0\" allow=\"accelerometer; autoplay; clipboard-write; encrypted-media; gyroscope; picture-in-picture; web-share\" referrerpolicy=\"strict-origin-when-cross-origin\" allowfullscreen><\/iframe>\n\n\n\n<h2 class=\"wp-block-heading\">Resumo dos aprendizados e vantagens da hortel\u00e3<\/h2>\n\n\n\n<ul class=\"wp-block-list\">\n<li>A <strong>hortel\u00e3<\/strong> \u00e9 f\u00e1cil de cultivar e pode ser plantada em qualquer espa\u00e7o, desde que adequadamente iluminado e com boa circula\u00e7\u00e3o de ar.<\/li>\n\n\n\n<li>Oferece in\u00fameros <strong>benef\u00edcios<\/strong>, desde o uso culin\u00e1rio at\u00e9 propriedades repelentes naturais, promovendo bem-estar e praticidade ao dia a dia.<\/li>\n\n\n\n<li>\u00c9 uma planta que <strong>embeleza o ambiente<\/strong>, contribui para a sa\u00fade e ainda protege contra <strong>insetos indesejados<\/strong>, tornando-se indispens\u00e1vel em qualquer jardim, horta ou espa\u00e7o urbano.<\/li>\n<\/ul>\n\n\n\n<p>Leia tamb\u00e9m: <a href=\"https:\/\/www.em.com.br\/emfoco\/2025\/10\/20\/receita-de-smoothie-verde-detox-com-abacaxi-e-hortela-que-renova-o-corpo\/\" target=\"_blank\" rel=\"noopener\">Receita de smoothie verde detox com abacaxi e hortel\u00e3 que renova o corpo<\/a><\/p>\n","protected":false},"excerpt":{"rendered":"<p>A hortel\u00e3 \u00e9 uma planta vers\u00e1til e extremamente f\u00e1cil de cultivar, tornando-se uma excelente op\u00e7\u00e3o para quem busca praticidade e efici\u00eancia no cultivo dom\u00e9stico. Al\u00e9m disso, trata-se de uma aliada poderosa no combate a insetos indesejados devido ao seu aroma intenso. Neste artigo, voc\u00ea encontrar\u00e1 um passo a passo detalhado para cultivar hortel\u00e3, com dicas [&hellip;]<\/p>\n","protected":false},"author":9,"featured_media":119646,"comment_status":"open","ping_status":"open","sticky":false,"template":"","format":"standard","meta":{"jnews-multi-image_gallery":[],"jnews_single_post":{"format":"standard"},"jnews_primary_category":[],"jnews_social_meta":[],"jnews_override_counter":[],"footnotes":""},"categories":[8819,28,1],"tags":[3983,4898,17893],"class_list":["post-119553","post","type-post","status-publish","format-standard","has-post-thumbnail","hentry","category-curiosidades","category-economia","category-noticias","tag-cultivar-hortela","tag-insetos","tag-insetos-no-jardim"],"yoast_head":"<!-- This site is optimized with the Yoast SEO plugin v23.8 - https:\/\/yoast.com\/wordpress\/plugins\/seo\/ -->\n<title>O segredo para cultivar a planta que perfuma a casa e espanta insetos ao mesmo tempo<\/title>\n<meta name=\"description\" content=\"Cultive em casa a erva arom\u00e1tica que perfuma o ambiente, d\u00e1 sabor aos pratos e ainda funciona como um repelente natural contra insetos.\" \/>\n<meta name=\"robots\" content=\"index, follow, max-snippet:-1, max-image-preview:large, max-video-preview:-1\" \/>\n<link rel=\"canonical\" href=\"https:\/\/www.em.com.br\/emfoco\/2025\/10\/26\/o-segredo-para-cultivar-a-planta-que-perfuma-a-casa-e-espanta-insetos-ao-mesmo-tempo\/\" \/>\n<meta property=\"og:locale\" content=\"pt_BR\" \/>\n<meta property=\"og:type\" content=\"article\" \/>\n<meta property=\"og:title\" content=\"O segredo para cultivar a planta que perfuma a casa e espanta insetos ao mesmo tempo\" \/>\n<meta property=\"og:description\" content=\"Cultive em casa a erva arom\u00e1tica que perfuma o ambiente, d\u00e1 sabor aos pratos e ainda funciona como um repelente natural contra insetos.\" \/>\n<meta property=\"og:url\" content=\"https:\/\/www.em.com.br\/emfoco\/2025\/10\/26\/o-segredo-para-cultivar-a-planta-que-perfuma-a-casa-e-espanta-insetos-ao-mesmo-tempo\/\" \/>\n<meta property=\"og:site_name\" content=\"Estado de Minas - Em foco\" \/>\n<meta property=\"article:published_time\" content=\"2025-10-26T12:55:57+00:00\" \/>\n<meta property=\"article:modified_time\" content=\"2025-10-25T18:26:18+00:00\" \/>\n<meta property=\"og:image\" content=\"https:\/\/www.em.com.br\/emfoco\/wp-content\/uploads\/2025\/10\/mosaico_1761416641686.jpg\" \/>\n\t<meta property=\"og:image:width\" content=\"1280\" \/>\n\t<meta property=\"og:image:height\" content=\"720\" \/>\n\t<meta property=\"og:image:type\" content=\"image\/jpeg\" \/>\n<meta name=\"author\" content=\"Daniely Cardoso\" \/>\n<meta name=\"twitter:card\" content=\"summary_large_image\" \/>\n<meta name=\"twitter:label1\" content=\"Escrito por\" \/>\n\t<meta name=\"twitter:data1\" content=\"Daniely Cardoso\" \/>\n\t<meta name=\"twitter:label2\" content=\"Est. tempo de leitura\" \/>\n\t<meta name=\"twitter:data2\" content=\"4 minutos\" \/>\n<!-- \/ Yoast SEO plugin. -->","yoast_head_json":{"title":"O segredo para cultivar a planta que perfuma a casa e espanta insetos ao mesmo tempo","description":"Cultive em casa a erva arom\u00e1tica que perfuma o ambiente, d\u00e1 sabor aos pratos e ainda funciona como um repelente natural contra insetos.","robots":{"index":"index","follow":"follow","max-snippet":"max-snippet:-1","max-image-preview":"max-image-preview:large","max-video-preview":"max-video-preview:-1"},"canonical":"https:\/\/www.em.com.br\/emfoco\/2025\/10\/26\/o-segredo-para-cultivar-a-planta-que-perfuma-a-casa-e-espanta-insetos-ao-mesmo-tempo\/","og_locale":"pt_BR","og_type":"article","og_title":"O segredo para cultivar a planta que perfuma a casa e espanta insetos ao mesmo tempo","og_description":"Cultive em casa a erva arom\u00e1tica que perfuma o ambiente, d\u00e1 sabor aos pratos e ainda funciona como um repelente natural contra insetos.","og_url":"https:\/\/www.em.com.br\/emfoco\/2025\/10\/26\/o-segredo-para-cultivar-a-planta-que-perfuma-a-casa-e-espanta-insetos-ao-mesmo-tempo\/","og_site_name":"Estado de Minas - Em foco","article_published_time":"2025-10-26T12:55:57+00:00","article_modified_time":"2025-10-25T18:26:18+00:00","og_image":[{"width":1280,"height":720,"url":"https:\/\/www.em.com.br\/emfoco\/wp-content\/uploads\/2025\/10\/mosaico_1761416641686.jpg","type":"image\/jpeg"}],"author":"Daniely Cardoso","twitter_card":"summary_large_image","twitter_misc":{"Escrito por":"Daniely Cardoso","Est. tempo de leitura":"4 minutos"},"schema":{"@context":"https:\/\/schema.org","@graph":[{"@type":"WebPage","@id":"https:\/\/www.em.com.br\/emfoco\/2025\/10\/26\/o-segredo-para-cultivar-a-planta-que-perfuma-a-casa-e-espanta-insetos-ao-mesmo-tempo\/","url":"https:\/\/www.em.com.br\/emfoco\/2025\/10\/26\/o-segredo-para-cultivar-a-planta-que-perfuma-a-casa-e-espanta-insetos-ao-mesmo-tempo\/","name":"O segredo para cultivar a planta que perfuma a casa e espanta insetos ao mesmo tempo","isPartOf":{"@id":"https:\/\/www.em.com.br\/emfoco\/#website"},"primaryImageOfPage":{"@id":"https:\/\/www.em.com.br\/emfoco\/2025\/10\/26\/o-segredo-para-cultivar-a-planta-que-perfuma-a-casa-e-espanta-insetos-ao-mesmo-tempo\/#primaryimage"},"image":{"@id":"https:\/\/www.em.com.br\/emfoco\/2025\/10\/26\/o-segredo-para-cultivar-a-planta-que-perfuma-a-casa-e-espanta-insetos-ao-mesmo-tempo\/#primaryimage"},"thumbnailUrl":"https:\/\/www.em.com.br\/emfoco\/wp-content\/uploads\/2025\/10\/mosaico_1761416641686.jpg","datePublished":"2025-10-26T12:55:57+00:00","dateModified":"2025-10-25T18:26:18+00:00","author":{"@id":"https:\/\/www.em.com.br\/emfoco\/#\/schema\/person\/0a8186d72f2c3a5c6276d90b41f271a0"},"description":"Cultive em casa a erva arom\u00e1tica que perfuma o ambiente, d\u00e1 sabor aos pratos e ainda funciona como um repelente natural contra insetos.","breadcrumb":{"@id":"https:\/\/www.em.com.br\/emfoco\/2025\/10\/26\/o-segredo-para-cultivar-a-planta-que-perfuma-a-casa-e-espanta-insetos-ao-mesmo-tempo\/#breadcrumb"},"inLanguage":"pt-BR","potentialAction":[{"@type":"ReadAction","target":["https:\/\/www.em.com.br\/emfoco\/2025\/10\/26\/o-segredo-para-cultivar-a-planta-que-perfuma-a-casa-e-espanta-insetos-ao-mesmo-tempo\/"]}]},{"@type":"ImageObject","inLanguage":"pt-BR","@id":"https:\/\/www.em.com.br\/emfoco\/2025\/10\/26\/o-segredo-para-cultivar-a-planta-que-perfuma-a-casa-e-espanta-insetos-ao-mesmo-tempo\/#primaryimage","url":"https:\/\/www.em.com.br\/emfoco\/wp-content\/uploads\/2025\/10\/mosaico_1761416641686.jpg","contentUrl":"https:\/\/www.em.com.br\/emfoco\/wp-content\/uploads\/2025\/10\/mosaico_1761416641686.jpg","width":1280,"height":720,"caption":"Al\u00e9m disso, trata-se de uma aliada poderosa no combate a insetos indesejados - Cr\u00e9ditos: depositphotos.com \/ DragonImages \/ Cr\u00e9ditos: depositphotos.com \/ VadimVasenin"},{"@type":"BreadcrumbList","@id":"https:\/\/www.em.com.br\/emfoco\/2025\/10\/26\/o-segredo-para-cultivar-a-planta-que-perfuma-a-casa-e-espanta-insetos-ao-mesmo-tempo\/#breadcrumb","itemListElement":[{"@type":"ListItem","position":1,"name":"In\u00edcio","item":"https:\/\/www.em.com.br\/emfoco\/"},{"@type":"ListItem","position":2,"name":"O segredo para cultivar a planta que perfuma a casa e espanta insetos ao mesmo tempo"}]},{"@type":"WebSite","@id":"https:\/\/www.em.com.br\/emfoco\/#website","url":"https:\/\/www.em.com.br\/emfoco\/","name":"Estado de Minas - Em foco","description":"Acompanhe as \u00faltimas not\u00edcias e fique bem informado sobre tudo o que acontece em Minas Gerais, Brasil e no mundo.","potentialAction":[{"@type":"SearchAction","target":{"@type":"EntryPoint","urlTemplate":"https:\/\/www.em.com.br\/emfoco\/?s={search_term_string}"},"query-input":{"@type":"PropertyValueSpecification","valueRequired":true,"valueName":"search_term_string"}}],"inLanguage":"pt-BR"},{"@type":"Person","@id":"https:\/\/www.em.com.br\/emfoco\/#\/schema\/person\/0a8186d72f2c3a5c6276d90b41f271a0","name":"Daniely Cardoso","image":{"@type":"ImageObject","inLanguage":"pt-BR","@id":"https:\/\/www.em.com.br\/emfoco\/#\/schema\/person\/image\/","url":"https:\/\/secure.gravatar.com\/avatar\/4b80ddbd124d1f071b626d52d62e5dff?s=96&d=mm&r=g","contentUrl":"https:\/\/secure.gravatar.com\/avatar\/4b80ddbd124d1f071b626d52d62e5dff?s=96&d=mm&r=g","caption":"Daniely Cardoso"},"url":"https:\/\/www.em.com.br\/emfoco\/author\/danielymyth\/"}]}},"_links":{"self":[{"href":"https:\/\/www.em.com.br\/emfoco\/wp-json\/wp\/v2\/posts\/119553","targetHints":{"allow":["GET"]}}],"collection":[{"href":"https:\/\/www.em.com.br\/emfoco\/wp-json\/wp\/v2\/posts"}],"about":[{"href":"https:\/\/www.em.com.br\/emfoco\/wp-json\/wp\/v2\/types\/post"}],"author":[{"embeddable":true,"href":"https:\/\/www.em.com.br\/emfoco\/wp-json\/wp\/v2\/users\/9"}],"replies":[{"embeddable":true,"href":"https:\/\/www.em.com.br\/emfoco\/wp-json\/wp\/v2\/comments?post=119553"}],"version-history":[{"count":3,"href":"https:\/\/www.em.com.br\/emfoco\/wp-json\/wp\/v2\/posts\/119553\/revisions"}],"predecessor-version":[{"id":119648,"href":"https:\/\/www.em.com.br\/emfoco\/wp-json\/wp\/v2\/posts\/119553\/revisions\/119648"}],"wp:featuredmedia":[{"embeddable":true,"href":"https:\/\/www.em.com.br\/emfoco\/wp-json\/wp\/v2\/media\/119646"}],"wp:attachment":[{"href":"https:\/\/www.em.com.br\/emfoco\/wp-json\/wp\/v2\/media?parent=119553"}],"wp:term":[{"taxonomy":"category","embeddable":true,"href":"https:\/\/www.em.com.br\/emfoco\/wp-json\/wp\/v2\/categories?post=119553"},{"taxonomy":"post_tag","embeddable":true,"href":"https:\/\/www.em.com.br\/emfoco\/wp-json\/wp\/v2\/tags?post=119553"}],"curies":[{"name":"wp","href":"https:\/\/api.w.org\/{rel}","templated":true}]}}