{"id":118937,"date":"2025-10-25T07:25:39","date_gmt":"2025-10-25T10:25:39","guid":{"rendered":"https:\/\/www.em.com.br\/emfoco\/?p=118937"},"modified":"2025-10-24T18:20:52","modified_gmt":"2025-10-24T21:20:52","slug":"a-rotina-de-beleza-das-japonesas-para-buscar-uma-pele-de-porcelana","status":"publish","type":"post","link":"https:\/\/www.em.com.br\/emfoco\/2025\/10\/25\/a-rotina-de-beleza-das-japonesas-para-buscar-uma-pele-de-porcelana\/","title":{"rendered":"A rotina de beleza das japonesas para buscar uma pele de porcelana"},"content":{"rendered":"\n<p>O <strong>layering japon\u00eas<\/strong> \u00e9 uma <strong>t\u00e9cnica milenar de cuidado facial<\/strong> que tem conquistado o mundo da beleza gra\u00e7as \u00e0 sua <strong>efic\u00e1cia<\/strong> em proporcionar uma pele luminosa, suave e sem imperfei\u00e7\u00f5es. Voc\u00ea sabe como utilizar essa rotina de cuidados faciais para obter os <strong>m\u00e1ximos benef\u00edcios<\/strong>? Descubra a seguir como a pr\u00e1tica do layering, quando aplicada em <strong>camadas sequenciais<\/strong>, pode transformar completamente a sa\u00fade e apar\u00eancia da sua pele, permitindo que ela se encaixe perfeitamente no seu <strong>estilo de vida<\/strong> moderno.<\/p>\n\n\n\n<ul class=\"wp-block-list\">\n<li><strong>Efic\u00e1cia das camadas:<\/strong> Entenda como o layering potencializa a <strong>absor\u00e7\u00e3o dos produtos<\/strong> e otimiza resultados.<\/li>\n\n\n\n<li><strong>Passo a passo essencial:<\/strong> Aprenda a sequ\u00eancia ideal e personalizada para garantir benef\u00edcios intensivos \u00e0 sua pele.<\/li>\n\n\n\n<li><strong>Equil\u00edbrio entre tradi\u00e7\u00e3o e ci\u00eancia:<\/strong> Descubra como <strong>ingredientes tradicionais<\/strong> s\u00e3o aliados a <strong>inova\u00e7\u00f5es tecnol\u00f3gicas<\/strong> para resultados de excel\u00eancia.<\/li>\n<\/ul>\n\n\n\n<h2 class=\"wp-block-heading\">O que \u00e9 o layering japon\u00eas?<\/h2>\n\n\n\n<p>O <strong>layering<\/strong> \u00e9 uma <strong>t\u00e9cnica de cuidado facial<\/strong> originada no <strong>Jap\u00e3o<\/strong>, famosa por sua simplicidade e resultados extraordin\u00e1rios. Consiste em aplicar produtos de beleza em <strong>camadas espec\u00edficas<\/strong>, priorizando a ordem de densidade: dos mais leves \u2013 como ess\u00eancias e s\u00e9runs \u2013 at\u00e9 os mais pesados, como cremes. Isso permite <strong>maximizar a absor\u00e7\u00e3o<\/strong> e a <strong>efic\u00e1cia dos ingredientes ativos<\/strong>, usando exatamente o que sua pele precisa. O conceito conquistou notoriedade internacional ap\u00f3s ser destaque em revistas e ser recomendado por <strong>especialistas de skincare.<\/strong><\/p>\n\n\n\n<h2 class=\"wp-block-heading\">Como aplicar o layering japon\u00eas de forma eficiente?<\/h2>\n\n\n\n<p>Para atingir a perfei\u00e7\u00e3o no <strong>layering japon\u00eas<\/strong>, siga estas etapas essenciais:<\/p>\n\n\n\n<ul class=\"wp-block-list\">\n<li><strong>Desmaquilhante:<\/strong> Inicie removendo impurezas e maquiagem com um <strong>produto oleoso<\/strong>, garantindo limpeza profunda sem agredir a pele.<\/li>\n\n\n\n<li><strong>Limpeza:<\/strong> Use um <strong>gel facial<\/strong> para purificar profundamente e preparar a pele para os pr\u00f3ximos passos.<\/li>\n\n\n\n<li><strong>Esfolia\u00e7\u00e3o:<\/strong> Proceda uma vez por semana para renovar a pele e amenizar aspereza, permitindo maior absor\u00e7\u00e3o dos ativos.<\/li>\n\n\n\n<li><strong>S\u00e9rum:<\/strong> Escolha de um a tr\u00eas tipos, em textura do mais leve para o mais concentrado, visando tratar diferentes necessidades da pele.<\/li>\n\n\n\n<li><strong>Contorno dos olhos:<\/strong> D\u00ea aten\u00e7\u00e3o especial a essa \u00e1rea sens\u00edvel com produtos focados em hidrata\u00e7\u00e3o e preven\u00e7\u00e3o de linhas finas.<\/li>\n\n\n\n<li><strong>Hidratante:<\/strong> Fundamental para <strong>selar a hidrata\u00e7\u00e3o<\/strong> e criar uma barreira protetora contra agress\u00f5es externas.<\/li>\n\n\n\n<li><strong>Protetor solar:<\/strong> Imprescind\u00edvel para <strong>prevenir o envelhecimento precoce<\/strong>, deve ser usado diariamente, inclusive em cidades como <strong>S\u00e3o Paulo<\/strong> ou <strong>Rio de Janeiro<\/strong>, com alta exposi\u00e7\u00e3o solar durante todo o ano.<\/li>\n<\/ul>\n\n\n<div class=\"wp-block-image\">\n<figure class=\"aligncenter size-large\"><img loading=\"lazy\" decoding=\"async\" width=\"1024\" height=\"576\" src=\"https:\/\/www.em.com.br\/emfoco\/wp-content\/uploads\/2025\/10\/japonesa-pele_1761315404704-1024x576.jpg\" alt=\"\" class=\"wp-image-118943\" srcset=\"https:\/\/www.em.com.br\/emfoco\/wp-content\/uploads\/2025\/10\/japonesa-pele_1761315404704-1024x576.jpg 1024w, https:\/\/www.em.com.br\/emfoco\/wp-content\/uploads\/2025\/10\/japonesa-pele_1761315404704-300x169.jpg 300w, https:\/\/www.em.com.br\/emfoco\/wp-content\/uploads\/2025\/10\/japonesa-pele_1761315404704-768x432.jpg 768w, https:\/\/www.em.com.br\/emfoco\/wp-content\/uploads\/2025\/10\/japonesa-pele_1761315404704-750x422.jpg 750w, https:\/\/www.em.com.br\/emfoco\/wp-content\/uploads\/2025\/10\/japonesa-pele_1761315404704-1140x641.jpg 1140w, https:\/\/www.em.com.br\/emfoco\/wp-content\/uploads\/2025\/10\/japonesa-pele_1761315404704.jpg 1280w\" sizes=\"auto, (max-width: 1024px) 100vw, 1024px\" \/><figcaption class=\"wp-element-caption\">Layering japon\u00eas &#8211; Cr\u00e9ditos: depositphotos.com \/ makistock<\/figcaption><\/figure><\/div>\n\n\n<h2 class=\"wp-block-heading\">Por que a pele japonesa \u00e9 t\u00e3o admirada?<\/h2>\n\n\n\n<p>As <strong>japonesas<\/strong> se destacam mundialmente por sua <strong>pele impec\u00e1vel<\/strong>, resultado de disciplina, <strong>rotina estruturada<\/strong> e aten\u00e7\u00e3o ao <strong>autocuidado<\/strong>. O segredo est\u00e1 na hidrata\u00e7\u00e3o intensa, uso consistente de produtos de qualidade, e aplica\u00e7\u00e3o di\u00e1ria de <strong>prote\u00e7\u00e3o solar<\/strong> \u2013 inclusive em dias nublados. Os habitantes de <strong>Kyoto<\/strong> ilustram como a combina\u00e7\u00e3o de cuidados di\u00e1rios, ingredientes naturais e <strong>rituais tradicionais<\/strong> promove uma pele jovem, uniforme e saud\u00e1vel. Al\u00e9m disso, a cultura japonesa valoriza a preven\u00e7\u00e3o, come\u00e7ando esses cuidados desde a juventude.<\/p>\n\n\n\n<h2 class=\"wp-block-heading\">Como equilibrar tradi\u00e7\u00f5es com avan\u00e7os cient\u00edficos?<\/h2>\n\n\n\n<p>O <strong>layering japon\u00eas<\/strong> se destaca por harmonizar <strong>pr\u00e1ticas tradicionais<\/strong> \u2014 como o uso de ch\u00e1 verde, arroz e sake \u2014 com inova\u00e7\u00f5es tecnol\u00f3gicas, incluindo <a href=\"https:\/\/www.tuasaude.com\/3-formas-de-usar-o-acido-hialuronico-no-combate-as-rugas\/\" target=\"_blank\" rel=\"noopener\"><strong>\u00e1cido hialur\u00f4nico<\/strong><\/a> e <strong>ceramidas<\/strong>. Essa sinergia favorece tratamentos personalizados e mais efetivos. As <strong>massagens faciais<\/strong>, integradas ao ritual, estimulam a circula\u00e7\u00e3o, potencializando o efeito dos cosm\u00e9ticos e prevenindo rugas. Marcas renomadas&nbsp;<\/p>\n\n\n\n<h2 class=\"wp-block-heading\">Como incorporar o layering na sua rotina?<\/h2>\n\n\n\n<p>Para adotar o <strong>layering japon\u00eas<\/strong>, n\u00e3o \u00e9 necess\u00e1rio seguir todos os passos de rotinas extensas como a K-Beauty coreana. Voc\u00ea pode adaptar o m\u00e9todo conforme seu <strong>tipo de pele<\/strong> e seu dia a dia, tornando-o pr\u00e1tico e acess\u00edvel at\u00e9 para quem vive em grandes metr\u00f3poles como <strong>Nova York<\/strong> ou <strong>Paris<\/strong>. O importante \u00e9 compreender as necessidades da sua pele e ajustar as camadas para garantir resultados vis\u00edveis de maneira simples e eficiente.<\/p>\n\n\n\n<h2 class=\"wp-block-heading\">Por que adotar o layering para uma pele deslumbrante?<\/h2>\n\n\n\n<ul class=\"wp-block-list\">\n<li>Ao aplicar produtos de forma <strong>sequencial<\/strong>, voc\u00ea potencializa a <strong>absor\u00e7\u00e3o e efic\u00e1cia<\/strong> de cada f\u00f3rmula.<\/li>\n\n\n\n<li>Personalize a rotina de acordo com seu <strong>tipo de pele<\/strong> para extrair o m\u00e1ximo benef\u00edcio dos ativos presentes nos cosm\u00e9ticos.<\/li>\n\n\n\n<li><strong>Prote\u00e7\u00e3o solar di\u00e1ria<\/strong> \u00e9 fundamental para manter a <strong>sa\u00fade e juventude da pele<\/strong> a longo prazo, conforme o h\u00e1bito cultural no <strong>Jap\u00e3o<\/strong> e outros pa\u00edses asi\u00e1ticos.<\/li>\n<\/ul>\n\n\n\n<p>Leia tamb\u00e9m: <a href=\"https:\/\/www.em.com.br\/emfoco\/2025\/10\/18\/como-adaptar-sua-rotina-de-skincare-para-climas-quentes\/\" target=\"_blank\" rel=\"noopener\">Como adaptar sua rotina de skincare para climas quentes<\/a><\/p>\n\n\n\n<p>&nbsp;<\/p>\n","protected":false},"excerpt":{"rendered":"<p>O layering japon\u00eas \u00e9 uma t\u00e9cnica milenar de cuidado facial que tem conquistado o mundo da beleza gra\u00e7as \u00e0 sua efic\u00e1cia em proporcionar uma pele luminosa, suave e sem imperfei\u00e7\u00f5es. Voc\u00ea sabe como utilizar essa rotina de cuidados faciais para obter os m\u00e1ximos benef\u00edcios? Descubra a seguir como a pr\u00e1tica do layering, quando aplicada em [&hellip;]<\/p>\n","protected":false},"author":9,"featured_media":46662,"comment_status":"open","ping_status":"open","sticky":false,"template":"","format":"standard","meta":{"jnews-multi-image_gallery":[],"jnews_single_post":{"format":"standard"},"jnews_primary_category":[],"jnews_social_meta":[],"jnews_override_counter":[],"footnotes":""},"categories":[8691,8819,1],"tags":[2616,4939,12947,6770],"class_list":["post-118937","post","type-post","status-publish","format-standard","has-post-thumbnail","hentry","category-bem-estar","category-curiosidades","category-noticias","tag-beleza","tag-cuidados-com-a-pele","tag-japones","tag-rotina-de-skincare"],"yoast_head":"<!-- This site is optimized with the Yoast SEO plugin v23.8 - https:\/\/yoast.com\/wordpress\/plugins\/seo\/ -->\n<title>A rotina de beleza das japonesas para buscar uma pele de porcelana<\/title>\n<meta name=\"description\" content=\"A t\u00e9cnica japonesa de aplicar produtos em camadas (layering) maximiza a absor\u00e7\u00e3o dos ativos para uma pele luminosa e impec\u00e1vel.\" \/>\n<meta name=\"robots\" content=\"index, follow, max-snippet:-1, max-image-preview:large, max-video-preview:-1\" \/>\n<link rel=\"canonical\" href=\"https:\/\/www.em.com.br\/emfoco\/2025\/10\/25\/a-rotina-de-beleza-das-japonesas-para-buscar-uma-pele-de-porcelana\/\" \/>\n<meta property=\"og:locale\" content=\"pt_BR\" \/>\n<meta property=\"og:type\" content=\"article\" \/>\n<meta property=\"og:title\" content=\"A rotina de beleza das japonesas para buscar uma pele de porcelana\" \/>\n<meta property=\"og:description\" content=\"A t\u00e9cnica japonesa de aplicar produtos em camadas (layering) maximiza a absor\u00e7\u00e3o dos ativos para uma pele luminosa e impec\u00e1vel.\" \/>\n<meta property=\"og:url\" content=\"https:\/\/www.em.com.br\/emfoco\/2025\/10\/25\/a-rotina-de-beleza-das-japonesas-para-buscar-uma-pele-de-porcelana\/\" \/>\n<meta property=\"og:site_name\" content=\"Estado de Minas - Em foco\" \/>\n<meta property=\"article:published_time\" content=\"2025-10-25T10:25:39+00:00\" \/>\n<meta property=\"article:modified_time\" content=\"2025-10-24T21:20:52+00:00\" \/>\n<meta property=\"og:image\" content=\"https:\/\/www.em.com.br\/emfoco\/wp-content\/uploads\/2025\/05\/Mascaras-Faciais-_1747071147587.jpg\" \/>\n\t<meta property=\"og:image:width\" content=\"1280\" \/>\n\t<meta property=\"og:image:height\" content=\"720\" \/>\n\t<meta property=\"og:image:type\" content=\"image\/jpeg\" \/>\n<meta name=\"author\" content=\"Daniely Cardoso\" \/>\n<meta name=\"twitter:card\" content=\"summary_large_image\" \/>\n<meta name=\"twitter:label1\" content=\"Escrito por\" \/>\n\t<meta name=\"twitter:data1\" content=\"Daniely Cardoso\" \/>\n\t<meta name=\"twitter:label2\" content=\"Est. tempo de leitura\" \/>\n\t<meta name=\"twitter:data2\" content=\"5 minutos\" \/>\n<!-- \/ Yoast SEO plugin. -->","yoast_head_json":{"title":"A rotina de beleza das japonesas para buscar uma pele de porcelana","description":"A t\u00e9cnica japonesa de aplicar produtos em camadas (layering) maximiza a absor\u00e7\u00e3o dos ativos para uma pele luminosa e impec\u00e1vel.","robots":{"index":"index","follow":"follow","max-snippet":"max-snippet:-1","max-image-preview":"max-image-preview:large","max-video-preview":"max-video-preview:-1"},"canonical":"https:\/\/www.em.com.br\/emfoco\/2025\/10\/25\/a-rotina-de-beleza-das-japonesas-para-buscar-uma-pele-de-porcelana\/","og_locale":"pt_BR","og_type":"article","og_title":"A rotina de beleza das japonesas para buscar uma pele de porcelana","og_description":"A t\u00e9cnica japonesa de aplicar produtos em camadas (layering) maximiza a absor\u00e7\u00e3o dos ativos para uma pele luminosa e impec\u00e1vel.","og_url":"https:\/\/www.em.com.br\/emfoco\/2025\/10\/25\/a-rotina-de-beleza-das-japonesas-para-buscar-uma-pele-de-porcelana\/","og_site_name":"Estado de Minas - Em foco","article_published_time":"2025-10-25T10:25:39+00:00","article_modified_time":"2025-10-24T21:20:52+00:00","og_image":[{"width":1280,"height":720,"url":"https:\/\/www.em.com.br\/emfoco\/wp-content\/uploads\/2025\/05\/Mascaras-Faciais-_1747071147587.jpg","type":"image\/jpeg"}],"author":"Daniely Cardoso","twitter_card":"summary_large_image","twitter_misc":{"Escrito por":"Daniely Cardoso","Est. tempo de leitura":"5 minutos"},"schema":{"@context":"https:\/\/schema.org","@graph":[{"@type":"WebPage","@id":"https:\/\/www.em.com.br\/emfoco\/2025\/10\/25\/a-rotina-de-beleza-das-japonesas-para-buscar-uma-pele-de-porcelana\/","url":"https:\/\/www.em.com.br\/emfoco\/2025\/10\/25\/a-rotina-de-beleza-das-japonesas-para-buscar-uma-pele-de-porcelana\/","name":"A rotina de beleza das japonesas para buscar uma pele de porcelana","isPartOf":{"@id":"https:\/\/www.em.com.br\/emfoco\/#website"},"primaryImageOfPage":{"@id":"https:\/\/www.em.com.br\/emfoco\/2025\/10\/25\/a-rotina-de-beleza-das-japonesas-para-buscar-uma-pele-de-porcelana\/#primaryimage"},"image":{"@id":"https:\/\/www.em.com.br\/emfoco\/2025\/10\/25\/a-rotina-de-beleza-das-japonesas-para-buscar-uma-pele-de-porcelana\/#primaryimage"},"thumbnailUrl":"https:\/\/www.em.com.br\/emfoco\/wp-content\/uploads\/2025\/05\/Mascaras-Faciais-_1747071147587.jpg","datePublished":"2025-10-25T10:25:39+00:00","dateModified":"2025-10-24T21:20:52+00:00","author":{"@id":"https:\/\/www.em.com.br\/emfoco\/#\/schema\/person\/0a8186d72f2c3a5c6276d90b41f271a0"},"description":"A t\u00e9cnica japonesa de aplicar produtos em camadas (layering) maximiza a absor\u00e7\u00e3o dos ativos para uma pele luminosa e impec\u00e1vel.","breadcrumb":{"@id":"https:\/\/www.em.com.br\/emfoco\/2025\/10\/25\/a-rotina-de-beleza-das-japonesas-para-buscar-uma-pele-de-porcelana\/#breadcrumb"},"inLanguage":"pt-BR","potentialAction":[{"@type":"ReadAction","target":["https:\/\/www.em.com.br\/emfoco\/2025\/10\/25\/a-rotina-de-beleza-das-japonesas-para-buscar-uma-pele-de-porcelana\/"]}]},{"@type":"ImageObject","inLanguage":"pt-BR","@id":"https:\/\/www.em.com.br\/emfoco\/2025\/10\/25\/a-rotina-de-beleza-das-japonesas-para-buscar-uma-pele-de-porcelana\/#primaryimage","url":"https:\/\/www.em.com.br\/emfoco\/wp-content\/uploads\/2025\/05\/Mascaras-Faciais-_1747071147587.jpg","contentUrl":"https:\/\/www.em.com.br\/emfoco\/wp-content\/uploads\/2025\/05\/Mascaras-Faciais-_1747071147587.jpg","width":1280,"height":720,"caption":"Por ser mais delicado que muitos esfoliantes industrializados, o arroz costuma agradar quem tem pele sens\u00edvel- Cr\u00e9ditos: depositphotos.com \/ IgorVetushko"},{"@type":"BreadcrumbList","@id":"https:\/\/www.em.com.br\/emfoco\/2025\/10\/25\/a-rotina-de-beleza-das-japonesas-para-buscar-uma-pele-de-porcelana\/#breadcrumb","itemListElement":[{"@type":"ListItem","position":1,"name":"In\u00edcio","item":"https:\/\/www.em.com.br\/emfoco\/"},{"@type":"ListItem","position":2,"name":"A rotina de beleza das japonesas para buscar uma pele de porcelana"}]},{"@type":"WebSite","@id":"https:\/\/www.em.com.br\/emfoco\/#website","url":"https:\/\/www.em.com.br\/emfoco\/","name":"Estado de Minas - Em foco","description":"Acompanhe as \u00faltimas not\u00edcias e fique bem informado sobre tudo o que acontece em Minas Gerais, Brasil e no mundo.","potentialAction":[{"@type":"SearchAction","target":{"@type":"EntryPoint","urlTemplate":"https:\/\/www.em.com.br\/emfoco\/?s={search_term_string}"},"query-input":{"@type":"PropertyValueSpecification","valueRequired":true,"valueName":"search_term_string"}}],"inLanguage":"pt-BR"},{"@type":"Person","@id":"https:\/\/www.em.com.br\/emfoco\/#\/schema\/person\/0a8186d72f2c3a5c6276d90b41f271a0","name":"Daniely Cardoso","image":{"@type":"ImageObject","inLanguage":"pt-BR","@id":"https:\/\/www.em.com.br\/emfoco\/#\/schema\/person\/image\/","url":"https:\/\/secure.gravatar.com\/avatar\/4b80ddbd124d1f071b626d52d62e5dff?s=96&d=mm&r=g","contentUrl":"https:\/\/secure.gravatar.com\/avatar\/4b80ddbd124d1f071b626d52d62e5dff?s=96&d=mm&r=g","caption":"Daniely Cardoso"},"url":"https:\/\/www.em.com.br\/emfoco\/author\/danielymyth\/"}]}},"_links":{"self":[{"href":"https:\/\/www.em.com.br\/emfoco\/wp-json\/wp\/v2\/posts\/118937","targetHints":{"allow":["GET"]}}],"collection":[{"href":"https:\/\/www.em.com.br\/emfoco\/wp-json\/wp\/v2\/posts"}],"about":[{"href":"https:\/\/www.em.com.br\/emfoco\/wp-json\/wp\/v2\/types\/post"}],"author":[{"embeddable":true,"href":"https:\/\/www.em.com.br\/emfoco\/wp-json\/wp\/v2\/users\/9"}],"replies":[{"embeddable":true,"href":"https:\/\/www.em.com.br\/emfoco\/wp-json\/wp\/v2\/comments?post=118937"}],"version-history":[{"count":4,"href":"https:\/\/www.em.com.br\/emfoco\/wp-json\/wp\/v2\/posts\/118937\/revisions"}],"predecessor-version":[{"id":119256,"href":"https:\/\/www.em.com.br\/emfoco\/wp-json\/wp\/v2\/posts\/118937\/revisions\/119256"}],"wp:featuredmedia":[{"embeddable":true,"href":"https:\/\/www.em.com.br\/emfoco\/wp-json\/wp\/v2\/media\/46662"}],"wp:attachment":[{"href":"https:\/\/www.em.com.br\/emfoco\/wp-json\/wp\/v2\/media?parent=118937"}],"wp:term":[{"taxonomy":"category","embeddable":true,"href":"https:\/\/www.em.com.br\/emfoco\/wp-json\/wp\/v2\/categories?post=118937"},{"taxonomy":"post_tag","embeddable":true,"href":"https:\/\/www.em.com.br\/emfoco\/wp-json\/wp\/v2\/tags?post=118937"}],"curies":[{"name":"wp","href":"https:\/\/api.w.org\/{rel}","templated":true}]}}