{"id":118778,"date":"2025-10-24T10:05:00","date_gmt":"2025-10-24T13:05:00","guid":{"rendered":"https:\/\/www.em.com.br\/emfoco\/?p=118778"},"modified":"2025-10-23T18:56:58","modified_gmt":"2025-10-23T21:56:58","slug":"supermercado-historico-fecha-as-portas-e-faz-liquidacao-total","status":"publish","type":"post","link":"https:\/\/www.em.com.br\/emfoco\/2025\/10\/24\/supermercado-historico-fecha-as-portas-e-faz-liquidacao-total\/","title":{"rendered":"Supermercado hist\u00f3rico fecha as portas e faz liquida\u00e7\u00e3o total"},"content":{"rendered":"\n<p>O in\u00edcio de&nbsp;<strong>outubro<\/strong>&nbsp;traz mudan\u00e7as significativas para a&nbsp;<strong>Natural Grocers de Vitamin Cottage, Inc.<\/strong>&nbsp;Uma das lojas mais famosas da rede deixar\u00e1 de funcionar em&nbsp;<strong>Austin<\/strong>. A seguir, confira tudo o que voc\u00ea precisa saber:<\/p>\n\n\n\n<ul class=\"wp-block-list\">\n<li>Motivo do fechamento: uma decis\u00e3o estrat\u00e9gica ligada ao contrato de loca\u00e7\u00e3o.<\/li>\n\n\n\n<li>Impacto sobre trabalhadores e clientes da loja.<\/li>\n\n\n\n<li>Op\u00e7\u00f5es dispon\u00edveis para clientes em outras localidades do\u00a0<strong>Texas<\/strong>.<\/li>\n<\/ul>\n\n\n\n<h2 class=\"wp-block-heading\">Por que a Natural Grocers est\u00e1 fechando em Austin?<\/h2>\n\n\n\n<p>A not\u00edcia do fechamento da loja em\u00a0<strong>Austin &#8211; Arbor Walk<\/strong>\u00a0ganhou bastante destaque. Segundo\u00a0<strong>Kemper Isely<\/strong>, copresidente da <a href=\"https:\/\/www.naturalgrocers.com\/\" target=\"_blank\" rel=\"noreferrer noopener\">Natural Grocers<\/a>, o principal motivo \u00e9 uma renova\u00e7\u00e3o pendente do contrato de loca\u00e7\u00e3o. Isso permite que a empresa redirecione seus esfor\u00e7os para outras \u00e1reas estrat\u00e9gicas. Apesar da decep\u00e7\u00e3o, Isely garante que Austin mant\u00e9m um lugar especial para a marca.<\/p>\n\n\n\n<h2 class=\"wp-block-heading\">Como funcion\u00e1rios e clientes ser\u00e3o afetados?<\/h2>\n\n\n\n<p>Desde\u00a0<strong>setembro<\/strong>, a loja iniciou uma liquida\u00e7\u00e3o de estoque, com 25% de desconto nos produtos. A empresa adotou medidas para apoiar seus funcion\u00e1rios, oferecendo oportunidades para transfer\u00eancia para lojas pr\u00f3ximas e pacotes de indeniza\u00e7\u00e3o, incluindo benef\u00edcios m\u00e9dicos. Segundo representantes da empresa, nenhum colaborador ficar\u00e1 desamparado durante esse processo.<\/p>\n\n\n\n<figure class=\"wp-block-image\"><img decoding=\"async\" src=\"https:\/\/www.em.com.br\/emfoco\/wp-content\/uploads\/2025\/06\/falencia-loja-_1749302643112-1024x576.jpg\" alt=\"\"\/><figcaption class=\"wp-element-caption\">lojas fechadas &#8211; Cr\u00e9ditos: depositphotos.com \/ MikeEdwards<\/figcaption><\/figure>\n\n\n\n<h2 class=\"wp-block-heading\">Quando ocorre o fechamento e quais op\u00e7\u00f5es restam aos clientes?<\/h2>\n\n\n\n<p>A loja de Austin fechou em\u00a0<strong>2 de outubro<\/strong>. Embora o encerramento possa ser um impacto para muitos clientes fi\u00e9is, h\u00e1 alternativas dispon\u00edveis em demais localidades do Texas. Veja a seguir algumas filiais pr\u00f3ximas:<\/p>\n\n\n\n<ul class=\"wp-block-list\">\n<li>North Lamar Blvd: 4615 N. Lamar Blvd., Ste. 304<\/li>\n\n\n\n<li>Cedar Park: 1335 E. Whitestone Blvd. G-17<\/li>\n\n\n\n<li>Georgetown: 1301 W. University Ave.<\/li>\n\n\n\n<li>Temple: 3621 S. General Bruce Dr.<\/li>\n\n\n\n<li>Waco: 601 N. Valley Mills Dr.<\/li>\n<\/ul>\n\n\n\n<h2 class=\"wp-block-heading\">Qual o impacto na comunidade e h\u00e1 oportunidades futuras?<\/h2>\n\n\n\n<p>A Natural Grocers planeja&nbsp;<strong>fortalecer sua presen\u00e7a<\/strong>&nbsp;em outras regi\u00f5es do Texas, mesmo diante do impacto local do fechamento. A empresa segue comprometida em fornecer produtos de qualidade e incentiva os clientes a conhecerem as filiais vizinhas. Inclusive, projetos de expans\u00e3o e programas sustent\u00e1veis est\u00e3o sendo estudados para novas cidades texanas.<\/p>\n\n\n\n<p><strong>Leia tamb\u00e9m<\/strong>: <a href=\"https:\/\/www.em.com.br\/emfoco\/2025\/10\/21\/rede-de-restaurantes-fecha-portas-e-demite-equipes\/\" target=\"_blank\" rel=\"noreferrer noopener\">Rede de restaurantes fecha portas e demite equipes<\/a><\/p>\n\n\n\n<h2 class=\"wp-block-heading\">Quais os principais pontos do fechamento da Natural Grocers?<\/h2>\n\n\n\n<ul class=\"wp-block-list\">\n<li>O fechamento se deve \u00e0 renova\u00e7\u00e3o do contrato de loca\u00e7\u00e3o.<\/li>\n\n\n\n<li>O apoio necess\u00e1rio ser\u00e1 oferecido aos funcion\u00e1rios durante a transi\u00e7\u00e3o.<\/li>\n\n\n\n<li>Existem alternativas de lojas no\u00a0<strong>Texas<\/strong>\u00a0para os clientes.<\/li>\n<\/ul>\n","protected":false},"excerpt":{"rendered":"<p>O in\u00edcio de&nbsp;outubro&nbsp;traz mudan\u00e7as significativas para a&nbsp;Natural Grocers de Vitamin Cottage, Inc.&nbsp;Uma das lojas mais famosas da rede deixar\u00e1 de funcionar em&nbsp;Austin. A seguir, confira tudo o que voc\u00ea precisa saber: Por que a Natural Grocers est\u00e1 fechando em Austin? A not\u00edcia do fechamento da loja em\u00a0Austin &#8211; Arbor Walk\u00a0ganhou bastante destaque. Segundo\u00a0Kemper Isely, copresidente [&hellip;]<\/p>\n","protected":false},"author":11,"featured_media":57195,"comment_status":"open","ping_status":"open","sticky":false,"template":"","format":"standard","meta":{"jnews-multi-image_gallery":[],"jnews_single_post":{"format":"standard"},"jnews_primary_category":[],"jnews_social_meta":[],"jnews_override_counter":[],"footnotes":""},"categories":[28,1],"tags":[10179,16557,9676,15377],"class_list":["post-118778","post","type-post","status-publish","format-standard","has-post-thumbnail","hentry","category-economia","category-noticias","tag-fechamento","tag-fechamento-de-loja","tag-loja","tag-supermercado"],"yoast_head":"<!-- This site is optimized with the Yoast SEO plugin v23.8 - https:\/\/yoast.com\/wordpress\/plugins\/seo\/ -->\n<title>Supermercado hist\u00f3rico fecha as portas e faz liquida\u00e7\u00e3o total - Estado de Minas - Em foco<\/title>\n<meta name=\"description\" content=\"A famosa loja encerra suas atividades em outubro. Entenda o motivo e quais op\u00e7\u00f5es de atendimento permanecem dispon\u00edveis.\" \/>\n<meta name=\"robots\" content=\"index, follow, max-snippet:-1, max-image-preview:large, max-video-preview:-1\" \/>\n<link rel=\"canonical\" href=\"https:\/\/www.em.com.br\/emfoco\/2025\/10\/24\/supermercado-historico-fecha-as-portas-e-faz-liquidacao-total\/\" \/>\n<meta property=\"og:locale\" content=\"pt_BR\" \/>\n<meta property=\"og:type\" content=\"article\" \/>\n<meta property=\"og:title\" content=\"Supermercado hist\u00f3rico fecha as portas e faz liquida\u00e7\u00e3o total - Estado de Minas - Em foco\" \/>\n<meta property=\"og:description\" content=\"A famosa loja encerra suas atividades em outubro. Entenda o motivo e quais op\u00e7\u00f5es de atendimento permanecem dispon\u00edveis.\" \/>\n<meta property=\"og:url\" content=\"https:\/\/www.em.com.br\/emfoco\/2025\/10\/24\/supermercado-historico-fecha-as-portas-e-faz-liquidacao-total\/\" \/>\n<meta property=\"og:site_name\" content=\"Estado de Minas - Em foco\" \/>\n<meta property=\"article:published_time\" content=\"2025-10-24T13:05:00+00:00\" \/>\n<meta property=\"article:modified_time\" content=\"2025-10-23T21:56:58+00:00\" \/>\n<meta property=\"og:image\" content=\"https:\/\/www.em.com.br\/emfoco\/wp-content\/uploads\/2025\/06\/falencia-loja-_1749302442703.jpg\" \/>\n\t<meta property=\"og:image:width\" content=\"1280\" \/>\n\t<meta property=\"og:image:height\" content=\"720\" \/>\n\t<meta property=\"og:image:type\" content=\"image\/jpeg\" \/>\n<meta name=\"author\" content=\"Andre\u0301 Rangel\u00a0\" \/>\n<meta name=\"twitter:card\" content=\"summary_large_image\" \/>\n<meta name=\"twitter:label1\" content=\"Escrito por\" \/>\n\t<meta name=\"twitter:data1\" content=\"Andre\u0301 Rangel\u00a0\" \/>\n\t<meta name=\"twitter:label2\" content=\"Est. tempo de leitura\" \/>\n\t<meta name=\"twitter:data2\" content=\"3 minutos\" \/>\n<!-- \/ Yoast SEO plugin. -->","yoast_head_json":{"title":"Supermercado hist\u00f3rico fecha as portas e faz liquida\u00e7\u00e3o total - Estado de Minas - Em foco","description":"A famosa loja encerra suas atividades em outubro. Entenda o motivo e quais op\u00e7\u00f5es de atendimento permanecem dispon\u00edveis.","robots":{"index":"index","follow":"follow","max-snippet":"max-snippet:-1","max-image-preview":"max-image-preview:large","max-video-preview":"max-video-preview:-1"},"canonical":"https:\/\/www.em.com.br\/emfoco\/2025\/10\/24\/supermercado-historico-fecha-as-portas-e-faz-liquidacao-total\/","og_locale":"pt_BR","og_type":"article","og_title":"Supermercado hist\u00f3rico fecha as portas e faz liquida\u00e7\u00e3o total - Estado de Minas - Em foco","og_description":"A famosa loja encerra suas atividades em outubro. Entenda o motivo e quais op\u00e7\u00f5es de atendimento permanecem dispon\u00edveis.","og_url":"https:\/\/www.em.com.br\/emfoco\/2025\/10\/24\/supermercado-historico-fecha-as-portas-e-faz-liquidacao-total\/","og_site_name":"Estado de Minas - Em foco","article_published_time":"2025-10-24T13:05:00+00:00","article_modified_time":"2025-10-23T21:56:58+00:00","og_image":[{"width":1280,"height":720,"url":"https:\/\/www.em.com.br\/emfoco\/wp-content\/uploads\/2025\/06\/falencia-loja-_1749302442703.jpg","type":"image\/jpeg"}],"author":"Andre\u0301 Rangel\u00a0","twitter_card":"summary_large_image","twitter_misc":{"Escrito por":"Andre\u0301 Rangel\u00a0","Est. tempo de leitura":"3 minutos"},"schema":{"@context":"https:\/\/schema.org","@graph":[{"@type":"WebPage","@id":"https:\/\/www.em.com.br\/emfoco\/2025\/10\/24\/supermercado-historico-fecha-as-portas-e-faz-liquidacao-total\/","url":"https:\/\/www.em.com.br\/emfoco\/2025\/10\/24\/supermercado-historico-fecha-as-portas-e-faz-liquidacao-total\/","name":"Supermercado hist\u00f3rico fecha as portas e faz liquida\u00e7\u00e3o total - Estado de Minas - Em foco","isPartOf":{"@id":"https:\/\/www.em.com.br\/emfoco\/#website"},"primaryImageOfPage":{"@id":"https:\/\/www.em.com.br\/emfoco\/2025\/10\/24\/supermercado-historico-fecha-as-portas-e-faz-liquidacao-total\/#primaryimage"},"image":{"@id":"https:\/\/www.em.com.br\/emfoco\/2025\/10\/24\/supermercado-historico-fecha-as-portas-e-faz-liquidacao-total\/#primaryimage"},"thumbnailUrl":"https:\/\/www.em.com.br\/emfoco\/wp-content\/uploads\/2025\/06\/falencia-loja-_1749302442703.jpg","datePublished":"2025-10-24T13:05:00+00:00","dateModified":"2025-10-23T21:56:58+00:00","author":{"@id":"https:\/\/www.em.com.br\/emfoco\/#\/schema\/person\/60eda09c1fedf0d6891f4cef4b60b8b8"},"description":"A famosa loja encerra suas atividades em outubro. Entenda o motivo e quais op\u00e7\u00f5es de atendimento permanecem dispon\u00edveis.","breadcrumb":{"@id":"https:\/\/www.em.com.br\/emfoco\/2025\/10\/24\/supermercado-historico-fecha-as-portas-e-faz-liquidacao-total\/#breadcrumb"},"inLanguage":"pt-BR","potentialAction":[{"@type":"ReadAction","target":["https:\/\/www.em.com.br\/emfoco\/2025\/10\/24\/supermercado-historico-fecha-as-portas-e-faz-liquidacao-total\/"]}]},{"@type":"ImageObject","inLanguage":"pt-BR","@id":"https:\/\/www.em.com.br\/emfoco\/2025\/10\/24\/supermercado-historico-fecha-as-portas-e-faz-liquidacao-total\/#primaryimage","url":"https:\/\/www.em.com.br\/emfoco\/wp-content\/uploads\/2025\/06\/falencia-loja-_1749302442703.jpg","contentUrl":"https:\/\/www.em.com.br\/emfoco\/wp-content\/uploads\/2025\/06\/falencia-loja-_1749302442703.jpg","width":1280,"height":720,"caption":"Lojas vazias - Cr\u00e9ditos: depositphotos.com \/ lucielang"},{"@type":"BreadcrumbList","@id":"https:\/\/www.em.com.br\/emfoco\/2025\/10\/24\/supermercado-historico-fecha-as-portas-e-faz-liquidacao-total\/#breadcrumb","itemListElement":[{"@type":"ListItem","position":1,"name":"In\u00edcio","item":"https:\/\/www.em.com.br\/emfoco\/"},{"@type":"ListItem","position":2,"name":"Supermercado hist\u00f3rico fecha as portas e faz liquida\u00e7\u00e3o total"}]},{"@type":"WebSite","@id":"https:\/\/www.em.com.br\/emfoco\/#website","url":"https:\/\/www.em.com.br\/emfoco\/","name":"Estado de Minas - Em foco","description":"Acompanhe as \u00faltimas not\u00edcias e fique bem informado sobre tudo o que acontece em Minas Gerais, Brasil e no mundo.","potentialAction":[{"@type":"SearchAction","target":{"@type":"EntryPoint","urlTemplate":"https:\/\/www.em.com.br\/emfoco\/?s={search_term_string}"},"query-input":{"@type":"PropertyValueSpecification","valueRequired":true,"valueName":"search_term_string"}}],"inLanguage":"pt-BR"},{"@type":"Person","@id":"https:\/\/www.em.com.br\/emfoco\/#\/schema\/person\/60eda09c1fedf0d6891f4cef4b60b8b8","name":"Andre\u0301 Rangel\u00a0","image":{"@type":"ImageObject","inLanguage":"pt-BR","@id":"https:\/\/www.em.com.br\/emfoco\/#\/schema\/person\/image\/","url":"https:\/\/secure.gravatar.com\/avatar\/6234dc814c77c8ef6d8bba622c787efc?s=96&d=mm&r=g","contentUrl":"https:\/\/secure.gravatar.com\/avatar\/6234dc814c77c8ef6d8bba622c787efc?s=96&d=mm&r=g","caption":"Andre\u0301 Rangel\u00a0"},"url":"https:\/\/www.em.com.br\/emfoco\/author\/luizmyth\/"}]}},"_links":{"self":[{"href":"https:\/\/www.em.com.br\/emfoco\/wp-json\/wp\/v2\/posts\/118778","targetHints":{"allow":["GET"]}}],"collection":[{"href":"https:\/\/www.em.com.br\/emfoco\/wp-json\/wp\/v2\/posts"}],"about":[{"href":"https:\/\/www.em.com.br\/emfoco\/wp-json\/wp\/v2\/types\/post"}],"author":[{"embeddable":true,"href":"https:\/\/www.em.com.br\/emfoco\/wp-json\/wp\/v2\/users\/11"}],"replies":[{"embeddable":true,"href":"https:\/\/www.em.com.br\/emfoco\/wp-json\/wp\/v2\/comments?post=118778"}],"version-history":[{"count":2,"href":"https:\/\/www.em.com.br\/emfoco\/wp-json\/wp\/v2\/posts\/118778\/revisions"}],"predecessor-version":[{"id":118784,"href":"https:\/\/www.em.com.br\/emfoco\/wp-json\/wp\/v2\/posts\/118778\/revisions\/118784"}],"wp:featuredmedia":[{"embeddable":true,"href":"https:\/\/www.em.com.br\/emfoco\/wp-json\/wp\/v2\/media\/57195"}],"wp:attachment":[{"href":"https:\/\/www.em.com.br\/emfoco\/wp-json\/wp\/v2\/media?parent=118778"}],"wp:term":[{"taxonomy":"category","embeddable":true,"href":"https:\/\/www.em.com.br\/emfoco\/wp-json\/wp\/v2\/categories?post=118778"},{"taxonomy":"post_tag","embeddable":true,"href":"https:\/\/www.em.com.br\/emfoco\/wp-json\/wp\/v2\/tags?post=118778"}],"curies":[{"name":"wp","href":"https:\/\/api.w.org\/{rel}","templated":true}]}}