{"id":118544,"date":"2025-10-24T17:35:00","date_gmt":"2025-10-24T20:35:00","guid":{"rendered":"https:\/\/www.em.com.br\/emfoco\/?p=118544"},"modified":"2025-10-23T19:49:19","modified_gmt":"2025-10-23T22:49:19","slug":"a-fruta-que-melhora-seu-intestino-e-ossos-que-voce-pode-plantar-no-quintal","status":"publish","type":"post","link":"https:\/\/www.em.com.br\/emfoco\/2025\/10\/24\/a-fruta-que-melhora-seu-intestino-e-ossos-que-voce-pode-plantar-no-quintal\/","title":{"rendered":"A fruta que melhora seu intestino e ossos que voc\u00ea pode plantar no quintal"},"content":{"rendered":"\n<p>A ameixa \u00e9 uma fruta de sabor adocicado e levemente \u00e1cido, cultivada em v\u00e1rias regi\u00f5es do mundo e apreciada tanto in natura quanto em receitas diversas. Al\u00e9m de ser deliciosa, ela traz in\u00fameros benef\u00edcios \u00e0 sa\u00fade e pode ser cultivada em casa, desde que se conhe\u00e7am as t\u00e9cnicas corretas. A seguir, veja como plantar ameixa com sucesso e descubra por que essa fruta merece um espa\u00e7o especial na sua horta ou pomar.<\/p>\n\n\n\n<h2 class=\"wp-block-heading\">O que \u00e9 a ameixa e por que ela \u00e9 t\u00e3o valorizada?<\/h2>\n\n\n\n<p>A <strong>ameixa (Prunus domestica)<\/strong> \u00e9 uma fruta origin\u00e1ria da <strong>\u00c1sia<\/strong>, mas amplamente cultivada em pa\u00edses de clima temperado e subtropical, incluindo v\u00e1rias regi\u00f5es do <strong>Brasil<\/strong>. Pertencente \u00e0 mesma fam\u00edlia do p\u00eassego e da cereja, ela se destaca por sua polpa suculenta, casca lisa e colora\u00e7\u00e3o que varia do roxo ao vermelho intenso.<\/p>\n\n\n\n<p>Rica em fibras, vitaminas e minerais, a ameixa \u00e9 considerada uma aliada da boa digest\u00e3o e do equil\u00edbrio do organismo. Ela tamb\u00e9m \u00e9 bastante vers\u00e1til na culin\u00e1ria, podendo ser consumida fresca, seca ou usada em compotas, geleias e sobremesas.<\/p>\n\n\n\n<h2 class=\"wp-block-heading\">Como preparar o solo ideal para o plantio de ameixa?<\/h2>\n\n\n\n<p>O primeiro passo para cultivar ameixas com sucesso \u00e9 preparar bem o solo. Essa planta prefere solos <strong>argilo-arenosos<\/strong>, bem drenados e ricos em mat\u00e9ria org\u00e2nica. Antes do plantio, recomenda-se realizar uma <strong>an\u00e1lise do solo<\/strong> para verificar o pH, que deve estar entre <strong>6,0 e 6,5<\/strong>.<\/p>\n\n\n\n<p>Para melhorar a fertilidade, adicione <strong>composto org\u00e2nico<\/strong>, <strong>esterco curtido<\/strong> ou <strong>h\u00famus de minhoca<\/strong>. A corre\u00e7\u00e3o do solo com <strong>calc\u00e1rio dolom\u00edtico<\/strong> tamb\u00e9m pode ser necess\u00e1ria, especialmente em solos \u00e1cidos. Uma boa drenagem \u00e9 fundamental, pois o excesso de umidade pode apodrecer as ra\u00edzes da ameixeira.<\/p>\n\n\n<div class=\"wp-block-image\">\n<figure class=\"aligncenter size-large\"><img loading=\"lazy\" decoding=\"async\" width=\"1024\" height=\"576\" src=\"https:\/\/www.em.com.br\/emfoco\/wp-content\/uploads\/2025\/09\/Prunus-domestica_1756766545511-1024x576.jpg\" alt=\"\" class=\"wp-image-99540\" srcset=\"https:\/\/www.em.com.br\/emfoco\/wp-content\/uploads\/2025\/09\/Prunus-domestica_1756766545511-1024x576.jpg 1024w, https:\/\/www.em.com.br\/emfoco\/wp-content\/uploads\/2025\/09\/Prunus-domestica_1756766545511-300x169.jpg 300w, https:\/\/www.em.com.br\/emfoco\/wp-content\/uploads\/2025\/09\/Prunus-domestica_1756766545511-768x432.jpg 768w, https:\/\/www.em.com.br\/emfoco\/wp-content\/uploads\/2025\/09\/Prunus-domestica_1756766545511-750x422.jpg 750w, https:\/\/www.em.com.br\/emfoco\/wp-content\/uploads\/2025\/09\/Prunus-domestica_1756766545511-1140x641.jpg 1140w, https:\/\/www.em.com.br\/emfoco\/wp-content\/uploads\/2025\/09\/Prunus-domestica_1756766545511.jpg 1280w\" sizes=\"auto, (max-width: 1024px) 100vw, 1024px\" \/><figcaption class=\"wp-element-caption\">A ameixa seca \u00e9 produzida a partir da Prunus domestica &#8211; Cr\u00e9ditos: depositphotos.com \/ sgoodwin4813<\/figcaption><\/figure><\/div>\n\n\n<h2 class=\"wp-block-heading\">Qual \u00e9 o melhor clima e local para plantar ameixa?<\/h2>\n\n\n\n<p>A ameixeira adapta-se melhor a <strong>climas frios e subtropicais<\/strong>, com temperaturas m\u00e9dias entre <strong>10 \u00b0C e 25 \u00b0C<\/strong>. Durante o inverno, \u00e9 importante que a planta passe por um per\u00edodo de frio, conhecido como <strong>dorm\u00eancia<\/strong>, essencial para estimular a flora\u00e7\u00e3o e frutifica\u00e7\u00e3o.<\/p>\n\n\n\n<p>O local de plantio deve receber <strong>luz solar direta<\/strong> por, no m\u00ednimo, seis horas di\u00e1rias. Evite \u00e1reas sujeitas a ventos fortes, que podem danificar os ramos e flores. Em regi\u00f5es muito quentes, recomenda-se o cultivo de variedades mais resistentes ao calor, como as ameixas japonesas (<strong>Prunus salicina<\/strong>).<\/p>\n\n\n\n<h2 class=\"wp-block-heading\">Como realizar o plantio da ameixa?<\/h2>\n\n\n\n<p>O plantio pode ser feito a partir de <strong>mudas enxertadas<\/strong>, que garantem maior produtividade e resist\u00eancia a doen\u00e7as. As mudas devem ser adquiridas de viveiros confi\u00e1veis, preferencialmente com um ano de idade e cerca de 60 cm de altura.<\/p>\n\n\n\n<p>Abra covas com dimens\u00f5es aproximadas de <strong>50 cm de largura por 50 cm de profundidade<\/strong>, misturando ao solo retirado <strong>mat\u00e9ria org\u00e2nica<\/strong> e <strong>adubo fosfatado<\/strong>. Plante a muda de modo que o ponto de enxertia fique alguns cent\u00edmetros acima do solo. Ap\u00f3s o plantio, regue abundantemente para firmar a terra ao redor das ra\u00edzes.<\/p>\n\n\n\n<p>O espa\u00e7amento ideal entre as plantas varia de <strong>5 m a 6 m<\/strong>, permitindo uma boa circula\u00e7\u00e3o de ar e luz, fatores que favorecem o desenvolvimento dos frutos.<\/p>\n\n\n\n<h2 class=\"wp-block-heading\">Como cuidar da ameixeira ap\u00f3s o plantio?<\/h2>\n\n\n\n<p>Os cuidados com a ameixeira incluem <strong>rega, aduba\u00e7\u00e3o e poda regulares<\/strong>. Nos primeiros meses, mantenha o solo \u00famido, mas sem encharcar. Ap\u00f3s o desenvolvimento, as regas podem ser mais espa\u00e7adas, principalmente em \u00e9pocas chuvosas.<\/p>\n\n\n\n<p>A <strong>aduba\u00e7\u00e3o<\/strong> deve ser feita tr\u00eas vezes ao ano, utilizando adubos org\u00e2nicos ou formula\u00e7\u00f5es ricas em <strong>nitrog\u00eanio (N)<\/strong>, <strong>f\u00f3sforo (P)<\/strong> e <strong>pot\u00e1ssio (K)<\/strong>. Esses nutrientes s\u00e3o essenciais para o crescimento saud\u00e1vel e a forma\u00e7\u00e3o de frutos.<\/p>\n\n\n\n<p>A <strong>poda de forma\u00e7\u00e3o<\/strong> \u00e9 fundamental nos primeiros anos, ajudando a definir o formato da copa e facilitar a entrada de luz. J\u00e1 a <strong>poda de frutifica\u00e7\u00e3o<\/strong> deve ser feita ap\u00f3s a colheita, removendo galhos secos e doentes, o que estimula o surgimento de novos ramos produtivos.<\/p>\n\n\n\n<h2 class=\"wp-block-heading\">Quando e como ocorre a colheita das ameixas?<\/h2>\n\n\n\n<p>O per\u00edodo de colheita varia conforme a regi\u00e3o e a variedade cultivada, mas geralmente ocorre entre <strong>novembro e fevereiro<\/strong>. As frutas devem ser colhidas quando atingirem a cor caracter\u00edstica da variedade e apresentarem leve maciez ao toque.<\/p>\n\n\n\n<p>A colheita deve ser feita manualmente, com cuidado para n\u00e3o danificar os frutos. Ap\u00f3s colhidas, as ameixas frescas podem ser armazenadas sob refrigera\u00e7\u00e3o por at\u00e9 <strong>10 dias<\/strong>, mantendo sua qualidade e sabor.<\/p>\n\n\n<div class=\"wp-block-image\">\n<figure class=\"aligncenter size-large\"><img loading=\"lazy\" decoding=\"async\" width=\"1024\" height=\"576\" src=\"https:\/\/www.em.com.br\/emfoco\/wp-content\/uploads\/2025\/05\/ameixa_1747148847653-1024x576.jpg\" alt=\"\" class=\"wp-image-46933\" srcset=\"https:\/\/www.em.com.br\/emfoco\/wp-content\/uploads\/2025\/05\/ameixa_1747148847653-1024x576.jpg 1024w, https:\/\/www.em.com.br\/emfoco\/wp-content\/uploads\/2025\/05\/ameixa_1747148847653-300x169.jpg 300w, https:\/\/www.em.com.br\/emfoco\/wp-content\/uploads\/2025\/05\/ameixa_1747148847653-768x432.jpg 768w, https:\/\/www.em.com.br\/emfoco\/wp-content\/uploads\/2025\/05\/ameixa_1747148847653-750x422.jpg 750w, https:\/\/www.em.com.br\/emfoco\/wp-content\/uploads\/2025\/05\/ameixa_1747148847653-1140x641.jpg 1140w, https:\/\/www.em.com.br\/emfoco\/wp-content\/uploads\/2025\/05\/ameixa_1747148847653.jpg 1280w\" sizes=\"auto, (max-width: 1024px) 100vw, 1024px\" \/><figcaption class=\"wp-element-caption\">Ameixa &#8211; Cr\u00e9ditos: depositphotos.com \/ brebca<\/figcaption><\/figure><\/div>\n\n\n<h2 class=\"wp-block-heading\">Quais s\u00e3o os principais benef\u00edcios da ameixa para a sa\u00fade?<\/h2>\n\n\n\n<p>A ameixa \u00e9 uma verdadeira fonte de sa\u00fade. Rica em <strong>fibras<\/strong>, principalmente a <strong>pectina<\/strong>, ela auxilia no bom funcionamento do intestino e no controle do colesterol. Al\u00e9m disso, cont\u00e9m <strong>vitamina C<\/strong>, <strong>vitamina K<\/strong>, <strong>vitamina A<\/strong>, <strong>pot\u00e1ssio<\/strong>, <strong>ferro<\/strong> e <strong>magn\u00e9sio<\/strong>.<\/p>\n\n\n\n<p>O consumo regular de ameixa ajuda a fortalecer o <strong>sistema imunol\u00f3gico<\/strong>, combate o <strong>envelhecimento precoce<\/strong> e melhora a <strong>sa\u00fade cardiovascular<\/strong>. As <strong>ameixas secas<\/strong> (ou passas) s\u00e3o especialmente conhecidas por seu efeito <strong>laxativo natural<\/strong>, ideal para quem sofre de pris\u00e3o de ventre.<\/p>\n\n\n\n<p>Pesquisas indicam ainda que o consumo de ameixa pode contribuir para a <strong>sa\u00fade \u00f3ssea<\/strong>, gra\u00e7as \u00e0 presen\u00e7a de antioxidantes e compostos fen\u00f3licos que ajudam a prevenir a osteoporose.<\/p>\n\n\n\n<h2 class=\"wp-block-heading\">\u00c9 poss\u00edvel plantar ameixa em vasos?<\/h2>\n\n\n\n<p>Sim, \u00e9 totalmente poss\u00edvel cultivar ameixeiras em <strong>vasos grandes<\/strong>, desde que tenham boa drenagem e espa\u00e7o suficiente para o desenvolvimento das ra\u00edzes. Escolha vasos com no m\u00ednimo <strong>60 cm de profundidade<\/strong> e <strong>50 cm de di\u00e2metro<\/strong>.<\/p>\n\n\n\n<p>Use um substrato rico em mat\u00e9ria org\u00e2nica e mantenha as regas regulares. Apesar de o porte ser reduzido em compara\u00e7\u00e3o ao cultivo no <a href=\"https:\/\/rehagro.com.br\/blog\/materia-organica-no-solo\/\" target=\"_blank\" rel=\"noreferrer noopener\">solo<\/a>, as ameixeiras de vaso podem produzir frutos saborosos e s\u00e3o perfeitas para quintais e varandas ensolaradas.<\/p>\n\n\n\n<h2 class=\"wp-block-heading\">FAQ \u2013 Perguntas frequentes sobre o cultivo e benef\u00edcios da ameixa<\/h2>\n\n\n\n<ul class=\"wp-block-list\">\n<li><strong>1. Quanto tempo a ameixeira leva para dar frutos?<\/strong><br>A ameixeira come\u00e7a a frutificar entre <strong>2 e 3 anos<\/strong> ap\u00f3s o plantio, dependendo da variedade e dos cuidados realizados.<\/li>\n\n\n\n<li><strong>2. Qual a melhor \u00e9poca para plantar ameixa?<\/strong><br>O ideal \u00e9 plantar no <strong>outono<\/strong> ou <strong>in\u00edcio do inverno<\/strong>, quando as temperaturas est\u00e3o mais amenas e h\u00e1 melhor enraizamento das mudas.<\/li>\n\n\n\n<li><strong>3. Ameixa seca tem os mesmos benef\u00edcios que a fresca?<\/strong><br>Sim, mas em maior concentra\u00e7\u00e3o. A ameixa seca \u00e9 mais rica em fibras e antioxidantes, por\u00e9m tamb\u00e9m tem mais calorias.<\/li>\n\n\n\n<li><strong>4. \u00c9 necess\u00e1rio ter mais de uma ameixeira para produzir frutos?<\/strong><br>Algumas variedades s\u00e3o <strong>autof\u00e9rteis<\/strong>, mas outras precisam de <strong>poliniza\u00e7\u00e3o cruzada<\/strong>, ou seja, duas plantas de esp\u00e9cies compat\u00edveis pr\u00f3ximas.<\/li>\n\n\n\n<li><strong>5. Ameixa ajuda a emagrecer?<\/strong><br>Sim. Por ser rica em fibras e ter baixo \u00edndice glic\u00eamico, ela proporciona <strong>saciedade<\/strong> e ajuda no controle do apetite, favorecendo dietas equilibradas.<\/li>\n<\/ul>\n\n\n\n<p>Leia tamb\u00e9m: <a href=\"https:\/\/www.em.com.br\/emfoco\/2025\/10\/23\/5-plantas-aromaticas-que-resistem-ao-calor-e-deixam-a-cozinha-perfumada\/\" target=\"_blank\" rel=\"noreferrer noopener\">5 plantas arom\u00e1ticas que resistem ao calor e deixam a cozinha perfumada<br><\/a><\/p>\n\n\n\n<p><\/p>\n","protected":false},"excerpt":{"rendered":"<p>A ameixa \u00e9 uma fruta de sabor adocicado e levemente \u00e1cido, cultivada em v\u00e1rias regi\u00f5es do mundo e apreciada tanto in natura quanto em receitas diversas. Al\u00e9m de ser deliciosa, ela traz in\u00fameros benef\u00edcios \u00e0 sa\u00fade e pode ser cultivada em casa, desde que se conhe\u00e7am as t\u00e9cnicas corretas. A seguir, veja como plantar ameixa [&hellip;]<\/p>\n","protected":false},"author":9,"featured_media":27505,"comment_status":"open","ping_status":"open","sticky":false,"template":"","format":"standard","meta":{"jnews-multi-image_gallery":[],"jnews_single_post":{"format":"standard"},"jnews_primary_category":[],"jnews_social_meta":[],"jnews_override_counter":[],"footnotes":""},"categories":[8819],"tags":[8595,6437,4959,6632],"class_list":["post-118544","post","type-post","status-publish","format-standard","has-post-thumbnail","hentry","category-curiosidades","tag-ameixa","tag-cultivo-de-frutas","tag-fruticultura","tag-saude-natural"],"yoast_head":"<!-- This site is optimized with the Yoast SEO plugin v23.8 - https:\/\/yoast.com\/wordpress\/plugins\/seo\/ -->\n<title>A fruta que melhora seu intestino e ossos que voc\u00ea pode plantar no quintal<\/title>\n<meta name=\"description\" content=\"Plante em vasos ou no quintal. Saiba como cuidar do solo e da poda para colher esta fruta cheia de benef\u00edcios para a digest\u00e3o.\" \/>\n<meta name=\"robots\" content=\"index, follow, max-snippet:-1, max-image-preview:large, max-video-preview:-1\" \/>\n<link rel=\"canonical\" href=\"https:\/\/www.em.com.br\/emfoco\/2025\/10\/24\/a-fruta-que-melhora-seu-intestino-e-ossos-que-voce-pode-plantar-no-quintal\/\" \/>\n<meta property=\"og:locale\" content=\"pt_BR\" \/>\n<meta property=\"og:type\" content=\"article\" \/>\n<meta property=\"og:title\" content=\"A fruta que melhora seu intestino e ossos que voc\u00ea pode plantar no quintal\" \/>\n<meta property=\"og:description\" content=\"Plante em vasos ou no quintal. Saiba como cuidar do solo e da poda para colher esta fruta cheia de benef\u00edcios para a digest\u00e3o.\" \/>\n<meta property=\"og:url\" content=\"https:\/\/www.em.com.br\/emfoco\/2025\/10\/24\/a-fruta-que-melhora-seu-intestino-e-ossos-que-voce-pode-plantar-no-quintal\/\" \/>\n<meta property=\"og:site_name\" content=\"Estado de Minas - Em foco\" \/>\n<meta property=\"article:published_time\" content=\"2025-10-24T20:35:00+00:00\" \/>\n<meta property=\"article:modified_time\" content=\"2025-10-23T22:49:19+00:00\" \/>\n<meta property=\"og:image\" content=\"https:\/\/www.em.com.br\/emfoco\/wp-content\/uploads\/2025\/03\/cobertura-morta_1741707501185.jpg\" \/>\n\t<meta property=\"og:image:width\" content=\"1280\" \/>\n\t<meta property=\"og:image:height\" content=\"720\" \/>\n\t<meta property=\"og:image:type\" content=\"image\/jpeg\" \/>\n<meta name=\"author\" content=\"Daniely Cardoso\" \/>\n<meta name=\"twitter:card\" content=\"summary_large_image\" \/>\n<meta name=\"twitter:label1\" content=\"Escrito por\" \/>\n\t<meta name=\"twitter:data1\" content=\"Daniely Cardoso\" \/>\n\t<meta name=\"twitter:label2\" content=\"Est. tempo de leitura\" \/>\n\t<meta name=\"twitter:data2\" content=\"7 minutos\" \/>\n<!-- \/ Yoast SEO plugin. -->","yoast_head_json":{"title":"A fruta que melhora seu intestino e ossos que voc\u00ea pode plantar no quintal","description":"Plante em vasos ou no quintal. Saiba como cuidar do solo e da poda para colher esta fruta cheia de benef\u00edcios para a digest\u00e3o.","robots":{"index":"index","follow":"follow","max-snippet":"max-snippet:-1","max-image-preview":"max-image-preview:large","max-video-preview":"max-video-preview:-1"},"canonical":"https:\/\/www.em.com.br\/emfoco\/2025\/10\/24\/a-fruta-que-melhora-seu-intestino-e-ossos-que-voce-pode-plantar-no-quintal\/","og_locale":"pt_BR","og_type":"article","og_title":"A fruta que melhora seu intestino e ossos que voc\u00ea pode plantar no quintal","og_description":"Plante em vasos ou no quintal. Saiba como cuidar do solo e da poda para colher esta fruta cheia de benef\u00edcios para a digest\u00e3o.","og_url":"https:\/\/www.em.com.br\/emfoco\/2025\/10\/24\/a-fruta-que-melhora-seu-intestino-e-ossos-que-voce-pode-plantar-no-quintal\/","og_site_name":"Estado de Minas - Em foco","article_published_time":"2025-10-24T20:35:00+00:00","article_modified_time":"2025-10-23T22:49:19+00:00","og_image":[{"width":1280,"height":720,"url":"https:\/\/www.em.com.br\/emfoco\/wp-content\/uploads\/2025\/03\/cobertura-morta_1741707501185.jpg","type":"image\/jpeg"}],"author":"Daniely Cardoso","twitter_card":"summary_large_image","twitter_misc":{"Escrito por":"Daniely Cardoso","Est. tempo de leitura":"7 minutos"},"schema":{"@context":"https:\/\/schema.org","@graph":[{"@type":"WebPage","@id":"https:\/\/www.em.com.br\/emfoco\/2025\/10\/24\/a-fruta-que-melhora-seu-intestino-e-ossos-que-voce-pode-plantar-no-quintal\/","url":"https:\/\/www.em.com.br\/emfoco\/2025\/10\/24\/a-fruta-que-melhora-seu-intestino-e-ossos-que-voce-pode-plantar-no-quintal\/","name":"A fruta que melhora seu intestino e ossos que voc\u00ea pode plantar no quintal","isPartOf":{"@id":"https:\/\/www.em.com.br\/emfoco\/#website"},"primaryImageOfPage":{"@id":"https:\/\/www.em.com.br\/emfoco\/2025\/10\/24\/a-fruta-que-melhora-seu-intestino-e-ossos-que-voce-pode-plantar-no-quintal\/#primaryimage"},"image":{"@id":"https:\/\/www.em.com.br\/emfoco\/2025\/10\/24\/a-fruta-que-melhora-seu-intestino-e-ossos-que-voce-pode-plantar-no-quintal\/#primaryimage"},"thumbnailUrl":"https:\/\/www.em.com.br\/emfoco\/wp-content\/uploads\/2025\/03\/cobertura-morta_1741707501185.jpg","datePublished":"2025-10-24T20:35:00+00:00","dateModified":"2025-10-23T22:49:19+00:00","author":{"@id":"https:\/\/www.em.com.br\/emfoco\/#\/schema\/person\/0a8186d72f2c3a5c6276d90b41f271a0"},"description":"Plante em vasos ou no quintal. Saiba como cuidar do solo e da poda para colher esta fruta cheia de benef\u00edcios para a digest\u00e3o.","breadcrumb":{"@id":"https:\/\/www.em.com.br\/emfoco\/2025\/10\/24\/a-fruta-que-melhora-seu-intestino-e-ossos-que-voce-pode-plantar-no-quintal\/#breadcrumb"},"inLanguage":"pt-BR","potentialAction":[{"@type":"ReadAction","target":["https:\/\/www.em.com.br\/emfoco\/2025\/10\/24\/a-fruta-que-melhora-seu-intestino-e-ossos-que-voce-pode-plantar-no-quintal\/"]}]},{"@type":"ImageObject","inLanguage":"pt-BR","@id":"https:\/\/www.em.com.br\/emfoco\/2025\/10\/24\/a-fruta-que-melhora-seu-intestino-e-ossos-que-voce-pode-plantar-no-quintal\/#primaryimage","url":"https:\/\/www.em.com.br\/emfoco\/wp-content\/uploads\/2025\/03\/cobertura-morta_1741707501185.jpg","contentUrl":"https:\/\/www.em.com.br\/emfoco\/wp-content\/uploads\/2025\/03\/cobertura-morta_1741707501185.jpg","width":1280,"height":720,"caption":"Cobertura morta no jardim - Cr\u00e9ditos: depositphotos.com \/ oocoskun"},{"@type":"BreadcrumbList","@id":"https:\/\/www.em.com.br\/emfoco\/2025\/10\/24\/a-fruta-que-melhora-seu-intestino-e-ossos-que-voce-pode-plantar-no-quintal\/#breadcrumb","itemListElement":[{"@type":"ListItem","position":1,"name":"In\u00edcio","item":"https:\/\/www.em.com.br\/emfoco\/"},{"@type":"ListItem","position":2,"name":"A fruta que melhora seu intestino e ossos que voc\u00ea pode plantar no quintal"}]},{"@type":"WebSite","@id":"https:\/\/www.em.com.br\/emfoco\/#website","url":"https:\/\/www.em.com.br\/emfoco\/","name":"Estado de Minas - Em foco","description":"Acompanhe as \u00faltimas not\u00edcias e fique bem informado sobre tudo o que acontece em Minas Gerais, Brasil e no mundo.","potentialAction":[{"@type":"SearchAction","target":{"@type":"EntryPoint","urlTemplate":"https:\/\/www.em.com.br\/emfoco\/?s={search_term_string}"},"query-input":{"@type":"PropertyValueSpecification","valueRequired":true,"valueName":"search_term_string"}}],"inLanguage":"pt-BR"},{"@type":"Person","@id":"https:\/\/www.em.com.br\/emfoco\/#\/schema\/person\/0a8186d72f2c3a5c6276d90b41f271a0","name":"Daniely Cardoso","image":{"@type":"ImageObject","inLanguage":"pt-BR","@id":"https:\/\/www.em.com.br\/emfoco\/#\/schema\/person\/image\/","url":"https:\/\/secure.gravatar.com\/avatar\/4b80ddbd124d1f071b626d52d62e5dff?s=96&d=mm&r=g","contentUrl":"https:\/\/secure.gravatar.com\/avatar\/4b80ddbd124d1f071b626d52d62e5dff?s=96&d=mm&r=g","caption":"Daniely Cardoso"},"url":"https:\/\/www.em.com.br\/emfoco\/author\/danielymyth\/"}]}},"_links":{"self":[{"href":"https:\/\/www.em.com.br\/emfoco\/wp-json\/wp\/v2\/posts\/118544","targetHints":{"allow":["GET"]}}],"collection":[{"href":"https:\/\/www.em.com.br\/emfoco\/wp-json\/wp\/v2\/posts"}],"about":[{"href":"https:\/\/www.em.com.br\/emfoco\/wp-json\/wp\/v2\/types\/post"}],"author":[{"embeddable":true,"href":"https:\/\/www.em.com.br\/emfoco\/wp-json\/wp\/v2\/users\/9"}],"replies":[{"embeddable":true,"href":"https:\/\/www.em.com.br\/emfoco\/wp-json\/wp\/v2\/comments?post=118544"}],"version-history":[{"count":3,"href":"https:\/\/www.em.com.br\/emfoco\/wp-json\/wp\/v2\/posts\/118544\/revisions"}],"predecessor-version":[{"id":118818,"href":"https:\/\/www.em.com.br\/emfoco\/wp-json\/wp\/v2\/posts\/118544\/revisions\/118818"}],"wp:featuredmedia":[{"embeddable":true,"href":"https:\/\/www.em.com.br\/emfoco\/wp-json\/wp\/v2\/media\/27505"}],"wp:attachment":[{"href":"https:\/\/www.em.com.br\/emfoco\/wp-json\/wp\/v2\/media?parent=118544"}],"wp:term":[{"taxonomy":"category","embeddable":true,"href":"https:\/\/www.em.com.br\/emfoco\/wp-json\/wp\/v2\/categories?post=118544"},{"taxonomy":"post_tag","embeddable":true,"href":"https:\/\/www.em.com.br\/emfoco\/wp-json\/wp\/v2\/tags?post=118544"}],"curies":[{"name":"wp","href":"https:\/\/api.w.org\/{rel}","templated":true}]}}