{"id":118543,"date":"2025-10-24T19:15:33","date_gmt":"2025-10-24T22:15:33","guid":{"rendered":"https:\/\/www.em.com.br\/emfoco\/?p=118543"},"modified":"2025-10-23T19:50:30","modified_gmt":"2025-10-23T22:50:30","slug":"o-produto-que-virou-tendencia-volta-para-ditar-o-proximo-hit-de-beleza","status":"publish","type":"post","link":"https:\/\/www.em.com.br\/emfoco\/2025\/10\/24\/o-produto-que-virou-tendencia-volta-para-ditar-o-proximo-hit-de-beleza\/","title":{"rendered":"O produto que virou tend\u00eancia volta para ditar o pr\u00f3ximo hit de beleza"},"content":{"rendered":"\n<p>Nos \u00faltimos anos, o <strong>lip gloss<\/strong> ressurgiu como um <strong>produto de beleza indispens\u00e1vel<\/strong>, unindo n\u00e3o apenas brilho, mas tamb\u00e9m <strong>cuidado labial<\/strong> e inova\u00e7\u00e3o. Este artigo explora em detalhes a transforma\u00e7\u00e3o desse <strong>\u00edcone de beleza<\/strong> e seu impacto profundo na <strong>ind\u00fastria cosm\u00e9tica moderna<\/strong>, mostrando como ele se reinventou e conquistou uma nova gera\u00e7\u00e3o de consumidores.<\/p>\n\n\n\n<ul class=\"wp-block-list\">\n<li><strong>A hist\u00f3ria<\/strong> e evolu\u00e7\u00e3o do <strong>lip gloss<\/strong> desde os anos 2000.<\/li>\n\n\n\n<li>As <strong>novas f\u00f3rmulas<\/strong> que unem <strong>maquiagem<\/strong> e <strong>cuidado labial<\/strong>.<\/li>\n\n\n\n<li>Influ\u00eancias <strong>culturais<\/strong> e <strong>tend\u00eancias atuais<\/strong> do <strong>lip gloss<\/strong>.<\/li>\n<\/ul>\n\n\n\n<h2 class=\"wp-block-heading\">Como o lip gloss evoluiu ao longo dos anos?<\/h2>\n\n\n\n<p>O <strong>lip gloss<\/strong> ganhou enorme popularidade nos anos <strong>2000<\/strong>, trazendo um <strong>visual brilhante e futurista<\/strong> marcante, que contrastava com a tend\u00eancia dos <strong>batons mates<\/strong> dos anos 90 e revolucionando a est\u00e9tica da \u00e9poca. Atualmente, o produto retorna fortalecido, com <strong>novas f\u00f3rmulas refinadas<\/strong> que priorizam n\u00e3o apenas o <strong>brilho<\/strong>, mas tamb\u00e9m o <strong>conforto<\/strong> durante o uso. Grandes marcas como <strong>Fenty Beauty<\/strong> e <strong>Dior<\/strong> impulsionaram esse renascimento ao lan\u00e7ar <strong>produtos inovadores<\/strong> e acess\u00edveis globalmente, tornando o lip gloss um verdadeiro fen\u00f4meno. Al\u00e9m dessas marcas, empresas como <strong>Maybelline<\/strong> e <strong>MAC<\/strong> tamb\u00e9m acompanham essa evolu\u00e7\u00e3o, investindo em cores vibrantes e acabamentos diferenciados.<\/p>\n\n\n\n<h2 class=\"wp-block-heading\">Por que as novas f\u00f3rmulas de lip gloss s\u00e3o revolucion\u00e1rias?<\/h2>\n\n\n\n<p>Hoje em dia, o <strong>lip gloss moderno<\/strong> se destaca por unir ingredientes de <strong>tratamento<\/strong> como <strong>\u00e1cido hialur\u00f4nico<\/strong>, <strong>vitaminas<\/strong> e at\u00e9 \u00f3leos naturais, proporcionando <strong>hidrata\u00e7\u00e3o<\/strong> intensa al\u00e9m do tradicional brilho. Essa evolu\u00e7\u00e3o oferece <strong>longevidade<\/strong> e <strong>conforto<\/strong> excepcionais, eliminando a antiga <strong>sensa\u00e7\u00e3o pegajosa<\/strong> dos glosses de outras d\u00e9cadas. Avan\u00e7os recentes em <strong>pesquisa cosm\u00e9tica<\/strong> tornaram essas f\u00f3rmulas mais <strong>suaves<\/strong> e eficazes, contribuindo para o <strong>bem-estar<\/strong> dos l\u00e1bios e entregando resultados superiores e cada vez mais <strong>personalizados<\/strong> para diferentes perfis de consumidoras.<\/p>\n\n\n<div class=\"wp-block-image\">\n<figure class=\"aligncenter size-large\"><img loading=\"lazy\" decoding=\"async\" width=\"1024\" height=\"576\" src=\"https:\/\/www.em.com.br\/emfoco\/wp-content\/uploads\/2025\/08\/gloss-labios_1756130782586-1024x576.jpg\" alt=\"\" class=\"wp-image-96273\" srcset=\"https:\/\/www.em.com.br\/emfoco\/wp-content\/uploads\/2025\/08\/gloss-labios_1756130782586-1024x576.jpg 1024w, https:\/\/www.em.com.br\/emfoco\/wp-content\/uploads\/2025\/08\/gloss-labios_1756130782586-300x169.jpg 300w, https:\/\/www.em.com.br\/emfoco\/wp-content\/uploads\/2025\/08\/gloss-labios_1756130782586-768x432.jpg 768w, https:\/\/www.em.com.br\/emfoco\/wp-content\/uploads\/2025\/08\/gloss-labios_1756130782586-750x422.jpg 750w, https:\/\/www.em.com.br\/emfoco\/wp-content\/uploads\/2025\/08\/gloss-labios_1756130782586-1140x641.jpg 1140w, https:\/\/www.em.com.br\/emfoco\/wp-content\/uploads\/2025\/08\/gloss-labios_1756130782586.jpg 1280w\" sizes=\"auto, (max-width: 1024px) 100vw, 1024px\" \/><figcaption class=\"wp-element-caption\">Manteiga- Cr\u00e9ditos: depositphotos.com \/ AllaSerebrina<\/figcaption><\/figure><\/div>\n\n\n<h2 class=\"wp-block-heading\">Qual \u00e9 a rela\u00e7\u00e3o entre o lip gloss e a cultura pop?<\/h2>\n\n\n\n<p>Celebridades como <strong>Lindsay Lohan<\/strong> e <strong>Paris Hilton<\/strong> foram fundamentais para popularizar o <strong>lip gloss<\/strong> nos anos 2000, estabelecendo-o como <strong>s\u00edmbolo de glamour<\/strong> e estilo. Nos dias atuais, nomes como <a href=\"https:\/\/www.instagram.com\/haileybieber\/\" target=\"_blank\" rel=\"noopener\"><strong>Hailey Bieber<\/strong><\/a> e <strong>Kylie Jenner<\/strong> continuam impulsionando e renovando tend\u00eancias ao usar e promover o <strong>gloss<\/strong> em <strong>redes sociais<\/strong> e grandes eventos, influenciando milh\u00f5es de seguidores. Esse retorno triunfante est\u00e1 relacionado \u00e0 <strong>nostalgia<\/strong> e \u00e0 valoriza\u00e7\u00e3o de uma <strong>est\u00e9tica<\/strong> que celebra a <strong>autoexpress\u00e3o<\/strong> e a <strong>personalidade \u00fanica<\/strong> de cada indiv\u00edduo. Al\u00e9m disso, colabora\u00e7\u00f5es com influencers e celebridades t\u00eam fortalecido o v\u00ednculo entre o produto e o universo pop, promovendo campanhas virais e cole\u00e7\u00e3o limitadas.<\/p>\n\n\n\n<h2 class=\"wp-block-heading\">De que forma o minimalismo cosm\u00e9tico est\u00e1 influenciando o retorno do lip gloss?<\/h2>\n\n\n\n<p>O <strong>minimalismo cosm\u00e9tico<\/strong> vem dominando o mercado atual, priorizando o <strong>realce da beleza natural<\/strong> em vez de m\u00e1scaras intensas, e o <strong>lip gloss<\/strong> se encaixa perfeitamente neste movimento ao oferecer um <strong>brilho sutil<\/strong> e refrescante para qualquer rotina. Essa busca pelo <strong>minimalismo<\/strong> est\u00e1 fortemente alinhada ao movimento <strong>\u201cclean beauty\u201d<\/strong>, tend\u00eancia crescente em cidades cosmopolitas como <strong>Nova York<\/strong> e <strong>S\u00e3o Paulo<\/strong>, onde h\u00e1 uma valoriza\u00e7\u00e3o por <strong>f\u00f3rmulas simples, naturais<\/strong> e livres de ingredientes nocivos. O gloss representa essa filosofia, unindo praticidade, eleg\u00e2ncia e um toque moderno ao visual.<\/p>\n\n\n\n<p><strong>Dica r\u00e1pida:<\/strong> Opte por <strong>glosses com ingredientes nutritivos<\/strong> para garantir resultados mais <strong>duradouros<\/strong> e <strong>saud\u00e1veis<\/strong> ao longo do tempo.<\/p>\n\n\n\n<blockquote class=\"tiktok-embed\" cite=\"https:\/\/www.tiktok.com\/@rhode\/video\/7381979902976822571\" data-video-id=\"7381979902976822571\" style=\"max-width: 605px;min-width: 325px;\" > <section> <a target=\"_blank\" title=\"@rhode\" href=\"https:\/\/www.tiktok.com\/@rhode?refer=embed\">@rhode<\/a> <p>hot pink summer \ud83c\udf80 HB with our matching summer lip case and peptide lip tint in shade shortcake \ud83c\udf70 arriving june 20th at 9am PT.<\/p> <a target=\"_blank\" title=\"\u266c original sound - rhode skin\" href=\"https:\/\/www.tiktok.com\/music\/original-sound-7381979885394365230?refer=embed\">\u266c original sound &#8211; rhode skin<\/a> <\/section> <\/blockquote> <script async src=\"https:\/\/www.tiktok.com\/embed.js\"><\/script>\n\n\n\n<h2 class=\"wp-block-heading\">Como o lip gloss impacta a confian\u00e7a e emo\u00e7\u00f5es das pessoas?<\/h2>\n\n\n\n<p>Para muitos, o <strong>lip gloss<\/strong> representa a <strong>porta de entrada<\/strong> para o mundo da maquiagem: \u00e9 um item f\u00e1cil de aplicar e ideal para quem busca uma <strong>express\u00e3o de individualidade<\/strong> discreta, mas impactante. Al\u00e9m de proporcionar um visual radiante, o gloss confere uma dose extra de <strong>confian\u00e7a<\/strong> e <strong>autoestima<\/strong>.<\/p>\n\n\n\n<h2 class=\"wp-block-heading\">O que esperar da nova era do lip gloss?<\/h2>\n\n\n\n<ul class=\"wp-block-list\">\n<li>A <strong>demanda<\/strong> por <strong>lip glosses<\/strong> cresce exponencialmente, refletindo o desejo dos consumidores por <strong>cosm\u00e9ticos multifuncionais<\/strong> que aliam beleza, inova\u00e7\u00e3o e tratamento.<\/li>\n\n\n\n<li>Os <strong>produtos h\u00edbridos<\/strong> est\u00e3o redefinindo o <strong>mercado cosm\u00e9tico<\/strong>, priorizando <strong>efici\u00eancia<\/strong>, <strong>conforto<\/strong> e versatilidade no uso di\u00e1rio.<\/li>\n\n\n\n<li><strong>Estilos e f\u00f3rmulas inovadoras<\/strong> continuam surgindo rapidamente, impulsionados tanto por <strong>avan\u00e7os tecnol\u00f3gicos<\/strong> quanto pelo <strong>desejo dos consumidores<\/strong> por experi\u00eancias \u00fanicas e resultados personalizados.<\/li>\n<\/ul>\n\n\n\n<p>Leia tamb\u00e9m: <a href=\"https:\/\/www.em.com.br\/emfoco\/2025\/10\/18\/dermatologistas-revelam-produtos-que-rejuvenesce-a-pele-sem-gastar-muito\/\" target=\"_blank\" rel=\"noopener\">Dermatologistas revelam produtos que rejuvenesce a pele sem gastar muito<\/a><\/p>\n\n\n\n<p><\/p>\n","protected":false},"excerpt":{"rendered":"<p>Nos \u00faltimos anos, o lip gloss ressurgiu como um produto de beleza indispens\u00e1vel, unindo n\u00e3o apenas brilho, mas tamb\u00e9m cuidado labial e inova\u00e7\u00e3o. Este artigo explora em detalhes a transforma\u00e7\u00e3o desse \u00edcone de beleza e seu impacto profundo na ind\u00fastria cosm\u00e9tica moderna, mostrando como ele se reinventou e conquistou uma nova gera\u00e7\u00e3o de consumidores. Como [&hellip;]<\/p>\n","protected":false},"author":9,"featured_media":29408,"comment_status":"open","ping_status":"open","sticky":false,"template":"","format":"standard","meta":{"jnews-multi-image_gallery":[],"jnews_single_post":{"format":"standard"},"jnews_primary_category":[],"jnews_social_meta":[],"jnews_override_counter":[],"footnotes":""},"categories":[8819,1],"tags":[712,2616,5831,9586],"class_list":["post-118543","post","type-post","status-publish","format-standard","has-post-thumbnail","hentry","category-curiosidades","category-noticias","tag-autocuidado","tag-beleza","tag-dicas-de-maquiagem","tag-labios"],"yoast_head":"<!-- This site is optimized with the Yoast SEO plugin v23.8 - https:\/\/yoast.com\/wordpress\/plugins\/seo\/ -->\n<title>O produto que virou tend\u00eancia volta para ditar o pr\u00f3ximo hit de beleza<\/title>\n<meta name=\"description\" content=\"O gloss labial dos anos 2000 est\u00e1 de volta. Ele n\u00e3o \u00e9 mais pegajoso e agora hidrata os l\u00e1bios com ingredientes de skincare.\" \/>\n<meta name=\"robots\" content=\"index, follow, max-snippet:-1, max-image-preview:large, max-video-preview:-1\" \/>\n<link rel=\"canonical\" href=\"https:\/\/www.em.com.br\/emfoco\/2025\/10\/24\/o-produto-que-virou-tendencia-volta-para-ditar-o-proximo-hit-de-beleza\/\" \/>\n<meta property=\"og:locale\" content=\"pt_BR\" \/>\n<meta property=\"og:type\" content=\"article\" \/>\n<meta property=\"og:title\" content=\"O produto que virou tend\u00eancia volta para ditar o pr\u00f3ximo hit de beleza\" \/>\n<meta property=\"og:description\" content=\"O gloss labial dos anos 2000 est\u00e1 de volta. Ele n\u00e3o \u00e9 mais pegajoso e agora hidrata os l\u00e1bios com ingredientes de skincare.\" \/>\n<meta property=\"og:url\" content=\"https:\/\/www.em.com.br\/emfoco\/2025\/10\/24\/o-produto-que-virou-tendencia-volta-para-ditar-o-proximo-hit-de-beleza\/\" \/>\n<meta property=\"og:site_name\" content=\"Estado de Minas - Em foco\" \/>\n<meta property=\"article:published_time\" content=\"2025-10-24T22:15:33+00:00\" \/>\n<meta property=\"article:modified_time\" content=\"2025-10-23T22:50:30+00:00\" \/>\n<meta property=\"og:image\" content=\"https:\/\/www.em.com.br\/emfoco\/wp-content\/uploads\/2025\/03\/terracota-moda_1742230460619.jpg\" \/>\n\t<meta property=\"og:image:width\" content=\"1280\" \/>\n\t<meta property=\"og:image:height\" content=\"720\" \/>\n\t<meta property=\"og:image:type\" content=\"image\/jpeg\" \/>\n<meta name=\"author\" content=\"Daniely Cardoso\" \/>\n<meta name=\"twitter:card\" content=\"summary_large_image\" \/>\n<meta name=\"twitter:label1\" content=\"Escrito por\" \/>\n\t<meta name=\"twitter:data1\" content=\"Daniely Cardoso\" \/>\n\t<meta name=\"twitter:label2\" content=\"Est. tempo de leitura\" \/>\n\t<meta name=\"twitter:data2\" content=\"5 minutos\" \/>\n<!-- \/ Yoast SEO plugin. -->","yoast_head_json":{"title":"O produto que virou tend\u00eancia volta para ditar o pr\u00f3ximo hit de beleza","description":"O gloss labial dos anos 2000 est\u00e1 de volta. Ele n\u00e3o \u00e9 mais pegajoso e agora hidrata os l\u00e1bios com ingredientes de skincare.","robots":{"index":"index","follow":"follow","max-snippet":"max-snippet:-1","max-image-preview":"max-image-preview:large","max-video-preview":"max-video-preview:-1"},"canonical":"https:\/\/www.em.com.br\/emfoco\/2025\/10\/24\/o-produto-que-virou-tendencia-volta-para-ditar-o-proximo-hit-de-beleza\/","og_locale":"pt_BR","og_type":"article","og_title":"O produto que virou tend\u00eancia volta para ditar o pr\u00f3ximo hit de beleza","og_description":"O gloss labial dos anos 2000 est\u00e1 de volta. Ele n\u00e3o \u00e9 mais pegajoso e agora hidrata os l\u00e1bios com ingredientes de skincare.","og_url":"https:\/\/www.em.com.br\/emfoco\/2025\/10\/24\/o-produto-que-virou-tendencia-volta-para-ditar-o-proximo-hit-de-beleza\/","og_site_name":"Estado de Minas - Em foco","article_published_time":"2025-10-24T22:15:33+00:00","article_modified_time":"2025-10-23T22:50:30+00:00","og_image":[{"width":1280,"height":720,"url":"https:\/\/www.em.com.br\/emfoco\/wp-content\/uploads\/2025\/03\/terracota-moda_1742230460619.jpg","type":"image\/jpeg"}],"author":"Daniely Cardoso","twitter_card":"summary_large_image","twitter_misc":{"Escrito por":"Daniely Cardoso","Est. tempo de leitura":"5 minutos"},"schema":{"@context":"https:\/\/schema.org","@graph":[{"@type":"WebPage","@id":"https:\/\/www.em.com.br\/emfoco\/2025\/10\/24\/o-produto-que-virou-tendencia-volta-para-ditar-o-proximo-hit-de-beleza\/","url":"https:\/\/www.em.com.br\/emfoco\/2025\/10\/24\/o-produto-que-virou-tendencia-volta-para-ditar-o-proximo-hit-de-beleza\/","name":"O produto que virou tend\u00eancia volta para ditar o pr\u00f3ximo hit de beleza","isPartOf":{"@id":"https:\/\/www.em.com.br\/emfoco\/#website"},"primaryImageOfPage":{"@id":"https:\/\/www.em.com.br\/emfoco\/2025\/10\/24\/o-produto-que-virou-tendencia-volta-para-ditar-o-proximo-hit-de-beleza\/#primaryimage"},"image":{"@id":"https:\/\/www.em.com.br\/emfoco\/2025\/10\/24\/o-produto-que-virou-tendencia-volta-para-ditar-o-proximo-hit-de-beleza\/#primaryimage"},"thumbnailUrl":"https:\/\/www.em.com.br\/emfoco\/wp-content\/uploads\/2025\/03\/terracota-moda_1742230460619.jpg","datePublished":"2025-10-24T22:15:33+00:00","dateModified":"2025-10-23T22:50:30+00:00","author":{"@id":"https:\/\/www.em.com.br\/emfoco\/#\/schema\/person\/0a8186d72f2c3a5c6276d90b41f271a0"},"description":"O gloss labial dos anos 2000 est\u00e1 de volta. Ele n\u00e3o \u00e9 mais pegajoso e agora hidrata os l\u00e1bios com ingredientes de skincare.","breadcrumb":{"@id":"https:\/\/www.em.com.br\/emfoco\/2025\/10\/24\/o-produto-que-virou-tendencia-volta-para-ditar-o-proximo-hit-de-beleza\/#breadcrumb"},"inLanguage":"pt-BR","potentialAction":[{"@type":"ReadAction","target":["https:\/\/www.em.com.br\/emfoco\/2025\/10\/24\/o-produto-que-virou-tendencia-volta-para-ditar-o-proximo-hit-de-beleza\/"]}]},{"@type":"ImageObject","inLanguage":"pt-BR","@id":"https:\/\/www.em.com.br\/emfoco\/2025\/10\/24\/o-produto-que-virou-tendencia-volta-para-ditar-o-proximo-hit-de-beleza\/#primaryimage","url":"https:\/\/www.em.com.br\/emfoco\/wp-content\/uploads\/2025\/03\/terracota-moda_1742230460619.jpg","contentUrl":"https:\/\/www.em.com.br\/emfoco\/wp-content\/uploads\/2025\/03\/terracota-moda_1742230460619.jpg","width":1280,"height":720,"caption":"Moda - Cr\u00e9ditos: depositphotos.com \/ Ischukigor"},{"@type":"BreadcrumbList","@id":"https:\/\/www.em.com.br\/emfoco\/2025\/10\/24\/o-produto-que-virou-tendencia-volta-para-ditar-o-proximo-hit-de-beleza\/#breadcrumb","itemListElement":[{"@type":"ListItem","position":1,"name":"In\u00edcio","item":"https:\/\/www.em.com.br\/emfoco\/"},{"@type":"ListItem","position":2,"name":"O produto que virou tend\u00eancia volta para ditar o pr\u00f3ximo hit de beleza"}]},{"@type":"WebSite","@id":"https:\/\/www.em.com.br\/emfoco\/#website","url":"https:\/\/www.em.com.br\/emfoco\/","name":"Estado de Minas - Em foco","description":"Acompanhe as \u00faltimas not\u00edcias e fique bem informado sobre tudo o que acontece em Minas Gerais, Brasil e no mundo.","potentialAction":[{"@type":"SearchAction","target":{"@type":"EntryPoint","urlTemplate":"https:\/\/www.em.com.br\/emfoco\/?s={search_term_string}"},"query-input":{"@type":"PropertyValueSpecification","valueRequired":true,"valueName":"search_term_string"}}],"inLanguage":"pt-BR"},{"@type":"Person","@id":"https:\/\/www.em.com.br\/emfoco\/#\/schema\/person\/0a8186d72f2c3a5c6276d90b41f271a0","name":"Daniely Cardoso","image":{"@type":"ImageObject","inLanguage":"pt-BR","@id":"https:\/\/www.em.com.br\/emfoco\/#\/schema\/person\/image\/","url":"https:\/\/secure.gravatar.com\/avatar\/4b80ddbd124d1f071b626d52d62e5dff?s=96&d=mm&r=g","contentUrl":"https:\/\/secure.gravatar.com\/avatar\/4b80ddbd124d1f071b626d52d62e5dff?s=96&d=mm&r=g","caption":"Daniely Cardoso"},"url":"https:\/\/www.em.com.br\/emfoco\/author\/danielymyth\/"}]}},"_links":{"self":[{"href":"https:\/\/www.em.com.br\/emfoco\/wp-json\/wp\/v2\/posts\/118543","targetHints":{"allow":["GET"]}}],"collection":[{"href":"https:\/\/www.em.com.br\/emfoco\/wp-json\/wp\/v2\/posts"}],"about":[{"href":"https:\/\/www.em.com.br\/emfoco\/wp-json\/wp\/v2\/types\/post"}],"author":[{"embeddable":true,"href":"https:\/\/www.em.com.br\/emfoco\/wp-json\/wp\/v2\/users\/9"}],"replies":[{"embeddable":true,"href":"https:\/\/www.em.com.br\/emfoco\/wp-json\/wp\/v2\/comments?post=118543"}],"version-history":[{"count":4,"href":"https:\/\/www.em.com.br\/emfoco\/wp-json\/wp\/v2\/posts\/118543\/revisions"}],"predecessor-version":[{"id":118819,"href":"https:\/\/www.em.com.br\/emfoco\/wp-json\/wp\/v2\/posts\/118543\/revisions\/118819"}],"wp:featuredmedia":[{"embeddable":true,"href":"https:\/\/www.em.com.br\/emfoco\/wp-json\/wp\/v2\/media\/29408"}],"wp:attachment":[{"href":"https:\/\/www.em.com.br\/emfoco\/wp-json\/wp\/v2\/media?parent=118543"}],"wp:term":[{"taxonomy":"category","embeddable":true,"href":"https:\/\/www.em.com.br\/emfoco\/wp-json\/wp\/v2\/categories?post=118543"},{"taxonomy":"post_tag","embeddable":true,"href":"https:\/\/www.em.com.br\/emfoco\/wp-json\/wp\/v2\/tags?post=118543"}],"curies":[{"name":"wp","href":"https:\/\/api.w.org\/{rel}","templated":true}]}}