{"id":118519,"date":"2025-10-24T11:45:00","date_gmt":"2025-10-24T14:45:00","guid":{"rendered":"https:\/\/www.em.com.br\/emfoco\/?p=118519"},"modified":"2025-10-23T19:17:08","modified_gmt":"2025-10-23T22:17:08","slug":"o-aparelho-que-fica-ligado-24h-e-aumenta-sua-conta-de-luz","status":"publish","type":"post","link":"https:\/\/www.em.com.br\/emfoco\/2025\/10\/24\/o-aparelho-que-fica-ligado-24h-e-aumenta-sua-conta-de-luz\/","title":{"rendered":"O grande vil\u00e3o que fica ligado 24 horas e aumenta sua conta de luz"},"content":{"rendered":"\n<p>Quantas vezes voc\u00ea j\u00e1 se perguntou quantos aparelhos em casa est\u00e3o sempre ligados? Existe um aparelho que, silenciosamente, consome energia sem parar. Vamos explorar como identificar esse vil\u00e3o do consumo e aprender a economizar energia.<\/p>\n\n\n\n<ul class=\"wp-block-list\">\n<li><strong>Identifica\u00e7\u00e3o do consumo oculto:<\/strong> Saiba qual aparelho est\u00e1 sempre ligado.<\/li>\n\n\n\n<li><strong>Impacto na sua conta:<\/strong> Entenda o quanto isso pesa na sua fatura.<\/li>\n\n\n\n<li><strong>Dicas para economia:<\/strong> Estrat\u00e9gias pr\u00e1ticas para reduzir o consumo.<\/li>\n<\/ul>\n\n\n\n<h2 class=\"wp-block-heading\">Qual \u00e9 o aparelho que permanece ligado 24 horas por dia?<\/h2>\n\n\n<div class=\"wp-block-image\">\n<figure class=\"aligncenter size-large\"><img loading=\"lazy\" decoding=\"async\" width=\"1024\" height=\"576\" src=\"https:\/\/www.em.com.br\/emfoco\/wp-content\/uploads\/2025\/10\/modem-internet_1760972046336-1024x576.jpg\" alt=\"\" class=\"wp-image-118563\" srcset=\"https:\/\/www.em.com.br\/emfoco\/wp-content\/uploads\/2025\/10\/modem-internet_1760972046336-1024x576.jpg 1024w, https:\/\/www.em.com.br\/emfoco\/wp-content\/uploads\/2025\/10\/modem-internet_1760972046336-300x169.jpg 300w, https:\/\/www.em.com.br\/emfoco\/wp-content\/uploads\/2025\/10\/modem-internet_1760972046336-768x432.jpg 768w, https:\/\/www.em.com.br\/emfoco\/wp-content\/uploads\/2025\/10\/modem-internet_1760972046336-750x422.jpg 750w, https:\/\/www.em.com.br\/emfoco\/wp-content\/uploads\/2025\/10\/modem-internet_1760972046336-1140x641.jpg 1140w, https:\/\/www.em.com.br\/emfoco\/wp-content\/uploads\/2025\/10\/modem-internet_1760972046336.jpg 1280w\" sizes=\"auto, (max-width: 1024px) 100vw, 1024px\" \/><figcaption class=\"wp-element-caption\">Modem de internet com fundo azul &#8211; Cr\u00e9ditos: depositphotos.com \/ AlesMunt<\/figcaption><\/figure><\/div>\n\n\n<p>Em muitas casas, o <strong>modem de internet<\/strong> \u00e9 o aparelho que fica ligado o tempo todo. Sem perceber, ele consome energia constantemente a fim de garantir sua conex\u00e3o online.<\/p>\n\n\n\n<p>Ainda que o consumo seja relativamente baixo, ao longo de um m\u00eas, o impacto pode ser significativo na soma total do consumo. Outros aparelhos, como roteadores ou decodificadores de TV, tamb\u00e9m podem permanecer ligados diretamente na tomada.<\/p>\n\n\n\n<h2 class=\"wp-block-heading\">Como verificar o consumo do modem?<\/h2>\n\n\n\n<p>Para medir o <strong><a href=\"https:\/\/www.gov.br\/aneel\/pt-br\" target=\"_blank\" rel=\"noreferrer noopener\">consumo de energia<\/a><\/strong>, utilize um medidor de energia port\u00e1til. Conecte-o ao modem para verifica\u00e7\u00e3o em tempo real do consumo em quilowatts-hora.<\/p>\n\n\n\n<p>Esses medidores podem ser encontrados em lojas de eletr\u00f4nicos e s\u00e3o f\u00e1ceis de usar, facilitando o monitoramento do consumo de diversos equipamentos. Al\u00e9m disso, muitos modelos de modem t\u00eam especifica\u00e7\u00f5es t\u00e9cnicas na etiqueta informando o consumo estimado.<\/p>\n\n\n\n<h2 class=\"wp-block-heading\">Quais s\u00e3o as consequ\u00eancias do consumo cont\u00ednuo na sua conta de luz?<\/h2>\n\n\n\n<p>Embora individualmente o consumo possa parecer inofensivo, o <strong>ac\u00famulo mensal<\/strong> pode gerar um impacto significativo na sua conta de luz. Al\u00e9m disso, pequenos consumos se somam aos outros aparelhos que operam em stand-by.<\/p>\n\n\n\n<p>A longo prazo, esse consumo constante contribui para custos mais altos, principalmente em resid\u00eancias com m\u00faltiplos equipamentos em funcionamento 24h. Avaliar todos esses aparelhos pode ajudar a otimizar a gest\u00e3o energ\u00e9tica do lar.<\/p>\n\n\n\n<h2 class=\"wp-block-heading\">Como reduzir o consumo de energia do modem?<\/h2>\n\n\n\n<p>Uma maneira simples de <strong>reduzir o consumo<\/strong> \u00e9 desligar o modem durante per\u00edodos de inatividade, como durante a noite ou quando n\u00e3o h\u00e1 ningu\u00e9m em casa. Outra op\u00e7\u00e3o \u00e9 investir em um filtro de linha com bot\u00e3o de liga\/desliga.<\/p>\n\n\n\n<p>Alguns modens e roteadores mais modernos possuem modo de economia, ajustando seu funcionamento conforme a demanda. \u00c9 importante tamb\u00e9m revisar a necessidade de manter outros dispositivos conectados continuamente.<\/p>\n\n\n\n<p>Sempre verifique se outros aparelhos menos utilizados tamb\u00e9m est\u00e3o desconectados ou desligados quando n\u00e3o estiverem em uso.<\/p>\n\n\n\n<p>Leia mais: <a href=\"https:\/\/www.em.com.br\/emfoco\/2025\/10\/22\/como-reduzir-o-consumo-de-energia-em-casa-sem-abrir-mao-do-conforto\/\" target=\"_blank\" rel=\"noreferrer noopener\">Como reduzir o consumo de energia em casa sem abrir m\u00e3o do conforto<\/a><\/p>\n\n\n\n<h2 class=\"wp-block-heading\">Impacto positivo da redu\u00e7\u00e3o de consumo de energia<\/h2>\n\n\n\n<p>A economia de energia n\u00e3o s\u00f3 ajuda a reduzir custos, mas tamb\u00e9m traz <strong>benef\u00edcios ambientais<\/strong>, contribuindo para a sustentabilidade. Mudan\u00e7as simples geram economias significativas a longo prazo.<\/p>\n\n\n\n<p>Pequenas a\u00e7\u00f5es no cotidiano, como desligar o modem e outros eletr\u00f4nicos, colaboram diretamente para a preserva\u00e7\u00e3o dos recursos naturais. Com isso, al\u00e9m da economia no bolso, h\u00e1 uma participa\u00e7\u00e3o ativa na responsabilidade ambiental.<\/p>\n\n\n\n<ul class=\"wp-block-list\">\n<li>Identifica\u00e7\u00e3o e gest\u00e3o do consumo oculto<\/li>\n\n\n\n<li>Economia no bolso e contribui\u00e7\u00e3o ambiental positiva<\/li>\n\n\n\n<li>Estrat\u00e9gias pr\u00e1ticas e f\u00e1ceis de implementar<\/li>\n<\/ul>\n","protected":false},"excerpt":{"rendered":"<p>Quantas vezes voc\u00ea j\u00e1 se perguntou quantos aparelhos em casa est\u00e3o sempre ligados? Existe um aparelho que, silenciosamente, consome energia sem parar. Vamos explorar como identificar esse vil\u00e3o do consumo e aprender a economizar energia. Qual \u00e9 o aparelho que permanece ligado 24 horas por dia? Em muitas casas, o modem de internet \u00e9 o [&hellip;]<\/p>\n","protected":false},"author":20,"featured_media":118566,"comment_status":"open","ping_status":"open","sticky":false,"template":"","format":"standard","meta":{"jnews-multi-image_gallery":[],"jnews_single_post":{"format":"standard"},"jnews_primary_category":[],"jnews_social_meta":[],"jnews_override_counter":[],"footnotes":""},"categories":[28,1],"tags":[15757,17763,17768],"class_list":["post-118519","post","type-post","status-publish","format-standard","has-post-thumbnail","hentry","category-economia","category-noticias","tag-consumo-alto-de-energia","tag-corte-de-custos","tag-modem-de-internet"],"yoast_head":"<!-- This site is optimized with the Yoast SEO plugin v23.8 - https:\/\/yoast.com\/wordpress\/plugins\/seo\/ -->\n<title>O grande vil\u00e3o que fica ligado 24 horas e aumenta sua conta de luz - Estado de Minas - Em foco<\/title>\n<meta name=\"description\" content=\"Ele fica ligado o tempo todo e consome energia sem parar. Veja como identificar esse vil\u00e3o e aprender a economizar mais.\" \/>\n<meta name=\"robots\" content=\"index, follow, max-snippet:-1, max-image-preview:large, max-video-preview:-1\" \/>\n<link rel=\"canonical\" href=\"https:\/\/www.em.com.br\/emfoco\/2025\/10\/24\/o-aparelho-que-fica-ligado-24h-e-aumenta-sua-conta-de-luz\/\" \/>\n<meta property=\"og:locale\" content=\"pt_BR\" \/>\n<meta property=\"og:type\" content=\"article\" \/>\n<meta property=\"og:title\" content=\"O grande vil\u00e3o que fica ligado 24 horas e aumenta sua conta de luz - Estado de Minas - Em foco\" \/>\n<meta property=\"og:description\" content=\"Ele fica ligado o tempo todo e consome energia sem parar. Veja como identificar esse vil\u00e3o e aprender a economizar mais.\" \/>\n<meta property=\"og:url\" content=\"https:\/\/www.em.com.br\/emfoco\/2025\/10\/24\/o-aparelho-que-fica-ligado-24h-e-aumenta-sua-conta-de-luz\/\" \/>\n<meta property=\"og:site_name\" content=\"Estado de Minas - Em foco\" \/>\n<meta property=\"article:published_time\" content=\"2025-10-24T14:45:00+00:00\" \/>\n<meta property=\"article:modified_time\" content=\"2025-10-23T22:17:08+00:00\" \/>\n<meta property=\"og:image\" content=\"https:\/\/www.em.com.br\/emfoco\/wp-content\/uploads\/2025\/10\/mulher-com-contas_1760972575548.jpg\" \/>\n\t<meta property=\"og:image:width\" content=\"1280\" \/>\n\t<meta property=\"og:image:height\" content=\"720\" \/>\n\t<meta property=\"og:image:type\" content=\"image\/jpeg\" \/>\n<meta name=\"author\" content=\"Ingrid Diniz\" \/>\n<meta name=\"twitter:card\" content=\"summary_large_image\" \/>\n<meta name=\"twitter:label1\" content=\"Escrito por\" \/>\n\t<meta name=\"twitter:data1\" content=\"Ingrid Diniz\" \/>\n\t<meta name=\"twitter:label2\" content=\"Est. tempo de leitura\" \/>\n\t<meta name=\"twitter:data2\" content=\"4 minutos\" \/>\n<!-- \/ Yoast SEO plugin. -->","yoast_head_json":{"title":"O grande vil\u00e3o que fica ligado 24 horas e aumenta sua conta de luz - Estado de Minas - Em foco","description":"Ele fica ligado o tempo todo e consome energia sem parar. Veja como identificar esse vil\u00e3o e aprender a economizar mais.","robots":{"index":"index","follow":"follow","max-snippet":"max-snippet:-1","max-image-preview":"max-image-preview:large","max-video-preview":"max-video-preview:-1"},"canonical":"https:\/\/www.em.com.br\/emfoco\/2025\/10\/24\/o-aparelho-que-fica-ligado-24h-e-aumenta-sua-conta-de-luz\/","og_locale":"pt_BR","og_type":"article","og_title":"O grande vil\u00e3o que fica ligado 24 horas e aumenta sua conta de luz - Estado de Minas - Em foco","og_description":"Ele fica ligado o tempo todo e consome energia sem parar. Veja como identificar esse vil\u00e3o e aprender a economizar mais.","og_url":"https:\/\/www.em.com.br\/emfoco\/2025\/10\/24\/o-aparelho-que-fica-ligado-24h-e-aumenta-sua-conta-de-luz\/","og_site_name":"Estado de Minas - Em foco","article_published_time":"2025-10-24T14:45:00+00:00","article_modified_time":"2025-10-23T22:17:08+00:00","og_image":[{"width":1280,"height":720,"url":"https:\/\/www.em.com.br\/emfoco\/wp-content\/uploads\/2025\/10\/mulher-com-contas_1760972575548.jpg","type":"image\/jpeg"}],"author":"Ingrid Diniz","twitter_card":"summary_large_image","twitter_misc":{"Escrito por":"Ingrid Diniz","Est. tempo de leitura":"4 minutos"},"schema":{"@context":"https:\/\/schema.org","@graph":[{"@type":"WebPage","@id":"https:\/\/www.em.com.br\/emfoco\/2025\/10\/24\/o-aparelho-que-fica-ligado-24h-e-aumenta-sua-conta-de-luz\/","url":"https:\/\/www.em.com.br\/emfoco\/2025\/10\/24\/o-aparelho-que-fica-ligado-24h-e-aumenta-sua-conta-de-luz\/","name":"O grande vil\u00e3o que fica ligado 24 horas e aumenta sua conta de luz - Estado de Minas - Em foco","isPartOf":{"@id":"https:\/\/www.em.com.br\/emfoco\/#website"},"primaryImageOfPage":{"@id":"https:\/\/www.em.com.br\/emfoco\/2025\/10\/24\/o-aparelho-que-fica-ligado-24h-e-aumenta-sua-conta-de-luz\/#primaryimage"},"image":{"@id":"https:\/\/www.em.com.br\/emfoco\/2025\/10\/24\/o-aparelho-que-fica-ligado-24h-e-aumenta-sua-conta-de-luz\/#primaryimage"},"thumbnailUrl":"https:\/\/www.em.com.br\/emfoco\/wp-content\/uploads\/2025\/10\/mulher-com-contas_1760972575548.jpg","datePublished":"2025-10-24T14:45:00+00:00","dateModified":"2025-10-23T22:17:08+00:00","author":{"@id":"https:\/\/www.em.com.br\/emfoco\/#\/schema\/person\/649e610b4eb8fff87ff394e54fe17b2b"},"description":"Ele fica ligado o tempo todo e consome energia sem parar. Veja como identificar esse vil\u00e3o e aprender a economizar mais.","breadcrumb":{"@id":"https:\/\/www.em.com.br\/emfoco\/2025\/10\/24\/o-aparelho-que-fica-ligado-24h-e-aumenta-sua-conta-de-luz\/#breadcrumb"},"inLanguage":"pt-BR","potentialAction":[{"@type":"ReadAction","target":["https:\/\/www.em.com.br\/emfoco\/2025\/10\/24\/o-aparelho-que-fica-ligado-24h-e-aumenta-sua-conta-de-luz\/"]}]},{"@type":"ImageObject","inLanguage":"pt-BR","@id":"https:\/\/www.em.com.br\/emfoco\/2025\/10\/24\/o-aparelho-que-fica-ligado-24h-e-aumenta-sua-conta-de-luz\/#primaryimage","url":"https:\/\/www.em.com.br\/emfoco\/wp-content\/uploads\/2025\/10\/mulher-com-contas_1760972575548.jpg","contentUrl":"https:\/\/www.em.com.br\/emfoco\/wp-content\/uploads\/2025\/10\/mulher-com-contas_1760972575548.jpg","width":1280,"height":720,"caption":"Como identificar e resolver conta de luz alta - Cr\u00e9ditos: depositphotos.com \/ AlexShadyuk"},{"@type":"BreadcrumbList","@id":"https:\/\/www.em.com.br\/emfoco\/2025\/10\/24\/o-aparelho-que-fica-ligado-24h-e-aumenta-sua-conta-de-luz\/#breadcrumb","itemListElement":[{"@type":"ListItem","position":1,"name":"In\u00edcio","item":"https:\/\/www.em.com.br\/emfoco\/"},{"@type":"ListItem","position":2,"name":"O grande vil\u00e3o que fica ligado 24 horas e aumenta sua conta de luz"}]},{"@type":"WebSite","@id":"https:\/\/www.em.com.br\/emfoco\/#website","url":"https:\/\/www.em.com.br\/emfoco\/","name":"Estado de Minas - Em foco","description":"Acompanhe as \u00faltimas not\u00edcias e fique bem informado sobre tudo o que acontece em Minas Gerais, Brasil e no mundo.","potentialAction":[{"@type":"SearchAction","target":{"@type":"EntryPoint","urlTemplate":"https:\/\/www.em.com.br\/emfoco\/?s={search_term_string}"},"query-input":{"@type":"PropertyValueSpecification","valueRequired":true,"valueName":"search_term_string"}}],"inLanguage":"pt-BR"},{"@type":"Person","@id":"https:\/\/www.em.com.br\/emfoco\/#\/schema\/person\/649e610b4eb8fff87ff394e54fe17b2b","name":"Ingrid Diniz","image":{"@type":"ImageObject","inLanguage":"pt-BR","@id":"https:\/\/www.em.com.br\/emfoco\/#\/schema\/person\/image\/","url":"https:\/\/secure.gravatar.com\/avatar\/a3baa1449ec5c39b4c42babc9d4f3951?s=96&d=mm&r=g","contentUrl":"https:\/\/secure.gravatar.com\/avatar\/a3baa1449ec5c39b4c42babc9d4f3951?s=96&d=mm&r=g","caption":"Ingrid Diniz"},"sameAs":["https:\/\/www.em.com.br\/"],"url":"https:\/\/www.em.com.br\/emfoco\/author\/ingridmyth\/"}]}},"_links":{"self":[{"href":"https:\/\/www.em.com.br\/emfoco\/wp-json\/wp\/v2\/posts\/118519","targetHints":{"allow":["GET"]}}],"collection":[{"href":"https:\/\/www.em.com.br\/emfoco\/wp-json\/wp\/v2\/posts"}],"about":[{"href":"https:\/\/www.em.com.br\/emfoco\/wp-json\/wp\/v2\/types\/post"}],"author":[{"embeddable":true,"href":"https:\/\/www.em.com.br\/emfoco\/wp-json\/wp\/v2\/users\/20"}],"replies":[{"embeddable":true,"href":"https:\/\/www.em.com.br\/emfoco\/wp-json\/wp\/v2\/comments?post=118519"}],"version-history":[{"count":2,"href":"https:\/\/www.em.com.br\/emfoco\/wp-json\/wp\/v2\/posts\/118519\/revisions"}],"predecessor-version":[{"id":118796,"href":"https:\/\/www.em.com.br\/emfoco\/wp-json\/wp\/v2\/posts\/118519\/revisions\/118796"}],"wp:featuredmedia":[{"embeddable":true,"href":"https:\/\/www.em.com.br\/emfoco\/wp-json\/wp\/v2\/media\/118566"}],"wp:attachment":[{"href":"https:\/\/www.em.com.br\/emfoco\/wp-json\/wp\/v2\/media?parent=118519"}],"wp:term":[{"taxonomy":"category","embeddable":true,"href":"https:\/\/www.em.com.br\/emfoco\/wp-json\/wp\/v2\/categories?post=118519"},{"taxonomy":"post_tag","embeddable":true,"href":"https:\/\/www.em.com.br\/emfoco\/wp-json\/wp\/v2\/tags?post=118519"}],"curies":[{"name":"wp","href":"https:\/\/api.w.org\/{rel}","templated":true}]}}