{"id":118479,"date":"2025-10-23T11:00:00","date_gmt":"2025-10-23T14:00:00","guid":{"rendered":"https:\/\/www.em.com.br\/emfoco\/?p=118479"},"modified":"2025-10-23T11:10:39","modified_gmt":"2025-10-23T14:10:39","slug":"este-creme-para-area-dos-olhos-que-os-especialistas-em-beleza-recomendam-aplicar-todas-as-noites","status":"publish","type":"post","link":"https:\/\/www.em.com.br\/emfoco\/2025\/10\/23\/este-creme-para-area-dos-olhos-que-os-especialistas-em-beleza-recomendam-aplicar-todas-as-noites\/","title":{"rendered":"Este \u00e9 o creme para \u00e1rea dos olhos que os especialistas em beleza recomendam aplicar todas as noites"},"content":{"rendered":"\n<p>Prevenir&nbsp;<strong>rugas<\/strong>&nbsp;ao redor dos olhos \u00e9 uma preocupa\u00e7\u00e3o comum, especialmente porque essa \u00e1rea possui a pele mais sens\u00edvel. No entanto, o uso adequado de produtos pode aliviar os sinais de&nbsp;<strong>envelhecimento<\/strong>. A seguir, abordaremos pontos essenciais para cuidar do contorno dos olhos.<\/p>\n\n\n\n<ul class=\"wp-block-list\">\n<li>Import\u00e2ncia dos cremes para o contorno dos olhos<\/li>\n\n\n\n<li>Foco nos ingredientes ativos antienvelhecimento<\/li>\n\n\n\n<li>Recomenda\u00e7\u00f5es de produtos eficazes<\/li>\n<\/ul>\n\n\n\n<h2 class=\"wp-block-heading\">Por que a regi\u00e3o do contorno dos olhos \u00e9 t\u00e3o delicada?<\/h2>\n\n\n\n<p>Quando falamos da \u00e1rea do&nbsp;<strong>contorno dos olhos<\/strong>, pensamos nas olheiras ou bolsas sob os olhos. \u00c9 nessa \u00e1rea que aparecem os primeiros sinais de cansa\u00e7o, seja pela pigmenta\u00e7\u00e3o, inflama\u00e7\u00e3o ou linhas finas. Nesse sentido, os&nbsp;<strong>cremes para o contorno dos olhos<\/strong>&nbsp;s\u00e3o fundamentais.<\/p>\n\n\n\n<h2 class=\"wp-block-heading\">Qual \u00e9 o creme de retinol mais indicado para a regi\u00e3o?<\/h2>\n\n\n\n<p>Muitos presumem que os produtos para o contorno se concentram apenas em olheiras, mas est\u00e3o longe da verdade se querem focar nas&nbsp;<strong>rugas<\/strong>. Apresentamos o&nbsp;<strong>Creme para os Olhos com Retinol da Pixi<\/strong>, um produto ultra nutritivo para a&nbsp;<em>delicada<\/em>&nbsp;\u00e1rea dos olhos. Promove elasticidade, maciez e prote\u00e7\u00e3o, tornando-se uma \u00f3tima escolha para quem deseja combater sinais de envelhecimento.<\/p>\n\n\n\n<figure class=\"wp-block-image\"><img decoding=\"async\" src=\"https:\/\/www.em.com.br\/emfoco\/wp-content\/uploads\/2025\/09\/creme-area-dos-olhos-_1757002704166-1024x576.jpg\" alt=\"\"\/><figcaption class=\"wp-element-caption\">A import\u00e2ncia de cuidar das \u00e1reas dos olhos &#8211; Cr\u00e9ditos: depositphotos.com \/ Milkos<\/figcaption><\/figure>\n\n\n\n<p>Se voc\u00ea tem interesse em testar as solu\u00e7\u00f5es mais recomendadas pelos especialistas para cuidar do contorno dos olhos, confira nossa lista de sugest\u00f5es de produtos:<\/p>\n\n\n\n<ul class=\"wp-block-list\">\n<li><strong>Creme para os Olhos com Retinol da Pixi<\/strong>: Nutre a pele delicada ao redor dos olhos, auxiliando na elasticidade e maciez.<\/li>\n\n\n\n<li><strong>Creme para os Olhos Revitalift Laser da L&#8217;Or\u00e9al<\/strong>: Focado na redu\u00e7\u00e3o dos p\u00e9s de galinha, atua principalmente nas rugas gra\u00e7as ao \u00e1cido hialur\u00f4nico em sua composi\u00e7\u00e3o.<\/li>\n\n\n\n<li><strong>Creme firmador para contorno dos olhos da Weleda<\/strong>: Com ingredientes naturais, ajuda a real\u00e7ar o&nbsp;<strong>brilho<\/strong>&nbsp;e o frescor da \u00e1rea, sendo uma op\u00e7\u00e3o interessante para quem prefere formula\u00e7\u00f5es mais naturais.<\/li>\n<\/ul>\n\n\n\n<h2 class=\"wp-block-heading\">Quais os pontos focais de cada produto?<\/h2>\n\n\n\n<p>Al\u00e9m do Creme para os Olhos com Retinol da Pixi, o&nbsp;<strong>Creme para os Olhos Revitalift Laser da L&#8217;Or\u00e9al<\/strong>&nbsp;\u00e9 bastante popular devido \u00e0 sua a\u00e7\u00e3o em reduzir rugas t\u00edpicas da regi\u00e3o, gra\u00e7as ao \u00e1cido hialur\u00f4nico. J\u00e1 o Creme firmador para contorno dos olhos da Weleda se destaca por seus ingredientes naturais, que deixam a pele do contorno mais fresca e luminosa.<\/p>\n\n\n\n<h2 class=\"wp-block-heading\"><\/h2>\n\n\n\n<p><\/p>\n","protected":false},"excerpt":{"rendered":"<p>Prevenir&nbsp;rugas&nbsp;ao redor dos olhos \u00e9 uma preocupa\u00e7\u00e3o comum, especialmente porque essa \u00e1rea possui a pele mais sens\u00edvel. No entanto, o uso adequado de produtos pode aliviar os sinais de&nbsp;envelhecimento. A seguir, abordaremos pontos essenciais para cuidar do contorno dos olhos. Por que a regi\u00e3o do contorno dos olhos \u00e9 t\u00e3o delicada? Quando falamos da \u00e1rea [&hellip;]<\/p>\n","protected":false},"author":11,"featured_media":100741,"comment_status":"open","ping_status":"open","sticky":false,"template":"","format":"standard","meta":{"jnews-multi-image_gallery":[],"jnews_single_post":{"format":"standard"},"jnews_primary_category":[],"jnews_social_meta":[],"jnews_override_counter":[],"footnotes":""},"categories":[8819,1],"tags":[7618,6542,5281,12306,17595,5776],"class_list":["post-118479","post","type-post","status-publish","format-standard","has-post-thumbnail","hentry","category-curiosidades","category-noticias","tag-creme","tag-olheiras","tag-olhos","tag-pele-2","tag-retinol","tag-rugas"],"yoast_head":"<!-- This site is optimized with the Yoast SEO plugin v23.8 - https:\/\/yoast.com\/wordpress\/plugins\/seo\/ -->\n<title>Este \u00e9 o creme para \u00e1rea dos olhos que os especialistas em beleza recomendam aplicar todas as noites - Estado de Minas - Em foco<\/title>\n<meta name=\"description\" content=\"Essa f\u00f3rmula virou febre entre mulheres que buscam firmeza e brilho natural no contorno dos olhos. O motivo vai surpreender.\" \/>\n<meta name=\"robots\" content=\"index, follow, max-snippet:-1, max-image-preview:large, max-video-preview:-1\" \/>\n<link rel=\"canonical\" href=\"https:\/\/www.em.com.br\/emfoco\/2025\/10\/23\/este-creme-para-area-dos-olhos-que-os-especialistas-em-beleza-recomendam-aplicar-todas-as-noites\/\" \/>\n<meta property=\"og:locale\" content=\"pt_BR\" \/>\n<meta property=\"og:type\" content=\"article\" \/>\n<meta property=\"og:title\" content=\"Este \u00e9 o creme para \u00e1rea dos olhos que os especialistas em beleza recomendam aplicar todas as noites - Estado de Minas - Em foco\" \/>\n<meta property=\"og:description\" content=\"Essa f\u00f3rmula virou febre entre mulheres que buscam firmeza e brilho natural no contorno dos olhos. O motivo vai surpreender.\" \/>\n<meta property=\"og:url\" content=\"https:\/\/www.em.com.br\/emfoco\/2025\/10\/23\/este-creme-para-area-dos-olhos-que-os-especialistas-em-beleza-recomendam-aplicar-todas-as-noites\/\" \/>\n<meta property=\"og:site_name\" content=\"Estado de Minas - Em foco\" \/>\n<meta property=\"article:published_time\" content=\"2025-10-23T14:00:00+00:00\" \/>\n<meta property=\"article:modified_time\" content=\"2025-10-23T14:10:39+00:00\" \/>\n<meta property=\"og:image\" content=\"https:\/\/www.em.com.br\/emfoco\/wp-content\/uploads\/2025\/09\/creme-area-dos-olhos-_1757002772800.jpg\" \/>\n\t<meta property=\"og:image:width\" content=\"1280\" \/>\n\t<meta property=\"og:image:height\" content=\"720\" \/>\n\t<meta property=\"og:image:type\" content=\"image\/jpeg\" \/>\n<meta name=\"author\" content=\"Andre\u0301 Rangel\u00a0\" \/>\n<meta name=\"twitter:card\" content=\"summary_large_image\" \/>\n<meta name=\"twitter:label1\" content=\"Escrito por\" \/>\n\t<meta name=\"twitter:data1\" content=\"Andre\u0301 Rangel\u00a0\" \/>\n\t<meta name=\"twitter:label2\" content=\"Est. tempo de leitura\" \/>\n\t<meta name=\"twitter:data2\" content=\"3 minutos\" \/>\n<!-- \/ Yoast SEO plugin. -->","yoast_head_json":{"title":"Este \u00e9 o creme para \u00e1rea dos olhos que os especialistas em beleza recomendam aplicar todas as noites - Estado de Minas - Em foco","description":"Essa f\u00f3rmula virou febre entre mulheres que buscam firmeza e brilho natural no contorno dos olhos. O motivo vai surpreender.","robots":{"index":"index","follow":"follow","max-snippet":"max-snippet:-1","max-image-preview":"max-image-preview:large","max-video-preview":"max-video-preview:-1"},"canonical":"https:\/\/www.em.com.br\/emfoco\/2025\/10\/23\/este-creme-para-area-dos-olhos-que-os-especialistas-em-beleza-recomendam-aplicar-todas-as-noites\/","og_locale":"pt_BR","og_type":"article","og_title":"Este \u00e9 o creme para \u00e1rea dos olhos que os especialistas em beleza recomendam aplicar todas as noites - Estado de Minas - Em foco","og_description":"Essa f\u00f3rmula virou febre entre mulheres que buscam firmeza e brilho natural no contorno dos olhos. O motivo vai surpreender.","og_url":"https:\/\/www.em.com.br\/emfoco\/2025\/10\/23\/este-creme-para-area-dos-olhos-que-os-especialistas-em-beleza-recomendam-aplicar-todas-as-noites\/","og_site_name":"Estado de Minas - Em foco","article_published_time":"2025-10-23T14:00:00+00:00","article_modified_time":"2025-10-23T14:10:39+00:00","og_image":[{"width":1280,"height":720,"url":"https:\/\/www.em.com.br\/emfoco\/wp-content\/uploads\/2025\/09\/creme-area-dos-olhos-_1757002772800.jpg","type":"image\/jpeg"}],"author":"Andre\u0301 Rangel\u00a0","twitter_card":"summary_large_image","twitter_misc":{"Escrito por":"Andre\u0301 Rangel\u00a0","Est. tempo de leitura":"3 minutos"},"schema":{"@context":"https:\/\/schema.org","@graph":[{"@type":"WebPage","@id":"https:\/\/www.em.com.br\/emfoco\/2025\/10\/23\/este-creme-para-area-dos-olhos-que-os-especialistas-em-beleza-recomendam-aplicar-todas-as-noites\/","url":"https:\/\/www.em.com.br\/emfoco\/2025\/10\/23\/este-creme-para-area-dos-olhos-que-os-especialistas-em-beleza-recomendam-aplicar-todas-as-noites\/","name":"Este \u00e9 o creme para \u00e1rea dos olhos que os especialistas em beleza recomendam aplicar todas as noites - Estado de Minas - Em foco","isPartOf":{"@id":"https:\/\/www.em.com.br\/emfoco\/#website"},"primaryImageOfPage":{"@id":"https:\/\/www.em.com.br\/emfoco\/2025\/10\/23\/este-creme-para-area-dos-olhos-que-os-especialistas-em-beleza-recomendam-aplicar-todas-as-noites\/#primaryimage"},"image":{"@id":"https:\/\/www.em.com.br\/emfoco\/2025\/10\/23\/este-creme-para-area-dos-olhos-que-os-especialistas-em-beleza-recomendam-aplicar-todas-as-noites\/#primaryimage"},"thumbnailUrl":"https:\/\/www.em.com.br\/emfoco\/wp-content\/uploads\/2025\/09\/creme-area-dos-olhos-_1757002772800.jpg","datePublished":"2025-10-23T14:00:00+00:00","dateModified":"2025-10-23T14:10:39+00:00","author":{"@id":"https:\/\/www.em.com.br\/emfoco\/#\/schema\/person\/60eda09c1fedf0d6891f4cef4b60b8b8"},"description":"Essa f\u00f3rmula virou febre entre mulheres que buscam firmeza e brilho natural no contorno dos olhos. O motivo vai surpreender.","breadcrumb":{"@id":"https:\/\/www.em.com.br\/emfoco\/2025\/10\/23\/este-creme-para-area-dos-olhos-que-os-especialistas-em-beleza-recomendam-aplicar-todas-as-noites\/#breadcrumb"},"inLanguage":"pt-BR","potentialAction":[{"@type":"ReadAction","target":["https:\/\/www.em.com.br\/emfoco\/2025\/10\/23\/este-creme-para-area-dos-olhos-que-os-especialistas-em-beleza-recomendam-aplicar-todas-as-noites\/"]}]},{"@type":"ImageObject","inLanguage":"pt-BR","@id":"https:\/\/www.em.com.br\/emfoco\/2025\/10\/23\/este-creme-para-area-dos-olhos-que-os-especialistas-em-beleza-recomendam-aplicar-todas-as-noites\/#primaryimage","url":"https:\/\/www.em.com.br\/emfoco\/wp-content\/uploads\/2025\/09\/creme-area-dos-olhos-_1757002772800.jpg","contentUrl":"https:\/\/www.em.com.br\/emfoco\/wp-content\/uploads\/2025\/09\/creme-area-dos-olhos-_1757002772800.jpg","width":1280,"height":720,"caption":"Cremes para cuidar da pele - Cr\u00e9ditos: depositphotos.com \/ Milkos"},{"@type":"BreadcrumbList","@id":"https:\/\/www.em.com.br\/emfoco\/2025\/10\/23\/este-creme-para-area-dos-olhos-que-os-especialistas-em-beleza-recomendam-aplicar-todas-as-noites\/#breadcrumb","itemListElement":[{"@type":"ListItem","position":1,"name":"In\u00edcio","item":"https:\/\/www.em.com.br\/emfoco\/"},{"@type":"ListItem","position":2,"name":"Este \u00e9 o creme para \u00e1rea dos olhos que os especialistas em beleza recomendam aplicar todas as noites"}]},{"@type":"WebSite","@id":"https:\/\/www.em.com.br\/emfoco\/#website","url":"https:\/\/www.em.com.br\/emfoco\/","name":"Estado de Minas - Em foco","description":"Acompanhe as \u00faltimas not\u00edcias e fique bem informado sobre tudo o que acontece em Minas Gerais, Brasil e no mundo.","potentialAction":[{"@type":"SearchAction","target":{"@type":"EntryPoint","urlTemplate":"https:\/\/www.em.com.br\/emfoco\/?s={search_term_string}"},"query-input":{"@type":"PropertyValueSpecification","valueRequired":true,"valueName":"search_term_string"}}],"inLanguage":"pt-BR"},{"@type":"Person","@id":"https:\/\/www.em.com.br\/emfoco\/#\/schema\/person\/60eda09c1fedf0d6891f4cef4b60b8b8","name":"Andre\u0301 Rangel\u00a0","image":{"@type":"ImageObject","inLanguage":"pt-BR","@id":"https:\/\/www.em.com.br\/emfoco\/#\/schema\/person\/image\/","url":"https:\/\/secure.gravatar.com\/avatar\/6234dc814c77c8ef6d8bba622c787efc?s=96&d=mm&r=g","contentUrl":"https:\/\/secure.gravatar.com\/avatar\/6234dc814c77c8ef6d8bba622c787efc?s=96&d=mm&r=g","caption":"Andre\u0301 Rangel\u00a0"},"url":"https:\/\/www.em.com.br\/emfoco\/author\/luizmyth\/"}]}},"_links":{"self":[{"href":"https:\/\/www.em.com.br\/emfoco\/wp-json\/wp\/v2\/posts\/118479","targetHints":{"allow":["GET"]}}],"collection":[{"href":"https:\/\/www.em.com.br\/emfoco\/wp-json\/wp\/v2\/posts"}],"about":[{"href":"https:\/\/www.em.com.br\/emfoco\/wp-json\/wp\/v2\/types\/post"}],"author":[{"embeddable":true,"href":"https:\/\/www.em.com.br\/emfoco\/wp-json\/wp\/v2\/users\/11"}],"replies":[{"embeddable":true,"href":"https:\/\/www.em.com.br\/emfoco\/wp-json\/wp\/v2\/comments?post=118479"}],"version-history":[{"count":5,"href":"https:\/\/www.em.com.br\/emfoco\/wp-json\/wp\/v2\/posts\/118479\/revisions"}],"predecessor-version":[{"id":118530,"href":"https:\/\/www.em.com.br\/emfoco\/wp-json\/wp\/v2\/posts\/118479\/revisions\/118530"}],"wp:featuredmedia":[{"embeddable":true,"href":"https:\/\/www.em.com.br\/emfoco\/wp-json\/wp\/v2\/media\/100741"}],"wp:attachment":[{"href":"https:\/\/www.em.com.br\/emfoco\/wp-json\/wp\/v2\/media?parent=118479"}],"wp:term":[{"taxonomy":"category","embeddable":true,"href":"https:\/\/www.em.com.br\/emfoco\/wp-json\/wp\/v2\/categories?post=118479"},{"taxonomy":"post_tag","embeddable":true,"href":"https:\/\/www.em.com.br\/emfoco\/wp-json\/wp\/v2\/tags?post=118479"}],"curies":[{"name":"wp","href":"https:\/\/api.w.org\/{rel}","templated":true}]}}