{"id":118465,"date":"2025-10-24T13:25:42","date_gmt":"2025-10-24T16:25:42","guid":{"rendered":"https:\/\/www.em.com.br\/emfoco\/?p=118465"},"modified":"2025-10-23T19:43:38","modified_gmt":"2025-10-23T22:43:38","slug":"o-que-plantar-perto-das-janelas-para-ter-um-verao-livre-de-picadas-de-mosquito","status":"publish","type":"post","link":"https:\/\/www.em.com.br\/emfoco\/2025\/10\/24\/o-que-plantar-perto-das-janelas-para-ter-um-verao-livre-de-picadas-de-mosquito\/","title":{"rendered":"O que plantar perto das janelas para ter um ver\u00e3o livre de picadas de mosquito"},"content":{"rendered":"\n<p>Com a chegada do <strong>ver\u00e3o<\/strong> e das <strong>altas temperaturas<\/strong>, os <strong>mosquitos<\/strong> se tornam presen\u00e7as ainda mais indesej\u00e1veis em nosso cotidiano. Em vez de optar por <strong>repelentes qu\u00edmicos<\/strong>, que podem causar efeitos adversos tanto para a sa\u00fade quanto para o meio ambiente, vale a pena conhecer alternativas naturais e eficazes. As <strong>plantas arom\u00e1ticas<\/strong> n\u00e3o apenas decoram o ambiente com beleza, mas tamb\u00e9m funcionam como poderosos <strong>repelentes naturais<\/strong>, tornando o lar mais confort\u00e1vel e saud\u00e1vel.<\/p>\n\n\n\n<ul class=\"wp-block-list\">\n<li>Saiba qual <strong>planta arom\u00e1tica<\/strong> \u00e9 a mais eficaz contra mosquitos.<\/li>\n\n\n\n<li>Descubra dicas essenciais para <strong>cultivar<\/strong> essas plantas em casa.<\/li>\n\n\n\n<li>Veja outras op\u00e7\u00f5es de <strong>plantas repelentes naturais<\/strong> e seus benef\u00edcios extras.<\/li>\n<\/ul>\n\n\n\n<h2 class=\"wp-block-heading\">Qual \u00e9 a planta arom\u00e1tica mais eficaz contra mosquitos?<\/h2>\n\n\n\n<p>A <strong>citronela<\/strong> \u00e9 considerada uma das melhores escolhas para espantar <strong>mosquitos<\/strong> de forma natural e sustent\u00e1vel. Essa <strong>planta arom\u00e1tica<\/strong> cresce rapidamente e seu <strong>\u00f3leo essencial<\/strong> exala um aroma c\u00edtrico marcante, agrad\u00e1vel para as pessoas, mas absolutamente insuport\u00e1vel para os insetos. Proveniente do sudeste asi\u00e1tico, a citronela \u00e9 muito cultivada em pa\u00edses como <strong>\u00cdndia<\/strong> e <strong>Sri Lanka<\/strong> devido \u00e0s suas comprovadas propriedades repelentes e \u00e0 facilidade de adapta\u00e7\u00e3o ao clima tropical.<\/p>\n\n\n\n<h2 class=\"wp-block-heading\">Por que escolher citronela para o seu jardim?<\/h2>\n\n\n\n<p>Al\u00e9m de repelir eficazmente os <strong>mosquitos<\/strong>, a <strong>citronela<\/strong> destaca-se por ser f\u00e1cil de cultivar e manter at\u00e9 mesmo para quem possui pouca experi\u00eancia em jardinagem. Pode ser plantada tanto em jardins quanto em <em>vasos<\/em>, desde que receba quantidade adequada de <strong>luz<\/strong> e <strong>\u00e1gua<\/strong>. O aroma ajuda a manter o ambiente agrad\u00e1vel e livre de pragas.<\/p>\n\n\n\n<ul class=\"wp-block-list\">\n<li>Cont\u00e9m <strong>citronelol<\/strong> e <strong>geraniol<\/strong>, que s\u00e3o compostos altamente eficientes para repelir <strong>insetos<\/strong>.<\/li>\n\n\n\n<li>Ajuda ainda a <strong>purificar o ar<\/strong> e a reduzir odores indesejados pelo ambiente.<\/li>\n\n\n\n<li>\u00c9 considerada uma planta <strong>segura<\/strong> para ambientes com <strong>crian\u00e7as<\/strong> e <strong>animais de estima\u00e7\u00e3o<\/strong>, tornando-se ideal para casas e apartamentos.<\/li>\n<\/ul>\n\n\n\n<p><strong>Dica r\u00e1pida<\/strong>: Para potencializar ainda mais o efeito repelente, utilize <strong>\u00f3leos essenciais de citronela<\/strong> em velas ou difusores caseiros.<\/p>\n\n\n<div class=\"wp-block-image\">\n<figure class=\"aligncenter size-large\"><img loading=\"lazy\" decoding=\"async\" width=\"1024\" height=\"576\" src=\"https:\/\/www.em.com.br\/emfoco\/wp-content\/uploads\/2025\/06\/citronela-planta_1749304207632-1024x576.jpg\" alt=\"\" class=\"wp-image-57231\" srcset=\"https:\/\/www.em.com.br\/emfoco\/wp-content\/uploads\/2025\/06\/citronela-planta_1749304207632-1024x576.jpg 1024w, https:\/\/www.em.com.br\/emfoco\/wp-content\/uploads\/2025\/06\/citronela-planta_1749304207632-300x169.jpg 300w, https:\/\/www.em.com.br\/emfoco\/wp-content\/uploads\/2025\/06\/citronela-planta_1749304207632-768x432.jpg 768w, https:\/\/www.em.com.br\/emfoco\/wp-content\/uploads\/2025\/06\/citronela-planta_1749304207632-750x422.jpg 750w, https:\/\/www.em.com.br\/emfoco\/wp-content\/uploads\/2025\/06\/citronela-planta_1749304207632-1140x641.jpg 1140w, https:\/\/www.em.com.br\/emfoco\/wp-content\/uploads\/2025\/06\/citronela-planta_1749304207632.jpg 1280w\" sizes=\"auto, (max-width: 1024px) 100vw, 1024px\" \/><figcaption class=\"wp-element-caption\">Citronela &#8211; Cr\u00e9ditos: depositphotos.com \/ Thamkc<\/figcaption><\/figure><\/div>\n\n\n<h2 class=\"wp-block-heading\">Quais outras plantas repelem mosquitos naturalmente?<\/h2>\n\n\n\n<p>Al\u00e9m da <strong>citronela<\/strong>, existe uma variedade de <strong>plantas arom\u00e1ticas<\/strong> que ajudam a manter os mosquitos afastados, trazendo praticidade e benef\u00edcios m\u00faltiplos ao lar.<\/p>\n\n\n\n<p><strong>Menta:<\/strong> O forte <strong>aroma mentolado<\/strong> da menta confunde e afasta os mosquitos, prevenindo sua aproxima\u00e7\u00e3o. A <strong>menta<\/strong> se adapta facilmente a diferentes espa\u00e7os e cresce rapidamente, sendo ideal para cultivo em vasos, jardineiras ou canteiros. Sua origem est\u00e1 nas regi\u00f5es do <strong>Mediterr\u00e2neo<\/strong>, e ela \u00e9 frequentemente encontrada em <strong>hortas urbanas<\/strong> de grandes cidades como <strong>S\u00e3o Paulo<\/strong>, sendo muito vers\u00e1til em uso culin\u00e1rio e medicinal.<\/p>\n\n\n\n<p><strong>Lavanda:<\/strong> Com seu caracter\u00edstico <strong>aroma intenso<\/strong>, a <strong>lavanda<\/strong> age como um repelente natural, al\u00e9m de proporcionar um toque decorativo elegante e relaxante ao ambiente. Recomenda-se posicion\u00e1-la pr\u00f3ximo a entradas, como portas e janelas, para barrar a entrada de <strong>insetos<\/strong>. Na <strong>Fran\u00e7a<\/strong>, o cultivo em larga escala oferece prote\u00e7\u00e3o contra pragas e ainda \u00e9 usado na produ\u00e7\u00e3o de \u00f3leos essenciais e perfumes.<\/p>\n\n\n\n<p><strong>Manjeric\u00e3o:<\/strong> O <a href=\"https:\/\/www.tuasaude.com\/manjericao\/\" target=\"_blank\" rel=\"noopener\"><strong>manjeric\u00e3o<\/strong> <\/a>cont\u00e9m \u00f3leos essenciais, como o <strong>eugenol<\/strong>, com poderosa a\u00e7\u00e3o repelente contra mosquitos. Al\u00e9m do uso no controle de insetos, ele enriquece receitas na cozinha e pode ser cultivado facilmente em cozinhas, sacadas ou quintais. Em algumas regi\u00f5es do <strong>M\u00e9xico<\/strong>, o <b>manjeric\u00e3o <\/b>\u00e9 tradicionalmente cultivada em \u00e1reas externas para manter os mosquitos longe das casas.<\/p>\n\n\n\n<h2 class=\"wp-block-heading\">Quais dicas s\u00e3o eficientes para proteger seu espa\u00e7o?<\/h2>\n\n\n\n<ul class=\"wp-block-list\">\n<li>Cultive <strong>plantas arom\u00e1ticas<\/strong> e usufrua de um ambiente mais seguro e livre de insetos de forma <strong>natural<\/strong> e <strong>econ\u00f4mica<\/strong>.<\/li>\n\n\n\n<li>Opte por esp\u00e9cies como <strong>citronela<\/strong>, <strong>menta<\/strong>, <strong>lavanda<\/strong> e <strong>manjeric\u00e3o <\/strong>em \u00e1reas estrat\u00e9gicas do seu lar, como janelas, sacadas e varandas.<\/li>\n\n\n\n<li>Adorne seus ambientes com essas <strong>plantas arom\u00e1ticas<\/strong>, aproveitando ainda seus benef\u00edcios de <strong>purifica\u00e7\u00e3o do ar<\/strong> e bem-estar.<\/li>\n<\/ul>\n\n\n\n<p>Adote estas pr\u00e1ticas <strong>naturais<\/strong> e transforme seu lar em um espa\u00e7o mais <strong>agrad\u00e1vel<\/strong> e <strong>seguro<\/strong>, livre dos indesejados <strong>mosquitos<\/strong> e com o frescor das plantas arom\u00e1ticas.<\/p>\n\n\n\n<p>Leia tamb\u00e9m: <a href=\"https:\/\/www.em.com.br\/emfoco\/2025\/10\/17\/essas-plantas-deixam-a-casa-perfumada-e-livre-de-mosquitos\/\" target=\"_blank\" rel=\"noopener\">Essas plantas deixam a casa perfumada e livre de mosquitos<\/a><\/p>\n\n\n\n<p><\/p>\n","protected":false},"excerpt":{"rendered":"<p>Com a chegada do ver\u00e3o e das altas temperaturas, os mosquitos se tornam presen\u00e7as ainda mais indesej\u00e1veis em nosso cotidiano. Em vez de optar por repelentes qu\u00edmicos, que podem causar efeitos adversos tanto para a sa\u00fade quanto para o meio ambiente, vale a pena conhecer alternativas naturais e eficazes. As plantas arom\u00e1ticas n\u00e3o apenas decoram [&hellip;]<\/p>\n","protected":false},"author":9,"featured_media":79868,"comment_status":"open","ping_status":"open","sticky":false,"template":"","format":"standard","meta":{"jnews-multi-image_gallery":[],"jnews_single_post":{"format":"standard"},"jnews_primary_category":[],"jnews_social_meta":[],"jnews_override_counter":[],"footnotes":""},"categories":[8819,1],"tags":[3325,9437,3779],"class_list":["post-118465","post","type-post","status-publish","format-standard","has-post-thumbnail","hentry","category-curiosidades","category-noticias","tag-jardim","tag-mosquito","tag-planta"],"yoast_head":"<!-- This site is optimized with the Yoast SEO plugin v23.8 - https:\/\/yoast.com\/wordpress\/plugins\/seo\/ -->\n<title>O que plantar perto das janelas para ter um ver\u00e3o livre de picadas de mosquito - Estado de Minas - Em foco<\/title>\n<meta name=\"description\" content=\"Crie uma barreira natural contra mosquitos no ver\u00e3o usando plantas arom\u00e1ticas. Elas deixam o ambiente perfumado e s\u00e3o seguras.\" \/>\n<meta name=\"robots\" content=\"index, follow, max-snippet:-1, max-image-preview:large, max-video-preview:-1\" \/>\n<link rel=\"canonical\" href=\"https:\/\/www.em.com.br\/emfoco\/2025\/10\/24\/o-que-plantar-perto-das-janelas-para-ter-um-verao-livre-de-picadas-de-mosquito\/\" \/>\n<meta property=\"og:locale\" content=\"pt_BR\" \/>\n<meta property=\"og:type\" content=\"article\" \/>\n<meta property=\"og:title\" content=\"O que plantar perto das janelas para ter um ver\u00e3o livre de picadas de mosquito - Estado de Minas - Em foco\" \/>\n<meta property=\"og:description\" content=\"Crie uma barreira natural contra mosquitos no ver\u00e3o usando plantas arom\u00e1ticas. Elas deixam o ambiente perfumado e s\u00e3o seguras.\" \/>\n<meta property=\"og:url\" content=\"https:\/\/www.em.com.br\/emfoco\/2025\/10\/24\/o-que-plantar-perto-das-janelas-para-ter-um-verao-livre-de-picadas-de-mosquito\/\" \/>\n<meta property=\"og:site_name\" content=\"Estado de Minas - Em foco\" \/>\n<meta property=\"article:published_time\" content=\"2025-10-24T16:25:42+00:00\" \/>\n<meta property=\"article:modified_time\" content=\"2025-10-23T22:43:38+00:00\" \/>\n<meta property=\"og:image\" content=\"https:\/\/www.em.com.br\/emfoco\/wp-content\/uploads\/2025\/07\/Mosquitos_1753196181382.jpg\" \/>\n\t<meta property=\"og:image:width\" content=\"1280\" \/>\n\t<meta property=\"og:image:height\" content=\"720\" \/>\n\t<meta property=\"og:image:type\" content=\"image\/jpeg\" \/>\n<meta name=\"author\" content=\"Daniely Cardoso\" \/>\n<meta name=\"twitter:card\" content=\"summary_large_image\" \/>\n<meta name=\"twitter:label1\" content=\"Escrito por\" \/>\n\t<meta name=\"twitter:data1\" content=\"Daniely Cardoso\" \/>\n\t<meta name=\"twitter:label2\" content=\"Est. tempo de leitura\" \/>\n\t<meta name=\"twitter:data2\" content=\"4 minutos\" \/>\n<!-- \/ Yoast SEO plugin. -->","yoast_head_json":{"title":"O que plantar perto das janelas para ter um ver\u00e3o livre de picadas de mosquito - Estado de Minas - Em foco","description":"Crie uma barreira natural contra mosquitos no ver\u00e3o usando plantas arom\u00e1ticas. Elas deixam o ambiente perfumado e s\u00e3o seguras.","robots":{"index":"index","follow":"follow","max-snippet":"max-snippet:-1","max-image-preview":"max-image-preview:large","max-video-preview":"max-video-preview:-1"},"canonical":"https:\/\/www.em.com.br\/emfoco\/2025\/10\/24\/o-que-plantar-perto-das-janelas-para-ter-um-verao-livre-de-picadas-de-mosquito\/","og_locale":"pt_BR","og_type":"article","og_title":"O que plantar perto das janelas para ter um ver\u00e3o livre de picadas de mosquito - Estado de Minas - Em foco","og_description":"Crie uma barreira natural contra mosquitos no ver\u00e3o usando plantas arom\u00e1ticas. Elas deixam o ambiente perfumado e s\u00e3o seguras.","og_url":"https:\/\/www.em.com.br\/emfoco\/2025\/10\/24\/o-que-plantar-perto-das-janelas-para-ter-um-verao-livre-de-picadas-de-mosquito\/","og_site_name":"Estado de Minas - Em foco","article_published_time":"2025-10-24T16:25:42+00:00","article_modified_time":"2025-10-23T22:43:38+00:00","og_image":[{"width":1280,"height":720,"url":"https:\/\/www.em.com.br\/emfoco\/wp-content\/uploads\/2025\/07\/Mosquitos_1753196181382.jpg","type":"image\/jpeg"}],"author":"Daniely Cardoso","twitter_card":"summary_large_image","twitter_misc":{"Escrito por":"Daniely Cardoso","Est. tempo de leitura":"4 minutos"},"schema":{"@context":"https:\/\/schema.org","@graph":[{"@type":"WebPage","@id":"https:\/\/www.em.com.br\/emfoco\/2025\/10\/24\/o-que-plantar-perto-das-janelas-para-ter-um-verao-livre-de-picadas-de-mosquito\/","url":"https:\/\/www.em.com.br\/emfoco\/2025\/10\/24\/o-que-plantar-perto-das-janelas-para-ter-um-verao-livre-de-picadas-de-mosquito\/","name":"O que plantar perto das janelas para ter um ver\u00e3o livre de picadas de mosquito - Estado de Minas - Em foco","isPartOf":{"@id":"https:\/\/www.em.com.br\/emfoco\/#website"},"primaryImageOfPage":{"@id":"https:\/\/www.em.com.br\/emfoco\/2025\/10\/24\/o-que-plantar-perto-das-janelas-para-ter-um-verao-livre-de-picadas-de-mosquito\/#primaryimage"},"image":{"@id":"https:\/\/www.em.com.br\/emfoco\/2025\/10\/24\/o-que-plantar-perto-das-janelas-para-ter-um-verao-livre-de-picadas-de-mosquito\/#primaryimage"},"thumbnailUrl":"https:\/\/www.em.com.br\/emfoco\/wp-content\/uploads\/2025\/07\/Mosquitos_1753196181382.jpg","datePublished":"2025-10-24T16:25:42+00:00","dateModified":"2025-10-23T22:43:38+00:00","author":{"@id":"https:\/\/www.em.com.br\/emfoco\/#\/schema\/person\/0a8186d72f2c3a5c6276d90b41f271a0"},"description":"Crie uma barreira natural contra mosquitos no ver\u00e3o usando plantas arom\u00e1ticas. Elas deixam o ambiente perfumado e s\u00e3o seguras.","breadcrumb":{"@id":"https:\/\/www.em.com.br\/emfoco\/2025\/10\/24\/o-que-plantar-perto-das-janelas-para-ter-um-verao-livre-de-picadas-de-mosquito\/#breadcrumb"},"inLanguage":"pt-BR","potentialAction":[{"@type":"ReadAction","target":["https:\/\/www.em.com.br\/emfoco\/2025\/10\/24\/o-que-plantar-perto-das-janelas-para-ter-um-verao-livre-de-picadas-de-mosquito\/"]}]},{"@type":"ImageObject","inLanguage":"pt-BR","@id":"https:\/\/www.em.com.br\/emfoco\/2025\/10\/24\/o-que-plantar-perto-das-janelas-para-ter-um-verao-livre-de-picadas-de-mosquito\/#primaryimage","url":"https:\/\/www.em.com.br\/emfoco\/wp-content\/uploads\/2025\/07\/Mosquitos_1753196181382.jpg","contentUrl":"https:\/\/www.em.com.br\/emfoco\/wp-content\/uploads\/2025\/07\/Mosquitos_1753196181382.jpg","width":1280,"height":720,"caption":"Mosquitos - Cr\u00e9ditos: depositphotos.com \/ skyfotostock1"},{"@type":"BreadcrumbList","@id":"https:\/\/www.em.com.br\/emfoco\/2025\/10\/24\/o-que-plantar-perto-das-janelas-para-ter-um-verao-livre-de-picadas-de-mosquito\/#breadcrumb","itemListElement":[{"@type":"ListItem","position":1,"name":"In\u00edcio","item":"https:\/\/www.em.com.br\/emfoco\/"},{"@type":"ListItem","position":2,"name":"O que plantar perto das janelas para ter um ver\u00e3o livre de picadas de mosquito"}]},{"@type":"WebSite","@id":"https:\/\/www.em.com.br\/emfoco\/#website","url":"https:\/\/www.em.com.br\/emfoco\/","name":"Estado de Minas - Em foco","description":"Acompanhe as \u00faltimas not\u00edcias e fique bem informado sobre tudo o que acontece em Minas Gerais, Brasil e no mundo.","potentialAction":[{"@type":"SearchAction","target":{"@type":"EntryPoint","urlTemplate":"https:\/\/www.em.com.br\/emfoco\/?s={search_term_string}"},"query-input":{"@type":"PropertyValueSpecification","valueRequired":true,"valueName":"search_term_string"}}],"inLanguage":"pt-BR"},{"@type":"Person","@id":"https:\/\/www.em.com.br\/emfoco\/#\/schema\/person\/0a8186d72f2c3a5c6276d90b41f271a0","name":"Daniely Cardoso","image":{"@type":"ImageObject","inLanguage":"pt-BR","@id":"https:\/\/www.em.com.br\/emfoco\/#\/schema\/person\/image\/","url":"https:\/\/secure.gravatar.com\/avatar\/4b80ddbd124d1f071b626d52d62e5dff?s=96&d=mm&r=g","contentUrl":"https:\/\/secure.gravatar.com\/avatar\/4b80ddbd124d1f071b626d52d62e5dff?s=96&d=mm&r=g","caption":"Daniely Cardoso"},"url":"https:\/\/www.em.com.br\/emfoco\/author\/danielymyth\/"}]}},"_links":{"self":[{"href":"https:\/\/www.em.com.br\/emfoco\/wp-json\/wp\/v2\/posts\/118465","targetHints":{"allow":["GET"]}}],"collection":[{"href":"https:\/\/www.em.com.br\/emfoco\/wp-json\/wp\/v2\/posts"}],"about":[{"href":"https:\/\/www.em.com.br\/emfoco\/wp-json\/wp\/v2\/types\/post"}],"author":[{"embeddable":true,"href":"https:\/\/www.em.com.br\/emfoco\/wp-json\/wp\/v2\/users\/9"}],"replies":[{"embeddable":true,"href":"https:\/\/www.em.com.br\/emfoco\/wp-json\/wp\/v2\/comments?post=118465"}],"version-history":[{"count":3,"href":"https:\/\/www.em.com.br\/emfoco\/wp-json\/wp\/v2\/posts\/118465\/revisions"}],"predecessor-version":[{"id":118817,"href":"https:\/\/www.em.com.br\/emfoco\/wp-json\/wp\/v2\/posts\/118465\/revisions\/118817"}],"wp:featuredmedia":[{"embeddable":true,"href":"https:\/\/www.em.com.br\/emfoco\/wp-json\/wp\/v2\/media\/79868"}],"wp:attachment":[{"href":"https:\/\/www.em.com.br\/emfoco\/wp-json\/wp\/v2\/media?parent=118465"}],"wp:term":[{"taxonomy":"category","embeddable":true,"href":"https:\/\/www.em.com.br\/emfoco\/wp-json\/wp\/v2\/categories?post=118465"},{"taxonomy":"post_tag","embeddable":true,"href":"https:\/\/www.em.com.br\/emfoco\/wp-json\/wp\/v2\/tags?post=118465"}],"curies":[{"name":"wp","href":"https:\/\/api.w.org\/{rel}","templated":true}]}}